{"id":947,"date":"2017-07-28T12:58:53","date_gmt":"2017-07-28T10:58:53","guid":{"rendered":"http:\/\/www.confagricoltura.org\/piacenza\/?p=947"},"modified":"2021-03-11T13:14:45","modified_gmt":"2021-03-11T12:14:45","slug":"laccordo-bilaterale-canada-offre-opportunita-allagricoltura","status":"publish","type":"post","link":"https:\/\/www.confagricoltura.org\/piacenza\/laccordo-bilaterale-canada-offre-opportunita-allagricoltura\/","title":{"rendered":"L\u2019ACCORDO BILATERALE CON IL CANADA OFFRE OPPORTUNITA\u2019 ALL\u2019AGRICOLTURA"},"content":{"rendered":"<h4>Confagricoltura Piacenza: sul Ceta pi\u00f9 luci che ombre per il settore primario<\/h4>\n<p>&nbsp;<\/p>\n<p>La perdurante crisi ha ulteriormente accelerato il percorso obbligato della globalizzazione dei rapporti commerciali. \u00a0Nell\u2019impossibilit\u00e0 pratica di riuscire a strutturare accordi funzionali tra Paesi diversi, che siano al contempo rispettosi delle identit\u00e0, delle peculiarit\u00e0 di ciascuno, si stanno sempre pi\u00f9 facendo strada gli accordi bilaterali. \u00a0E in questo contesto l\u2019accordo di libero scambio tra l\u2019Europa e il Canada spalanca reali e interessanti opportunit\u00e0 commerciali alle aziende italiane che operano nell\u2019agroalimentare e consente a migliaia di produttori di latte, vino, ortofrutta, olio ed altre eccellenze di riuscire, attraverso cooperative e strutture aggregate, a creare un importante valore aggiunto alle loro produzioni proprio grazie alle vendite sul mercato canadese. \u201cLa nostra linea \u00e8 chiara: non c\u2019\u00e8 dubbio che il mercato dell\u2019agricoltura italiana debba essere, necessariamente, il mondo\u201d \u2013 sottolinea Filippo Gasparini, presidente di Confagricoltura Piacenza. \u201cL\u2019apertura di nuovi mercati rappresenta una priorit\u00e0 imprescindibile per l\u2019agroalimentare italiano che vede un mercato nazionale ormai ingessato da anni. \u00c8 impensabile \u2013 prosegue Gasparini &#8211; difendere la nostra agricoltura arroccandoci nei nostri confini nazionali o europei, con posizioni di chiusura o di protezionismo, pi\u00f9 intelligentemente \u00e8 necessario adattarsi al mondo che cambia. Le nostre aziende fanno reddito anche e soprattutto quando riescono a commercializzare le proprie eccellenze in Paesi che hanno un numero di abitanti in continua crescita o un grande potere di acquisto, come appunto il Canada, che vanta uno dei pi\u00f9 alti redditi pro capite al mondo\u201d. L\u2019accordo che l\u2019Europa ha siglato tutela le regole di sicurezza alimentare europee ed \u00e8 infondato pensare che, all\u2019indomani dell\u2019entrata in vigore dell\u2019accordo, nel nostro Paese potranno essere commercializzati alimenti come la carne agli ormoni o prodotti con organismi geneticamente modificati. Analizzando poi i singoli comparti, va sottolineato che per il vino italiano, presente sul mercato canadese al pari di quello francese e quello americano, \u00e8 prevista l\u2019eliminazione completa delle tariffe, la tutela di tutte le nostre denominazioni e un generale miglioramento delle attuali condizioni esistenti.\u00a0 Per il settore lattiero-caseario, gi\u00e0 oggi l\u2019Italia \u00e8 al primo posto per le esportazioni in Canada e con il Ceta pu\u00f2 arrivare a raddoppiare le proprie vendite. Non solo, ben 11 formaggi Dop &#8211; tra cui il nostro Grana Padano &#8211; hanno ottenuto dall\u2019accordo una tutela che prima non esisteva. Per quanto riguarda poi le importazioni del grano, va precisato che i dazi alle importazioni di grano duro dal Canada sono stati eliminati molti anni fa. L\u2019entrata in vigore del trattato non muta di fatto nulla rispetto alle condizioni di ingresso di tale commodity nel nostro paese. \u201cPer le importazioni dal Canada \u2013 rimarca Gasparini &#8211; \u00a0siamo sicuri che verr\u00e0 prestata la massima attenzione da parte degli organi di controllo proposti dallo Stato, al rispetto degli standard qualitativi e dei processi di lavorazione al fine di garantire la massima reciprocit\u00e0. Ad oggi non abbiamo motivi di pensare che le nostre istituzioni non mantengano quale obiettivo imprescindibile la salvaguardia delle produzioni agricole e agroalimentari made in Italy. Ben vengano, dunque \u2013 conclude il presidente di Confagricoltura Piacenza &#8211; gli accordi che valorizzano le nostre eccellenze individuando nicchie di mercato s\u00ec, ma a livello globale\u201d.<\/p>\n<p>&nbsp;<\/p>\n<p><img loading=\"lazy\" decoding=\"async\" class=\"alignnone  wp-image-816 img-responsive\" src=\"http:\/\/www.confagricoltura.org\/piacenza\/wp-content\/uploads\/sites\/3\/2017\/04\/Filippo-Gasparini.jpg\" alt=\"\" width=\"589\" height=\"786\" \/><\/p>\n<p>Gasparini Filippo &#8211; Presidente Confagricoltura Piacenza<\/p>\n","protected":false},"excerpt":{"rendered":"<p>Confagricoltura Piacenza: sul Ceta pi\u00f9 luci che ombre per il settore primario &nbsp; La perdurante crisi ha ulteriormente accelerato il percorso obbligato della globalizzazione dei rapporti commerciali. \u00a0Nell\u2019impossibilit\u00e0 pratica di riuscire a strutturare accordi funzionali tra Paesi diversi, che siano al contempo rispettosi delle identit\u00e0, delle peculiarit\u00e0 di ciascuno, si stanno sempre pi\u00f9 facendo strada<\/p>\n","protected":false},"author":6,"featured_media":0,"comment_status":"open","ping_status":"open","sticky":true,"template":"","format":"standard","meta":{"wp_mapbox_gl_js_media":[],"footnotes":""},"categories":[335],"tags":[],"class_list":["post-947","post","type-post","status-publish","format-standard","hentry","category-archivio"],"yoast_head":"<!-- This site is optimized with the Yoast SEO plugin v26.8 - https:\/\/yoast.com\/product\/yoast-seo-wordpress\/ -->\n<title>L\u2019ACCORDO BILATERALE CON IL CANADA OFFRE OPPORTUNITA\u2019 ALL\u2019AGRICOLTURA - Confagricoltura Piacenza<\/title>\n<meta name=\"robots\" content=\"index, follow, max-snippet:-1, max-image-preview:large, max-video-preview:-1\" \/>\n<link rel=\"canonical\" href=\"https:\/\/www.confagricoltura.org\/piacenza\/laccordo-bilaterale-canada-offre-opportunita-allagricoltura\/\" \/>\n<meta property=\"og:locale\" content=\"it_IT\" \/>\n<meta property=\"og:type\" content=\"article\" \/>\n<meta property=\"og:title\" content=\"L\u2019ACCORDO BILATERALE CON IL CANADA OFFRE OPPORTUNITA\u2019 ALL\u2019AGRICOLTURA - Confagricoltura Piacenza\" \/>\n<meta property=\"og:description\" content=\"Confagricoltura Piacenza: sul Ceta pi\u00f9 luci che ombre per il settore primario &nbsp; La perdurante crisi ha ulteriormente accelerato il percorso obbligato della globalizzazione dei rapporti commerciali. \u00a0Nell\u2019impossibilit\u00e0 pratica di riuscire a strutturare accordi funzionali tra Paesi diversi, che siano al contempo rispettosi delle identit\u00e0, delle peculiarit\u00e0 di ciascuno, si stanno sempre pi\u00f9 facendo strada\" \/>\n<meta property=\"og:url\" content=\"https:\/\/www.confagricoltura.org\/piacenza\/laccordo-bilaterale-canada-offre-opportunita-allagricoltura\/\" \/>\n<meta property=\"og:site_name\" content=\"Confagricoltura Piacenza\" \/>\n<meta property=\"article:published_time\" content=\"2017-07-28T10:58:53+00:00\" \/>\n<meta property=\"article:modified_time\" content=\"2021-03-11T12:14:45+00:00\" \/>\n<meta property=\"og:image\" content=\"http:\/\/www.confagricoltura.org\/piacenza\/wp-content\/uploads\/sites\/3\/2017\/04\/Filippo-Gasparini.jpg\" \/>\n<meta name=\"author\" content=\"confagricolturapiacenza\" \/>\n<meta name=\"twitter:card\" content=\"summary_large_image\" \/>\n<meta name=\"twitter:label1\" content=\"Scritto da\" \/>\n\t<meta name=\"twitter:data1\" content=\"confagricolturapiacenza\" \/>\n\t<meta name=\"twitter:label2\" content=\"Tempo di lettura stimato\" \/>\n\t<meta name=\"twitter:data2\" content=\"3 minuti\" \/>\n<script type=\"application\/ld+json\" class=\"yoast-schema-graph\">{\"@context\":\"https:\/\/schema.org\",\"@graph\":[{\"@type\":\"Article\",\"@id\":\"https:\/\/www.confagricoltura.org\/piacenza\/laccordo-bilaterale-canada-offre-opportunita-allagricoltura\/#article\",\"isPartOf\":{\"@id\":\"https:\/\/www.confagricoltura.org\/piacenza\/laccordo-bilaterale-canada-offre-opportunita-allagricoltura\/\"},\"author\":{\"name\":\"confagricolturapiacenza\",\"@id\":\"https:\/\/www.confagricoltura.org\/piacenza\/#\/schema\/person\/be5da25a3117fea4b3bfec9dba09b5e8\"},\"headline\":\"L\u2019ACCORDO BILATERALE CON IL CANADA OFFRE OPPORTUNITA\u2019 ALL\u2019AGRICOLTURA\",\"datePublished\":\"2017-07-28T10:58:53+00:00\",\"dateModified\":\"2021-03-11T12:14:45+00:00\",\"mainEntityOfPage\":{\"@id\":\"https:\/\/www.confagricoltura.org\/piacenza\/laccordo-bilaterale-canada-offre-opportunita-allagricoltura\/\"},\"wordCount\":546,\"commentCount\":0,\"image\":{\"@id\":\"https:\/\/www.confagricoltura.org\/piacenza\/laccordo-bilaterale-canada-offre-opportunita-allagricoltura\/#primaryimage\"},\"thumbnailUrl\":\"http:\/\/www.confagricoltura.org\/piacenza\/wp-content\/uploads\/sites\/3\/2017\/04\/Filippo-Gasparini.jpg\",\"articleSection\":[\"Archivio\"],\"inLanguage\":\"it-IT\"},{\"@type\":\"WebPage\",\"@id\":\"https:\/\/www.confagricoltura.org\/piacenza\/laccordo-bilaterale-canada-offre-opportunita-allagricoltura\/\",\"url\":\"https:\/\/www.confagricoltura.org\/piacenza\/laccordo-bilaterale-canada-offre-opportunita-allagricoltura\/\",\"name\":\"L\u2019ACCORDO BILATERALE CON IL CANADA OFFRE OPPORTUNITA\u2019 ALL\u2019AGRICOLTURA - Confagricoltura Piacenza\",\"isPartOf\":{\"@id\":\"https:\/\/www.confagricoltura.org\/piacenza\/#website\"},\"primaryImageOfPage\":{\"@id\":\"https:\/\/www.confagricoltura.org\/piacenza\/laccordo-bilaterale-canada-offre-opportunita-allagricoltura\/#primaryimage\"},\"image\":{\"@id\":\"https:\/\/www.confagricoltura.org\/piacenza\/laccordo-bilaterale-canada-offre-opportunita-allagricoltura\/#primaryimage\"},\"thumbnailUrl\":\"http:\/\/www.confagricoltura.org\/piacenza\/wp-content\/uploads\/sites\/3\/2017\/04\/Filippo-Gasparini.jpg\",\"datePublished\":\"2017-07-28T10:58:53+00:00\",\"dateModified\":\"2021-03-11T12:14:45+00:00\",\"author\":{\"@id\":\"https:\/\/www.confagricoltura.org\/piacenza\/#\/schema\/person\/be5da25a3117fea4b3bfec9dba09b5e8\"},\"breadcrumb\":{\"@id\":\"https:\/\/www.confagricoltura.org\/piacenza\/laccordo-bilaterale-canada-offre-opportunita-allagricoltura\/#breadcrumb\"},\"inLanguage\":\"it-IT\",\"potentialAction\":[{\"@type\":\"ReadAction\",\"target\":[\"https:\/\/www.confagricoltura.org\/piacenza\/laccordo-bilaterale-canada-offre-opportunita-allagricoltura\/\"]}]},{\"@type\":\"ImageObject\",\"inLanguage\":\"it-IT\",\"@id\":\"https:\/\/www.confagricoltura.org\/piacenza\/laccordo-bilaterale-canada-offre-opportunita-allagricoltura\/#primaryimage\",\"url\":\"http:\/\/www.confagricoltura.org\/piacenza\/wp-content\/uploads\/sites\/3\/2017\/04\/Filippo-Gasparini.jpg\",\"contentUrl\":\"http:\/\/www.confagricoltura.org\/piacenza\/wp-content\/uploads\/sites\/3\/2017\/04\/Filippo-Gasparini.jpg\"},{\"@type\":\"BreadcrumbList\",\"@id\":\"https:\/\/www.confagricoltura.org\/piacenza\/laccordo-bilaterale-canada-offre-opportunita-allagricoltura\/#breadcrumb\",\"itemListElement\":[{\"@type\":\"ListItem\",\"position\":1,\"name\":\"Home\",\"item\":\"https:\/\/www.confagricoltura.org\/piacenza\/\"},{\"@type\":\"ListItem\",\"position\":2,\"name\":\"L\u2019ACCORDO BILATERALE CON IL CANADA OFFRE OPPORTUNITA\u2019 ALL\u2019AGRICOLTURA\"}]},{\"@type\":\"WebSite\",\"@id\":\"https:\/\/www.confagricoltura.org\/piacenza\/#website\",\"url\":\"https:\/\/www.confagricoltura.org\/piacenza\/\",\"name\":\"Confagricoltura Piacenza\",\"description\":\"Dalla parte degli Agricoltori\",\"potentialAction\":[{\"@type\":\"SearchAction\",\"target\":{\"@type\":\"EntryPoint\",\"urlTemplate\":\"https:\/\/www.confagricoltura.org\/piacenza\/?s={search_term_string}\"},\"query-input\":{\"@type\":\"PropertyValueSpecification\",\"valueRequired\":true,\"valueName\":\"search_term_string\"}}],\"inLanguage\":\"it-IT\"},{\"@type\":\"Person\",\"@id\":\"https:\/\/www.confagricoltura.org\/piacenza\/#\/schema\/person\/be5da25a3117fea4b3bfec9dba09b5e8\",\"name\":\"confagricolturapiacenza\",\"image\":{\"@type\":\"ImageObject\",\"inLanguage\":\"it-IT\",\"@id\":\"https:\/\/www.confagricoltura.org\/piacenza\/#\/schema\/person\/image\/\",\"url\":\"https:\/\/secure.gravatar.com\/avatar\/9c5f111e417171581853bd0a3ff892ca?s=96&d=mm&r=g\",\"contentUrl\":\"https:\/\/secure.gravatar.com\/avatar\/9c5f111e417171581853bd0a3ff892ca?s=96&d=mm&r=g\",\"caption\":\"confagricolturapiacenza\"},\"url\":\"https:\/\/www.confagricoltura.org\/piacenza\/author\/confagricolturapiacenza\/\"}]}<\/script>\n<!-- \/ Yoast SEO plugin. -->","yoast_head_json":{"title":"L\u2019ACCORDO BILATERALE CON IL CANADA OFFRE OPPORTUNITA\u2019 ALL\u2019AGRICOLTURA - Confagricoltura Piacenza","robots":{"index":"index","follow":"follow","max-snippet":"max-snippet:-1","max-image-preview":"max-image-preview:large","max-video-preview":"max-video-preview:-1"},"canonical":"https:\/\/www.confagricoltura.org\/piacenza\/laccordo-bilaterale-canada-offre-opportunita-allagricoltura\/","og_locale":"it_IT","og_type":"article","og_title":"L\u2019ACCORDO BILATERALE CON IL CANADA OFFRE OPPORTUNITA\u2019 ALL\u2019AGRICOLTURA - Confagricoltura Piacenza","og_description":"Confagricoltura Piacenza: sul Ceta pi\u00f9 luci che ombre per il settore primario &nbsp; La perdurante crisi ha ulteriormente accelerato il percorso obbligato della globalizzazione dei rapporti commerciali. \u00a0Nell\u2019impossibilit\u00e0 pratica di riuscire a strutturare accordi funzionali tra Paesi diversi, che siano al contempo rispettosi delle identit\u00e0, delle peculiarit\u00e0 di ciascuno, si stanno sempre pi\u00f9 facendo strada","og_url":"https:\/\/www.confagricoltura.org\/piacenza\/laccordo-bilaterale-canada-offre-opportunita-allagricoltura\/","og_site_name":"Confagricoltura Piacenza","article_published_time":"2017-07-28T10:58:53+00:00","article_modified_time":"2021-03-11T12:14:45+00:00","og_image":[{"url":"http:\/\/www.confagricoltura.org\/piacenza\/wp-content\/uploads\/sites\/3\/2017\/04\/Filippo-Gasparini.jpg","type":"","width":"","height":""}],"author":"confagricolturapiacenza","twitter_card":"summary_large_image","twitter_misc":{"Scritto da":"confagricolturapiacenza","Tempo di lettura stimato":"3 minuti"},"schema":{"@context":"https:\/\/schema.org","@graph":[{"@type":"Article","@id":"https:\/\/www.confagricoltura.org\/piacenza\/laccordo-bilaterale-canada-offre-opportunita-allagricoltura\/#article","isPartOf":{"@id":"https:\/\/www.confagricoltura.org\/piacenza\/laccordo-bilaterale-canada-offre-opportunita-allagricoltura\/"},"author":{"name":"confagricolturapiacenza","@id":"https:\/\/www.confagricoltura.org\/piacenza\/#\/schema\/person\/be5da25a3117fea4b3bfec9dba09b5e8"},"headline":"L\u2019ACCORDO BILATERALE CON IL CANADA OFFRE OPPORTUNITA\u2019 ALL\u2019AGRICOLTURA","datePublished":"2017-07-28T10:58:53+00:00","dateModified":"2021-03-11T12:14:45+00:00","mainEntityOfPage":{"@id":"https:\/\/www.confagricoltura.org\/piacenza\/laccordo-bilaterale-canada-offre-opportunita-allagricoltura\/"},"wordCount":546,"commentCount":0,"image":{"@id":"https:\/\/www.confagricoltura.org\/piacenza\/laccordo-bilaterale-canada-offre-opportunita-allagricoltura\/#primaryimage"},"thumbnailUrl":"http:\/\/www.confagricoltura.org\/piacenza\/wp-content\/uploads\/sites\/3\/2017\/04\/Filippo-Gasparini.jpg","articleSection":["Archivio"],"inLanguage":"it-IT"},{"@type":"WebPage","@id":"https:\/\/www.confagricoltura.org\/piacenza\/laccordo-bilaterale-canada-offre-opportunita-allagricoltura\/","url":"https:\/\/www.confagricoltura.org\/piacenza\/laccordo-bilaterale-canada-offre-opportunita-allagricoltura\/","name":"L\u2019ACCORDO BILATERALE CON IL CANADA OFFRE OPPORTUNITA\u2019 ALL\u2019AGRICOLTURA - Confagricoltura Piacenza","isPartOf":{"@id":"https:\/\/www.confagricoltura.org\/piacenza\/#website"},"primaryImageOfPage":{"@id":"https:\/\/www.confagricoltura.org\/piacenza\/laccordo-bilaterale-canada-offre-opportunita-allagricoltura\/#primaryimage"},"image":{"@id":"https:\/\/www.confagricoltura.org\/piacenza\/laccordo-bilaterale-canada-offre-opportunita-allagricoltura\/#primaryimage"},"thumbnailUrl":"http:\/\/www.confagricoltura.org\/piacenza\/wp-content\/uploads\/sites\/3\/2017\/04\/Filippo-Gasparini.jpg","datePublished":"2017-07-28T10:58:53+00:00","dateModified":"2021-03-11T12:14:45+00:00","author":{"@id":"https:\/\/www.confagricoltura.org\/piacenza\/#\/schema\/person\/be5da25a3117fea4b3bfec9dba09b5e8"},"breadcrumb":{"@id":"https:\/\/www.confagricoltura.org\/piacenza\/laccordo-bilaterale-canada-offre-opportunita-allagricoltura\/#breadcrumb"},"inLanguage":"it-IT","potentialAction":[{"@type":"ReadAction","target":["https:\/\/www.confagricoltura.org\/piacenza\/laccordo-bilaterale-canada-offre-opportunita-allagricoltura\/"]}]},{"@type":"ImageObject","inLanguage":"it-IT","@id":"https:\/\/www.confagricoltura.org\/piacenza\/laccordo-bilaterale-canada-offre-opportunita-allagricoltura\/#primaryimage","url":"http:\/\/www.confagricoltura.org\/piacenza\/wp-content\/uploads\/sites\/3\/2017\/04\/Filippo-Gasparini.jpg","contentUrl":"http:\/\/www.confagricoltura.org\/piacenza\/wp-content\/uploads\/sites\/3\/2017\/04\/Filippo-Gasparini.jpg"},{"@type":"BreadcrumbList","@id":"https:\/\/www.confagricoltura.org\/piacenza\/laccordo-bilaterale-canada-offre-opportunita-allagricoltura\/#breadcrumb","itemListElement":[{"@type":"ListItem","position":1,"name":"Home","item":"https:\/\/www.confagricoltura.org\/piacenza\/"},{"@type":"ListItem","position":2,"name":"L\u2019ACCORDO BILATERALE CON IL CANADA OFFRE OPPORTUNITA\u2019 ALL\u2019AGRICOLTURA"}]},{"@type":"WebSite","@id":"https:\/\/www.confagricoltura.org\/piacenza\/#website","url":"https:\/\/www.confagricoltura.org\/piacenza\/","name":"Confagricoltura Piacenza","description":"Dalla parte degli Agricoltori","potentialAction":[{"@type":"SearchAction","target":{"@type":"EntryPoint","urlTemplate":"https:\/\/www.confagricoltura.org\/piacenza\/?s={search_term_string}"},"query-input":{"@type":"PropertyValueSpecification","valueRequired":true,"valueName":"search_term_string"}}],"inLanguage":"it-IT"},{"@type":"Person","@id":"https:\/\/www.confagricoltura.org\/piacenza\/#\/schema\/person\/be5da25a3117fea4b3bfec9dba09b5e8","name":"confagricolturapiacenza","image":{"@type":"ImageObject","inLanguage":"it-IT","@id":"https:\/\/www.confagricoltura.org\/piacenza\/#\/schema\/person\/image\/","url":"https:\/\/secure.gravatar.com\/avatar\/9c5f111e417171581853bd0a3ff892ca?s=96&d=mm&r=g","contentUrl":"https:\/\/secure.gravatar.com\/avatar\/9c5f111e417171581853bd0a3ff892ca?s=96&d=mm&r=g","caption":"confagricolturapiacenza"},"url":"https:\/\/www.confagricoltura.org\/piacenza\/author\/confagricolturapiacenza\/"}]}},"_links":{"self":[{"href":"https:\/\/www.confagricoltura.org\/piacenza\/wp-json\/wp\/v2\/posts\/947","targetHints":{"allow":["GET"]}}],"collection":[{"href":"https:\/\/www.confagricoltura.org\/piacenza\/wp-json\/wp\/v2\/posts"}],"about":[{"href":"https:\/\/www.confagricoltura.org\/piacenza\/wp-json\/wp\/v2\/types\/post"}],"author":[{"embeddable":true,"href":"https:\/\/www.confagricoltura.org\/piacenza\/wp-json\/wp\/v2\/users\/6"}],"replies":[{"embeddable":true,"href":"https:\/\/www.confagricoltura.org\/piacenza\/wp-json\/wp\/v2\/comments?post=947"}],"version-history":[{"count":1,"href":"https:\/\/www.confagricoltura.org\/piacenza\/wp-json\/wp\/v2\/posts\/947\/revisions"}],"predecessor-version":[{"id":2861,"href":"https:\/\/www.confagricoltura.org\/piacenza\/wp-json\/wp\/v2\/posts\/947\/revisions\/2861"}],"wp:attachment":[{"href":"https:\/\/www.confagricoltura.org\/piacenza\/wp-json\/wp\/v2\/media?parent=947"}],"wp:term":[{"taxonomy":"category","embeddable":true,"href":"https:\/\/www.confagricoltura.org\/piacenza\/wp-json\/wp\/v2\/categories?post=947"},{"taxonomy":"post_tag","embeddable":true,"href":"https:\/\/www.confagricoltura.org\/piacenza\/wp-json\/wp\/v2\/tags?post=947"}],"curies":[{"name":"wp","href":"https:\/\/api.w.org\/{rel}","templated":true}]}}