{"id":781,"date":"2017-03-17T16:45:30","date_gmt":"2017-03-17T15:45:30","guid":{"rendered":"http:\/\/www.confagricoltura.org\/piacenza\/?p=781"},"modified":"2021-03-11T13:14:46","modified_gmt":"2021-03-11T12:14:46","slug":"fiscalita-in-agricoltura-grande-partecipazione-al-convegno-di-confagricoltura","status":"publish","type":"post","link":"https:\/\/www.confagricoltura.org\/piacenza\/fiscalita-in-agricoltura-grande-partecipazione-al-convegno-di-confagricoltura\/","title":{"rendered":"FISCALITA\u2019 IN AGRICOLTURA: GRANDE PARTECIPAZIONE AL CONVEGNO DI CONFAGRICOLTURA"},"content":{"rendered":"<h4><em>Esperti nazionali hanno illustrato le diverse peculiarit\u00e0 del settore al Duse di Cortemaggiore<\/em><\/h4>\n<p>&nbsp;<\/p>\n<p>Tutto esaurito, con oltre cento partecipanti presenti, al convegno organizzato congiuntamente dalla Libera Associazione Agricoltori Cremonesi, Confagricoltura Piacenza e Confagricoltura Parma venerd\u00ec 17 marzo al teatro Duse di Cortemaggiore. \u201cFare impresa in agricoltura: gli aspetti fiscali\u201d: questo il tema dell\u2019iniziativa che dopo i saluti del Sindaco di Cortemaggiore, Gabriele Girometta, ha visto gli interventi di Gian Paolo Tosoni &#8211; Fiscalista del gruppo \u201cSole 24 Ore\u201d e Nicola Caputo &#8211; Responsabile nazionale dell\u2019Area Fiscale di Confagricoltura. I due esperti nelle loro relazioni hanno illustrato diverse peculiarit\u00e0 che il settore agricolo presenta dal punto di vista della gestione fiscale. La mattinata, moderata dal Presidente di Confagricoltura, Enrico Chiesa, ha posto l\u2019accento sull\u2019azzeramento dell\u2019Irpef per il triennio 2017-18-19 previsto dalla legge di bilancio per Cd e Iap, sull\u2019obbligo di comunicazione telematica delle registrazioni trimestrali delle fatture, sul regime di cassa e poi ancora sul reddito catastale, il regime forfettario, il reverse charge. Si \u00e8 parlato anche di attivit\u00e0 connessa e nuovi sviluppi dell\u2019azienda agricola, di produzioni innovative e trasformazione dei prodotti agricoli, limiti e regimi iva. \u201cLa detassazione con l\u2019azzeramento dell\u2019Irpef \u2013 ha sottolineato Tosoni \u2013 \u00e8 un ottimo segnale, le aziende devono poter fare reddito e aumentare gli utili, anche attraverso strumenti di detassazione come questo, cos\u00ec da poter poi investire. Bene, in tal senso, anche gli sgravi previsti per le attivit\u00e0 di ricerca e sviluppo che prevedono la possibilit\u00e0 di un credito fiscale sino al 50% nel triennio successivo per le spese sostenute\u201d.\u00a0 \u201cL\u2019attivit\u00e0 agricola \u2013 ha rimarcato Caputo \u2013 gi\u00e0 di per s\u00e9 complessa, si apre sempre pi\u00f9 ad una serie ampia di possibilit\u00e0, anche in termini di attivit\u00e0 innovative, basti pensare all\u2019agricoltura sociale, sconosciuta sino a qualche anno fa; attivit\u00e0 con le loro peculiarit\u00e0 vanno gestite correttamente anche dal punto di vista fiscale per evitare di incorrere in errori\u201d. Soddisfatti i responsabili dei Servizi Fiscali delle tre associazioni organizzatrici dell\u2019evento, Corrado Dioni, Michela Filippi e Fabio Contardi che hanno commentato \u201cla finanziaria contiene qualche positiva novit\u00e0 per il nostro settore ed \u00e8 fondamentale essere aggiornati sugli aspetti fiscali perch\u00e9 l\u2019agricoltura moderna, per poter valorizzare il proprio know how, non pu\u00f2 concentrarsi solo sul fronte produttivo ma deve considerare una gestione manageriale a tutto tondo e per nulla semplice\u201d.<\/p>\n<p>&nbsp;<\/p>\n<p><img loading=\"lazy\" decoding=\"async\" class=\"alignnone wp-image-782 img-responsive\" src=\"http:\/\/www.confagricoltura.org\/piacenza\/wp-content\/uploads\/sites\/3\/2017\/03\/Pubblico-in-sala.jpg\" alt=\"Pubblico in sala\" width=\"690\" height=\"517\" \/> <img loading=\"lazy\" decoding=\"async\" class=\"alignnone wp-image-783 img-responsive\" src=\"http:\/\/www.confagricoltura.org\/piacenza\/wp-content\/uploads\/sites\/3\/2017\/03\/Caputo-Chiesa-Tosoni.jpg\" alt=\"Caputo Chiesa Tosoni\" width=\"690\" height=\"537\" \/><\/p>\n","protected":false},"excerpt":{"rendered":"<p>Esperti nazionali hanno illustrato le diverse peculiarit\u00e0 del settore al Duse di Cortemaggiore &nbsp; Tutto esaurito, con oltre cento partecipanti presenti, al convegno organizzato congiuntamente dalla Libera Associazione Agricoltori Cremonesi, Confagricoltura Piacenza e Confagricoltura Parma venerd\u00ec 17 marzo al teatro Duse di Cortemaggiore. \u201cFare impresa in agricoltura: gli aspetti fiscali\u201d: questo il tema dell\u2019iniziativa che<\/p>\n","protected":false},"author":6,"featured_media":0,"comment_status":"open","ping_status":"open","sticky":false,"template":"","format":"standard","meta":{"wp_mapbox_gl_js_media":[],"footnotes":""},"categories":[335],"tags":[82],"class_list":["post-781","post","type-post","status-publish","format-standard","hentry","category-archivio","tag-fiscalita"],"yoast_head":"<!-- This site is optimized with the Yoast SEO plugin v26.8 - https:\/\/yoast.com\/product\/yoast-seo-wordpress\/ -->\n<title>FISCALITA\u2019 IN AGRICOLTURA: GRANDE PARTECIPAZIONE AL CONVEGNO DI CONFAGRICOLTURA - Confagricoltura Piacenza<\/title>\n<meta name=\"robots\" content=\"index, follow, max-snippet:-1, max-image-preview:large, max-video-preview:-1\" \/>\n<link rel=\"canonical\" href=\"https:\/\/www.confagricoltura.org\/piacenza\/fiscalita-in-agricoltura-grande-partecipazione-al-convegno-di-confagricoltura\/\" \/>\n<meta property=\"og:locale\" content=\"it_IT\" \/>\n<meta property=\"og:type\" content=\"article\" \/>\n<meta property=\"og:title\" content=\"FISCALITA\u2019 IN AGRICOLTURA: GRANDE PARTECIPAZIONE AL CONVEGNO DI CONFAGRICOLTURA - Confagricoltura Piacenza\" \/>\n<meta property=\"og:description\" content=\"Esperti nazionali hanno illustrato le diverse peculiarit\u00e0 del settore al Duse di Cortemaggiore &nbsp; Tutto esaurito, con oltre cento partecipanti presenti, al convegno organizzato congiuntamente dalla Libera Associazione Agricoltori Cremonesi, Confagricoltura Piacenza e Confagricoltura Parma venerd\u00ec 17 marzo al teatro Duse di Cortemaggiore. \u201cFare impresa in agricoltura: gli aspetti fiscali\u201d: questo il tema dell\u2019iniziativa che\" \/>\n<meta property=\"og:url\" content=\"https:\/\/www.confagricoltura.org\/piacenza\/fiscalita-in-agricoltura-grande-partecipazione-al-convegno-di-confagricoltura\/\" \/>\n<meta property=\"og:site_name\" content=\"Confagricoltura Piacenza\" \/>\n<meta property=\"article:published_time\" content=\"2017-03-17T15:45:30+00:00\" \/>\n<meta property=\"article:modified_time\" content=\"2021-03-11T12:14:46+00:00\" \/>\n<meta property=\"og:image\" content=\"http:\/\/www.confagricoltura.org\/piacenza\/wp-content\/uploads\/sites\/3\/2017\/03\/Pubblico-in-sala.jpg\" \/>\n<meta name=\"author\" content=\"confagricolturapiacenza\" \/>\n<meta name=\"twitter:card\" content=\"summary_large_image\" \/>\n<meta name=\"twitter:label1\" content=\"Scritto da\" \/>\n\t<meta name=\"twitter:data1\" content=\"confagricolturapiacenza\" \/>\n\t<meta name=\"twitter:label2\" content=\"Tempo di lettura stimato\" \/>\n\t<meta name=\"twitter:data2\" content=\"2 minuti\" \/>\n<script type=\"application\/ld+json\" class=\"yoast-schema-graph\">{\"@context\":\"https:\/\/schema.org\",\"@graph\":[{\"@type\":\"Article\",\"@id\":\"https:\/\/www.confagricoltura.org\/piacenza\/fiscalita-in-agricoltura-grande-partecipazione-al-convegno-di-confagricoltura\/#article\",\"isPartOf\":{\"@id\":\"https:\/\/www.confagricoltura.org\/piacenza\/fiscalita-in-agricoltura-grande-partecipazione-al-convegno-di-confagricoltura\/\"},\"author\":{\"name\":\"confagricolturapiacenza\",\"@id\":\"https:\/\/www.confagricoltura.org\/piacenza\/#\/schema\/person\/be5da25a3117fea4b3bfec9dba09b5e8\"},\"headline\":\"FISCALITA\u2019 IN AGRICOLTURA: GRANDE PARTECIPAZIONE AL CONVEGNO DI CONFAGRICOLTURA\",\"datePublished\":\"2017-03-17T15:45:30+00:00\",\"dateModified\":\"2021-03-11T12:14:46+00:00\",\"mainEntityOfPage\":{\"@id\":\"https:\/\/www.confagricoltura.org\/piacenza\/fiscalita-in-agricoltura-grande-partecipazione-al-convegno-di-confagricoltura\/\"},\"wordCount\":397,\"commentCount\":0,\"image\":{\"@id\":\"https:\/\/www.confagricoltura.org\/piacenza\/fiscalita-in-agricoltura-grande-partecipazione-al-convegno-di-confagricoltura\/#primaryimage\"},\"thumbnailUrl\":\"http:\/\/www.confagricoltura.org\/piacenza\/wp-content\/uploads\/sites\/3\/2017\/03\/Pubblico-in-sala.jpg\",\"keywords\":[\"FISCALITA\"],\"articleSection\":[\"Archivio\"],\"inLanguage\":\"it-IT\"},{\"@type\":\"WebPage\",\"@id\":\"https:\/\/www.confagricoltura.org\/piacenza\/fiscalita-in-agricoltura-grande-partecipazione-al-convegno-di-confagricoltura\/\",\"url\":\"https:\/\/www.confagricoltura.org\/piacenza\/fiscalita-in-agricoltura-grande-partecipazione-al-convegno-di-confagricoltura\/\",\"name\":\"FISCALITA\u2019 IN AGRICOLTURA: GRANDE PARTECIPAZIONE AL CONVEGNO DI CONFAGRICOLTURA - Confagricoltura Piacenza\",\"isPartOf\":{\"@id\":\"https:\/\/www.confagricoltura.org\/piacenza\/#website\"},\"primaryImageOfPage\":{\"@id\":\"https:\/\/www.confagricoltura.org\/piacenza\/fiscalita-in-agricoltura-grande-partecipazione-al-convegno-di-confagricoltura\/#primaryimage\"},\"image\":{\"@id\":\"https:\/\/www.confagricoltura.org\/piacenza\/fiscalita-in-agricoltura-grande-partecipazione-al-convegno-di-confagricoltura\/#primaryimage\"},\"thumbnailUrl\":\"http:\/\/www.confagricoltura.org\/piacenza\/wp-content\/uploads\/sites\/3\/2017\/03\/Pubblico-in-sala.jpg\",\"datePublished\":\"2017-03-17T15:45:30+00:00\",\"dateModified\":\"2021-03-11T12:14:46+00:00\",\"author\":{\"@id\":\"https:\/\/www.confagricoltura.org\/piacenza\/#\/schema\/person\/be5da25a3117fea4b3bfec9dba09b5e8\"},\"breadcrumb\":{\"@id\":\"https:\/\/www.confagricoltura.org\/piacenza\/fiscalita-in-agricoltura-grande-partecipazione-al-convegno-di-confagricoltura\/#breadcrumb\"},\"inLanguage\":\"it-IT\",\"potentialAction\":[{\"@type\":\"ReadAction\",\"target\":[\"https:\/\/www.confagricoltura.org\/piacenza\/fiscalita-in-agricoltura-grande-partecipazione-al-convegno-di-confagricoltura\/\"]}]},{\"@type\":\"ImageObject\",\"inLanguage\":\"it-IT\",\"@id\":\"https:\/\/www.confagricoltura.org\/piacenza\/fiscalita-in-agricoltura-grande-partecipazione-al-convegno-di-confagricoltura\/#primaryimage\",\"url\":\"http:\/\/www.confagricoltura.org\/piacenza\/wp-content\/uploads\/sites\/3\/2017\/03\/Pubblico-in-sala.jpg\",\"contentUrl\":\"http:\/\/www.confagricoltura.org\/piacenza\/wp-content\/uploads\/sites\/3\/2017\/03\/Pubblico-in-sala.jpg\"},{\"@type\":\"BreadcrumbList\",\"@id\":\"https:\/\/www.confagricoltura.org\/piacenza\/fiscalita-in-agricoltura-grande-partecipazione-al-convegno-di-confagricoltura\/#breadcrumb\",\"itemListElement\":[{\"@type\":\"ListItem\",\"position\":1,\"name\":\"Home\",\"item\":\"https:\/\/www.confagricoltura.org\/piacenza\/\"},{\"@type\":\"ListItem\",\"position\":2,\"name\":\"FISCALITA\u2019 IN AGRICOLTURA: GRANDE PARTECIPAZIONE AL CONVEGNO DI CONFAGRICOLTURA\"}]},{\"@type\":\"WebSite\",\"@id\":\"https:\/\/www.confagricoltura.org\/piacenza\/#website\",\"url\":\"https:\/\/www.confagricoltura.org\/piacenza\/\",\"name\":\"Confagricoltura Piacenza\",\"description\":\"Dalla parte degli Agricoltori\",\"potentialAction\":[{\"@type\":\"SearchAction\",\"target\":{\"@type\":\"EntryPoint\",\"urlTemplate\":\"https:\/\/www.confagricoltura.org\/piacenza\/?s={search_term_string}\"},\"query-input\":{\"@type\":\"PropertyValueSpecification\",\"valueRequired\":true,\"valueName\":\"search_term_string\"}}],\"inLanguage\":\"it-IT\"},{\"@type\":\"Person\",\"@id\":\"https:\/\/www.confagricoltura.org\/piacenza\/#\/schema\/person\/be5da25a3117fea4b3bfec9dba09b5e8\",\"name\":\"confagricolturapiacenza\",\"image\":{\"@type\":\"ImageObject\",\"inLanguage\":\"it-IT\",\"@id\":\"https:\/\/www.confagricoltura.org\/piacenza\/#\/schema\/person\/image\/\",\"url\":\"https:\/\/secure.gravatar.com\/avatar\/9c5f111e417171581853bd0a3ff892ca?s=96&d=mm&r=g\",\"contentUrl\":\"https:\/\/secure.gravatar.com\/avatar\/9c5f111e417171581853bd0a3ff892ca?s=96&d=mm&r=g\",\"caption\":\"confagricolturapiacenza\"},\"url\":\"https:\/\/www.confagricoltura.org\/piacenza\/author\/confagricolturapiacenza\/\"}]}<\/script>\n<!-- \/ Yoast SEO plugin. -->","yoast_head_json":{"title":"FISCALITA\u2019 IN AGRICOLTURA: GRANDE PARTECIPAZIONE AL CONVEGNO DI CONFAGRICOLTURA - Confagricoltura Piacenza","robots":{"index":"index","follow":"follow","max-snippet":"max-snippet:-1","max-image-preview":"max-image-preview:large","max-video-preview":"max-video-preview:-1"},"canonical":"https:\/\/www.confagricoltura.org\/piacenza\/fiscalita-in-agricoltura-grande-partecipazione-al-convegno-di-confagricoltura\/","og_locale":"it_IT","og_type":"article","og_title":"FISCALITA\u2019 IN AGRICOLTURA: GRANDE PARTECIPAZIONE AL CONVEGNO DI CONFAGRICOLTURA - Confagricoltura Piacenza","og_description":"Esperti nazionali hanno illustrato le diverse peculiarit\u00e0 del settore al Duse di Cortemaggiore &nbsp; Tutto esaurito, con oltre cento partecipanti presenti, al convegno organizzato congiuntamente dalla Libera Associazione Agricoltori Cremonesi, Confagricoltura Piacenza e Confagricoltura Parma venerd\u00ec 17 marzo al teatro Duse di Cortemaggiore. \u201cFare impresa in agricoltura: gli aspetti fiscali\u201d: questo il tema dell\u2019iniziativa che","og_url":"https:\/\/www.confagricoltura.org\/piacenza\/fiscalita-in-agricoltura-grande-partecipazione-al-convegno-di-confagricoltura\/","og_site_name":"Confagricoltura Piacenza","article_published_time":"2017-03-17T15:45:30+00:00","article_modified_time":"2021-03-11T12:14:46+00:00","og_image":[{"url":"http:\/\/www.confagricoltura.org\/piacenza\/wp-content\/uploads\/sites\/3\/2017\/03\/Pubblico-in-sala.jpg","type":"","width":"","height":""}],"author":"confagricolturapiacenza","twitter_card":"summary_large_image","twitter_misc":{"Scritto da":"confagricolturapiacenza","Tempo di lettura stimato":"2 minuti"},"schema":{"@context":"https:\/\/schema.org","@graph":[{"@type":"Article","@id":"https:\/\/www.confagricoltura.org\/piacenza\/fiscalita-in-agricoltura-grande-partecipazione-al-convegno-di-confagricoltura\/#article","isPartOf":{"@id":"https:\/\/www.confagricoltura.org\/piacenza\/fiscalita-in-agricoltura-grande-partecipazione-al-convegno-di-confagricoltura\/"},"author":{"name":"confagricolturapiacenza","@id":"https:\/\/www.confagricoltura.org\/piacenza\/#\/schema\/person\/be5da25a3117fea4b3bfec9dba09b5e8"},"headline":"FISCALITA\u2019 IN AGRICOLTURA: GRANDE PARTECIPAZIONE AL CONVEGNO DI CONFAGRICOLTURA","datePublished":"2017-03-17T15:45:30+00:00","dateModified":"2021-03-11T12:14:46+00:00","mainEntityOfPage":{"@id":"https:\/\/www.confagricoltura.org\/piacenza\/fiscalita-in-agricoltura-grande-partecipazione-al-convegno-di-confagricoltura\/"},"wordCount":397,"commentCount":0,"image":{"@id":"https:\/\/www.confagricoltura.org\/piacenza\/fiscalita-in-agricoltura-grande-partecipazione-al-convegno-di-confagricoltura\/#primaryimage"},"thumbnailUrl":"http:\/\/www.confagricoltura.org\/piacenza\/wp-content\/uploads\/sites\/3\/2017\/03\/Pubblico-in-sala.jpg","keywords":["FISCALITA"],"articleSection":["Archivio"],"inLanguage":"it-IT"},{"@type":"WebPage","@id":"https:\/\/www.confagricoltura.org\/piacenza\/fiscalita-in-agricoltura-grande-partecipazione-al-convegno-di-confagricoltura\/","url":"https:\/\/www.confagricoltura.org\/piacenza\/fiscalita-in-agricoltura-grande-partecipazione-al-convegno-di-confagricoltura\/","name":"FISCALITA\u2019 IN AGRICOLTURA: GRANDE PARTECIPAZIONE AL CONVEGNO DI CONFAGRICOLTURA - Confagricoltura Piacenza","isPartOf":{"@id":"https:\/\/www.confagricoltura.org\/piacenza\/#website"},"primaryImageOfPage":{"@id":"https:\/\/www.confagricoltura.org\/piacenza\/fiscalita-in-agricoltura-grande-partecipazione-al-convegno-di-confagricoltura\/#primaryimage"},"image":{"@id":"https:\/\/www.confagricoltura.org\/piacenza\/fiscalita-in-agricoltura-grande-partecipazione-al-convegno-di-confagricoltura\/#primaryimage"},"thumbnailUrl":"http:\/\/www.confagricoltura.org\/piacenza\/wp-content\/uploads\/sites\/3\/2017\/03\/Pubblico-in-sala.jpg","datePublished":"2017-03-17T15:45:30+00:00","dateModified":"2021-03-11T12:14:46+00:00","author":{"@id":"https:\/\/www.confagricoltura.org\/piacenza\/#\/schema\/person\/be5da25a3117fea4b3bfec9dba09b5e8"},"breadcrumb":{"@id":"https:\/\/www.confagricoltura.org\/piacenza\/fiscalita-in-agricoltura-grande-partecipazione-al-convegno-di-confagricoltura\/#breadcrumb"},"inLanguage":"it-IT","potentialAction":[{"@type":"ReadAction","target":["https:\/\/www.confagricoltura.org\/piacenza\/fiscalita-in-agricoltura-grande-partecipazione-al-convegno-di-confagricoltura\/"]}]},{"@type":"ImageObject","inLanguage":"it-IT","@id":"https:\/\/www.confagricoltura.org\/piacenza\/fiscalita-in-agricoltura-grande-partecipazione-al-convegno-di-confagricoltura\/#primaryimage","url":"http:\/\/www.confagricoltura.org\/piacenza\/wp-content\/uploads\/sites\/3\/2017\/03\/Pubblico-in-sala.jpg","contentUrl":"http:\/\/www.confagricoltura.org\/piacenza\/wp-content\/uploads\/sites\/3\/2017\/03\/Pubblico-in-sala.jpg"},{"@type":"BreadcrumbList","@id":"https:\/\/www.confagricoltura.org\/piacenza\/fiscalita-in-agricoltura-grande-partecipazione-al-convegno-di-confagricoltura\/#breadcrumb","itemListElement":[{"@type":"ListItem","position":1,"name":"Home","item":"https:\/\/www.confagricoltura.org\/piacenza\/"},{"@type":"ListItem","position":2,"name":"FISCALITA\u2019 IN AGRICOLTURA: GRANDE PARTECIPAZIONE AL CONVEGNO DI CONFAGRICOLTURA"}]},{"@type":"WebSite","@id":"https:\/\/www.confagricoltura.org\/piacenza\/#website","url":"https:\/\/www.confagricoltura.org\/piacenza\/","name":"Confagricoltura Piacenza","description":"Dalla parte degli Agricoltori","potentialAction":[{"@type":"SearchAction","target":{"@type":"EntryPoint","urlTemplate":"https:\/\/www.confagricoltura.org\/piacenza\/?s={search_term_string}"},"query-input":{"@type":"PropertyValueSpecification","valueRequired":true,"valueName":"search_term_string"}}],"inLanguage":"it-IT"},{"@type":"Person","@id":"https:\/\/www.confagricoltura.org\/piacenza\/#\/schema\/person\/be5da25a3117fea4b3bfec9dba09b5e8","name":"confagricolturapiacenza","image":{"@type":"ImageObject","inLanguage":"it-IT","@id":"https:\/\/www.confagricoltura.org\/piacenza\/#\/schema\/person\/image\/","url":"https:\/\/secure.gravatar.com\/avatar\/9c5f111e417171581853bd0a3ff892ca?s=96&d=mm&r=g","contentUrl":"https:\/\/secure.gravatar.com\/avatar\/9c5f111e417171581853bd0a3ff892ca?s=96&d=mm&r=g","caption":"confagricolturapiacenza"},"url":"https:\/\/www.confagricoltura.org\/piacenza\/author\/confagricolturapiacenza\/"}]}},"_links":{"self":[{"href":"https:\/\/www.confagricoltura.org\/piacenza\/wp-json\/wp\/v2\/posts\/781","targetHints":{"allow":["GET"]}}],"collection":[{"href":"https:\/\/www.confagricoltura.org\/piacenza\/wp-json\/wp\/v2\/posts"}],"about":[{"href":"https:\/\/www.confagricoltura.org\/piacenza\/wp-json\/wp\/v2\/types\/post"}],"author":[{"embeddable":true,"href":"https:\/\/www.confagricoltura.org\/piacenza\/wp-json\/wp\/v2\/users\/6"}],"replies":[{"embeddable":true,"href":"https:\/\/www.confagricoltura.org\/piacenza\/wp-json\/wp\/v2\/comments?post=781"}],"version-history":[{"count":1,"href":"https:\/\/www.confagricoltura.org\/piacenza\/wp-json\/wp\/v2\/posts\/781\/revisions"}],"predecessor-version":[{"id":2894,"href":"https:\/\/www.confagricoltura.org\/piacenza\/wp-json\/wp\/v2\/posts\/781\/revisions\/2894"}],"wp:attachment":[{"href":"https:\/\/www.confagricoltura.org\/piacenza\/wp-json\/wp\/v2\/media?parent=781"}],"wp:term":[{"taxonomy":"category","embeddable":true,"href":"https:\/\/www.confagricoltura.org\/piacenza\/wp-json\/wp\/v2\/categories?post=781"},{"taxonomy":"post_tag","embeddable":true,"href":"https:\/\/www.confagricoltura.org\/piacenza\/wp-json\/wp\/v2\/tags?post=781"}],"curies":[{"name":"wp","href":"https:\/\/api.w.org\/{rel}","templated":true}]}}