{"id":773,"date":"2017-03-10T08:50:00","date_gmt":"2017-03-10T07:50:00","guid":{"rendered":"http:\/\/www.confagricoltura.org\/piacenza\/?p=773"},"modified":"2021-03-11T13:14:46","modified_gmt":"2021-03-11T12:14:46","slug":"773-2","status":"publish","type":"post","link":"https:\/\/www.confagricoltura.org\/piacenza\/773-2\/","title":{"rendered":"CONFAGRICOLTURA: UNA MATTINATA SULLA FISCALITA\u2019 IN AGRICOLTURA"},"content":{"rendered":"<h4><strong><em>Convegno con esperti nazionali in programma il 17 marzo al Duse di Cortemaggiore<\/em><\/strong><\/h4>\n<p>&nbsp;<\/p>\n<p>Si terr\u00e0 <strong>venerd\u00ec 17 marzo dalle 09.30 alle 13.00 il convegno \u201cFare impresa in agricoltura: gli aspetti fiscali\u201d <\/strong>organizzato congiuntamente dalla Libera Associazione Agricoltori Cremonesi, Confagricoltura Piacenza e Confagricoltura Parma. L\u2019iniziativa \u00e8 aperta e rivolta a tutti gli operatori del settore che intendono approfondire la complessa tematica. Dopo i saluti delle autorit\u00e0 interverranno Gian Paolo Tosoni &#8211; Fiscalista del gruppo \u201cSole 24 Ore\u201d e Nicola Caputo &#8211; Responsabile nazionale dell\u2019Area Fiscale di Confagricoltura che nelle loro relazioni parleranno delle novit\u00e0 fiscali per il settore agricolo contenute nella legge di stabilit\u00e0, delle attivit\u00e0 innovative in agricoltura, degli aspetti della loro gestione fiscale e della compravendita dei terreni con le relative agevolazioni fiscali. Moderatore della mattinata sar\u00e0 Enrico Chiesa \u2013 presidente di Confagricoltura Piacenza. \u201cSono tante le sfide che le imprese agricole moderne sono chiamate ad affrontare \u2013 fanno sapere Corrado Dioni, Michela Filippi e Fabio Contardi, responsabili dei Servizi Fiscali delle tre associazioni organizzatrici dell\u2019evento \u2013 la finanziaria contiene qualche positiva novit\u00e0 per il nostro settore ed \u00e8 fondamentale essere aggiornati sugli aspetti fiscali perch\u00e9 l\u2019agricoltura moderna, per poter valorizzare il proprio know how, non pu\u00f2 concentrarsi solo sul fronte produttivo ma deve considerare una gestione manageriale a tutto tondo e per nulla semplice. Le aziende, come le associazioni, sono chiamate sempre pi\u00f9 ad aggregarsi e a lavorare in rete, questa iniziativa congiunta delle tre sedi provinciali di Confagricoltura, che abbraccia due regioni, vuole essere anche un segnale concreto di questo approccio sinergico che crediamo sia un valore aggiunto\u201d.<\/p>\n<p><img loading=\"lazy\" decoding=\"async\" class=\"alignnone wp-image-774 img-responsive\" src=\"http:\/\/www.confagricoltura.org\/piacenza\/wp-content\/uploads\/sites\/3\/2017\/03\/Convegno-fiscalit\u00e0-2017.jpg\" alt=\"Convegno fiscalit\u00e0 2017\" width=\"936\" height=\"1293\" \/><\/p>\n","protected":false},"excerpt":{"rendered":"<p>Convegno con esperti nazionali in programma il 17 marzo al Duse di Cortemaggiore &nbsp; Si terr\u00e0 venerd\u00ec 17 marzo dalle 09.30 alle 13.00 il convegno \u201cFare impresa in agricoltura: gli aspetti fiscali\u201d organizzato congiuntamente dalla Libera Associazione Agricoltori Cremonesi, Confagricoltura Piacenza e Confagricoltura Parma. L\u2019iniziativa \u00e8 aperta e rivolta a tutti gli operatori del settore<\/p>\n","protected":false},"author":6,"featured_media":0,"comment_status":"open","ping_status":"open","sticky":true,"template":"","format":"standard","meta":{"wp_mapbox_gl_js_media":[],"footnotes":""},"categories":[335],"tags":[81],"class_list":["post-773","post","type-post","status-publish","format-standard","hentry","category-archivio","tag-fiscalita-agricola"],"yoast_head":"<!-- This site is optimized with the Yoast SEO plugin v26.8 - https:\/\/yoast.com\/product\/yoast-seo-wordpress\/ -->\n<title>CONFAGRICOLTURA: UNA MATTINATA SULLA FISCALITA\u2019 IN AGRICOLTURA - Confagricoltura Piacenza<\/title>\n<meta name=\"robots\" content=\"index, follow, max-snippet:-1, max-image-preview:large, max-video-preview:-1\" \/>\n<link rel=\"canonical\" href=\"https:\/\/www.confagricoltura.org\/piacenza\/773-2\/\" \/>\n<meta property=\"og:locale\" content=\"it_IT\" \/>\n<meta property=\"og:type\" content=\"article\" \/>\n<meta property=\"og:title\" content=\"CONFAGRICOLTURA: UNA MATTINATA SULLA FISCALITA\u2019 IN AGRICOLTURA - Confagricoltura Piacenza\" \/>\n<meta property=\"og:description\" content=\"Convegno con esperti nazionali in programma il 17 marzo al Duse di Cortemaggiore &nbsp; Si terr\u00e0 venerd\u00ec 17 marzo dalle 09.30 alle 13.00 il convegno \u201cFare impresa in agricoltura: gli aspetti fiscali\u201d organizzato congiuntamente dalla Libera Associazione Agricoltori Cremonesi, Confagricoltura Piacenza e Confagricoltura Parma. L\u2019iniziativa \u00e8 aperta e rivolta a tutti gli operatori del settore\" \/>\n<meta property=\"og:url\" content=\"https:\/\/www.confagricoltura.org\/piacenza\/773-2\/\" \/>\n<meta property=\"og:site_name\" content=\"Confagricoltura Piacenza\" \/>\n<meta property=\"article:published_time\" content=\"2017-03-10T07:50:00+00:00\" \/>\n<meta property=\"article:modified_time\" content=\"2021-03-11T12:14:46+00:00\" \/>\n<meta property=\"og:image\" content=\"http:\/\/www.confagricoltura.org\/piacenza\/wp-content\/uploads\/sites\/3\/2017\/03\/Convegno-fiscalit\u00e0-2017.jpg\" \/>\n<meta name=\"author\" content=\"confagricolturapiacenza\" \/>\n<meta name=\"twitter:card\" content=\"summary_large_image\" \/>\n<meta name=\"twitter:label1\" content=\"Scritto da\" \/>\n\t<meta name=\"twitter:data1\" content=\"confagricolturapiacenza\" \/>\n\t<meta name=\"twitter:label2\" content=\"Tempo di lettura stimato\" \/>\n\t<meta name=\"twitter:data2\" content=\"1 minuto\" \/>\n<script type=\"application\/ld+json\" class=\"yoast-schema-graph\">{\"@context\":\"https:\/\/schema.org\",\"@graph\":[{\"@type\":\"Article\",\"@id\":\"https:\/\/www.confagricoltura.org\/piacenza\/773-2\/#article\",\"isPartOf\":{\"@id\":\"https:\/\/www.confagricoltura.org\/piacenza\/773-2\/\"},\"author\":{\"name\":\"confagricolturapiacenza\",\"@id\":\"https:\/\/www.confagricoltura.org\/piacenza\/#\/schema\/person\/be5da25a3117fea4b3bfec9dba09b5e8\"},\"headline\":\"CONFAGRICOLTURA: UNA MATTINATA SULLA FISCALITA\u2019 IN AGRICOLTURA\",\"datePublished\":\"2017-03-10T07:50:00+00:00\",\"dateModified\":\"2021-03-11T12:14:46+00:00\",\"mainEntityOfPage\":{\"@id\":\"https:\/\/www.confagricoltura.org\/piacenza\/773-2\/\"},\"wordCount\":263,\"commentCount\":0,\"keywords\":[\"fiscalit\u00e0 agricola\"],\"articleSection\":[\"Archivio\"],\"inLanguage\":\"it-IT\"},{\"@type\":\"WebPage\",\"@id\":\"https:\/\/www.confagricoltura.org\/piacenza\/773-2\/\",\"url\":\"https:\/\/www.confagricoltura.org\/piacenza\/773-2\/\",\"name\":\"CONFAGRICOLTURA: UNA MATTINATA SULLA FISCALITA\u2019 IN AGRICOLTURA - Confagricoltura Piacenza\",\"isPartOf\":{\"@id\":\"https:\/\/www.confagricoltura.org\/piacenza\/#website\"},\"datePublished\":\"2017-03-10T07:50:00+00:00\",\"dateModified\":\"2021-03-11T12:14:46+00:00\",\"author\":{\"@id\":\"https:\/\/www.confagricoltura.org\/piacenza\/#\/schema\/person\/be5da25a3117fea4b3bfec9dba09b5e8\"},\"breadcrumb\":{\"@id\":\"https:\/\/www.confagricoltura.org\/piacenza\/773-2\/#breadcrumb\"},\"inLanguage\":\"it-IT\",\"potentialAction\":[{\"@type\":\"ReadAction\",\"target\":[\"https:\/\/www.confagricoltura.org\/piacenza\/773-2\/\"]}]},{\"@type\":\"BreadcrumbList\",\"@id\":\"https:\/\/www.confagricoltura.org\/piacenza\/773-2\/#breadcrumb\",\"itemListElement\":[{\"@type\":\"ListItem\",\"position\":1,\"name\":\"Home\",\"item\":\"https:\/\/www.confagricoltura.org\/piacenza\/\"},{\"@type\":\"ListItem\",\"position\":2,\"name\":\"CONFAGRICOLTURA: UNA MATTINATA SULLA FISCALITA\u2019 IN AGRICOLTURA\"}]},{\"@type\":\"WebSite\",\"@id\":\"https:\/\/www.confagricoltura.org\/piacenza\/#website\",\"url\":\"https:\/\/www.confagricoltura.org\/piacenza\/\",\"name\":\"Confagricoltura Piacenza\",\"description\":\"Dalla parte degli Agricoltori\",\"potentialAction\":[{\"@type\":\"SearchAction\",\"target\":{\"@type\":\"EntryPoint\",\"urlTemplate\":\"https:\/\/www.confagricoltura.org\/piacenza\/?s={search_term_string}\"},\"query-input\":{\"@type\":\"PropertyValueSpecification\",\"valueRequired\":true,\"valueName\":\"search_term_string\"}}],\"inLanguage\":\"it-IT\"},{\"@type\":\"Person\",\"@id\":\"https:\/\/www.confagricoltura.org\/piacenza\/#\/schema\/person\/be5da25a3117fea4b3bfec9dba09b5e8\",\"name\":\"confagricolturapiacenza\",\"image\":{\"@type\":\"ImageObject\",\"inLanguage\":\"it-IT\",\"@id\":\"https:\/\/www.confagricoltura.org\/piacenza\/#\/schema\/person\/image\/\",\"url\":\"https:\/\/secure.gravatar.com\/avatar\/9c5f111e417171581853bd0a3ff892ca?s=96&d=mm&r=g\",\"contentUrl\":\"https:\/\/secure.gravatar.com\/avatar\/9c5f111e417171581853bd0a3ff892ca?s=96&d=mm&r=g\",\"caption\":\"confagricolturapiacenza\"},\"url\":\"https:\/\/www.confagricoltura.org\/piacenza\/author\/confagricolturapiacenza\/\"}]}<\/script>\n<!-- \/ Yoast SEO plugin. -->","yoast_head_json":{"title":"CONFAGRICOLTURA: UNA MATTINATA SULLA FISCALITA\u2019 IN AGRICOLTURA - Confagricoltura Piacenza","robots":{"index":"index","follow":"follow","max-snippet":"max-snippet:-1","max-image-preview":"max-image-preview:large","max-video-preview":"max-video-preview:-1"},"canonical":"https:\/\/www.confagricoltura.org\/piacenza\/773-2\/","og_locale":"it_IT","og_type":"article","og_title":"CONFAGRICOLTURA: UNA MATTINATA SULLA FISCALITA\u2019 IN AGRICOLTURA - Confagricoltura Piacenza","og_description":"Convegno con esperti nazionali in programma il 17 marzo al Duse di Cortemaggiore &nbsp; Si terr\u00e0 venerd\u00ec 17 marzo dalle 09.30 alle 13.00 il convegno \u201cFare impresa in agricoltura: gli aspetti fiscali\u201d organizzato congiuntamente dalla Libera Associazione Agricoltori Cremonesi, Confagricoltura Piacenza e Confagricoltura Parma. L\u2019iniziativa \u00e8 aperta e rivolta a tutti gli operatori del settore","og_url":"https:\/\/www.confagricoltura.org\/piacenza\/773-2\/","og_site_name":"Confagricoltura Piacenza","article_published_time":"2017-03-10T07:50:00+00:00","article_modified_time":"2021-03-11T12:14:46+00:00","og_image":[{"url":"http:\/\/www.confagricoltura.org\/piacenza\/wp-content\/uploads\/sites\/3\/2017\/03\/Convegno-fiscalit\u00e0-2017.jpg","type":"","width":"","height":""}],"author":"confagricolturapiacenza","twitter_card":"summary_large_image","twitter_misc":{"Scritto da":"confagricolturapiacenza","Tempo di lettura stimato":"1 minuto"},"schema":{"@context":"https:\/\/schema.org","@graph":[{"@type":"Article","@id":"https:\/\/www.confagricoltura.org\/piacenza\/773-2\/#article","isPartOf":{"@id":"https:\/\/www.confagricoltura.org\/piacenza\/773-2\/"},"author":{"name":"confagricolturapiacenza","@id":"https:\/\/www.confagricoltura.org\/piacenza\/#\/schema\/person\/be5da25a3117fea4b3bfec9dba09b5e8"},"headline":"CONFAGRICOLTURA: UNA MATTINATA SULLA FISCALITA\u2019 IN AGRICOLTURA","datePublished":"2017-03-10T07:50:00+00:00","dateModified":"2021-03-11T12:14:46+00:00","mainEntityOfPage":{"@id":"https:\/\/www.confagricoltura.org\/piacenza\/773-2\/"},"wordCount":263,"commentCount":0,"keywords":["fiscalit\u00e0 agricola"],"articleSection":["Archivio"],"inLanguage":"it-IT"},{"@type":"WebPage","@id":"https:\/\/www.confagricoltura.org\/piacenza\/773-2\/","url":"https:\/\/www.confagricoltura.org\/piacenza\/773-2\/","name":"CONFAGRICOLTURA: UNA MATTINATA SULLA FISCALITA\u2019 IN AGRICOLTURA - Confagricoltura Piacenza","isPartOf":{"@id":"https:\/\/www.confagricoltura.org\/piacenza\/#website"},"datePublished":"2017-03-10T07:50:00+00:00","dateModified":"2021-03-11T12:14:46+00:00","author":{"@id":"https:\/\/www.confagricoltura.org\/piacenza\/#\/schema\/person\/be5da25a3117fea4b3bfec9dba09b5e8"},"breadcrumb":{"@id":"https:\/\/www.confagricoltura.org\/piacenza\/773-2\/#breadcrumb"},"inLanguage":"it-IT","potentialAction":[{"@type":"ReadAction","target":["https:\/\/www.confagricoltura.org\/piacenza\/773-2\/"]}]},{"@type":"BreadcrumbList","@id":"https:\/\/www.confagricoltura.org\/piacenza\/773-2\/#breadcrumb","itemListElement":[{"@type":"ListItem","position":1,"name":"Home","item":"https:\/\/www.confagricoltura.org\/piacenza\/"},{"@type":"ListItem","position":2,"name":"CONFAGRICOLTURA: UNA MATTINATA SULLA FISCALITA\u2019 IN AGRICOLTURA"}]},{"@type":"WebSite","@id":"https:\/\/www.confagricoltura.org\/piacenza\/#website","url":"https:\/\/www.confagricoltura.org\/piacenza\/","name":"Confagricoltura Piacenza","description":"Dalla parte degli Agricoltori","potentialAction":[{"@type":"SearchAction","target":{"@type":"EntryPoint","urlTemplate":"https:\/\/www.confagricoltura.org\/piacenza\/?s={search_term_string}"},"query-input":{"@type":"PropertyValueSpecification","valueRequired":true,"valueName":"search_term_string"}}],"inLanguage":"it-IT"},{"@type":"Person","@id":"https:\/\/www.confagricoltura.org\/piacenza\/#\/schema\/person\/be5da25a3117fea4b3bfec9dba09b5e8","name":"confagricolturapiacenza","image":{"@type":"ImageObject","inLanguage":"it-IT","@id":"https:\/\/www.confagricoltura.org\/piacenza\/#\/schema\/person\/image\/","url":"https:\/\/secure.gravatar.com\/avatar\/9c5f111e417171581853bd0a3ff892ca?s=96&d=mm&r=g","contentUrl":"https:\/\/secure.gravatar.com\/avatar\/9c5f111e417171581853bd0a3ff892ca?s=96&d=mm&r=g","caption":"confagricolturapiacenza"},"url":"https:\/\/www.confagricoltura.org\/piacenza\/author\/confagricolturapiacenza\/"}]}},"_links":{"self":[{"href":"https:\/\/www.confagricoltura.org\/piacenza\/wp-json\/wp\/v2\/posts\/773","targetHints":{"allow":["GET"]}}],"collection":[{"href":"https:\/\/www.confagricoltura.org\/piacenza\/wp-json\/wp\/v2\/posts"}],"about":[{"href":"https:\/\/www.confagricoltura.org\/piacenza\/wp-json\/wp\/v2\/types\/post"}],"author":[{"embeddable":true,"href":"https:\/\/www.confagricoltura.org\/piacenza\/wp-json\/wp\/v2\/users\/6"}],"replies":[{"embeddable":true,"href":"https:\/\/www.confagricoltura.org\/piacenza\/wp-json\/wp\/v2\/comments?post=773"}],"version-history":[{"count":1,"href":"https:\/\/www.confagricoltura.org\/piacenza\/wp-json\/wp\/v2\/posts\/773\/revisions"}],"predecessor-version":[{"id":2896,"href":"https:\/\/www.confagricoltura.org\/piacenza\/wp-json\/wp\/v2\/posts\/773\/revisions\/2896"}],"wp:attachment":[{"href":"https:\/\/www.confagricoltura.org\/piacenza\/wp-json\/wp\/v2\/media?parent=773"}],"wp:term":[{"taxonomy":"category","embeddable":true,"href":"https:\/\/www.confagricoltura.org\/piacenza\/wp-json\/wp\/v2\/categories?post=773"},{"taxonomy":"post_tag","embeddable":true,"href":"https:\/\/www.confagricoltura.org\/piacenza\/wp-json\/wp\/v2\/tags?post=773"}],"curies":[{"name":"wp","href":"https:\/\/api.w.org\/{rel}","templated":true}]}}