{"id":746,"date":"2017-02-17T10:24:00","date_gmt":"2017-02-17T09:24:00","guid":{"rendered":"http:\/\/www.confagricoltura.org\/piacenza\/?p=746"},"modified":"2021-03-11T13:14:46","modified_gmt":"2021-03-11T12:14:46","slug":"confagricoltura-conclusi-gli-incontri-sul-territorio","status":"publish","type":"post","link":"https:\/\/www.confagricoltura.org\/piacenza\/confagricoltura-conclusi-gli-incontri-sul-territorio\/","title":{"rendered":"CONFAGRICOLTURA: CONCLUSI GLI INCONTRI SUL TERRITORIO"},"content":{"rendered":"<h4><em><strong>Chiesa: momenti di aggiornamento e di bilanci<\/strong> <\/em><\/h4>\n<p>Si \u00e8 concluso a Lugagnano venerd\u00ec 9 febbraio il lungo ciclo di appuntamenti sul territorio organizzato da Confagricoltura Piacenza. L\u2019iniziativa aveva preso il via dalla sede centrale di Piacenza il 25 gennaio scorso, nel solco di una tradizione che si rinnova ormai da molti anni. Il presidente Enrico Chiesa, il direttore Luigi Sidoli con il responsabile del Servizio Tecnico Giovanni Marchesi e la responsabile del Servizio Fiscale Michela Filippi hanno fatto tappa anche a Castel San Giovanni, Monticelli d\u2019Ongina, Fiorenzuola, Cortemaggiore e Agazzano. Gli incontri di Confagricoltura, infatti, sono da sempre un\u2019occasione per dialogare con la base associativa e illustrare le novit\u00e0 in campo di tecnico, fiscale e organizzativo. Si \u00e8 parlato di Pac; di come il mercato ha reagito alla fine del regime delle quote latte; della campagna del pomodoro da industria; di una prospettata rinascita per il settore saccarifero; del testo unico del vino. E poi ancora: della legge di bilancio, delle novit\u00e0 positive, in essa contenute, a vantaggio del settore primario: come l\u2019esenzione totale dell\u2019Irpef sui redditi dominicali e agrari dei coltivatori diretti e degli imprenditori agricoli professionali; l\u2019innalzamento delle aliquote Iva di compensazione per i bovini e suini; l\u2019azzeramento dei contributi previdenziali, per tre anni, per i giovani e neo iscritti imprenditori agricoli. \u201cQueste misure sono state introdotte anche grazie ad un\u2019azione sindacale coesa e sinergica \u2013 spiega Chiesa &#8211; che parte dal dialogo con i soci e arriva alle trattative parlamentari esprimendo indicazioni chiare di ci\u00f2 che serve per il bene dell\u2019agricoltura e del Paese. Ho sempre tenuto in modo particolare agli incontri sul territorio, perch\u00e9 lo considero un momento importante per scambiarsi opinioni in modo franco e fare il punto della situazione con tutti gli Associati che dalla loro Associazione pretendono impegno e tutela e desiderano sentirsi rappresentati da Confagricoltura. Dopo sei anni impegnativi\u2013 prosegue Chiesa, che \u00e8 al termine del suo secondo mandato come presidente -, mi avvio a concludere un\u2019esperienza avvincente, che rifarei in toto, mosso dall\u2019onore e dall\u2019onere di poter rappresentare Confagricoltura e le sue imprese. Ritengo sia stato compiuto un percorso e gli incontri sul territorio sono stati l\u2019occasione per ripercorrerne insieme le tappe pi\u00f9 significative: un momento di bilanci e di commiato. Anche quando non sar\u00f2 pi\u00f9 presidente, parteciper\u00f2 attivamente alla vita dell\u2019Associazione, dobbiamo continuare a perseguire i nostri obiettivi per rispondere alle esigenze delle imprese\u201d.<\/p>\n<p>&#8211; la sala dell\u2019incontro di Agazzano<\/p>\n<p><img loading=\"lazy\" decoding=\"async\" class=\"alignnone size-full wp-image-748 img-responsive\" src=\"http:\/\/www.confagricoltura.org\/piacenza\/wp-content\/uploads\/sites\/3\/2017\/02\/2-Agazzano-incontro-territorio.jpg\" alt=\"2 Agazzano incontro territorio\" width=\"1600\" height=\"1200\" \/> <img loading=\"lazy\" decoding=\"async\" class=\"alignnone size-full wp-image-747 img-responsive\" src=\"http:\/\/www.confagricoltura.org\/piacenza\/wp-content\/uploads\/sites\/3\/2017\/02\/1-Piacenza-incontro-territorio.jpg\" alt=\"1 Piacenza incontro territorio\" width=\"1929\" height=\"1447\" \/><\/p>\n<p>&#8211; il tavolo dei relatori all\u2019incontro di Piacenza (da sin.: Il segretario di Zona &#8211; Giulio Bracchi, il direttore &#8211; \u00a0Luigi Sidoli, il presidente- Enrico Chiesa, il responsabile del Servizio Tecnico &#8211; Giovanni Marchesi, la responsabile del Servizio Fiscale\u00a0 &#8211; Michela Filippi).<\/p>\n<p>&nbsp;<\/p>\n","protected":false},"excerpt":{"rendered":"<p>Chiesa: momenti di aggiornamento e di bilanci Si \u00e8 concluso a Lugagnano venerd\u00ec 9 febbraio il lungo ciclo di appuntamenti sul territorio organizzato da Confagricoltura Piacenza. L\u2019iniziativa aveva preso il via dalla sede centrale di Piacenza il 25 gennaio scorso, nel solco di una tradizione che si rinnova ormai da molti anni. Il presidente Enrico<\/p>\n","protected":false},"author":6,"featured_media":0,"comment_status":"open","ping_status":"open","sticky":false,"template":"","format":"standard","meta":{"wp_mapbox_gl_js_media":[],"footnotes":""},"categories":[335],"tags":[76],"class_list":["post-746","post","type-post","status-publish","format-standard","hentry","category-archivio","tag-incontri-territorio"],"yoast_head":"<!-- This site is optimized with the Yoast SEO plugin v26.8 - https:\/\/yoast.com\/product\/yoast-seo-wordpress\/ -->\n<title>CONFAGRICOLTURA: CONCLUSI GLI INCONTRI SUL TERRITORIO - Confagricoltura Piacenza<\/title>\n<meta name=\"robots\" content=\"index, follow, max-snippet:-1, max-image-preview:large, max-video-preview:-1\" \/>\n<link rel=\"canonical\" href=\"https:\/\/www.confagricoltura.org\/piacenza\/confagricoltura-conclusi-gli-incontri-sul-territorio\/\" \/>\n<meta property=\"og:locale\" content=\"it_IT\" \/>\n<meta property=\"og:type\" content=\"article\" \/>\n<meta property=\"og:title\" content=\"CONFAGRICOLTURA: CONCLUSI GLI INCONTRI SUL TERRITORIO - Confagricoltura Piacenza\" \/>\n<meta property=\"og:description\" content=\"Chiesa: momenti di aggiornamento e di bilanci Si \u00e8 concluso a Lugagnano venerd\u00ec 9 febbraio il lungo ciclo di appuntamenti sul territorio organizzato da Confagricoltura Piacenza. L\u2019iniziativa aveva preso il via dalla sede centrale di Piacenza il 25 gennaio scorso, nel solco di una tradizione che si rinnova ormai da molti anni. Il presidente Enrico\" \/>\n<meta property=\"og:url\" content=\"https:\/\/www.confagricoltura.org\/piacenza\/confagricoltura-conclusi-gli-incontri-sul-territorio\/\" \/>\n<meta property=\"og:site_name\" content=\"Confagricoltura Piacenza\" \/>\n<meta property=\"article:published_time\" content=\"2017-02-17T09:24:00+00:00\" \/>\n<meta property=\"article:modified_time\" content=\"2021-03-11T12:14:46+00:00\" \/>\n<meta property=\"og:image\" content=\"http:\/\/www.confagricoltura.org\/piacenza\/wp-content\/uploads\/sites\/3\/2017\/02\/2-Agazzano-incontro-territorio.jpg\" \/>\n<meta name=\"author\" content=\"confagricolturapiacenza\" \/>\n<meta name=\"twitter:card\" content=\"summary_large_image\" \/>\n<meta name=\"twitter:label1\" content=\"Scritto da\" \/>\n\t<meta name=\"twitter:data1\" content=\"confagricolturapiacenza\" \/>\n\t<meta name=\"twitter:label2\" content=\"Tempo di lettura stimato\" \/>\n\t<meta name=\"twitter:data2\" content=\"2 minuti\" \/>\n<script type=\"application\/ld+json\" class=\"yoast-schema-graph\">{\"@context\":\"https:\/\/schema.org\",\"@graph\":[{\"@type\":\"Article\",\"@id\":\"https:\/\/www.confagricoltura.org\/piacenza\/confagricoltura-conclusi-gli-incontri-sul-territorio\/#article\",\"isPartOf\":{\"@id\":\"https:\/\/www.confagricoltura.org\/piacenza\/confagricoltura-conclusi-gli-incontri-sul-territorio\/\"},\"author\":{\"name\":\"confagricolturapiacenza\",\"@id\":\"https:\/\/www.confagricoltura.org\/piacenza\/#\/schema\/person\/be5da25a3117fea4b3bfec9dba09b5e8\"},\"headline\":\"CONFAGRICOLTURA: CONCLUSI GLI INCONTRI SUL TERRITORIO\",\"datePublished\":\"2017-02-17T09:24:00+00:00\",\"dateModified\":\"2021-03-11T12:14:46+00:00\",\"mainEntityOfPage\":{\"@id\":\"https:\/\/www.confagricoltura.org\/piacenza\/confagricoltura-conclusi-gli-incontri-sul-territorio\/\"},\"wordCount\":459,\"commentCount\":0,\"image\":{\"@id\":\"https:\/\/www.confagricoltura.org\/piacenza\/confagricoltura-conclusi-gli-incontri-sul-territorio\/#primaryimage\"},\"thumbnailUrl\":\"http:\/\/www.confagricoltura.org\/piacenza\/wp-content\/uploads\/sites\/3\/2017\/02\/2-Agazzano-incontro-territorio.jpg\",\"keywords\":[\"INCONTRI TERRITORIO\"],\"articleSection\":[\"Archivio\"],\"inLanguage\":\"it-IT\"},{\"@type\":\"WebPage\",\"@id\":\"https:\/\/www.confagricoltura.org\/piacenza\/confagricoltura-conclusi-gli-incontri-sul-territorio\/\",\"url\":\"https:\/\/www.confagricoltura.org\/piacenza\/confagricoltura-conclusi-gli-incontri-sul-territorio\/\",\"name\":\"CONFAGRICOLTURA: CONCLUSI GLI INCONTRI SUL TERRITORIO - Confagricoltura Piacenza\",\"isPartOf\":{\"@id\":\"https:\/\/www.confagricoltura.org\/piacenza\/#website\"},\"primaryImageOfPage\":{\"@id\":\"https:\/\/www.confagricoltura.org\/piacenza\/confagricoltura-conclusi-gli-incontri-sul-territorio\/#primaryimage\"},\"image\":{\"@id\":\"https:\/\/www.confagricoltura.org\/piacenza\/confagricoltura-conclusi-gli-incontri-sul-territorio\/#primaryimage\"},\"thumbnailUrl\":\"http:\/\/www.confagricoltura.org\/piacenza\/wp-content\/uploads\/sites\/3\/2017\/02\/2-Agazzano-incontro-territorio.jpg\",\"datePublished\":\"2017-02-17T09:24:00+00:00\",\"dateModified\":\"2021-03-11T12:14:46+00:00\",\"author\":{\"@id\":\"https:\/\/www.confagricoltura.org\/piacenza\/#\/schema\/person\/be5da25a3117fea4b3bfec9dba09b5e8\"},\"breadcrumb\":{\"@id\":\"https:\/\/www.confagricoltura.org\/piacenza\/confagricoltura-conclusi-gli-incontri-sul-territorio\/#breadcrumb\"},\"inLanguage\":\"it-IT\",\"potentialAction\":[{\"@type\":\"ReadAction\",\"target\":[\"https:\/\/www.confagricoltura.org\/piacenza\/confagricoltura-conclusi-gli-incontri-sul-territorio\/\"]}]},{\"@type\":\"ImageObject\",\"inLanguage\":\"it-IT\",\"@id\":\"https:\/\/www.confagricoltura.org\/piacenza\/confagricoltura-conclusi-gli-incontri-sul-territorio\/#primaryimage\",\"url\":\"http:\/\/www.confagricoltura.org\/piacenza\/wp-content\/uploads\/sites\/3\/2017\/02\/2-Agazzano-incontro-territorio.jpg\",\"contentUrl\":\"http:\/\/www.confagricoltura.org\/piacenza\/wp-content\/uploads\/sites\/3\/2017\/02\/2-Agazzano-incontro-territorio.jpg\"},{\"@type\":\"BreadcrumbList\",\"@id\":\"https:\/\/www.confagricoltura.org\/piacenza\/confagricoltura-conclusi-gli-incontri-sul-territorio\/#breadcrumb\",\"itemListElement\":[{\"@type\":\"ListItem\",\"position\":1,\"name\":\"Home\",\"item\":\"https:\/\/www.confagricoltura.org\/piacenza\/\"},{\"@type\":\"ListItem\",\"position\":2,\"name\":\"CONFAGRICOLTURA: CONCLUSI GLI INCONTRI SUL TERRITORIO\"}]},{\"@type\":\"WebSite\",\"@id\":\"https:\/\/www.confagricoltura.org\/piacenza\/#website\",\"url\":\"https:\/\/www.confagricoltura.org\/piacenza\/\",\"name\":\"Confagricoltura Piacenza\",\"description\":\"Dalla parte degli Agricoltori\",\"potentialAction\":[{\"@type\":\"SearchAction\",\"target\":{\"@type\":\"EntryPoint\",\"urlTemplate\":\"https:\/\/www.confagricoltura.org\/piacenza\/?s={search_term_string}\"},\"query-input\":{\"@type\":\"PropertyValueSpecification\",\"valueRequired\":true,\"valueName\":\"search_term_string\"}}],\"inLanguage\":\"it-IT\"},{\"@type\":\"Person\",\"@id\":\"https:\/\/www.confagricoltura.org\/piacenza\/#\/schema\/person\/be5da25a3117fea4b3bfec9dba09b5e8\",\"name\":\"confagricolturapiacenza\",\"image\":{\"@type\":\"ImageObject\",\"inLanguage\":\"it-IT\",\"@id\":\"https:\/\/www.confagricoltura.org\/piacenza\/#\/schema\/person\/image\/\",\"url\":\"https:\/\/secure.gravatar.com\/avatar\/9c5f111e417171581853bd0a3ff892ca?s=96&d=mm&r=g\",\"contentUrl\":\"https:\/\/secure.gravatar.com\/avatar\/9c5f111e417171581853bd0a3ff892ca?s=96&d=mm&r=g\",\"caption\":\"confagricolturapiacenza\"},\"url\":\"https:\/\/www.confagricoltura.org\/piacenza\/author\/confagricolturapiacenza\/\"}]}<\/script>\n<!-- \/ Yoast SEO plugin. -->","yoast_head_json":{"title":"CONFAGRICOLTURA: CONCLUSI GLI INCONTRI SUL TERRITORIO - Confagricoltura Piacenza","robots":{"index":"index","follow":"follow","max-snippet":"max-snippet:-1","max-image-preview":"max-image-preview:large","max-video-preview":"max-video-preview:-1"},"canonical":"https:\/\/www.confagricoltura.org\/piacenza\/confagricoltura-conclusi-gli-incontri-sul-territorio\/","og_locale":"it_IT","og_type":"article","og_title":"CONFAGRICOLTURA: CONCLUSI GLI INCONTRI SUL TERRITORIO - Confagricoltura Piacenza","og_description":"Chiesa: momenti di aggiornamento e di bilanci Si \u00e8 concluso a Lugagnano venerd\u00ec 9 febbraio il lungo ciclo di appuntamenti sul territorio organizzato da Confagricoltura Piacenza. L\u2019iniziativa aveva preso il via dalla sede centrale di Piacenza il 25 gennaio scorso, nel solco di una tradizione che si rinnova ormai da molti anni. Il presidente Enrico","og_url":"https:\/\/www.confagricoltura.org\/piacenza\/confagricoltura-conclusi-gli-incontri-sul-territorio\/","og_site_name":"Confagricoltura Piacenza","article_published_time":"2017-02-17T09:24:00+00:00","article_modified_time":"2021-03-11T12:14:46+00:00","og_image":[{"url":"http:\/\/www.confagricoltura.org\/piacenza\/wp-content\/uploads\/sites\/3\/2017\/02\/2-Agazzano-incontro-territorio.jpg","type":"","width":"","height":""}],"author":"confagricolturapiacenza","twitter_card":"summary_large_image","twitter_misc":{"Scritto da":"confagricolturapiacenza","Tempo di lettura stimato":"2 minuti"},"schema":{"@context":"https:\/\/schema.org","@graph":[{"@type":"Article","@id":"https:\/\/www.confagricoltura.org\/piacenza\/confagricoltura-conclusi-gli-incontri-sul-territorio\/#article","isPartOf":{"@id":"https:\/\/www.confagricoltura.org\/piacenza\/confagricoltura-conclusi-gli-incontri-sul-territorio\/"},"author":{"name":"confagricolturapiacenza","@id":"https:\/\/www.confagricoltura.org\/piacenza\/#\/schema\/person\/be5da25a3117fea4b3bfec9dba09b5e8"},"headline":"CONFAGRICOLTURA: CONCLUSI GLI INCONTRI SUL TERRITORIO","datePublished":"2017-02-17T09:24:00+00:00","dateModified":"2021-03-11T12:14:46+00:00","mainEntityOfPage":{"@id":"https:\/\/www.confagricoltura.org\/piacenza\/confagricoltura-conclusi-gli-incontri-sul-territorio\/"},"wordCount":459,"commentCount":0,"image":{"@id":"https:\/\/www.confagricoltura.org\/piacenza\/confagricoltura-conclusi-gli-incontri-sul-territorio\/#primaryimage"},"thumbnailUrl":"http:\/\/www.confagricoltura.org\/piacenza\/wp-content\/uploads\/sites\/3\/2017\/02\/2-Agazzano-incontro-territorio.jpg","keywords":["INCONTRI TERRITORIO"],"articleSection":["Archivio"],"inLanguage":"it-IT"},{"@type":"WebPage","@id":"https:\/\/www.confagricoltura.org\/piacenza\/confagricoltura-conclusi-gli-incontri-sul-territorio\/","url":"https:\/\/www.confagricoltura.org\/piacenza\/confagricoltura-conclusi-gli-incontri-sul-territorio\/","name":"CONFAGRICOLTURA: CONCLUSI GLI INCONTRI SUL TERRITORIO - Confagricoltura Piacenza","isPartOf":{"@id":"https:\/\/www.confagricoltura.org\/piacenza\/#website"},"primaryImageOfPage":{"@id":"https:\/\/www.confagricoltura.org\/piacenza\/confagricoltura-conclusi-gli-incontri-sul-territorio\/#primaryimage"},"image":{"@id":"https:\/\/www.confagricoltura.org\/piacenza\/confagricoltura-conclusi-gli-incontri-sul-territorio\/#primaryimage"},"thumbnailUrl":"http:\/\/www.confagricoltura.org\/piacenza\/wp-content\/uploads\/sites\/3\/2017\/02\/2-Agazzano-incontro-territorio.jpg","datePublished":"2017-02-17T09:24:00+00:00","dateModified":"2021-03-11T12:14:46+00:00","author":{"@id":"https:\/\/www.confagricoltura.org\/piacenza\/#\/schema\/person\/be5da25a3117fea4b3bfec9dba09b5e8"},"breadcrumb":{"@id":"https:\/\/www.confagricoltura.org\/piacenza\/confagricoltura-conclusi-gli-incontri-sul-territorio\/#breadcrumb"},"inLanguage":"it-IT","potentialAction":[{"@type":"ReadAction","target":["https:\/\/www.confagricoltura.org\/piacenza\/confagricoltura-conclusi-gli-incontri-sul-territorio\/"]}]},{"@type":"ImageObject","inLanguage":"it-IT","@id":"https:\/\/www.confagricoltura.org\/piacenza\/confagricoltura-conclusi-gli-incontri-sul-territorio\/#primaryimage","url":"http:\/\/www.confagricoltura.org\/piacenza\/wp-content\/uploads\/sites\/3\/2017\/02\/2-Agazzano-incontro-territorio.jpg","contentUrl":"http:\/\/www.confagricoltura.org\/piacenza\/wp-content\/uploads\/sites\/3\/2017\/02\/2-Agazzano-incontro-territorio.jpg"},{"@type":"BreadcrumbList","@id":"https:\/\/www.confagricoltura.org\/piacenza\/confagricoltura-conclusi-gli-incontri-sul-territorio\/#breadcrumb","itemListElement":[{"@type":"ListItem","position":1,"name":"Home","item":"https:\/\/www.confagricoltura.org\/piacenza\/"},{"@type":"ListItem","position":2,"name":"CONFAGRICOLTURA: CONCLUSI GLI INCONTRI SUL TERRITORIO"}]},{"@type":"WebSite","@id":"https:\/\/www.confagricoltura.org\/piacenza\/#website","url":"https:\/\/www.confagricoltura.org\/piacenza\/","name":"Confagricoltura Piacenza","description":"Dalla parte degli Agricoltori","potentialAction":[{"@type":"SearchAction","target":{"@type":"EntryPoint","urlTemplate":"https:\/\/www.confagricoltura.org\/piacenza\/?s={search_term_string}"},"query-input":{"@type":"PropertyValueSpecification","valueRequired":true,"valueName":"search_term_string"}}],"inLanguage":"it-IT"},{"@type":"Person","@id":"https:\/\/www.confagricoltura.org\/piacenza\/#\/schema\/person\/be5da25a3117fea4b3bfec9dba09b5e8","name":"confagricolturapiacenza","image":{"@type":"ImageObject","inLanguage":"it-IT","@id":"https:\/\/www.confagricoltura.org\/piacenza\/#\/schema\/person\/image\/","url":"https:\/\/secure.gravatar.com\/avatar\/9c5f111e417171581853bd0a3ff892ca?s=96&d=mm&r=g","contentUrl":"https:\/\/secure.gravatar.com\/avatar\/9c5f111e417171581853bd0a3ff892ca?s=96&d=mm&r=g","caption":"confagricolturapiacenza"},"url":"https:\/\/www.confagricoltura.org\/piacenza\/author\/confagricolturapiacenza\/"}]}},"_links":{"self":[{"href":"https:\/\/www.confagricoltura.org\/piacenza\/wp-json\/wp\/v2\/posts\/746","targetHints":{"allow":["GET"]}}],"collection":[{"href":"https:\/\/www.confagricoltura.org\/piacenza\/wp-json\/wp\/v2\/posts"}],"about":[{"href":"https:\/\/www.confagricoltura.org\/piacenza\/wp-json\/wp\/v2\/types\/post"}],"author":[{"embeddable":true,"href":"https:\/\/www.confagricoltura.org\/piacenza\/wp-json\/wp\/v2\/users\/6"}],"replies":[{"embeddable":true,"href":"https:\/\/www.confagricoltura.org\/piacenza\/wp-json\/wp\/v2\/comments?post=746"}],"version-history":[{"count":1,"href":"https:\/\/www.confagricoltura.org\/piacenza\/wp-json\/wp\/v2\/posts\/746\/revisions"}],"predecessor-version":[{"id":2905,"href":"https:\/\/www.confagricoltura.org\/piacenza\/wp-json\/wp\/v2\/posts\/746\/revisions\/2905"}],"wp:attachment":[{"href":"https:\/\/www.confagricoltura.org\/piacenza\/wp-json\/wp\/v2\/media?parent=746"}],"wp:term":[{"taxonomy":"category","embeddable":true,"href":"https:\/\/www.confagricoltura.org\/piacenza\/wp-json\/wp\/v2\/categories?post=746"},{"taxonomy":"post_tag","embeddable":true,"href":"https:\/\/www.confagricoltura.org\/piacenza\/wp-json\/wp\/v2\/tags?post=746"}],"curies":[{"name":"wp","href":"https:\/\/api.w.org\/{rel}","templated":true}]}}