{"id":729,"date":"2017-02-03T15:53:19","date_gmt":"2017-02-03T14:53:19","guid":{"rendered":"http:\/\/www.confagricoltura.org\/piacenza\/?p=729"},"modified":"2021-03-11T13:14:46","modified_gmt":"2021-03-11T12:14:46","slug":"seminario-di-confagricoltura-l-a-salute-del-terreno-e-la-sua-produttivita","status":"publish","type":"post","link":"https:\/\/www.confagricoltura.org\/piacenza\/seminario-di-confagricoltura-l-a-salute-del-terreno-e-la-sua-produttivita\/","title":{"rendered":"SEMINARIO DI CONFAGRICOLTURA: L A SALUTE DEL TERRENO E LA SUA PRODUTTIVITA\u2019"},"content":{"rendered":"<h4><em>Marchesi (Confagricoltura): la sostanza organica \u00e8 un importante fattore di produttivit\u00e0<\/em><\/h4>\n<p>&nbsp;<\/p>\n<p>E\u2019 in programma <strong>venerd\u00ec 10 febbraio alle ore 15.30 presso la Sala Giammaria Visconti<\/strong> <strong>\u2013 nella sede di Confagricoltura Piacenza,<\/strong> al Palazzo dell\u2019Agricoltura di Via Colombo, 35 <strong>\u2013 il seminario tecnico \u201cLa salute del terreno e la sua produttivit\u00e0\u201d<\/strong>. \u201cL\u2019iniziativa \u2013 spiega Giovanni Marchesi, agronomo e responsabile del Servizio Tecnico di Confagricoltura Piacenza &#8211; nasce con l\u2019obiettivo di condividere buone pratiche per agevolare il mantenimento e l\u2019accrescimento della sostanza organica nei suoli produttivi. Conservare la salute del terreno \u00e8 fondamentale, essendo questo la risorsa primaria per la produzione agricola, ricordiamo, infatti \u2013 prosegue Marchesi \u2013, che la terra \u00e8 una cosa viva e la sua salute \u00e8 strettamente connessa al mantenimento e al miglioramento della sostanza organica che consente poi di poter avere buone produzioni dal punto di vista sia qualitativo che quantitativo. L\u2019attivit\u00e0 umana porta ad aumentare l\u2019anidride carbonica in atmosfera con conseguente aumento della temperatura, il problema ha richiamato l\u2019attenzione pubblica sulla necessit\u00e0 di utilizzare tutti mezzi per ridurre l\u2019emissione della CO<sup>2<\/sup>, noi vogliamo non solo perseguire questo obiettivo, ma anche riportare la CO<sup>2<\/sup> nel terreno, che \u00e8 la pi\u00f9 grande riserva di carbonio (1500 miliardi di tonnellate di carbonio nel terreno contro i 720 in atmosfera) ottenendo risultati sia produttivi che di carattere ambientale\u201d. Il seminario, che sar\u00e0 coordinato dallo stesso Marchesi, prevede, dopo i saluti del presidente dell\u2019Associazione, Enrico Chiesa, gli interventi di Vincenzo Tabaglio \u2013 Docente del Dipartimento di Scienze delle Produzioni Vegetali Sostenibili della Facolt\u00e0 di Scienze Agrarie, Alimentari e Ambientali dell\u2019Universit\u00e0 Cattolica di Piacenza e di Paolo Manfredi \u2013 Biologo e Amministratore Unico di Mcm Ecosistemi. Il primo tratter\u00e0 dei sintomi e delle cause del declino dello stato di salute del suolo, delle ripercussioni sulla produttivit\u00e0 agricola e sulle funzioni agro-ambientali, spiegando poi i metodi per il ripristino della fertilit\u00e0 agronomica; mentre il secondo approfondir\u00e0 i temi legati al reintegro della sostanza organica nel terreno agrario, trattando di fonti alternative di sostanza organica per il terreno: materiali di scarto agro-industriali, industriali, compost, digestato, terre ricostituite, fanghi biologici di depurazione civile e loro derivati; degli aspetti positivi e negativi del loro uso in agricoltura; del ruolo delle analisi chimiche per la corretta gestione del terreno agrario. Seguir\u00e0 il dibattito. \u201cIl seminario \u00e8 aperto e gratuito \u2013 conclude Marchesi \u2013 invitiamo tutti a partecipare\u201d.<\/p>\n<p><a href=\"http:\/\/www.confagricoltura.org\/piacenza\/wp-content\/uploads\/sites\/3\/2017\/02\/Seminario-Suolo-2017.pdf\" rel=\"\">Locandina Seminario Suolo 2017<\/a><\/p>\n<p><img loading=\"lazy\" decoding=\"async\" class=\"alignnone size-full wp-image-741 img-responsive\" src=\"http:\/\/www.confagricoltura.org\/piacenza\/wp-content\/uploads\/sites\/3\/2017\/02\/G_Marchesi.jpg\" alt=\"G_Marchesi\" width=\"391\" height=\"768\" \/><\/p>\n<p>&nbsp;<\/p>\n","protected":false},"excerpt":{"rendered":"<p>Marchesi (Confagricoltura): la sostanza organica \u00e8 un importante fattore di produttivit\u00e0 &nbsp; E\u2019 in programma venerd\u00ec 10 febbraio alle ore 15.30 presso la Sala Giammaria Visconti \u2013 nella sede di Confagricoltura Piacenza, al Palazzo dell\u2019Agricoltura di Via Colombo, 35 \u2013 il seminario tecnico \u201cLa salute del terreno e la sua produttivit\u00e0\u201d. \u201cL\u2019iniziativa \u2013 spiega Giovanni<\/p>\n","protected":false},"author":6,"featured_media":0,"comment_status":"open","ping_status":"open","sticky":true,"template":"","format":"standard","meta":{"wp_mapbox_gl_js_media":[],"footnotes":""},"categories":[335],"tags":[78],"class_list":["post-729","post","type-post","status-publish","format-standard","hentry","category-archivio","tag-sostanza-organica"],"yoast_head":"<!-- This site is optimized with the Yoast SEO plugin v26.8 - https:\/\/yoast.com\/product\/yoast-seo-wordpress\/ -->\n<title>SEMINARIO DI CONFAGRICOLTURA: L A SALUTE DEL TERRENO E LA SUA PRODUTTIVITA\u2019 - Confagricoltura Piacenza<\/title>\n<meta name=\"robots\" content=\"index, follow, max-snippet:-1, max-image-preview:large, max-video-preview:-1\" \/>\n<link rel=\"canonical\" href=\"https:\/\/www.confagricoltura.org\/piacenza\/seminario-di-confagricoltura-l-a-salute-del-terreno-e-la-sua-produttivita\/\" \/>\n<meta property=\"og:locale\" content=\"it_IT\" \/>\n<meta property=\"og:type\" content=\"article\" \/>\n<meta property=\"og:title\" content=\"SEMINARIO DI CONFAGRICOLTURA: L A SALUTE DEL TERRENO E LA SUA PRODUTTIVITA\u2019 - Confagricoltura Piacenza\" \/>\n<meta property=\"og:description\" content=\"Marchesi (Confagricoltura): la sostanza organica \u00e8 un importante fattore di produttivit\u00e0 &nbsp; E\u2019 in programma venerd\u00ec 10 febbraio alle ore 15.30 presso la Sala Giammaria Visconti \u2013 nella sede di Confagricoltura Piacenza, al Palazzo dell\u2019Agricoltura di Via Colombo, 35 \u2013 il seminario tecnico \u201cLa salute del terreno e la sua produttivit\u00e0\u201d. \u201cL\u2019iniziativa \u2013 spiega Giovanni\" \/>\n<meta property=\"og:url\" content=\"https:\/\/www.confagricoltura.org\/piacenza\/seminario-di-confagricoltura-l-a-salute-del-terreno-e-la-sua-produttivita\/\" \/>\n<meta property=\"og:site_name\" content=\"Confagricoltura Piacenza\" \/>\n<meta property=\"article:published_time\" content=\"2017-02-03T14:53:19+00:00\" \/>\n<meta property=\"article:modified_time\" content=\"2021-03-11T12:14:46+00:00\" \/>\n<meta property=\"og:image\" content=\"http:\/\/www.confagricoltura.org\/piacenza\/wp-content\/uploads\/sites\/3\/2017\/02\/G_Marchesi.jpg\" \/>\n<meta name=\"author\" content=\"confagricolturapiacenza\" \/>\n<meta name=\"twitter:card\" content=\"summary_large_image\" \/>\n<meta name=\"twitter:label1\" content=\"Scritto da\" \/>\n\t<meta name=\"twitter:data1\" content=\"confagricolturapiacenza\" \/>\n\t<meta name=\"twitter:label2\" content=\"Tempo di lettura stimato\" \/>\n\t<meta name=\"twitter:data2\" content=\"2 minuti\" \/>\n<script type=\"application\/ld+json\" class=\"yoast-schema-graph\">{\"@context\":\"https:\/\/schema.org\",\"@graph\":[{\"@type\":\"Article\",\"@id\":\"https:\/\/www.confagricoltura.org\/piacenza\/seminario-di-confagricoltura-l-a-salute-del-terreno-e-la-sua-produttivita\/#article\",\"isPartOf\":{\"@id\":\"https:\/\/www.confagricoltura.org\/piacenza\/seminario-di-confagricoltura-l-a-salute-del-terreno-e-la-sua-produttivita\/\"},\"author\":{\"name\":\"confagricolturapiacenza\",\"@id\":\"https:\/\/www.confagricoltura.org\/piacenza\/#\/schema\/person\/be5da25a3117fea4b3bfec9dba09b5e8\"},\"headline\":\"SEMINARIO DI CONFAGRICOLTURA: L A SALUTE DEL TERRENO E LA SUA PRODUTTIVITA\u2019\",\"datePublished\":\"2017-02-03T14:53:19+00:00\",\"dateModified\":\"2021-03-11T12:14:46+00:00\",\"mainEntityOfPage\":{\"@id\":\"https:\/\/www.confagricoltura.org\/piacenza\/seminario-di-confagricoltura-l-a-salute-del-terreno-e-la-sua-produttivita\/\"},\"wordCount\":397,\"commentCount\":0,\"image\":{\"@id\":\"https:\/\/www.confagricoltura.org\/piacenza\/seminario-di-confagricoltura-l-a-salute-del-terreno-e-la-sua-produttivita\/#primaryimage\"},\"thumbnailUrl\":\"http:\/\/www.confagricoltura.org\/piacenza\/wp-content\/uploads\/sites\/3\/2017\/02\/G_Marchesi.jpg\",\"keywords\":[\"sostanza organica\"],\"articleSection\":[\"Archivio\"],\"inLanguage\":\"it-IT\"},{\"@type\":\"WebPage\",\"@id\":\"https:\/\/www.confagricoltura.org\/piacenza\/seminario-di-confagricoltura-l-a-salute-del-terreno-e-la-sua-produttivita\/\",\"url\":\"https:\/\/www.confagricoltura.org\/piacenza\/seminario-di-confagricoltura-l-a-salute-del-terreno-e-la-sua-produttivita\/\",\"name\":\"SEMINARIO DI CONFAGRICOLTURA: L A SALUTE DEL TERRENO E LA SUA PRODUTTIVITA\u2019 - Confagricoltura Piacenza\",\"isPartOf\":{\"@id\":\"https:\/\/www.confagricoltura.org\/piacenza\/#website\"},\"primaryImageOfPage\":{\"@id\":\"https:\/\/www.confagricoltura.org\/piacenza\/seminario-di-confagricoltura-l-a-salute-del-terreno-e-la-sua-produttivita\/#primaryimage\"},\"image\":{\"@id\":\"https:\/\/www.confagricoltura.org\/piacenza\/seminario-di-confagricoltura-l-a-salute-del-terreno-e-la-sua-produttivita\/#primaryimage\"},\"thumbnailUrl\":\"http:\/\/www.confagricoltura.org\/piacenza\/wp-content\/uploads\/sites\/3\/2017\/02\/G_Marchesi.jpg\",\"datePublished\":\"2017-02-03T14:53:19+00:00\",\"dateModified\":\"2021-03-11T12:14:46+00:00\",\"author\":{\"@id\":\"https:\/\/www.confagricoltura.org\/piacenza\/#\/schema\/person\/be5da25a3117fea4b3bfec9dba09b5e8\"},\"breadcrumb\":{\"@id\":\"https:\/\/www.confagricoltura.org\/piacenza\/seminario-di-confagricoltura-l-a-salute-del-terreno-e-la-sua-produttivita\/#breadcrumb\"},\"inLanguage\":\"it-IT\",\"potentialAction\":[{\"@type\":\"ReadAction\",\"target\":[\"https:\/\/www.confagricoltura.org\/piacenza\/seminario-di-confagricoltura-l-a-salute-del-terreno-e-la-sua-produttivita\/\"]}]},{\"@type\":\"ImageObject\",\"inLanguage\":\"it-IT\",\"@id\":\"https:\/\/www.confagricoltura.org\/piacenza\/seminario-di-confagricoltura-l-a-salute-del-terreno-e-la-sua-produttivita\/#primaryimage\",\"url\":\"http:\/\/www.confagricoltura.org\/piacenza\/wp-content\/uploads\/sites\/3\/2017\/02\/G_Marchesi.jpg\",\"contentUrl\":\"http:\/\/www.confagricoltura.org\/piacenza\/wp-content\/uploads\/sites\/3\/2017\/02\/G_Marchesi.jpg\"},{\"@type\":\"BreadcrumbList\",\"@id\":\"https:\/\/www.confagricoltura.org\/piacenza\/seminario-di-confagricoltura-l-a-salute-del-terreno-e-la-sua-produttivita\/#breadcrumb\",\"itemListElement\":[{\"@type\":\"ListItem\",\"position\":1,\"name\":\"Home\",\"item\":\"https:\/\/www.confagricoltura.org\/piacenza\/\"},{\"@type\":\"ListItem\",\"position\":2,\"name\":\"SEMINARIO DI CONFAGRICOLTURA: L A SALUTE DEL TERRENO E LA SUA PRODUTTIVITA\u2019\"}]},{\"@type\":\"WebSite\",\"@id\":\"https:\/\/www.confagricoltura.org\/piacenza\/#website\",\"url\":\"https:\/\/www.confagricoltura.org\/piacenza\/\",\"name\":\"Confagricoltura Piacenza\",\"description\":\"Dalla parte degli Agricoltori\",\"potentialAction\":[{\"@type\":\"SearchAction\",\"target\":{\"@type\":\"EntryPoint\",\"urlTemplate\":\"https:\/\/www.confagricoltura.org\/piacenza\/?s={search_term_string}\"},\"query-input\":{\"@type\":\"PropertyValueSpecification\",\"valueRequired\":true,\"valueName\":\"search_term_string\"}}],\"inLanguage\":\"it-IT\"},{\"@type\":\"Person\",\"@id\":\"https:\/\/www.confagricoltura.org\/piacenza\/#\/schema\/person\/be5da25a3117fea4b3bfec9dba09b5e8\",\"name\":\"confagricolturapiacenza\",\"image\":{\"@type\":\"ImageObject\",\"inLanguage\":\"it-IT\",\"@id\":\"https:\/\/www.confagricoltura.org\/piacenza\/#\/schema\/person\/image\/\",\"url\":\"https:\/\/secure.gravatar.com\/avatar\/9c5f111e417171581853bd0a3ff892ca?s=96&d=mm&r=g\",\"contentUrl\":\"https:\/\/secure.gravatar.com\/avatar\/9c5f111e417171581853bd0a3ff892ca?s=96&d=mm&r=g\",\"caption\":\"confagricolturapiacenza\"},\"url\":\"https:\/\/www.confagricoltura.org\/piacenza\/author\/confagricolturapiacenza\/\"}]}<\/script>\n<!-- \/ Yoast SEO plugin. -->","yoast_head_json":{"title":"SEMINARIO DI CONFAGRICOLTURA: L A SALUTE DEL TERRENO E LA SUA PRODUTTIVITA\u2019 - Confagricoltura Piacenza","robots":{"index":"index","follow":"follow","max-snippet":"max-snippet:-1","max-image-preview":"max-image-preview:large","max-video-preview":"max-video-preview:-1"},"canonical":"https:\/\/www.confagricoltura.org\/piacenza\/seminario-di-confagricoltura-l-a-salute-del-terreno-e-la-sua-produttivita\/","og_locale":"it_IT","og_type":"article","og_title":"SEMINARIO DI CONFAGRICOLTURA: L A SALUTE DEL TERRENO E LA SUA PRODUTTIVITA\u2019 - Confagricoltura Piacenza","og_description":"Marchesi (Confagricoltura): la sostanza organica \u00e8 un importante fattore di produttivit\u00e0 &nbsp; E\u2019 in programma venerd\u00ec 10 febbraio alle ore 15.30 presso la Sala Giammaria Visconti \u2013 nella sede di Confagricoltura Piacenza, al Palazzo dell\u2019Agricoltura di Via Colombo, 35 \u2013 il seminario tecnico \u201cLa salute del terreno e la sua produttivit\u00e0\u201d. \u201cL\u2019iniziativa \u2013 spiega Giovanni","og_url":"https:\/\/www.confagricoltura.org\/piacenza\/seminario-di-confagricoltura-l-a-salute-del-terreno-e-la-sua-produttivita\/","og_site_name":"Confagricoltura Piacenza","article_published_time":"2017-02-03T14:53:19+00:00","article_modified_time":"2021-03-11T12:14:46+00:00","og_image":[{"url":"http:\/\/www.confagricoltura.org\/piacenza\/wp-content\/uploads\/sites\/3\/2017\/02\/G_Marchesi.jpg","type":"","width":"","height":""}],"author":"confagricolturapiacenza","twitter_card":"summary_large_image","twitter_misc":{"Scritto da":"confagricolturapiacenza","Tempo di lettura stimato":"2 minuti"},"schema":{"@context":"https:\/\/schema.org","@graph":[{"@type":"Article","@id":"https:\/\/www.confagricoltura.org\/piacenza\/seminario-di-confagricoltura-l-a-salute-del-terreno-e-la-sua-produttivita\/#article","isPartOf":{"@id":"https:\/\/www.confagricoltura.org\/piacenza\/seminario-di-confagricoltura-l-a-salute-del-terreno-e-la-sua-produttivita\/"},"author":{"name":"confagricolturapiacenza","@id":"https:\/\/www.confagricoltura.org\/piacenza\/#\/schema\/person\/be5da25a3117fea4b3bfec9dba09b5e8"},"headline":"SEMINARIO DI CONFAGRICOLTURA: L A SALUTE DEL TERRENO E LA SUA PRODUTTIVITA\u2019","datePublished":"2017-02-03T14:53:19+00:00","dateModified":"2021-03-11T12:14:46+00:00","mainEntityOfPage":{"@id":"https:\/\/www.confagricoltura.org\/piacenza\/seminario-di-confagricoltura-l-a-salute-del-terreno-e-la-sua-produttivita\/"},"wordCount":397,"commentCount":0,"image":{"@id":"https:\/\/www.confagricoltura.org\/piacenza\/seminario-di-confagricoltura-l-a-salute-del-terreno-e-la-sua-produttivita\/#primaryimage"},"thumbnailUrl":"http:\/\/www.confagricoltura.org\/piacenza\/wp-content\/uploads\/sites\/3\/2017\/02\/G_Marchesi.jpg","keywords":["sostanza organica"],"articleSection":["Archivio"],"inLanguage":"it-IT"},{"@type":"WebPage","@id":"https:\/\/www.confagricoltura.org\/piacenza\/seminario-di-confagricoltura-l-a-salute-del-terreno-e-la-sua-produttivita\/","url":"https:\/\/www.confagricoltura.org\/piacenza\/seminario-di-confagricoltura-l-a-salute-del-terreno-e-la-sua-produttivita\/","name":"SEMINARIO DI CONFAGRICOLTURA: L A SALUTE DEL TERRENO E LA SUA PRODUTTIVITA\u2019 - Confagricoltura Piacenza","isPartOf":{"@id":"https:\/\/www.confagricoltura.org\/piacenza\/#website"},"primaryImageOfPage":{"@id":"https:\/\/www.confagricoltura.org\/piacenza\/seminario-di-confagricoltura-l-a-salute-del-terreno-e-la-sua-produttivita\/#primaryimage"},"image":{"@id":"https:\/\/www.confagricoltura.org\/piacenza\/seminario-di-confagricoltura-l-a-salute-del-terreno-e-la-sua-produttivita\/#primaryimage"},"thumbnailUrl":"http:\/\/www.confagricoltura.org\/piacenza\/wp-content\/uploads\/sites\/3\/2017\/02\/G_Marchesi.jpg","datePublished":"2017-02-03T14:53:19+00:00","dateModified":"2021-03-11T12:14:46+00:00","author":{"@id":"https:\/\/www.confagricoltura.org\/piacenza\/#\/schema\/person\/be5da25a3117fea4b3bfec9dba09b5e8"},"breadcrumb":{"@id":"https:\/\/www.confagricoltura.org\/piacenza\/seminario-di-confagricoltura-l-a-salute-del-terreno-e-la-sua-produttivita\/#breadcrumb"},"inLanguage":"it-IT","potentialAction":[{"@type":"ReadAction","target":["https:\/\/www.confagricoltura.org\/piacenza\/seminario-di-confagricoltura-l-a-salute-del-terreno-e-la-sua-produttivita\/"]}]},{"@type":"ImageObject","inLanguage":"it-IT","@id":"https:\/\/www.confagricoltura.org\/piacenza\/seminario-di-confagricoltura-l-a-salute-del-terreno-e-la-sua-produttivita\/#primaryimage","url":"http:\/\/www.confagricoltura.org\/piacenza\/wp-content\/uploads\/sites\/3\/2017\/02\/G_Marchesi.jpg","contentUrl":"http:\/\/www.confagricoltura.org\/piacenza\/wp-content\/uploads\/sites\/3\/2017\/02\/G_Marchesi.jpg"},{"@type":"BreadcrumbList","@id":"https:\/\/www.confagricoltura.org\/piacenza\/seminario-di-confagricoltura-l-a-salute-del-terreno-e-la-sua-produttivita\/#breadcrumb","itemListElement":[{"@type":"ListItem","position":1,"name":"Home","item":"https:\/\/www.confagricoltura.org\/piacenza\/"},{"@type":"ListItem","position":2,"name":"SEMINARIO DI CONFAGRICOLTURA: L A SALUTE DEL TERRENO E LA SUA PRODUTTIVITA\u2019"}]},{"@type":"WebSite","@id":"https:\/\/www.confagricoltura.org\/piacenza\/#website","url":"https:\/\/www.confagricoltura.org\/piacenza\/","name":"Confagricoltura Piacenza","description":"Dalla parte degli Agricoltori","potentialAction":[{"@type":"SearchAction","target":{"@type":"EntryPoint","urlTemplate":"https:\/\/www.confagricoltura.org\/piacenza\/?s={search_term_string}"},"query-input":{"@type":"PropertyValueSpecification","valueRequired":true,"valueName":"search_term_string"}}],"inLanguage":"it-IT"},{"@type":"Person","@id":"https:\/\/www.confagricoltura.org\/piacenza\/#\/schema\/person\/be5da25a3117fea4b3bfec9dba09b5e8","name":"confagricolturapiacenza","image":{"@type":"ImageObject","inLanguage":"it-IT","@id":"https:\/\/www.confagricoltura.org\/piacenza\/#\/schema\/person\/image\/","url":"https:\/\/secure.gravatar.com\/avatar\/9c5f111e417171581853bd0a3ff892ca?s=96&d=mm&r=g","contentUrl":"https:\/\/secure.gravatar.com\/avatar\/9c5f111e417171581853bd0a3ff892ca?s=96&d=mm&r=g","caption":"confagricolturapiacenza"},"url":"https:\/\/www.confagricoltura.org\/piacenza\/author\/confagricolturapiacenza\/"}]}},"_links":{"self":[{"href":"https:\/\/www.confagricoltura.org\/piacenza\/wp-json\/wp\/v2\/posts\/729","targetHints":{"allow":["GET"]}}],"collection":[{"href":"https:\/\/www.confagricoltura.org\/piacenza\/wp-json\/wp\/v2\/posts"}],"about":[{"href":"https:\/\/www.confagricoltura.org\/piacenza\/wp-json\/wp\/v2\/types\/post"}],"author":[{"embeddable":true,"href":"https:\/\/www.confagricoltura.org\/piacenza\/wp-json\/wp\/v2\/users\/6"}],"replies":[{"embeddable":true,"href":"https:\/\/www.confagricoltura.org\/piacenza\/wp-json\/wp\/v2\/comments?post=729"}],"version-history":[{"count":1,"href":"https:\/\/www.confagricoltura.org\/piacenza\/wp-json\/wp\/v2\/posts\/729\/revisions"}],"predecessor-version":[{"id":2908,"href":"https:\/\/www.confagricoltura.org\/piacenza\/wp-json\/wp\/v2\/posts\/729\/revisions\/2908"}],"wp:attachment":[{"href":"https:\/\/www.confagricoltura.org\/piacenza\/wp-json\/wp\/v2\/media?parent=729"}],"wp:term":[{"taxonomy":"category","embeddable":true,"href":"https:\/\/www.confagricoltura.org\/piacenza\/wp-json\/wp\/v2\/categories?post=729"},{"taxonomy":"post_tag","embeddable":true,"href":"https:\/\/www.confagricoltura.org\/piacenza\/wp-json\/wp\/v2\/tags?post=729"}],"curies":[{"name":"wp","href":"https:\/\/api.w.org\/{rel}","templated":true}]}}