{"id":648,"date":"2016-11-28T09:16:47","date_gmt":"2016-11-28T08:16:47","guid":{"rendered":"http:\/\/www.confagricoltura.org\/piacenza\/?p=648"},"modified":"2021-03-11T13:14:58","modified_gmt":"2021-03-11T12:14:58","slug":"648-2","status":"publish","type":"post","link":"https:\/\/www.confagricoltura.org\/piacenza\/648-2\/","title":{"rendered":"TROPPI CINGHIALI E UNGULATI: BISOGNA CAMBIARE SISTEMA"},"content":{"rendered":"<h4><strong><em>Dal seminario dell\u2019Accademia dei Georgofili e Confagricoltura Piacenza un punto di partenza<\/em><\/strong><\/h4>\n<p>&nbsp;<\/p>\n<p>Fatto salvo che avere stime precise sulla fauna selvatica resta un\u2019impresa, in Emilia-Romagna sono stati condotti studi approfonditi che, incrociati, rendono tutti la stessa fotografia: specie alloctone e autoctone che proliferano a dismisura esponendo l\u2019agricoltura a danni ingenti e la popolazione civile a pericoli e incidenti. La storia di una convivenza difficile che \u00e8 stata tratteggiata dai diversi interventi in programma nel seminario dedicato al tema e organizzato venerd\u00ec 25 novembre da Confagricoltura Piacenza a dalla Sezione Est dell\u2019Accademia dei Georgofili.\u00a0 Oltre settanta i presenti tra cui otto Georgofili ed altrettanti docenti universitari che sono intervenuti nel dibattito a seguito delle relazioni tecniche. Michele Stanca, vicepresidente dell\u2019Accademia dei Georgofili ha aperto i lavori dopo i saluti del presidente di Confagricoltura Piacenza, Enrico Chiesa, mentre le conclusioni sono state tratte dal presidente regionale di Confagricoltura, Gianni Tosi, e dall\u2019assessore regionale all\u2019Agricoltura, Simona Caselli. Enrico Merli, funzionario della Regione Emilia Romagna, ha indicato come nella nostra provincia la popolazione di caprioli sia passata dai 3.939 censiti nel 2005 a 22.539 nel 2013 (in Italia nel 2016 ne sono stati censiti 482.500) con un incremento, su base nazionale del 465% dal 1980. Incrementi esponenziali che non hanno per\u00f2 modificato la classifica delle specie in base ai danni arrecati la quale vede il cinghiale, a Piacenza, come principale responsabile dei danni liquidati dagli ATC con il 96% dei fondi destinati. I dati sono differenti nei diversi territori \u2013 ha poi spiegato Alberto Magnoni, funzionario regionale che ha parlato di stime dei danni \u2013, precisando come nel modenese sia grave il problema dello storno che danneggia i frutteti, ma i cinghiali, e sono 22.150 quelli abbattuti in Emilia \u2013 Romagna nell\u2019ultima annualit\u00e0 censita dall\u2019osservatorio faunistico regionale, restano un problema trasversale in tutta la regione, come non ha mancato di evidenziare anche l\u2019assessore Caselli. Magnoni ha inoltre evidenziato come, su scala regionale, la mappatura degli indennizzi dei danni sia speculare a quella delle risorse spese per i piani di prevenzione. \u201cI dati ci dicono che i metodi utilizzati sino ad oggi non sono sufficientemente efficaci \u2013 ha sottolineato l\u2019agronomo e georgofilo Michele Lodigiani curatore dell\u2019iniziativa -. La scarsa utilit\u00e0 dei metodi di difesa \u00e8 stata verificata, la situazione cos\u00ec \u00e8 fuori controllo, chiediamo che vengano attuate strategie di contenimento pi\u00f9 efficaci\u201d. A conferma di ci\u00f2 Rino Ghelfi, docente dell\u2019Universit\u00e0 di Bologna, dopo una dotta disquisizione sui criteri estimativi, ha sottolineato che l\u2019Universit\u00e0 di Bologna \u00e8 stata costretta, per questa ragione, a sospendere la sperimentazione in campo. Delle coraggiose scelte della regione Toscana, che ha rotto il tab\u00f9 dell\u2019intangibilit\u00e0 della fauna in sovrannumero, ha parlato, invece, Michele Cassano, del Consorzio Chianti Classico. \u201cChiediamo equilibrio \u2013 ha detto Tosi -. La densit\u00e0 della fauna selvatica deve essere rispettata\u201d. \u201cAbbiamo un quadro normativo completo. Abbiamo i dati che ci servono. Con il nuovo piano faunistico venatorio \u2013 ha detto Caselli \u2013 avremo degli obiettivi di gestione chiarissimi, ma dobbiamo riformare la pianificazione delle azioni gestionali: chi fa cosa e come lo fa, perch\u00e9 oggi non funziona. Sulla questione dei danni da fauna o facciamo un&#8217;alleanza nuova o non ne usciamo. Mi faccio carico di chiedere interlocuzioni e portare soluzioni nelle sedi competenti. Se va modificata una direttiva europea andiamo in quella sede. La mia preoccupazione, una volta redatto il piano faunistico, \u00e8 per\u00f2 far s\u00ec che funzioni facendo interagire correttamente i vari attori sul territorio che oggi non interagiscono. Gli obiettivi devono essere rispettati. Sulle specie non protette impattanti &#8211; ha poi aggiunto &#8211; bisogna adottare misure gestionali anche drastiche nei territori con maggiore criticit\u00e0\u201d.<\/p>\n<p>Di seguito \u00e8 possibile scaricare le slide proiettate durante l&#8217;incontro:<\/p>\n<p><a href=\"http:\/\/www.confagricoltura.org\/piacenza\/wp-content\/uploads\/sites\/3\/2016\/11\/Presentazione-iniziale-convegno-selvaggina.pdf\" rel=\"\">Presentazione iniziale convegno selvaggina<\/a><\/p>\n<p><a href=\"http:\/\/www.confagricoltura.org\/piacenza\/wp-content\/uploads\/sites\/3\/2016\/11\/danni-per-provincia.pdf\" rel=\"\">danni per provincia<\/a><\/p>\n<p><a href=\"http:\/\/www.confagricoltura.org\/piacenza\/wp-content\/uploads\/sites\/3\/2016\/11\/Cocchi-25_11_16.pdf\" rel=\"\">Cocchi 25_11_16<\/a><\/p>\n<p><a href=\"http:\/\/www.confagricoltura.org\/piacenza\/wp-content\/uploads\/sites\/3\/2016\/11\/Cassano-Piacenza-25-novembre-2016-Ungulati.pdf\" rel=\"\">Cassano Piacenza 25 novembre 2016 Ungulati<\/a><\/p>\n<p><a href=\"http:\/\/www.confagricoltura.org\/piacenza\/wp-content\/uploads\/sites\/3\/2016\/11\/Caselli-presentazione-piano-faunistico-piacenza.pdf\" rel=\"\">Caselli presentazione piano faunistico piacenza<\/a><\/p>\n<p>&nbsp;<\/p>\n<p><img loading=\"lazy\" decoding=\"async\" class=\"alignnone size-full wp-image-649 img-responsive\" src=\"http:\/\/www.confagricoltura.org\/piacenza\/wp-content\/uploads\/sites\/3\/2016\/11\/Seminario-Fauna-selvatica-sala.jpg\" alt=\"Seminario Fauna selvatica sala\" width=\"709\" height=\"531\" \/>vita della Sala &#8220;Giammaria Visconti&#8221; <img loading=\"lazy\" decoding=\"async\" class=\"alignnone size-medium wp-image-650 img-responsive\" src=\"http:\/\/www.confagricoltura.org\/piacenza\/wp-content\/uploads\/sites\/3\/2016\/11\/Caselli.jpg\" alt=\"Caselli\" width=\"300\" height=\"225\" \/>Simona Caselli, Assessore all&#8217;Agricoltura Regione E-R <img loading=\"lazy\" decoding=\"async\" class=\"alignnone size-medium wp-image-651 img-responsive\" src=\"http:\/\/www.confagricoltura.org\/piacenza\/wp-content\/uploads\/sites\/3\/2016\/11\/Stanca.jpg\" alt=\"Stanca\" width=\"225\" height=\"300\" \/>Michele Stanca, vicepresidente dell\u2019Accademia dei Georgofili <img loading=\"lazy\" decoding=\"async\" class=\"alignnone size-medium wp-image-652 img-responsive\" src=\"http:\/\/www.confagricoltura.org\/piacenza\/wp-content\/uploads\/sites\/3\/2016\/11\/Chiesa.jpg\" alt=\"Chiesa\" width=\"225\" height=\"300\" \/>Enrico Chiesa, presidente di Confagricoltura Piacenza<\/p>\n","protected":false},"excerpt":{"rendered":"<p>Dal seminario dell\u2019Accademia dei Georgofili e Confagricoltura Piacenza un punto di partenza &nbsp; Fatto salvo che avere stime precise sulla fauna selvatica resta un\u2019impresa, in Emilia-Romagna sono stati condotti studi approfonditi che, incrociati, rendono tutti la stessa fotografia: specie alloctone e autoctone che proliferano a dismisura esponendo l\u2019agricoltura a danni ingenti e la popolazione civile<\/p>\n","protected":false},"author":6,"featured_media":0,"comment_status":"open","ping_status":"open","sticky":true,"template":"","format":"standard","meta":{"wp_mapbox_gl_js_media":[],"footnotes":""},"categories":[335],"tags":[70],"class_list":["post-648","post","type-post","status-publish","format-standard","hentry","category-archivio","tag-cinghiali-ungulati"],"yoast_head":"<!-- This site is optimized with the Yoast SEO plugin v26.8 - https:\/\/yoast.com\/product\/yoast-seo-wordpress\/ -->\n<title>TROPPI CINGHIALI E UNGULATI: BISOGNA CAMBIARE SISTEMA - Confagricoltura Piacenza<\/title>\n<meta name=\"robots\" content=\"index, follow, max-snippet:-1, max-image-preview:large, max-video-preview:-1\" \/>\n<link rel=\"canonical\" href=\"https:\/\/www.confagricoltura.org\/piacenza\/648-2\/\" \/>\n<meta property=\"og:locale\" content=\"it_IT\" \/>\n<meta property=\"og:type\" content=\"article\" \/>\n<meta property=\"og:title\" content=\"TROPPI CINGHIALI E UNGULATI: BISOGNA CAMBIARE SISTEMA - Confagricoltura Piacenza\" \/>\n<meta property=\"og:description\" content=\"Dal seminario dell\u2019Accademia dei Georgofili e Confagricoltura Piacenza un punto di partenza &nbsp; Fatto salvo che avere stime precise sulla fauna selvatica resta un\u2019impresa, in Emilia-Romagna sono stati condotti studi approfonditi che, incrociati, rendono tutti la stessa fotografia: specie alloctone e autoctone che proliferano a dismisura esponendo l\u2019agricoltura a danni ingenti e la popolazione civile\" \/>\n<meta property=\"og:url\" content=\"https:\/\/www.confagricoltura.org\/piacenza\/648-2\/\" \/>\n<meta property=\"og:site_name\" content=\"Confagricoltura Piacenza\" \/>\n<meta property=\"article:published_time\" content=\"2016-11-28T08:16:47+00:00\" \/>\n<meta property=\"article:modified_time\" content=\"2021-03-11T12:14:58+00:00\" \/>\n<meta property=\"og:image\" content=\"http:\/\/www.confagricoltura.org\/piacenza\/wp-content\/uploads\/sites\/3\/2016\/11\/Seminario-Fauna-selvatica-sala.jpg\" \/>\n<meta name=\"author\" content=\"confagricolturapiacenza\" \/>\n<meta name=\"twitter:card\" content=\"summary_large_image\" \/>\n<meta name=\"twitter:label1\" content=\"Scritto da\" \/>\n\t<meta name=\"twitter:data1\" content=\"confagricolturapiacenza\" \/>\n\t<meta name=\"twitter:label2\" content=\"Tempo di lettura stimato\" \/>\n\t<meta name=\"twitter:data2\" content=\"3 minuti\" \/>\n<script type=\"application\/ld+json\" class=\"yoast-schema-graph\">{\"@context\":\"https:\/\/schema.org\",\"@graph\":[{\"@type\":\"Article\",\"@id\":\"https:\/\/www.confagricoltura.org\/piacenza\/648-2\/#article\",\"isPartOf\":{\"@id\":\"https:\/\/www.confagricoltura.org\/piacenza\/648-2\/\"},\"author\":{\"name\":\"confagricolturapiacenza\",\"@id\":\"https:\/\/www.confagricoltura.org\/piacenza\/#\/schema\/person\/be5da25a3117fea4b3bfec9dba09b5e8\"},\"headline\":\"TROPPI CINGHIALI E UNGULATI: BISOGNA CAMBIARE SISTEMA\",\"datePublished\":\"2016-11-28T08:16:47+00:00\",\"dateModified\":\"2021-03-11T12:14:58+00:00\",\"mainEntityOfPage\":{\"@id\":\"https:\/\/www.confagricoltura.org\/piacenza\/648-2\/\"},\"wordCount\":652,\"commentCount\":0,\"image\":{\"@id\":\"https:\/\/www.confagricoltura.org\/piacenza\/648-2\/#primaryimage\"},\"thumbnailUrl\":\"http:\/\/www.confagricoltura.org\/piacenza\/wp-content\/uploads\/sites\/3\/2016\/11\/Seminario-Fauna-selvatica-sala.jpg\",\"keywords\":[\"CINGHIALI UNGULATI\"],\"articleSection\":[\"Archivio\"],\"inLanguage\":\"it-IT\"},{\"@type\":\"WebPage\",\"@id\":\"https:\/\/www.confagricoltura.org\/piacenza\/648-2\/\",\"url\":\"https:\/\/www.confagricoltura.org\/piacenza\/648-2\/\",\"name\":\"TROPPI CINGHIALI E UNGULATI: BISOGNA CAMBIARE SISTEMA - Confagricoltura Piacenza\",\"isPartOf\":{\"@id\":\"https:\/\/www.confagricoltura.org\/piacenza\/#website\"},\"primaryImageOfPage\":{\"@id\":\"https:\/\/www.confagricoltura.org\/piacenza\/648-2\/#primaryimage\"},\"image\":{\"@id\":\"https:\/\/www.confagricoltura.org\/piacenza\/648-2\/#primaryimage\"},\"thumbnailUrl\":\"http:\/\/www.confagricoltura.org\/piacenza\/wp-content\/uploads\/sites\/3\/2016\/11\/Seminario-Fauna-selvatica-sala.jpg\",\"datePublished\":\"2016-11-28T08:16:47+00:00\",\"dateModified\":\"2021-03-11T12:14:58+00:00\",\"author\":{\"@id\":\"https:\/\/www.confagricoltura.org\/piacenza\/#\/schema\/person\/be5da25a3117fea4b3bfec9dba09b5e8\"},\"breadcrumb\":{\"@id\":\"https:\/\/www.confagricoltura.org\/piacenza\/648-2\/#breadcrumb\"},\"inLanguage\":\"it-IT\",\"potentialAction\":[{\"@type\":\"ReadAction\",\"target\":[\"https:\/\/www.confagricoltura.org\/piacenza\/648-2\/\"]}]},{\"@type\":\"ImageObject\",\"inLanguage\":\"it-IT\",\"@id\":\"https:\/\/www.confagricoltura.org\/piacenza\/648-2\/#primaryimage\",\"url\":\"http:\/\/www.confagricoltura.org\/piacenza\/wp-content\/uploads\/sites\/3\/2016\/11\/Seminario-Fauna-selvatica-sala.jpg\",\"contentUrl\":\"http:\/\/www.confagricoltura.org\/piacenza\/wp-content\/uploads\/sites\/3\/2016\/11\/Seminario-Fauna-selvatica-sala.jpg\"},{\"@type\":\"BreadcrumbList\",\"@id\":\"https:\/\/www.confagricoltura.org\/piacenza\/648-2\/#breadcrumb\",\"itemListElement\":[{\"@type\":\"ListItem\",\"position\":1,\"name\":\"Home\",\"item\":\"https:\/\/www.confagricoltura.org\/piacenza\/\"},{\"@type\":\"ListItem\",\"position\":2,\"name\":\"TROPPI CINGHIALI E UNGULATI: BISOGNA CAMBIARE SISTEMA\"}]},{\"@type\":\"WebSite\",\"@id\":\"https:\/\/www.confagricoltura.org\/piacenza\/#website\",\"url\":\"https:\/\/www.confagricoltura.org\/piacenza\/\",\"name\":\"Confagricoltura Piacenza\",\"description\":\"Dalla parte degli Agricoltori\",\"potentialAction\":[{\"@type\":\"SearchAction\",\"target\":{\"@type\":\"EntryPoint\",\"urlTemplate\":\"https:\/\/www.confagricoltura.org\/piacenza\/?s={search_term_string}\"},\"query-input\":{\"@type\":\"PropertyValueSpecification\",\"valueRequired\":true,\"valueName\":\"search_term_string\"}}],\"inLanguage\":\"it-IT\"},{\"@type\":\"Person\",\"@id\":\"https:\/\/www.confagricoltura.org\/piacenza\/#\/schema\/person\/be5da25a3117fea4b3bfec9dba09b5e8\",\"name\":\"confagricolturapiacenza\",\"image\":{\"@type\":\"ImageObject\",\"inLanguage\":\"it-IT\",\"@id\":\"https:\/\/www.confagricoltura.org\/piacenza\/#\/schema\/person\/image\/\",\"url\":\"https:\/\/secure.gravatar.com\/avatar\/9c5f111e417171581853bd0a3ff892ca?s=96&d=mm&r=g\",\"contentUrl\":\"https:\/\/secure.gravatar.com\/avatar\/9c5f111e417171581853bd0a3ff892ca?s=96&d=mm&r=g\",\"caption\":\"confagricolturapiacenza\"},\"url\":\"https:\/\/www.confagricoltura.org\/piacenza\/author\/confagricolturapiacenza\/\"}]}<\/script>\n<!-- \/ Yoast SEO plugin. -->","yoast_head_json":{"title":"TROPPI CINGHIALI E UNGULATI: BISOGNA CAMBIARE SISTEMA - Confagricoltura Piacenza","robots":{"index":"index","follow":"follow","max-snippet":"max-snippet:-1","max-image-preview":"max-image-preview:large","max-video-preview":"max-video-preview:-1"},"canonical":"https:\/\/www.confagricoltura.org\/piacenza\/648-2\/","og_locale":"it_IT","og_type":"article","og_title":"TROPPI CINGHIALI E UNGULATI: BISOGNA CAMBIARE SISTEMA - Confagricoltura Piacenza","og_description":"Dal seminario dell\u2019Accademia dei Georgofili e Confagricoltura Piacenza un punto di partenza &nbsp; Fatto salvo che avere stime precise sulla fauna selvatica resta un\u2019impresa, in Emilia-Romagna sono stati condotti studi approfonditi che, incrociati, rendono tutti la stessa fotografia: specie alloctone e autoctone che proliferano a dismisura esponendo l\u2019agricoltura a danni ingenti e la popolazione civile","og_url":"https:\/\/www.confagricoltura.org\/piacenza\/648-2\/","og_site_name":"Confagricoltura Piacenza","article_published_time":"2016-11-28T08:16:47+00:00","article_modified_time":"2021-03-11T12:14:58+00:00","og_image":[{"url":"http:\/\/www.confagricoltura.org\/piacenza\/wp-content\/uploads\/sites\/3\/2016\/11\/Seminario-Fauna-selvatica-sala.jpg","type":"","width":"","height":""}],"author":"confagricolturapiacenza","twitter_card":"summary_large_image","twitter_misc":{"Scritto da":"confagricolturapiacenza","Tempo di lettura stimato":"3 minuti"},"schema":{"@context":"https:\/\/schema.org","@graph":[{"@type":"Article","@id":"https:\/\/www.confagricoltura.org\/piacenza\/648-2\/#article","isPartOf":{"@id":"https:\/\/www.confagricoltura.org\/piacenza\/648-2\/"},"author":{"name":"confagricolturapiacenza","@id":"https:\/\/www.confagricoltura.org\/piacenza\/#\/schema\/person\/be5da25a3117fea4b3bfec9dba09b5e8"},"headline":"TROPPI CINGHIALI E UNGULATI: BISOGNA CAMBIARE SISTEMA","datePublished":"2016-11-28T08:16:47+00:00","dateModified":"2021-03-11T12:14:58+00:00","mainEntityOfPage":{"@id":"https:\/\/www.confagricoltura.org\/piacenza\/648-2\/"},"wordCount":652,"commentCount":0,"image":{"@id":"https:\/\/www.confagricoltura.org\/piacenza\/648-2\/#primaryimage"},"thumbnailUrl":"http:\/\/www.confagricoltura.org\/piacenza\/wp-content\/uploads\/sites\/3\/2016\/11\/Seminario-Fauna-selvatica-sala.jpg","keywords":["CINGHIALI UNGULATI"],"articleSection":["Archivio"],"inLanguage":"it-IT"},{"@type":"WebPage","@id":"https:\/\/www.confagricoltura.org\/piacenza\/648-2\/","url":"https:\/\/www.confagricoltura.org\/piacenza\/648-2\/","name":"TROPPI CINGHIALI E UNGULATI: BISOGNA CAMBIARE SISTEMA - Confagricoltura Piacenza","isPartOf":{"@id":"https:\/\/www.confagricoltura.org\/piacenza\/#website"},"primaryImageOfPage":{"@id":"https:\/\/www.confagricoltura.org\/piacenza\/648-2\/#primaryimage"},"image":{"@id":"https:\/\/www.confagricoltura.org\/piacenza\/648-2\/#primaryimage"},"thumbnailUrl":"http:\/\/www.confagricoltura.org\/piacenza\/wp-content\/uploads\/sites\/3\/2016\/11\/Seminario-Fauna-selvatica-sala.jpg","datePublished":"2016-11-28T08:16:47+00:00","dateModified":"2021-03-11T12:14:58+00:00","author":{"@id":"https:\/\/www.confagricoltura.org\/piacenza\/#\/schema\/person\/be5da25a3117fea4b3bfec9dba09b5e8"},"breadcrumb":{"@id":"https:\/\/www.confagricoltura.org\/piacenza\/648-2\/#breadcrumb"},"inLanguage":"it-IT","potentialAction":[{"@type":"ReadAction","target":["https:\/\/www.confagricoltura.org\/piacenza\/648-2\/"]}]},{"@type":"ImageObject","inLanguage":"it-IT","@id":"https:\/\/www.confagricoltura.org\/piacenza\/648-2\/#primaryimage","url":"http:\/\/www.confagricoltura.org\/piacenza\/wp-content\/uploads\/sites\/3\/2016\/11\/Seminario-Fauna-selvatica-sala.jpg","contentUrl":"http:\/\/www.confagricoltura.org\/piacenza\/wp-content\/uploads\/sites\/3\/2016\/11\/Seminario-Fauna-selvatica-sala.jpg"},{"@type":"BreadcrumbList","@id":"https:\/\/www.confagricoltura.org\/piacenza\/648-2\/#breadcrumb","itemListElement":[{"@type":"ListItem","position":1,"name":"Home","item":"https:\/\/www.confagricoltura.org\/piacenza\/"},{"@type":"ListItem","position":2,"name":"TROPPI CINGHIALI E UNGULATI: BISOGNA CAMBIARE SISTEMA"}]},{"@type":"WebSite","@id":"https:\/\/www.confagricoltura.org\/piacenza\/#website","url":"https:\/\/www.confagricoltura.org\/piacenza\/","name":"Confagricoltura Piacenza","description":"Dalla parte degli Agricoltori","potentialAction":[{"@type":"SearchAction","target":{"@type":"EntryPoint","urlTemplate":"https:\/\/www.confagricoltura.org\/piacenza\/?s={search_term_string}"},"query-input":{"@type":"PropertyValueSpecification","valueRequired":true,"valueName":"search_term_string"}}],"inLanguage":"it-IT"},{"@type":"Person","@id":"https:\/\/www.confagricoltura.org\/piacenza\/#\/schema\/person\/be5da25a3117fea4b3bfec9dba09b5e8","name":"confagricolturapiacenza","image":{"@type":"ImageObject","inLanguage":"it-IT","@id":"https:\/\/www.confagricoltura.org\/piacenza\/#\/schema\/person\/image\/","url":"https:\/\/secure.gravatar.com\/avatar\/9c5f111e417171581853bd0a3ff892ca?s=96&d=mm&r=g","contentUrl":"https:\/\/secure.gravatar.com\/avatar\/9c5f111e417171581853bd0a3ff892ca?s=96&d=mm&r=g","caption":"confagricolturapiacenza"},"url":"https:\/\/www.confagricoltura.org\/piacenza\/author\/confagricolturapiacenza\/"}]}},"_links":{"self":[{"href":"https:\/\/www.confagricoltura.org\/piacenza\/wp-json\/wp\/v2\/posts\/648","targetHints":{"allow":["GET"]}}],"collection":[{"href":"https:\/\/www.confagricoltura.org\/piacenza\/wp-json\/wp\/v2\/posts"}],"about":[{"href":"https:\/\/www.confagricoltura.org\/piacenza\/wp-json\/wp\/v2\/types\/post"}],"author":[{"embeddable":true,"href":"https:\/\/www.confagricoltura.org\/piacenza\/wp-json\/wp\/v2\/users\/6"}],"replies":[{"embeddable":true,"href":"https:\/\/www.confagricoltura.org\/piacenza\/wp-json\/wp\/v2\/comments?post=648"}],"version-history":[{"count":1,"href":"https:\/\/www.confagricoltura.org\/piacenza\/wp-json\/wp\/v2\/posts\/648\/revisions"}],"predecessor-version":[{"id":2928,"href":"https:\/\/www.confagricoltura.org\/piacenza\/wp-json\/wp\/v2\/posts\/648\/revisions\/2928"}],"wp:attachment":[{"href":"https:\/\/www.confagricoltura.org\/piacenza\/wp-json\/wp\/v2\/media?parent=648"}],"wp:term":[{"taxonomy":"category","embeddable":true,"href":"https:\/\/www.confagricoltura.org\/piacenza\/wp-json\/wp\/v2\/categories?post=648"},{"taxonomy":"post_tag","embeddable":true,"href":"https:\/\/www.confagricoltura.org\/piacenza\/wp-json\/wp\/v2\/tags?post=648"}],"curies":[{"name":"wp","href":"https:\/\/api.w.org\/{rel}","templated":true}]}}