{"id":5266,"date":"2025-11-27T12:28:08","date_gmt":"2025-11-27T11:28:08","guid":{"rendered":"https:\/\/www.confagricoltura.org\/piacenza\/?p=5266"},"modified":"2025-12-02T12:32:28","modified_gmt":"2025-12-02T11:32:28","slug":"giovani-agricoltori-in-allerta-la-nuova-pac-ci-toglie-futuro","status":"publish","type":"post","link":"https:\/\/www.confagricoltura.org\/piacenza\/giovani-agricoltori-in-allerta-la-nuova-pac-ci-toglie-futuro\/","title":{"rendered":"Giovani agricoltori in allerta: \u201cLa nuova PAC ci toglie futuro\u201d"},"content":{"rendered":"<p>Piacenza, 27 novembre 2025 &#8211; La Sala Bertonazzi del Palazzo dell\u2019Agricoltura ha ospitato, gioved\u00ec 27 novembre, il convegno dedicato alla PAC post 2027 e ai possibili scenari futuri, organizzato da Anga Piacenza \u2013 Giovani di Confagricoltura. L\u2019incontro ha richiamato imprenditori e tecnici in un momento decisivo per il futuro della Politica Agricola Comune.<\/p>\n<p>Ad aprire i lavori \u00e8 stato Filippo Losi, presidente dei Giovani di Confagricoltura: \u201cQuesto convegno nasce dalle preoccupazioni dei giovani agricoltori. La proposta europea indebolisce la PAC, riduce le risorse e rischia di trasformarla in uno strumento non pi\u00f9 pensato per chi produce. Il nostro settore non pu\u00f2 essere trattato come merce di scambio: le imprese giovani hanno bisogno di certezze, non di vincoli e burocrazia folle. L\u2019agricoltura resta una scelta di presente e una sfida per il futuro, ma va messa nelle condizioni di crescere\u201d.<\/p>\n<p>Sul quadro economico \u00e8 intervenuto Vincenzo Lenucci, direttore Politiche Sviluppo Economico delle Filiere Agroalimentari di Confagricoltura, illustrando le criticit\u00e0 delle proposte della Commissione: taglio del 22% del budget PAC, perdita della distinzione tra FEAGA e FEASR e risorse agricole inglobate in un \u201cfondo unico\u201d insieme ad altre politiche UE. \u201c\u00c8 inaccettabile \u2013 ha spiegato \u2013 che mentre il bilancio complessivo dell\u2019Unione aumenta del 64%, la spesa agricola si dimezzi in termini di incidenza. Per l\u2019Italia questo significa un miliardo in meno all\u2019anno di sostegni al reddito. Non \u00e8 la riforma che serve all\u2019Europa\u201d.<\/p>\n<p>Sulla base dei casi aziendali portati da Susanna Franzini, responsabile dei Servizi tecnici di Confagricoltura Piacenza, si \u00e8 cercato di simulare come l\u2019applicazione di questa proposta di riforma potrebbe impattare sulle aziende. \u201cIl timore \u00e8 che ci possano essere riduzioni importanti su pi\u00f9 tipologie aziendali: nella zootecnia da latte, nei seminativi e anche nel pomodoro da industria, per aziende gi\u00e0 esposte a costi crescenti. Il quadro prospettico che si delineerebbe con queste regole vedrebbe le imprese faticare ancor pi\u00f9 a mantenere la redditivit\u00e0\u201d &#8211; ha sottolineato.<\/p>\n<p>Un aggiornamento fiscale a cura della Consulente Fiscale di Confagricoltura Piacenza, Michela Filippi e un ampio confronto con il pubblico, animato da un sondaggio interattivo a cura di Lara Sartori, referente di Anga Piacenza, hanno arricchito l\u2019evento moderato dalla responsabile della Comunicazione dell\u2019Associazione, Elena Gherardi.<\/p>\n<p>In chiusura della giornata, densa di contenuti e preoccupazioni, ma anche di determinazione, Umberto Gorra, presidente di Confagricoltura Piacenza, ha ribadito: \u201cLa PAC \u00e8 nata per garantire reddito, sicurezza alimentare e competitivit\u00e0. Oggi tutto questo viene messo in discussione: meno risorse, pi\u00f9 vincoli, poca visione. Confagricoltura non pu\u00f2 accettare questa impostazione e chiede che la riforma venga ripensata dalle fondamenta\u201d.<\/p>\n<p>\u201cPer l&#8217;Italia il settore agroalimentare \u00e8 uno degli ultimi asset strategici che ci sono rimasti \u2013 gli ha fatto eco Losi &#8211; cerchiamo di non distruggere anche questo\u201d.<\/p>\n<p>Gorra ha dunque annunciato l\u2019imminente mobilitazione: \u201cIl 18 dicembre saremo a Bruxelles: anche una delegazione di Confagricoltura Piacenza parteciper\u00e0 alla manifestazione per chiedere una PAC che difenda davvero gli agricoltori europei\u201d.<\/p>\n<p>L\u2019appuntamento ha confermato il ruolo centrale di Anga Piacenza come luogo di confronto, formazione e impegno, capace di dare voce alle nuove generazioni di imprenditori agricoli.<\/p>\n<p>&nbsp;<\/p>\n","protected":false},"excerpt":{"rendered":"<p>Losi: \u201cServono certezze, non nuovi vincoli\u201d. Gorra annuncia la mobilitazione del 18 dicembre a Bruxelles<\/p>\n","protected":false},"author":6,"featured_media":5267,"comment_status":"closed","ping_status":"closed","sticky":false,"template":"","format":"standard","meta":{"wp_mapbox_gl_js_media":[],"footnotes":""},"categories":[21,360],"tags":[162],"class_list":["post-5266","post","type-post","status-publish","format-standard","has-post-thumbnail","hentry","category-eventi","category-norme-fiscali-burocratiche","tag-nuova-pac"],"yoast_head":"<!-- This site is optimized with the Yoast SEO plugin v26.8 - https:\/\/yoast.com\/product\/yoast-seo-wordpress\/ -->\n<title>Giovani agricoltori in allerta: \u201cLa nuova PAC ci toglie futuro\u201d - Confagricoltura Piacenza<\/title>\n<meta name=\"robots\" content=\"index, follow, max-snippet:-1, max-image-preview:large, max-video-preview:-1\" \/>\n<link rel=\"canonical\" href=\"https:\/\/www.confagricoltura.org\/piacenza\/giovani-agricoltori-in-allerta-la-nuova-pac-ci-toglie-futuro\/\" \/>\n<meta property=\"og:locale\" content=\"it_IT\" \/>\n<meta property=\"og:type\" content=\"article\" \/>\n<meta property=\"og:title\" content=\"Giovani agricoltori in allerta: \u201cLa nuova PAC ci toglie futuro\u201d - Confagricoltura Piacenza\" \/>\n<meta property=\"og:description\" content=\"Losi: \u201cServono certezze, non nuovi vincoli\u201d. Gorra annuncia la mobilitazione del 18 dicembre a Bruxelles\" \/>\n<meta property=\"og:url\" content=\"https:\/\/www.confagricoltura.org\/piacenza\/giovani-agricoltori-in-allerta-la-nuova-pac-ci-toglie-futuro\/\" \/>\n<meta property=\"og:site_name\" content=\"Confagricoltura Piacenza\" \/>\n<meta property=\"article:published_time\" content=\"2025-11-27T11:28:08+00:00\" \/>\n<meta property=\"article:modified_time\" content=\"2025-12-02T11:32:28+00:00\" \/>\n<meta property=\"og:image\" content=\"https:\/\/www.confagricoltura.org\/piacenza\/wp-content\/uploads\/sites\/11\/2025\/12\/Gorra-Losi-Lenucci-Gherardi-Franzini.jpg\" \/>\n\t<meta property=\"og:image:width\" content=\"2048\" \/>\n\t<meta property=\"og:image:height\" content=\"1536\" \/>\n\t<meta property=\"og:image:type\" content=\"image\/jpeg\" \/>\n<meta name=\"author\" content=\"confagricolturapiacenza\" \/>\n<meta name=\"twitter:card\" content=\"summary_large_image\" \/>\n<meta name=\"twitter:label1\" content=\"Scritto da\" \/>\n\t<meta name=\"twitter:data1\" content=\"confagricolturapiacenza\" \/>\n\t<meta name=\"twitter:label2\" content=\"Tempo di lettura stimato\" \/>\n\t<meta name=\"twitter:data2\" content=\"3 minuti\" \/>\n<script type=\"application\/ld+json\" class=\"yoast-schema-graph\">{\"@context\":\"https:\/\/schema.org\",\"@graph\":[{\"@type\":\"Article\",\"@id\":\"https:\/\/www.confagricoltura.org\/piacenza\/giovani-agricoltori-in-allerta-la-nuova-pac-ci-toglie-futuro\/#article\",\"isPartOf\":{\"@id\":\"https:\/\/www.confagricoltura.org\/piacenza\/giovani-agricoltori-in-allerta-la-nuova-pac-ci-toglie-futuro\/\"},\"author\":{\"name\":\"confagricolturapiacenza\",\"@id\":\"https:\/\/www.confagricoltura.org\/piacenza\/#\/schema\/person\/be5da25a3117fea4b3bfec9dba09b5e8\"},\"headline\":\"Giovani agricoltori in allerta: \u201cLa nuova PAC ci toglie futuro\u201d\",\"datePublished\":\"2025-11-27T11:28:08+00:00\",\"dateModified\":\"2025-12-02T11:32:28+00:00\",\"mainEntityOfPage\":{\"@id\":\"https:\/\/www.confagricoltura.org\/piacenza\/giovani-agricoltori-in-allerta-la-nuova-pac-ci-toglie-futuro\/\"},\"wordCount\":513,\"image\":{\"@id\":\"https:\/\/www.confagricoltura.org\/piacenza\/giovani-agricoltori-in-allerta-la-nuova-pac-ci-toglie-futuro\/#primaryimage\"},\"thumbnailUrl\":\"https:\/\/www.confagricoltura.org\/piacenza\/wp-content\/uploads\/sites\/11\/2025\/12\/Gorra-Losi-Lenucci-Gherardi-Franzini.jpg\",\"keywords\":[\"nuova pac\"],\"articleSection\":[\"Eventi\",\"Norme fiscali e burocratiche\"],\"inLanguage\":\"it-IT\"},{\"@type\":\"WebPage\",\"@id\":\"https:\/\/www.confagricoltura.org\/piacenza\/giovani-agricoltori-in-allerta-la-nuova-pac-ci-toglie-futuro\/\",\"url\":\"https:\/\/www.confagricoltura.org\/piacenza\/giovani-agricoltori-in-allerta-la-nuova-pac-ci-toglie-futuro\/\",\"name\":\"Giovani agricoltori in allerta: \u201cLa nuova PAC ci toglie futuro\u201d - Confagricoltura Piacenza\",\"isPartOf\":{\"@id\":\"https:\/\/www.confagricoltura.org\/piacenza\/#website\"},\"primaryImageOfPage\":{\"@id\":\"https:\/\/www.confagricoltura.org\/piacenza\/giovani-agricoltori-in-allerta-la-nuova-pac-ci-toglie-futuro\/#primaryimage\"},\"image\":{\"@id\":\"https:\/\/www.confagricoltura.org\/piacenza\/giovani-agricoltori-in-allerta-la-nuova-pac-ci-toglie-futuro\/#primaryimage\"},\"thumbnailUrl\":\"https:\/\/www.confagricoltura.org\/piacenza\/wp-content\/uploads\/sites\/11\/2025\/12\/Gorra-Losi-Lenucci-Gherardi-Franzini.jpg\",\"datePublished\":\"2025-11-27T11:28:08+00:00\",\"dateModified\":\"2025-12-02T11:32:28+00:00\",\"author\":{\"@id\":\"https:\/\/www.confagricoltura.org\/piacenza\/#\/schema\/person\/be5da25a3117fea4b3bfec9dba09b5e8\"},\"breadcrumb\":{\"@id\":\"https:\/\/www.confagricoltura.org\/piacenza\/giovani-agricoltori-in-allerta-la-nuova-pac-ci-toglie-futuro\/#breadcrumb\"},\"inLanguage\":\"it-IT\",\"potentialAction\":[{\"@type\":\"ReadAction\",\"target\":[\"https:\/\/www.confagricoltura.org\/piacenza\/giovani-agricoltori-in-allerta-la-nuova-pac-ci-toglie-futuro\/\"]}]},{\"@type\":\"ImageObject\",\"inLanguage\":\"it-IT\",\"@id\":\"https:\/\/www.confagricoltura.org\/piacenza\/giovani-agricoltori-in-allerta-la-nuova-pac-ci-toglie-futuro\/#primaryimage\",\"url\":\"https:\/\/www.confagricoltura.org\/piacenza\/wp-content\/uploads\/sites\/11\/2025\/12\/Gorra-Losi-Lenucci-Gherardi-Franzini.jpg\",\"contentUrl\":\"https:\/\/www.confagricoltura.org\/piacenza\/wp-content\/uploads\/sites\/11\/2025\/12\/Gorra-Losi-Lenucci-Gherardi-Franzini.jpg\",\"width\":2048,\"height\":1536},{\"@type\":\"BreadcrumbList\",\"@id\":\"https:\/\/www.confagricoltura.org\/piacenza\/giovani-agricoltori-in-allerta-la-nuova-pac-ci-toglie-futuro\/#breadcrumb\",\"itemListElement\":[{\"@type\":\"ListItem\",\"position\":1,\"name\":\"Home\",\"item\":\"https:\/\/www.confagricoltura.org\/piacenza\/\"},{\"@type\":\"ListItem\",\"position\":2,\"name\":\"Giovani agricoltori in allerta: \u201cLa nuova PAC ci toglie futuro\u201d\"}]},{\"@type\":\"WebSite\",\"@id\":\"https:\/\/www.confagricoltura.org\/piacenza\/#website\",\"url\":\"https:\/\/www.confagricoltura.org\/piacenza\/\",\"name\":\"Confagricoltura Piacenza\",\"description\":\"Dalla parte degli Agricoltori\",\"potentialAction\":[{\"@type\":\"SearchAction\",\"target\":{\"@type\":\"EntryPoint\",\"urlTemplate\":\"https:\/\/www.confagricoltura.org\/piacenza\/?s={search_term_string}\"},\"query-input\":{\"@type\":\"PropertyValueSpecification\",\"valueRequired\":true,\"valueName\":\"search_term_string\"}}],\"inLanguage\":\"it-IT\"},{\"@type\":\"Person\",\"@id\":\"https:\/\/www.confagricoltura.org\/piacenza\/#\/schema\/person\/be5da25a3117fea4b3bfec9dba09b5e8\",\"name\":\"confagricolturapiacenza\",\"image\":{\"@type\":\"ImageObject\",\"inLanguage\":\"it-IT\",\"@id\":\"https:\/\/www.confagricoltura.org\/piacenza\/#\/schema\/person\/image\/\",\"url\":\"https:\/\/secure.gravatar.com\/avatar\/9c5f111e417171581853bd0a3ff892ca?s=96&d=mm&r=g\",\"contentUrl\":\"https:\/\/secure.gravatar.com\/avatar\/9c5f111e417171581853bd0a3ff892ca?s=96&d=mm&r=g\",\"caption\":\"confagricolturapiacenza\"},\"url\":\"https:\/\/www.confagricoltura.org\/piacenza\/author\/confagricolturapiacenza\/\"}]}<\/script>\n<!-- \/ Yoast SEO plugin. -->","yoast_head_json":{"title":"Giovani agricoltori in allerta: \u201cLa nuova PAC ci toglie futuro\u201d - Confagricoltura Piacenza","robots":{"index":"index","follow":"follow","max-snippet":"max-snippet:-1","max-image-preview":"max-image-preview:large","max-video-preview":"max-video-preview:-1"},"canonical":"https:\/\/www.confagricoltura.org\/piacenza\/giovani-agricoltori-in-allerta-la-nuova-pac-ci-toglie-futuro\/","og_locale":"it_IT","og_type":"article","og_title":"Giovani agricoltori in allerta: \u201cLa nuova PAC ci toglie futuro\u201d - Confagricoltura Piacenza","og_description":"Losi: \u201cServono certezze, non nuovi vincoli\u201d. Gorra annuncia la mobilitazione del 18 dicembre a Bruxelles","og_url":"https:\/\/www.confagricoltura.org\/piacenza\/giovani-agricoltori-in-allerta-la-nuova-pac-ci-toglie-futuro\/","og_site_name":"Confagricoltura Piacenza","article_published_time":"2025-11-27T11:28:08+00:00","article_modified_time":"2025-12-02T11:32:28+00:00","og_image":[{"width":2048,"height":1536,"url":"https:\/\/www.confagricoltura.org\/piacenza\/wp-content\/uploads\/sites\/11\/2025\/12\/Gorra-Losi-Lenucci-Gherardi-Franzini.jpg","type":"image\/jpeg"}],"author":"confagricolturapiacenza","twitter_card":"summary_large_image","twitter_misc":{"Scritto da":"confagricolturapiacenza","Tempo di lettura stimato":"3 minuti"},"schema":{"@context":"https:\/\/schema.org","@graph":[{"@type":"Article","@id":"https:\/\/www.confagricoltura.org\/piacenza\/giovani-agricoltori-in-allerta-la-nuova-pac-ci-toglie-futuro\/#article","isPartOf":{"@id":"https:\/\/www.confagricoltura.org\/piacenza\/giovani-agricoltori-in-allerta-la-nuova-pac-ci-toglie-futuro\/"},"author":{"name":"confagricolturapiacenza","@id":"https:\/\/www.confagricoltura.org\/piacenza\/#\/schema\/person\/be5da25a3117fea4b3bfec9dba09b5e8"},"headline":"Giovani agricoltori in allerta: \u201cLa nuova PAC ci toglie futuro\u201d","datePublished":"2025-11-27T11:28:08+00:00","dateModified":"2025-12-02T11:32:28+00:00","mainEntityOfPage":{"@id":"https:\/\/www.confagricoltura.org\/piacenza\/giovani-agricoltori-in-allerta-la-nuova-pac-ci-toglie-futuro\/"},"wordCount":513,"image":{"@id":"https:\/\/www.confagricoltura.org\/piacenza\/giovani-agricoltori-in-allerta-la-nuova-pac-ci-toglie-futuro\/#primaryimage"},"thumbnailUrl":"https:\/\/www.confagricoltura.org\/piacenza\/wp-content\/uploads\/sites\/11\/2025\/12\/Gorra-Losi-Lenucci-Gherardi-Franzini.jpg","keywords":["nuova pac"],"articleSection":["Eventi","Norme fiscali e burocratiche"],"inLanguage":"it-IT"},{"@type":"WebPage","@id":"https:\/\/www.confagricoltura.org\/piacenza\/giovani-agricoltori-in-allerta-la-nuova-pac-ci-toglie-futuro\/","url":"https:\/\/www.confagricoltura.org\/piacenza\/giovani-agricoltori-in-allerta-la-nuova-pac-ci-toglie-futuro\/","name":"Giovani agricoltori in allerta: \u201cLa nuova PAC ci toglie futuro\u201d - Confagricoltura Piacenza","isPartOf":{"@id":"https:\/\/www.confagricoltura.org\/piacenza\/#website"},"primaryImageOfPage":{"@id":"https:\/\/www.confagricoltura.org\/piacenza\/giovani-agricoltori-in-allerta-la-nuova-pac-ci-toglie-futuro\/#primaryimage"},"image":{"@id":"https:\/\/www.confagricoltura.org\/piacenza\/giovani-agricoltori-in-allerta-la-nuova-pac-ci-toglie-futuro\/#primaryimage"},"thumbnailUrl":"https:\/\/www.confagricoltura.org\/piacenza\/wp-content\/uploads\/sites\/11\/2025\/12\/Gorra-Losi-Lenucci-Gherardi-Franzini.jpg","datePublished":"2025-11-27T11:28:08+00:00","dateModified":"2025-12-02T11:32:28+00:00","author":{"@id":"https:\/\/www.confagricoltura.org\/piacenza\/#\/schema\/person\/be5da25a3117fea4b3bfec9dba09b5e8"},"breadcrumb":{"@id":"https:\/\/www.confagricoltura.org\/piacenza\/giovani-agricoltori-in-allerta-la-nuova-pac-ci-toglie-futuro\/#breadcrumb"},"inLanguage":"it-IT","potentialAction":[{"@type":"ReadAction","target":["https:\/\/www.confagricoltura.org\/piacenza\/giovani-agricoltori-in-allerta-la-nuova-pac-ci-toglie-futuro\/"]}]},{"@type":"ImageObject","inLanguage":"it-IT","@id":"https:\/\/www.confagricoltura.org\/piacenza\/giovani-agricoltori-in-allerta-la-nuova-pac-ci-toglie-futuro\/#primaryimage","url":"https:\/\/www.confagricoltura.org\/piacenza\/wp-content\/uploads\/sites\/11\/2025\/12\/Gorra-Losi-Lenucci-Gherardi-Franzini.jpg","contentUrl":"https:\/\/www.confagricoltura.org\/piacenza\/wp-content\/uploads\/sites\/11\/2025\/12\/Gorra-Losi-Lenucci-Gherardi-Franzini.jpg","width":2048,"height":1536},{"@type":"BreadcrumbList","@id":"https:\/\/www.confagricoltura.org\/piacenza\/giovani-agricoltori-in-allerta-la-nuova-pac-ci-toglie-futuro\/#breadcrumb","itemListElement":[{"@type":"ListItem","position":1,"name":"Home","item":"https:\/\/www.confagricoltura.org\/piacenza\/"},{"@type":"ListItem","position":2,"name":"Giovani agricoltori in allerta: \u201cLa nuova PAC ci toglie futuro\u201d"}]},{"@type":"WebSite","@id":"https:\/\/www.confagricoltura.org\/piacenza\/#website","url":"https:\/\/www.confagricoltura.org\/piacenza\/","name":"Confagricoltura Piacenza","description":"Dalla parte degli Agricoltori","potentialAction":[{"@type":"SearchAction","target":{"@type":"EntryPoint","urlTemplate":"https:\/\/www.confagricoltura.org\/piacenza\/?s={search_term_string}"},"query-input":{"@type":"PropertyValueSpecification","valueRequired":true,"valueName":"search_term_string"}}],"inLanguage":"it-IT"},{"@type":"Person","@id":"https:\/\/www.confagricoltura.org\/piacenza\/#\/schema\/person\/be5da25a3117fea4b3bfec9dba09b5e8","name":"confagricolturapiacenza","image":{"@type":"ImageObject","inLanguage":"it-IT","@id":"https:\/\/www.confagricoltura.org\/piacenza\/#\/schema\/person\/image\/","url":"https:\/\/secure.gravatar.com\/avatar\/9c5f111e417171581853bd0a3ff892ca?s=96&d=mm&r=g","contentUrl":"https:\/\/secure.gravatar.com\/avatar\/9c5f111e417171581853bd0a3ff892ca?s=96&d=mm&r=g","caption":"confagricolturapiacenza"},"url":"https:\/\/www.confagricoltura.org\/piacenza\/author\/confagricolturapiacenza\/"}]}},"_links":{"self":[{"href":"https:\/\/www.confagricoltura.org\/piacenza\/wp-json\/wp\/v2\/posts\/5266","targetHints":{"allow":["GET"]}}],"collection":[{"href":"https:\/\/www.confagricoltura.org\/piacenza\/wp-json\/wp\/v2\/posts"}],"about":[{"href":"https:\/\/www.confagricoltura.org\/piacenza\/wp-json\/wp\/v2\/types\/post"}],"author":[{"embeddable":true,"href":"https:\/\/www.confagricoltura.org\/piacenza\/wp-json\/wp\/v2\/users\/6"}],"replies":[{"embeddable":true,"href":"https:\/\/www.confagricoltura.org\/piacenza\/wp-json\/wp\/v2\/comments?post=5266"}],"version-history":[{"count":1,"href":"https:\/\/www.confagricoltura.org\/piacenza\/wp-json\/wp\/v2\/posts\/5266\/revisions"}],"predecessor-version":[{"id":5268,"href":"https:\/\/www.confagricoltura.org\/piacenza\/wp-json\/wp\/v2\/posts\/5266\/revisions\/5268"}],"wp:featuredmedia":[{"embeddable":true,"href":"https:\/\/www.confagricoltura.org\/piacenza\/wp-json\/wp\/v2\/media\/5267"}],"wp:attachment":[{"href":"https:\/\/www.confagricoltura.org\/piacenza\/wp-json\/wp\/v2\/media?parent=5266"}],"wp:term":[{"taxonomy":"category","embeddable":true,"href":"https:\/\/www.confagricoltura.org\/piacenza\/wp-json\/wp\/v2\/categories?post=5266"},{"taxonomy":"post_tag","embeddable":true,"href":"https:\/\/www.confagricoltura.org\/piacenza\/wp-json\/wp\/v2\/tags?post=5266"}],"curies":[{"name":"wp","href":"https:\/\/api.w.org\/{rel}","templated":true}]}}