{"id":5223,"date":"2025-10-17T12:39:53","date_gmt":"2025-10-17T10:39:53","guid":{"rendered":"https:\/\/www.confagricoltura.org\/piacenza\/?p=5223"},"modified":"2025-10-21T12:43:35","modified_gmt":"2025-10-21T10:43:35","slug":"chiusa-la-campagna-del-pomodoro-da-industria","status":"publish","type":"post","link":"https:\/\/www.confagricoltura.org\/piacenza\/chiusa-la-campagna-del-pomodoro-da-industria\/","title":{"rendered":"Chiusa la campagna del pomodoro da industria"},"content":{"rendered":"<p>Piacenza, 17 ottobre 2025 &#8211; La campagna 2025 del pomodoro da industria si \u00e8 chiusa con un bilancio nel complesso positivo sul piano qualitativo, ma con rese produttive inferiori alle aspettative. Il Piacentino, che rappresenta uno dei poli produttivi pi\u00f9 importanti del Nord Italia con oltre 10.000 ettari coltivati e un ruolo trainante per l\u2019intera filiera regionale, ha rispecchiato pienamente l\u2019andamento generale del bacino settentrionale.<\/p>\n<p>Secondo i dati diffusi dall\u2019OI Pomodoro da Industria del Nord Italia, le superfici totali hanno raggiunto i 45.030 ettari, con un incremento dell\u20198% rispetto al 2024, ma le rese medie si sono fermate a 69,3 tonnellate per ettaro, contro un valore storico quinquennale di 73,2 t\/ha. Le consegne complessive sono state pari a 3.121.617 tonnellate, inferiori di circa il 13% rispetto al quantitativo contrattato.<\/p>\n<p>\u201cLa qualit\u00e0 del pomodoro \u00e8 stata eccellente, ma le rese hanno risentito di un andamento climatico complesso \u2013 spiega Umberto Gorra, presidente di Confagricoltura Piacenza e produttore di pomodoro \u2013. Le alte temperature di giugno e inizio luglio hanno compromesso la fioritura e ridotto il numero di bacche. Fortunatamente settembre \u00e8 stato favorevole e ha permesso di completare la raccolta in modo regolare, garantendo materia prima di grande qualit\u00e0 all\u2019industria\u201d.<\/p>\n<p>Il grado brix medio di 5 e le buone caratteristiche del prodotto hanno determinato un ottimo indice di pagamento, tra i pi\u00f9 alti degli ultimi anni. \u201cLa qualit\u00e0 \u00e8 stata la carta vincente \u2013 sottolinea Gorra \u2013. \u00c8 il risultato di una filiera organizzata, fatta di agricoltori professionali e di un dialogo costruttivo con l\u2019industria. Il pomodoro piacentino continua a distinguersi per eccellenza tecnica e qualit\u00e0\u201d.<\/p>\n<p>Accanto agli elementi positivi, Confagricoltura Piacenza evidenzia alcune difficolt\u00e0.<\/p>\n<p>\u201cOltre alle rese ad ettaro in calo rispetto alla media registrata nell\u2019ultimo quinquennio, si registrano incrementi delle spese per piantine, agrofarmaci, materiali e attrezzature, prodotti fitosanitari, sistemi irrigui, premi assicurativi e altro ancora, ma anche criticit\u00e0 marcate nel reperimento di manodopera. L\u2019Emilia-Romagna leader in Italia per superfici coltivate &#8211; con 28.520 ettari (il 63% del totale) -, rischia di veder rompersi quell\u2019equilibrio precario, ma fondamentale, per la redditivit\u00e0 di un\u2019azienda\u201d, \u00e8 la riflessione di Giovanni Lambertini, presidente regionale della Federazione di prodotto Pomodoro da Industria di Confagricoltura, che invita la filiera \u201cad agire unita per salvaguardare la fornitura di materia prima di qualit\u00e0 100% italiana\u201d.<\/p>\n<p>\u201cGli agricoltori devono affrontare una crescente difficolt\u00e0 nella difesa fitosanitaria delle colture \u2013 osservano Gorra e Lambertini \u2013. Molti principi attivi sono stati revocati e da tempo mancano nuove molecole efficaci per contrastare malattie e insetti. La mancanza di strumenti adeguati rende la gestione in campo pi\u00f9 complessa e costosa\u201d.<\/p>\n<p>\u201cPer questo, una delle chiavi per il futuro \u2013 secondo Gorra \u2013 \u00e8 puntare sulla ricerca varietale e sull\u2019innovazione agronomica. Servono nuove variet\u00e0 di pomodoro capaci di resistere meglio agli stress termici e idrici e pi\u00f9 tolleranti alle principali fitopatie.\u00a0 I ricercatori stanno lavorando con le nuove tecnologie come le Tea su ibridi che uniscono produttivit\u00e0, qualit\u00e0 e resistenza, ma serve un forte sostegno alla ricerca pubblica e privata per accelerare il percorso. Solo cos\u00ec potremo garantire continuit\u00e0 e redditivit\u00e0 al comparto\u201d.<\/p>\n<p>Gorra conclude con una nota di fiducia: \u201cIl pomodoro \u00e8 una delle produzioni simbolo della nostra agricoltura e un punto di forza dell\u2019economia piacentina. Nonostante le difficolt\u00e0, la filiera ha dimostrato compattezza e capacit\u00e0 di adattamento. Ora dobbiamo investire in conoscenza e innovazione per costruire un futuro ancora pi\u00f9 solido e competitivo\u201d.<\/p>\n","protected":false},"excerpt":{"rendered":"<p>Gorra (Confagricoltura Piacenza): qualit\u00e0 eccellente ma rese sotto le attese<\/p>\n","protected":false},"author":6,"featured_media":5224,"comment_status":"closed","ping_status":"closed","sticky":false,"template":"","format":"standard","meta":{"wp_mapbox_gl_js_media":[],"footnotes":""},"categories":[4,343],"tags":[31],"class_list":["post-5223","post","type-post","status-publish","format-standard","has-post-thumbnail","hentry","category-news","category-settore-pomodoro-da-industria","tag-pomodoro"],"yoast_head":"<!-- This site is optimized with the Yoast SEO plugin v26.8 - https:\/\/yoast.com\/product\/yoast-seo-wordpress\/ -->\n<title>Chiusa la campagna del pomodoro da industria - Confagricoltura Piacenza<\/title>\n<meta name=\"robots\" content=\"index, follow, max-snippet:-1, max-image-preview:large, max-video-preview:-1\" \/>\n<link rel=\"canonical\" href=\"https:\/\/www.confagricoltura.org\/piacenza\/chiusa-la-campagna-del-pomodoro-da-industria\/\" \/>\n<meta property=\"og:locale\" content=\"it_IT\" \/>\n<meta property=\"og:type\" content=\"article\" \/>\n<meta property=\"og:title\" content=\"Chiusa la campagna del pomodoro da industria - Confagricoltura Piacenza\" \/>\n<meta property=\"og:description\" content=\"Gorra (Confagricoltura Piacenza): qualit\u00e0 eccellente ma rese sotto le attese\" \/>\n<meta property=\"og:url\" content=\"https:\/\/www.confagricoltura.org\/piacenza\/chiusa-la-campagna-del-pomodoro-da-industria\/\" \/>\n<meta property=\"og:site_name\" content=\"Confagricoltura Piacenza\" \/>\n<meta property=\"article:published_time\" content=\"2025-10-17T10:39:53+00:00\" \/>\n<meta property=\"article:modified_time\" content=\"2025-10-21T10:43:35+00:00\" \/>\n<meta property=\"og:image\" content=\"https:\/\/www.confagricoltura.org\/piacenza\/wp-content\/uploads\/sites\/11\/2025\/10\/POMODORO-RACCOLTA.jpeg\" \/>\n\t<meta property=\"og:image:width\" content=\"1200\" \/>\n\t<meta property=\"og:image:height\" content=\"800\" \/>\n\t<meta property=\"og:image:type\" content=\"image\/jpeg\" \/>\n<meta name=\"author\" content=\"confagricolturapiacenza\" \/>\n<meta name=\"twitter:card\" content=\"summary_large_image\" \/>\n<meta name=\"twitter:label1\" content=\"Scritto da\" \/>\n\t<meta name=\"twitter:data1\" content=\"confagricolturapiacenza\" \/>\n\t<meta name=\"twitter:label2\" content=\"Tempo di lettura stimato\" \/>\n\t<meta name=\"twitter:data2\" content=\"4 minuti\" \/>\n<script type=\"application\/ld+json\" class=\"yoast-schema-graph\">{\"@context\":\"https:\/\/schema.org\",\"@graph\":[{\"@type\":\"Article\",\"@id\":\"https:\/\/www.confagricoltura.org\/piacenza\/chiusa-la-campagna-del-pomodoro-da-industria\/#article\",\"isPartOf\":{\"@id\":\"https:\/\/www.confagricoltura.org\/piacenza\/chiusa-la-campagna-del-pomodoro-da-industria\/\"},\"author\":{\"name\":\"confagricolturapiacenza\",\"@id\":\"https:\/\/www.confagricoltura.org\/piacenza\/#\/schema\/person\/be5da25a3117fea4b3bfec9dba09b5e8\"},\"headline\":\"Chiusa la campagna del pomodoro da industria\",\"datePublished\":\"2025-10-17T10:39:53+00:00\",\"dateModified\":\"2025-10-21T10:43:35+00:00\",\"mainEntityOfPage\":{\"@id\":\"https:\/\/www.confagricoltura.org\/piacenza\/chiusa-la-campagna-del-pomodoro-da-industria\/\"},\"wordCount\":552,\"image\":{\"@id\":\"https:\/\/www.confagricoltura.org\/piacenza\/chiusa-la-campagna-del-pomodoro-da-industria\/#primaryimage\"},\"thumbnailUrl\":\"https:\/\/www.confagricoltura.org\/piacenza\/wp-content\/uploads\/sites\/11\/2025\/10\/POMODORO-RACCOLTA.jpeg\",\"keywords\":[\"pomodoro\"],\"articleSection\":[\"News\",\"Settore Pomodoro da industria\"],\"inLanguage\":\"it-IT\"},{\"@type\":\"WebPage\",\"@id\":\"https:\/\/www.confagricoltura.org\/piacenza\/chiusa-la-campagna-del-pomodoro-da-industria\/\",\"url\":\"https:\/\/www.confagricoltura.org\/piacenza\/chiusa-la-campagna-del-pomodoro-da-industria\/\",\"name\":\"Chiusa la campagna del pomodoro da industria - Confagricoltura Piacenza\",\"isPartOf\":{\"@id\":\"https:\/\/www.confagricoltura.org\/piacenza\/#website\"},\"primaryImageOfPage\":{\"@id\":\"https:\/\/www.confagricoltura.org\/piacenza\/chiusa-la-campagna-del-pomodoro-da-industria\/#primaryimage\"},\"image\":{\"@id\":\"https:\/\/www.confagricoltura.org\/piacenza\/chiusa-la-campagna-del-pomodoro-da-industria\/#primaryimage\"},\"thumbnailUrl\":\"https:\/\/www.confagricoltura.org\/piacenza\/wp-content\/uploads\/sites\/11\/2025\/10\/POMODORO-RACCOLTA.jpeg\",\"datePublished\":\"2025-10-17T10:39:53+00:00\",\"dateModified\":\"2025-10-21T10:43:35+00:00\",\"author\":{\"@id\":\"https:\/\/www.confagricoltura.org\/piacenza\/#\/schema\/person\/be5da25a3117fea4b3bfec9dba09b5e8\"},\"breadcrumb\":{\"@id\":\"https:\/\/www.confagricoltura.org\/piacenza\/chiusa-la-campagna-del-pomodoro-da-industria\/#breadcrumb\"},\"inLanguage\":\"it-IT\",\"potentialAction\":[{\"@type\":\"ReadAction\",\"target\":[\"https:\/\/www.confagricoltura.org\/piacenza\/chiusa-la-campagna-del-pomodoro-da-industria\/\"]}]},{\"@type\":\"ImageObject\",\"inLanguage\":\"it-IT\",\"@id\":\"https:\/\/www.confagricoltura.org\/piacenza\/chiusa-la-campagna-del-pomodoro-da-industria\/#primaryimage\",\"url\":\"https:\/\/www.confagricoltura.org\/piacenza\/wp-content\/uploads\/sites\/11\/2025\/10\/POMODORO-RACCOLTA.jpeg\",\"contentUrl\":\"https:\/\/www.confagricoltura.org\/piacenza\/wp-content\/uploads\/sites\/11\/2025\/10\/POMODORO-RACCOLTA.jpeg\",\"width\":1200,\"height\":800,\"caption\":\"Harvester collects tomatoes in trailer. Close up pile tomatoes\"},{\"@type\":\"BreadcrumbList\",\"@id\":\"https:\/\/www.confagricoltura.org\/piacenza\/chiusa-la-campagna-del-pomodoro-da-industria\/#breadcrumb\",\"itemListElement\":[{\"@type\":\"ListItem\",\"position\":1,\"name\":\"Home\",\"item\":\"https:\/\/www.confagricoltura.org\/piacenza\/\"},{\"@type\":\"ListItem\",\"position\":2,\"name\":\"Chiusa la campagna del pomodoro da industria\"}]},{\"@type\":\"WebSite\",\"@id\":\"https:\/\/www.confagricoltura.org\/piacenza\/#website\",\"url\":\"https:\/\/www.confagricoltura.org\/piacenza\/\",\"name\":\"Confagricoltura Piacenza\",\"description\":\"Dalla parte degli Agricoltori\",\"potentialAction\":[{\"@type\":\"SearchAction\",\"target\":{\"@type\":\"EntryPoint\",\"urlTemplate\":\"https:\/\/www.confagricoltura.org\/piacenza\/?s={search_term_string}\"},\"query-input\":{\"@type\":\"PropertyValueSpecification\",\"valueRequired\":true,\"valueName\":\"search_term_string\"}}],\"inLanguage\":\"it-IT\"},{\"@type\":\"Person\",\"@id\":\"https:\/\/www.confagricoltura.org\/piacenza\/#\/schema\/person\/be5da25a3117fea4b3bfec9dba09b5e8\",\"name\":\"confagricolturapiacenza\",\"image\":{\"@type\":\"ImageObject\",\"inLanguage\":\"it-IT\",\"@id\":\"https:\/\/www.confagricoltura.org\/piacenza\/#\/schema\/person\/image\/\",\"url\":\"https:\/\/secure.gravatar.com\/avatar\/9c5f111e417171581853bd0a3ff892ca?s=96&d=mm&r=g\",\"contentUrl\":\"https:\/\/secure.gravatar.com\/avatar\/9c5f111e417171581853bd0a3ff892ca?s=96&d=mm&r=g\",\"caption\":\"confagricolturapiacenza\"},\"url\":\"https:\/\/www.confagricoltura.org\/piacenza\/author\/confagricolturapiacenza\/\"}]}<\/script>\n<!-- \/ Yoast SEO plugin. -->","yoast_head_json":{"title":"Chiusa la campagna del pomodoro da industria - Confagricoltura Piacenza","robots":{"index":"index","follow":"follow","max-snippet":"max-snippet:-1","max-image-preview":"max-image-preview:large","max-video-preview":"max-video-preview:-1"},"canonical":"https:\/\/www.confagricoltura.org\/piacenza\/chiusa-la-campagna-del-pomodoro-da-industria\/","og_locale":"it_IT","og_type":"article","og_title":"Chiusa la campagna del pomodoro da industria - Confagricoltura Piacenza","og_description":"Gorra (Confagricoltura Piacenza): qualit\u00e0 eccellente ma rese sotto le attese","og_url":"https:\/\/www.confagricoltura.org\/piacenza\/chiusa-la-campagna-del-pomodoro-da-industria\/","og_site_name":"Confagricoltura Piacenza","article_published_time":"2025-10-17T10:39:53+00:00","article_modified_time":"2025-10-21T10:43:35+00:00","og_image":[{"width":1200,"height":800,"url":"https:\/\/www.confagricoltura.org\/piacenza\/wp-content\/uploads\/sites\/11\/2025\/10\/POMODORO-RACCOLTA.jpeg","type":"image\/jpeg"}],"author":"confagricolturapiacenza","twitter_card":"summary_large_image","twitter_misc":{"Scritto da":"confagricolturapiacenza","Tempo di lettura stimato":"4 minuti"},"schema":{"@context":"https:\/\/schema.org","@graph":[{"@type":"Article","@id":"https:\/\/www.confagricoltura.org\/piacenza\/chiusa-la-campagna-del-pomodoro-da-industria\/#article","isPartOf":{"@id":"https:\/\/www.confagricoltura.org\/piacenza\/chiusa-la-campagna-del-pomodoro-da-industria\/"},"author":{"name":"confagricolturapiacenza","@id":"https:\/\/www.confagricoltura.org\/piacenza\/#\/schema\/person\/be5da25a3117fea4b3bfec9dba09b5e8"},"headline":"Chiusa la campagna del pomodoro da industria","datePublished":"2025-10-17T10:39:53+00:00","dateModified":"2025-10-21T10:43:35+00:00","mainEntityOfPage":{"@id":"https:\/\/www.confagricoltura.org\/piacenza\/chiusa-la-campagna-del-pomodoro-da-industria\/"},"wordCount":552,"image":{"@id":"https:\/\/www.confagricoltura.org\/piacenza\/chiusa-la-campagna-del-pomodoro-da-industria\/#primaryimage"},"thumbnailUrl":"https:\/\/www.confagricoltura.org\/piacenza\/wp-content\/uploads\/sites\/11\/2025\/10\/POMODORO-RACCOLTA.jpeg","keywords":["pomodoro"],"articleSection":["News","Settore Pomodoro da industria"],"inLanguage":"it-IT"},{"@type":"WebPage","@id":"https:\/\/www.confagricoltura.org\/piacenza\/chiusa-la-campagna-del-pomodoro-da-industria\/","url":"https:\/\/www.confagricoltura.org\/piacenza\/chiusa-la-campagna-del-pomodoro-da-industria\/","name":"Chiusa la campagna del pomodoro da industria - Confagricoltura Piacenza","isPartOf":{"@id":"https:\/\/www.confagricoltura.org\/piacenza\/#website"},"primaryImageOfPage":{"@id":"https:\/\/www.confagricoltura.org\/piacenza\/chiusa-la-campagna-del-pomodoro-da-industria\/#primaryimage"},"image":{"@id":"https:\/\/www.confagricoltura.org\/piacenza\/chiusa-la-campagna-del-pomodoro-da-industria\/#primaryimage"},"thumbnailUrl":"https:\/\/www.confagricoltura.org\/piacenza\/wp-content\/uploads\/sites\/11\/2025\/10\/POMODORO-RACCOLTA.jpeg","datePublished":"2025-10-17T10:39:53+00:00","dateModified":"2025-10-21T10:43:35+00:00","author":{"@id":"https:\/\/www.confagricoltura.org\/piacenza\/#\/schema\/person\/be5da25a3117fea4b3bfec9dba09b5e8"},"breadcrumb":{"@id":"https:\/\/www.confagricoltura.org\/piacenza\/chiusa-la-campagna-del-pomodoro-da-industria\/#breadcrumb"},"inLanguage":"it-IT","potentialAction":[{"@type":"ReadAction","target":["https:\/\/www.confagricoltura.org\/piacenza\/chiusa-la-campagna-del-pomodoro-da-industria\/"]}]},{"@type":"ImageObject","inLanguage":"it-IT","@id":"https:\/\/www.confagricoltura.org\/piacenza\/chiusa-la-campagna-del-pomodoro-da-industria\/#primaryimage","url":"https:\/\/www.confagricoltura.org\/piacenza\/wp-content\/uploads\/sites\/11\/2025\/10\/POMODORO-RACCOLTA.jpeg","contentUrl":"https:\/\/www.confagricoltura.org\/piacenza\/wp-content\/uploads\/sites\/11\/2025\/10\/POMODORO-RACCOLTA.jpeg","width":1200,"height":800,"caption":"Harvester collects tomatoes in trailer. Close up pile tomatoes"},{"@type":"BreadcrumbList","@id":"https:\/\/www.confagricoltura.org\/piacenza\/chiusa-la-campagna-del-pomodoro-da-industria\/#breadcrumb","itemListElement":[{"@type":"ListItem","position":1,"name":"Home","item":"https:\/\/www.confagricoltura.org\/piacenza\/"},{"@type":"ListItem","position":2,"name":"Chiusa la campagna del pomodoro da industria"}]},{"@type":"WebSite","@id":"https:\/\/www.confagricoltura.org\/piacenza\/#website","url":"https:\/\/www.confagricoltura.org\/piacenza\/","name":"Confagricoltura Piacenza","description":"Dalla parte degli Agricoltori","potentialAction":[{"@type":"SearchAction","target":{"@type":"EntryPoint","urlTemplate":"https:\/\/www.confagricoltura.org\/piacenza\/?s={search_term_string}"},"query-input":{"@type":"PropertyValueSpecification","valueRequired":true,"valueName":"search_term_string"}}],"inLanguage":"it-IT"},{"@type":"Person","@id":"https:\/\/www.confagricoltura.org\/piacenza\/#\/schema\/person\/be5da25a3117fea4b3bfec9dba09b5e8","name":"confagricolturapiacenza","image":{"@type":"ImageObject","inLanguage":"it-IT","@id":"https:\/\/www.confagricoltura.org\/piacenza\/#\/schema\/person\/image\/","url":"https:\/\/secure.gravatar.com\/avatar\/9c5f111e417171581853bd0a3ff892ca?s=96&d=mm&r=g","contentUrl":"https:\/\/secure.gravatar.com\/avatar\/9c5f111e417171581853bd0a3ff892ca?s=96&d=mm&r=g","caption":"confagricolturapiacenza"},"url":"https:\/\/www.confagricoltura.org\/piacenza\/author\/confagricolturapiacenza\/"}]}},"_links":{"self":[{"href":"https:\/\/www.confagricoltura.org\/piacenza\/wp-json\/wp\/v2\/posts\/5223","targetHints":{"allow":["GET"]}}],"collection":[{"href":"https:\/\/www.confagricoltura.org\/piacenza\/wp-json\/wp\/v2\/posts"}],"about":[{"href":"https:\/\/www.confagricoltura.org\/piacenza\/wp-json\/wp\/v2\/types\/post"}],"author":[{"embeddable":true,"href":"https:\/\/www.confagricoltura.org\/piacenza\/wp-json\/wp\/v2\/users\/6"}],"replies":[{"embeddable":true,"href":"https:\/\/www.confagricoltura.org\/piacenza\/wp-json\/wp\/v2\/comments?post=5223"}],"version-history":[{"count":1,"href":"https:\/\/www.confagricoltura.org\/piacenza\/wp-json\/wp\/v2\/posts\/5223\/revisions"}],"predecessor-version":[{"id":5225,"href":"https:\/\/www.confagricoltura.org\/piacenza\/wp-json\/wp\/v2\/posts\/5223\/revisions\/5225"}],"wp:featuredmedia":[{"embeddable":true,"href":"https:\/\/www.confagricoltura.org\/piacenza\/wp-json\/wp\/v2\/media\/5224"}],"wp:attachment":[{"href":"https:\/\/www.confagricoltura.org\/piacenza\/wp-json\/wp\/v2\/media?parent=5223"}],"wp:term":[{"taxonomy":"category","embeddable":true,"href":"https:\/\/www.confagricoltura.org\/piacenza\/wp-json\/wp\/v2\/categories?post=5223"},{"taxonomy":"post_tag","embeddable":true,"href":"https:\/\/www.confagricoltura.org\/piacenza\/wp-json\/wp\/v2\/tags?post=5223"}],"curies":[{"name":"wp","href":"https:\/\/api.w.org\/{rel}","templated":true}]}}