{"id":5214,"date":"2025-10-15T16:19:27","date_gmt":"2025-10-15T14:19:27","guid":{"rendered":"https:\/\/www.confagricoltura.org\/piacenza\/?p=5214"},"modified":"2025-10-15T16:21:52","modified_gmt":"2025-10-15T14:21:52","slug":"confagricoltura-piacenza-nuovo-caso-di-predazione-da-lupo-vitellina-sbranata-in-stalla-a-casaliggio","status":"publish","type":"post","link":"https:\/\/www.confagricoltura.org\/piacenza\/confagricoltura-piacenza-nuovo-caso-di-predazione-da-lupo-vitellina-sbranata-in-stalla-a-casaliggio\/","title":{"rendered":"Confagricoltura Piacenza: nuovo caso di predazione da lupo, vitellina sbranata in stalla a Casaliggio"},"content":{"rendered":"<p>Piacenza, 15 ottobre 2025 \u2013 Confagricoltura Piacenza torna, purtroppo, a denunciare un nuovo caso di predazione da lupo direttamente in stalla. L\u2019episodio si \u00e8 verificato nella notte tra marted\u00ec 14 e mercoled\u00ec 15 ottobre a Casaliggio, nel comune di Gragnano Trebbiense.<\/p>\n<p>Questa mattina il veterinario dell\u2019Asl ha confermato, dopo il sopralluogo, che la morte di una vitellina di due mesi, del peso di circa 60 chili, \u00e8 riconducibile alla predazione da lupo. L\u2019animale \u00e8 stato trovato dilaniato all\u2019interno del recinto dei vitelli, dentro alla stalla principale dell\u2019azienda.<\/p>\n<p>L\u2019animale apparteneva all\u2019azienda zootecnica dei fratelli Luciano e Luigi Opizzi, che conducono l\u2019allevamento insieme al nipote Fabio.<\/p>\n<p>\u201c\u00c8 la terza predazione in due anni \u2013 racconta Luciano Opizzi \u2013. Non c\u2019\u00e8 solo il danno economico, ma la frustrazione e la paura.<\/p>\n<p>Ci sentiamo dire che i lupi sono una risorsa, ma chi difende i nostri animali? La vitellina \u00e8 stata uccisa dentro al recinto, in un\u2019area interna alla stalla. Mio nipote ha visto il branco: erano sei o sette esemplari, quattro adulti e alcuni pi\u00f9 piccoli, ma non ha realizzato subito che stavano uscendo proprio dalla stalla. Probabilmente se ne sono andati perch\u00e9 sono stati disturbati\u201d.<\/p>\n<p>L\u2019azienda si trova a ridosso del Parco del Trebbia, con alcuni campi all\u2019interno dell\u2019area protetta e la stalla a circa 100 metri dal confine del parco.<\/p>\n<p>\u201cAbbiamo cinghiali e lupi, la situazione, grave da tempo per i cinghiali, \u00e8 drasticamente peggiorata negli ultimi anni per quanto riguarda i lupi \u2013 aggiunge Opizzi \u2013. La predazione \u00e8 avvenuta in una zona interna, oltretutto limitata anche da barriere e teli, ma le stalle moderne sono a stabulazione libera, non hanno muri. Occorrerebbe una recinzione perimetrale dell\u2019area alta almeno tre metri. Nel nostro caso avremmo un perimetro di circa un chilometro, sarebbe una prigione, oltre che impossibile da realizzare\u201d.<\/p>\n<p>Il presidente di Confagricoltura Piacenza, Umberto Gorra, sottolinea la gravit\u00e0 del fenomeno: \u201cIl problema esiste, \u00e8 serio e non pi\u00f9 confinato alle aree montane. Riceviamo segnalazioni di predazioni in zone agricole e persino vicino ai centri abitati. \u00c8 necessario che anche la politica prenda atto della mutata situazione rispetto a pochi anni fa. Occorre un\u2019assunzione di responsabilit\u00e0: non possiamo continuare a lasciare soli gli allevatori davanti a un problema che ormai riguarda tutto il territorio\u201d.<\/p>\n<p>Confagricoltura Piacenza ribadisce la necessit\u00e0 di interventi concreti di tutela per le aziende zootecniche, ricordando che la convivenza tra attivit\u00e0 agricole e fauna selvatica pu\u00f2 esistere solo se supportata da strumenti efficaci di prevenzione e indennizzo, proporzionati ai rischi crescenti per gli allevatori.<\/p>\n<p>&nbsp;<\/p>\n<p>&nbsp;<\/p>\n","protected":false},"excerpt":{"rendered":"<p>Il presidente Gorra: \u201cServe un\u2019assunzione di responsabilit\u00e0 politica: il problema \u00e8 grave e in crescita\u201d<\/p>\n","protected":false},"author":6,"featured_media":5215,"comment_status":"closed","ping_status":"closed","sticky":false,"template":"","format":"standard","meta":{"wp_mapbox_gl_js_media":[],"footnotes":""},"categories":[21,4],"tags":[],"class_list":["post-5214","post","type-post","status-publish","format-standard","has-post-thumbnail","hentry","category-eventi","category-news"],"yoast_head":"<!-- This site is optimized with the Yoast SEO plugin v26.8 - https:\/\/yoast.com\/product\/yoast-seo-wordpress\/ -->\n<title>Confagricoltura Piacenza: nuovo caso di predazione da lupo, vitellina sbranata in stalla a Casaliggio - Confagricoltura Piacenza<\/title>\n<meta name=\"robots\" content=\"index, follow, max-snippet:-1, max-image-preview:large, max-video-preview:-1\" \/>\n<link rel=\"canonical\" href=\"https:\/\/www.confagricoltura.org\/piacenza\/confagricoltura-piacenza-nuovo-caso-di-predazione-da-lupo-vitellina-sbranata-in-stalla-a-casaliggio\/\" \/>\n<meta property=\"og:locale\" content=\"it_IT\" \/>\n<meta property=\"og:type\" content=\"article\" \/>\n<meta property=\"og:title\" content=\"Confagricoltura Piacenza: nuovo caso di predazione da lupo, vitellina sbranata in stalla a Casaliggio - Confagricoltura Piacenza\" \/>\n<meta property=\"og:description\" content=\"Il presidente Gorra: \u201cServe un\u2019assunzione di responsabilit\u00e0 politica: il problema \u00e8 grave e in crescita\u201d\" \/>\n<meta property=\"og:url\" content=\"https:\/\/www.confagricoltura.org\/piacenza\/confagricoltura-piacenza-nuovo-caso-di-predazione-da-lupo-vitellina-sbranata-in-stalla-a-casaliggio\/\" \/>\n<meta property=\"og:site_name\" content=\"Confagricoltura Piacenza\" \/>\n<meta property=\"article:published_time\" content=\"2025-10-15T14:19:27+00:00\" \/>\n<meta property=\"article:modified_time\" content=\"2025-10-15T14:21:52+00:00\" \/>\n<meta property=\"og:image\" content=\"https:\/\/www.confagricoltura.org\/piacenza\/wp-content\/uploads\/sites\/11\/2025\/10\/15-10-25-Vitellina-Opizzi-scaled.jpg\" \/>\n\t<meta property=\"og:image:width\" content=\"2560\" \/>\n\t<meta property=\"og:image:height\" content=\"1436\" \/>\n\t<meta property=\"og:image:type\" content=\"image\/jpeg\" \/>\n<meta name=\"author\" content=\"confagricolturapiacenza\" \/>\n<meta name=\"twitter:card\" content=\"summary_large_image\" \/>\n<meta name=\"twitter:label1\" content=\"Scritto da\" \/>\n\t<meta name=\"twitter:data1\" content=\"confagricolturapiacenza\" \/>\n\t<meta name=\"twitter:label2\" content=\"Tempo di lettura stimato\" \/>\n\t<meta name=\"twitter:data2\" content=\"3 minuti\" \/>\n<script type=\"application\/ld+json\" class=\"yoast-schema-graph\">{\"@context\":\"https:\/\/schema.org\",\"@graph\":[{\"@type\":\"Article\",\"@id\":\"https:\/\/www.confagricoltura.org\/piacenza\/confagricoltura-piacenza-nuovo-caso-di-predazione-da-lupo-vitellina-sbranata-in-stalla-a-casaliggio\/#article\",\"isPartOf\":{\"@id\":\"https:\/\/www.confagricoltura.org\/piacenza\/confagricoltura-piacenza-nuovo-caso-di-predazione-da-lupo-vitellina-sbranata-in-stalla-a-casaliggio\/\"},\"author\":{\"name\":\"confagricolturapiacenza\",\"@id\":\"https:\/\/www.confagricoltura.org\/piacenza\/#\/schema\/person\/be5da25a3117fea4b3bfec9dba09b5e8\"},\"headline\":\"Confagricoltura Piacenza: nuovo caso di predazione da lupo, vitellina sbranata in stalla a Casaliggio\",\"datePublished\":\"2025-10-15T14:19:27+00:00\",\"dateModified\":\"2025-10-15T14:21:52+00:00\",\"mainEntityOfPage\":{\"@id\":\"https:\/\/www.confagricoltura.org\/piacenza\/confagricoltura-piacenza-nuovo-caso-di-predazione-da-lupo-vitellina-sbranata-in-stalla-a-casaliggio\/\"},\"wordCount\":427,\"image\":{\"@id\":\"https:\/\/www.confagricoltura.org\/piacenza\/confagricoltura-piacenza-nuovo-caso-di-predazione-da-lupo-vitellina-sbranata-in-stalla-a-casaliggio\/#primaryimage\"},\"thumbnailUrl\":\"https:\/\/www.confagricoltura.org\/piacenza\/wp-content\/uploads\/sites\/11\/2025\/10\/15-10-25-Vitellina-Opizzi-scaled.jpg\",\"articleSection\":[\"Eventi\",\"News\"],\"inLanguage\":\"it-IT\"},{\"@type\":\"WebPage\",\"@id\":\"https:\/\/www.confagricoltura.org\/piacenza\/confagricoltura-piacenza-nuovo-caso-di-predazione-da-lupo-vitellina-sbranata-in-stalla-a-casaliggio\/\",\"url\":\"https:\/\/www.confagricoltura.org\/piacenza\/confagricoltura-piacenza-nuovo-caso-di-predazione-da-lupo-vitellina-sbranata-in-stalla-a-casaliggio\/\",\"name\":\"Confagricoltura Piacenza: nuovo caso di predazione da lupo, vitellina sbranata in stalla a Casaliggio - Confagricoltura Piacenza\",\"isPartOf\":{\"@id\":\"https:\/\/www.confagricoltura.org\/piacenza\/#website\"},\"primaryImageOfPage\":{\"@id\":\"https:\/\/www.confagricoltura.org\/piacenza\/confagricoltura-piacenza-nuovo-caso-di-predazione-da-lupo-vitellina-sbranata-in-stalla-a-casaliggio\/#primaryimage\"},\"image\":{\"@id\":\"https:\/\/www.confagricoltura.org\/piacenza\/confagricoltura-piacenza-nuovo-caso-di-predazione-da-lupo-vitellina-sbranata-in-stalla-a-casaliggio\/#primaryimage\"},\"thumbnailUrl\":\"https:\/\/www.confagricoltura.org\/piacenza\/wp-content\/uploads\/sites\/11\/2025\/10\/15-10-25-Vitellina-Opizzi-scaled.jpg\",\"datePublished\":\"2025-10-15T14:19:27+00:00\",\"dateModified\":\"2025-10-15T14:21:52+00:00\",\"author\":{\"@id\":\"https:\/\/www.confagricoltura.org\/piacenza\/#\/schema\/person\/be5da25a3117fea4b3bfec9dba09b5e8\"},\"breadcrumb\":{\"@id\":\"https:\/\/www.confagricoltura.org\/piacenza\/confagricoltura-piacenza-nuovo-caso-di-predazione-da-lupo-vitellina-sbranata-in-stalla-a-casaliggio\/#breadcrumb\"},\"inLanguage\":\"it-IT\",\"potentialAction\":[{\"@type\":\"ReadAction\",\"target\":[\"https:\/\/www.confagricoltura.org\/piacenza\/confagricoltura-piacenza-nuovo-caso-di-predazione-da-lupo-vitellina-sbranata-in-stalla-a-casaliggio\/\"]}]},{\"@type\":\"ImageObject\",\"inLanguage\":\"it-IT\",\"@id\":\"https:\/\/www.confagricoltura.org\/piacenza\/confagricoltura-piacenza-nuovo-caso-di-predazione-da-lupo-vitellina-sbranata-in-stalla-a-casaliggio\/#primaryimage\",\"url\":\"https:\/\/www.confagricoltura.org\/piacenza\/wp-content\/uploads\/sites\/11\/2025\/10\/15-10-25-Vitellina-Opizzi-scaled.jpg\",\"contentUrl\":\"https:\/\/www.confagricoltura.org\/piacenza\/wp-content\/uploads\/sites\/11\/2025\/10\/15-10-25-Vitellina-Opizzi-scaled.jpg\",\"width\":2560,\"height\":1436},{\"@type\":\"BreadcrumbList\",\"@id\":\"https:\/\/www.confagricoltura.org\/piacenza\/confagricoltura-piacenza-nuovo-caso-di-predazione-da-lupo-vitellina-sbranata-in-stalla-a-casaliggio\/#breadcrumb\",\"itemListElement\":[{\"@type\":\"ListItem\",\"position\":1,\"name\":\"Home\",\"item\":\"https:\/\/www.confagricoltura.org\/piacenza\/\"},{\"@type\":\"ListItem\",\"position\":2,\"name\":\"Confagricoltura Piacenza: nuovo caso di predazione da lupo, vitellina sbranata in stalla a Casaliggio\"}]},{\"@type\":\"WebSite\",\"@id\":\"https:\/\/www.confagricoltura.org\/piacenza\/#website\",\"url\":\"https:\/\/www.confagricoltura.org\/piacenza\/\",\"name\":\"Confagricoltura Piacenza\",\"description\":\"Dalla parte degli Agricoltori\",\"potentialAction\":[{\"@type\":\"SearchAction\",\"target\":{\"@type\":\"EntryPoint\",\"urlTemplate\":\"https:\/\/www.confagricoltura.org\/piacenza\/?s={search_term_string}\"},\"query-input\":{\"@type\":\"PropertyValueSpecification\",\"valueRequired\":true,\"valueName\":\"search_term_string\"}}],\"inLanguage\":\"it-IT\"},{\"@type\":\"Person\",\"@id\":\"https:\/\/www.confagricoltura.org\/piacenza\/#\/schema\/person\/be5da25a3117fea4b3bfec9dba09b5e8\",\"name\":\"confagricolturapiacenza\",\"image\":{\"@type\":\"ImageObject\",\"inLanguage\":\"it-IT\",\"@id\":\"https:\/\/www.confagricoltura.org\/piacenza\/#\/schema\/person\/image\/\",\"url\":\"https:\/\/secure.gravatar.com\/avatar\/9c5f111e417171581853bd0a3ff892ca?s=96&d=mm&r=g\",\"contentUrl\":\"https:\/\/secure.gravatar.com\/avatar\/9c5f111e417171581853bd0a3ff892ca?s=96&d=mm&r=g\",\"caption\":\"confagricolturapiacenza\"},\"url\":\"https:\/\/www.confagricoltura.org\/piacenza\/author\/confagricolturapiacenza\/\"}]}<\/script>\n<!-- \/ Yoast SEO plugin. -->","yoast_head_json":{"title":"Confagricoltura Piacenza: nuovo caso di predazione da lupo, vitellina sbranata in stalla a Casaliggio - Confagricoltura Piacenza","robots":{"index":"index","follow":"follow","max-snippet":"max-snippet:-1","max-image-preview":"max-image-preview:large","max-video-preview":"max-video-preview:-1"},"canonical":"https:\/\/www.confagricoltura.org\/piacenza\/confagricoltura-piacenza-nuovo-caso-di-predazione-da-lupo-vitellina-sbranata-in-stalla-a-casaliggio\/","og_locale":"it_IT","og_type":"article","og_title":"Confagricoltura Piacenza: nuovo caso di predazione da lupo, vitellina sbranata in stalla a Casaliggio - Confagricoltura Piacenza","og_description":"Il presidente Gorra: \u201cServe un\u2019assunzione di responsabilit\u00e0 politica: il problema \u00e8 grave e in crescita\u201d","og_url":"https:\/\/www.confagricoltura.org\/piacenza\/confagricoltura-piacenza-nuovo-caso-di-predazione-da-lupo-vitellina-sbranata-in-stalla-a-casaliggio\/","og_site_name":"Confagricoltura Piacenza","article_published_time":"2025-10-15T14:19:27+00:00","article_modified_time":"2025-10-15T14:21:52+00:00","og_image":[{"width":2560,"height":1436,"url":"https:\/\/www.confagricoltura.org\/piacenza\/wp-content\/uploads\/sites\/11\/2025\/10\/15-10-25-Vitellina-Opizzi-scaled.jpg","type":"image\/jpeg"}],"author":"confagricolturapiacenza","twitter_card":"summary_large_image","twitter_misc":{"Scritto da":"confagricolturapiacenza","Tempo di lettura stimato":"3 minuti"},"schema":{"@context":"https:\/\/schema.org","@graph":[{"@type":"Article","@id":"https:\/\/www.confagricoltura.org\/piacenza\/confagricoltura-piacenza-nuovo-caso-di-predazione-da-lupo-vitellina-sbranata-in-stalla-a-casaliggio\/#article","isPartOf":{"@id":"https:\/\/www.confagricoltura.org\/piacenza\/confagricoltura-piacenza-nuovo-caso-di-predazione-da-lupo-vitellina-sbranata-in-stalla-a-casaliggio\/"},"author":{"name":"confagricolturapiacenza","@id":"https:\/\/www.confagricoltura.org\/piacenza\/#\/schema\/person\/be5da25a3117fea4b3bfec9dba09b5e8"},"headline":"Confagricoltura Piacenza: nuovo caso di predazione da lupo, vitellina sbranata in stalla a Casaliggio","datePublished":"2025-10-15T14:19:27+00:00","dateModified":"2025-10-15T14:21:52+00:00","mainEntityOfPage":{"@id":"https:\/\/www.confagricoltura.org\/piacenza\/confagricoltura-piacenza-nuovo-caso-di-predazione-da-lupo-vitellina-sbranata-in-stalla-a-casaliggio\/"},"wordCount":427,"image":{"@id":"https:\/\/www.confagricoltura.org\/piacenza\/confagricoltura-piacenza-nuovo-caso-di-predazione-da-lupo-vitellina-sbranata-in-stalla-a-casaliggio\/#primaryimage"},"thumbnailUrl":"https:\/\/www.confagricoltura.org\/piacenza\/wp-content\/uploads\/sites\/11\/2025\/10\/15-10-25-Vitellina-Opizzi-scaled.jpg","articleSection":["Eventi","News"],"inLanguage":"it-IT"},{"@type":"WebPage","@id":"https:\/\/www.confagricoltura.org\/piacenza\/confagricoltura-piacenza-nuovo-caso-di-predazione-da-lupo-vitellina-sbranata-in-stalla-a-casaliggio\/","url":"https:\/\/www.confagricoltura.org\/piacenza\/confagricoltura-piacenza-nuovo-caso-di-predazione-da-lupo-vitellina-sbranata-in-stalla-a-casaliggio\/","name":"Confagricoltura Piacenza: nuovo caso di predazione da lupo, vitellina sbranata in stalla a Casaliggio - Confagricoltura Piacenza","isPartOf":{"@id":"https:\/\/www.confagricoltura.org\/piacenza\/#website"},"primaryImageOfPage":{"@id":"https:\/\/www.confagricoltura.org\/piacenza\/confagricoltura-piacenza-nuovo-caso-di-predazione-da-lupo-vitellina-sbranata-in-stalla-a-casaliggio\/#primaryimage"},"image":{"@id":"https:\/\/www.confagricoltura.org\/piacenza\/confagricoltura-piacenza-nuovo-caso-di-predazione-da-lupo-vitellina-sbranata-in-stalla-a-casaliggio\/#primaryimage"},"thumbnailUrl":"https:\/\/www.confagricoltura.org\/piacenza\/wp-content\/uploads\/sites\/11\/2025\/10\/15-10-25-Vitellina-Opizzi-scaled.jpg","datePublished":"2025-10-15T14:19:27+00:00","dateModified":"2025-10-15T14:21:52+00:00","author":{"@id":"https:\/\/www.confagricoltura.org\/piacenza\/#\/schema\/person\/be5da25a3117fea4b3bfec9dba09b5e8"},"breadcrumb":{"@id":"https:\/\/www.confagricoltura.org\/piacenza\/confagricoltura-piacenza-nuovo-caso-di-predazione-da-lupo-vitellina-sbranata-in-stalla-a-casaliggio\/#breadcrumb"},"inLanguage":"it-IT","potentialAction":[{"@type":"ReadAction","target":["https:\/\/www.confagricoltura.org\/piacenza\/confagricoltura-piacenza-nuovo-caso-di-predazione-da-lupo-vitellina-sbranata-in-stalla-a-casaliggio\/"]}]},{"@type":"ImageObject","inLanguage":"it-IT","@id":"https:\/\/www.confagricoltura.org\/piacenza\/confagricoltura-piacenza-nuovo-caso-di-predazione-da-lupo-vitellina-sbranata-in-stalla-a-casaliggio\/#primaryimage","url":"https:\/\/www.confagricoltura.org\/piacenza\/wp-content\/uploads\/sites\/11\/2025\/10\/15-10-25-Vitellina-Opizzi-scaled.jpg","contentUrl":"https:\/\/www.confagricoltura.org\/piacenza\/wp-content\/uploads\/sites\/11\/2025\/10\/15-10-25-Vitellina-Opizzi-scaled.jpg","width":2560,"height":1436},{"@type":"BreadcrumbList","@id":"https:\/\/www.confagricoltura.org\/piacenza\/confagricoltura-piacenza-nuovo-caso-di-predazione-da-lupo-vitellina-sbranata-in-stalla-a-casaliggio\/#breadcrumb","itemListElement":[{"@type":"ListItem","position":1,"name":"Home","item":"https:\/\/www.confagricoltura.org\/piacenza\/"},{"@type":"ListItem","position":2,"name":"Confagricoltura Piacenza: nuovo caso di predazione da lupo, vitellina sbranata in stalla a Casaliggio"}]},{"@type":"WebSite","@id":"https:\/\/www.confagricoltura.org\/piacenza\/#website","url":"https:\/\/www.confagricoltura.org\/piacenza\/","name":"Confagricoltura Piacenza","description":"Dalla parte degli Agricoltori","potentialAction":[{"@type":"SearchAction","target":{"@type":"EntryPoint","urlTemplate":"https:\/\/www.confagricoltura.org\/piacenza\/?s={search_term_string}"},"query-input":{"@type":"PropertyValueSpecification","valueRequired":true,"valueName":"search_term_string"}}],"inLanguage":"it-IT"},{"@type":"Person","@id":"https:\/\/www.confagricoltura.org\/piacenza\/#\/schema\/person\/be5da25a3117fea4b3bfec9dba09b5e8","name":"confagricolturapiacenza","image":{"@type":"ImageObject","inLanguage":"it-IT","@id":"https:\/\/www.confagricoltura.org\/piacenza\/#\/schema\/person\/image\/","url":"https:\/\/secure.gravatar.com\/avatar\/9c5f111e417171581853bd0a3ff892ca?s=96&d=mm&r=g","contentUrl":"https:\/\/secure.gravatar.com\/avatar\/9c5f111e417171581853bd0a3ff892ca?s=96&d=mm&r=g","caption":"confagricolturapiacenza"},"url":"https:\/\/www.confagricoltura.org\/piacenza\/author\/confagricolturapiacenza\/"}]}},"_links":{"self":[{"href":"https:\/\/www.confagricoltura.org\/piacenza\/wp-json\/wp\/v2\/posts\/5214","targetHints":{"allow":["GET"]}}],"collection":[{"href":"https:\/\/www.confagricoltura.org\/piacenza\/wp-json\/wp\/v2\/posts"}],"about":[{"href":"https:\/\/www.confagricoltura.org\/piacenza\/wp-json\/wp\/v2\/types\/post"}],"author":[{"embeddable":true,"href":"https:\/\/www.confagricoltura.org\/piacenza\/wp-json\/wp\/v2\/users\/6"}],"replies":[{"embeddable":true,"href":"https:\/\/www.confagricoltura.org\/piacenza\/wp-json\/wp\/v2\/comments?post=5214"}],"version-history":[{"count":1,"href":"https:\/\/www.confagricoltura.org\/piacenza\/wp-json\/wp\/v2\/posts\/5214\/revisions"}],"predecessor-version":[{"id":5216,"href":"https:\/\/www.confagricoltura.org\/piacenza\/wp-json\/wp\/v2\/posts\/5214\/revisions\/5216"}],"wp:featuredmedia":[{"embeddable":true,"href":"https:\/\/www.confagricoltura.org\/piacenza\/wp-json\/wp\/v2\/media\/5215"}],"wp:attachment":[{"href":"https:\/\/www.confagricoltura.org\/piacenza\/wp-json\/wp\/v2\/media?parent=5214"}],"wp:term":[{"taxonomy":"category","embeddable":true,"href":"https:\/\/www.confagricoltura.org\/piacenza\/wp-json\/wp\/v2\/categories?post=5214"},{"taxonomy":"post_tag","embeddable":true,"href":"https:\/\/www.confagricoltura.org\/piacenza\/wp-json\/wp\/v2\/tags?post=5214"}],"curies":[{"name":"wp","href":"https:\/\/api.w.org\/{rel}","templated":true}]}}