{"id":5208,"date":"2025-10-13T15:45:15","date_gmt":"2025-10-13T13:45:15","guid":{"rendered":"https:\/\/www.confagricoltura.org\/piacenza\/?p=5208"},"modified":"2025-10-15T16:29:23","modified_gmt":"2025-10-15T14:29:23","slug":"a-cena-con-la-scienza-2025-il-tempo-la-demografia-e-lo-sguardo-verso-i-prossimi-25-anni","status":"publish","type":"post","link":"https:\/\/www.confagricoltura.org\/piacenza\/a-cena-con-la-scienza-2025-il-tempo-la-demografia-e-lo-sguardo-verso-i-prossimi-25-anni\/","title":{"rendered":"\u201cA Cena con la Scienza 2025\u201d: il tempo, la demografia e lo sguardo verso i prossimi 25 anni"},"content":{"rendered":"<p>Piacenza, 13 ottobre settembre 2025 \u2014 Si \u00e8 concluso a settembre, presso l\u2019Agriturismo La Locanda dei Melograni (Loc. Caratta, Gossolengo) il ricco ciclo 2025 di A Cena con la Scienza, promosso da Confagricoltura Piacenza insieme ad Agriturist. Tema dell\u2019anno: \u201cI prossimi 25 anni\u201d. L\u2019ultimo appuntamento ha visto protagonista Francesco Billari, Professore di demografia e Rettore dell\u2019Universit\u00e0 Bocconi, che ha contribuito a una riflessione profonda su come gli orientamenti demografici, sociali ed economici stiano gi\u00e0 oggi plasmando il nostro futuro.<\/p>\n<p>Nel corso della primavera e dell\u2019estate, il programma ha unito relazioni scientifiche di alto profilo con momenti conviviali, dialoghi e degustazioni dei prodotti locali. Sono intervenuti: Marco Ricotti sul ruolo del nucleare nella transizione energetica, con una chiara mappatura di efficienza energetica, confronto con fonti rinnovabili, sfide sulle scorie e percezioni pubbliche; Maurizio Ambrosini ha affrontato il tema \u201cStato d\u2019assedio \u2013 come la paura dei rifugiati ci sta rendendo peggiori\u201d;\u00a0 Marco Trevisan ha parlato di innovazione in agricoltura, dal livello cellulare alle tecnologie satellitari; Manuela Galati ha raccontato il mondo della stampa 3D, non solo come curiosit\u00e0 tecnologica, ma come paradigma che pu\u00f2 cambiare produzione, design, medicina, agricoltura, introducendo anche la stampa 4D, oggetti che cambiano nel tempo, materiali nuovi, processi pi\u00f9 locali e su misura.<\/p>\n<p>Francesco Billari ha chiuso la rassegna con una serata intitolata \u201cDomani \u00e8 oggi \u2013 costruire il futuro con le lenti della demografia\u201d. L\u2019intervento ha offerto non solo una lettura dei numeri \u2013 natalit\u00e0, migrazione, invecchiamento \u2013 ma anche delle traiettorie possibili se si cambiano alcune politiche chiave.\u00a0 Billari ha mostrato come in Italia la natalit\u00e0 sia bassa da molti anni, con pochi segnali di inversione e come l\u2019invecchiamento della popolazione sia un fenomeno ormai consolidato. L\u2019effetto \u00e8 non solo numerico, ma strutturale: minore forza lavoro, aumento del carico sociale (welfare, sanit\u00e0), sfide per i giovani. L\u2019esperto ha sondato il ruolo delle migrazioni: non come tema di contrapposizione, ma come elemento necessario per compensare squilibri demografici. Billari ha sottolineato che una politica migratoria ben gestita pu\u00f2 essere una leva fondamentale, sia per mantenere popolazioni attive sia per innovazione sociale. In tema di politiche per la famiglia e i giovani occorre investire su sostegno alla genitorialit\u00e0, servizi per l\u2019infanzia, abitazioni accessibili, opportunit\u00e0 educative, lavoro stabile. \u201cSe non si rendono possibili queste condizioni, molti giovani scelgono di posticipare o rinunciare al progetto famiglia, o cercano altrove condizioni migliori\u201d \u2013 ha evidenziato lo studioso. E poi l\u2019importanza di guardare i dati con concretezza: Billari ha invitato il pubblico a superare stereotipi e percezioni emotive, a usare dati reali per capire dove siamo, dove stiamo andando, e quali politiche possono funzionare. Ha ribadito che la demografia non \u00e8 solo numeri, ma \u00e8 intreccio di cultura, economia, istituzioni. \u201cil futuro non \u00e8 scritto &#8211; ha detto &#8211; ma molti scenari dipendono dalle scelte che si faranno oggi: dall\u2019educazione, al welfare, dal ruolo delle comunit\u00e0 locali, alla capacit\u00e0 di innovare nei territori. In contesti rurali, come quelli degli agriturismi ospitanti questo ciclo, il valore aggiunto pu\u00f2 venire dall\u2019equilibrio tra tradizione e innovazione, tra cura del territorio e apertura al cambiamento\u201d.<\/p>\n<p>Anche nella sua sedicesima edizione A Cena con la Scienza 2025 ha confermato la sua capacit\u00e0 di far incontrare il sapere scientifico con la comunit\u00e0, non solo come ascolto passivo ma come dialogo attivo. Ogni serata ha permesso di combinare divulgazione, riflessione critica e legame territoriale, grazie all\u2019ospitalit\u00e0 degli agriturismi locali e all\u2019uso di prodotti agricoli del territorio nei menu.<\/p>\n<p>Il tema \u201cI prossimi 25 anni\u201d ha stimolato un senso di responsabilit\u00e0: si \u00e8 percepito che le scelte individuali e collettive gi\u00e0 oggi segnano la traiettoria di dove saremo domani. Un ringraziamento va a tutti i relatori, ai partecipanti, agli agriturismi che hanno ospitato gli eventi, agli interessati che hanno reso vive le serate non solo con la loro presenza ma con le domande, i dubbi, le riflessioni. Il coordinamento scientifico dell\u2019iniziativa \u00e8 curato da Michele Lodigiani, che ha condotto l\u2019intero ciclo con competenza, equilibrio e apertura.<\/p>\n<p>Si chiude un\u2019edizione che lascia motivi di speranza, ma anche precise sfide: rendere pi\u00f9 forte il dialogo tra scienza e societ\u00e0, rafforzare le politiche demografiche e giovanili, investire nell\u2019innovazione che rispetti il territorio. Confagricoltura Piacenza e Agriturist guardano gi\u00e0 all\u2019edizione futura con l\u2019obiettivo di continuare su questa strada.<\/p>\n<p>Sul canale YouTube di Confagricoltura Piacenza \u00e8 possibile vedere anche le registrazioni degli interventi e a questo<strong> <a href=\"https:\/\/youtu.be\/0jWmUj9drFk?si=4rBGxjRvZGnw_uy9\">link<\/a> <\/strong>la registrazione del Rettore<\/p>\n<p>&nbsp;<\/p>\n","protected":false},"excerpt":{"rendered":"<p>Sipario sulla XVI edizione. Confagricoltura e Agriturist guardano alla diciassettesima edizione<\/p>\n","protected":false},"author":6,"featured_media":5209,"comment_status":"closed","ping_status":"closed","sticky":false,"template":"","format":"standard","meta":{"wp_mapbox_gl_js_media":[],"footnotes":""},"categories":[21,4],"tags":[],"class_list":["post-5208","post","type-post","status-publish","format-standard","has-post-thumbnail","hentry","category-eventi","category-news"],"yoast_head":"<!-- This site is optimized with the Yoast SEO plugin v26.8 - https:\/\/yoast.com\/product\/yoast-seo-wordpress\/ -->\n<title>\u201cA Cena con la Scienza 2025\u201d: il tempo, la demografia e lo sguardo verso i prossimi 25 anni - Confagricoltura Piacenza<\/title>\n<meta name=\"robots\" content=\"index, follow, max-snippet:-1, max-image-preview:large, max-video-preview:-1\" \/>\n<link rel=\"canonical\" href=\"https:\/\/www.confagricoltura.org\/piacenza\/a-cena-con-la-scienza-2025-il-tempo-la-demografia-e-lo-sguardo-verso-i-prossimi-25-anni\/\" \/>\n<meta property=\"og:locale\" content=\"it_IT\" \/>\n<meta property=\"og:type\" content=\"article\" \/>\n<meta property=\"og:title\" content=\"\u201cA Cena con la Scienza 2025\u201d: il tempo, la demografia e lo sguardo verso i prossimi 25 anni - Confagricoltura Piacenza\" \/>\n<meta property=\"og:description\" content=\"Sipario sulla XVI edizione. Confagricoltura e Agriturist guardano alla diciassettesima edizione\" \/>\n<meta property=\"og:url\" content=\"https:\/\/www.confagricoltura.org\/piacenza\/a-cena-con-la-scienza-2025-il-tempo-la-demografia-e-lo-sguardo-verso-i-prossimi-25-anni\/\" \/>\n<meta property=\"og:site_name\" content=\"Confagricoltura Piacenza\" \/>\n<meta property=\"article:published_time\" content=\"2025-10-13T13:45:15+00:00\" \/>\n<meta property=\"article:modified_time\" content=\"2025-10-15T14:29:23+00:00\" \/>\n<meta property=\"og:image\" content=\"https:\/\/www.confagricoltura.org\/piacenza\/wp-content\/uploads\/sites\/11\/2025\/10\/Francesco-Billari.jpg\" \/>\n\t<meta property=\"og:image:width\" content=\"900\" \/>\n\t<meta property=\"og:image:height\" content=\"1200\" \/>\n\t<meta property=\"og:image:type\" content=\"image\/jpeg\" \/>\n<meta name=\"author\" content=\"confagricolturapiacenza\" \/>\n<meta name=\"twitter:card\" content=\"summary_large_image\" \/>\n<meta name=\"twitter:label1\" content=\"Scritto da\" \/>\n\t<meta name=\"twitter:data1\" content=\"confagricolturapiacenza\" \/>\n\t<meta name=\"twitter:label2\" content=\"Tempo di lettura stimato\" \/>\n\t<meta name=\"twitter:data2\" content=\"5 minuti\" \/>\n<script type=\"application\/ld+json\" class=\"yoast-schema-graph\">{\"@context\":\"https:\/\/schema.org\",\"@graph\":[{\"@type\":\"Article\",\"@id\":\"https:\/\/www.confagricoltura.org\/piacenza\/a-cena-con-la-scienza-2025-il-tempo-la-demografia-e-lo-sguardo-verso-i-prossimi-25-anni\/#article\",\"isPartOf\":{\"@id\":\"https:\/\/www.confagricoltura.org\/piacenza\/a-cena-con-la-scienza-2025-il-tempo-la-demografia-e-lo-sguardo-verso-i-prossimi-25-anni\/\"},\"author\":{\"name\":\"confagricolturapiacenza\",\"@id\":\"https:\/\/www.confagricoltura.org\/piacenza\/#\/schema\/person\/be5da25a3117fea4b3bfec9dba09b5e8\"},\"headline\":\"\u201cA Cena con la Scienza 2025\u201d: il tempo, la demografia e lo sguardo verso i prossimi 25 anni\",\"datePublished\":\"2025-10-13T13:45:15+00:00\",\"dateModified\":\"2025-10-15T14:29:23+00:00\",\"mainEntityOfPage\":{\"@id\":\"https:\/\/www.confagricoltura.org\/piacenza\/a-cena-con-la-scienza-2025-il-tempo-la-demografia-e-lo-sguardo-verso-i-prossimi-25-anni\/\"},\"wordCount\":743,\"image\":{\"@id\":\"https:\/\/www.confagricoltura.org\/piacenza\/a-cena-con-la-scienza-2025-il-tempo-la-demografia-e-lo-sguardo-verso-i-prossimi-25-anni\/#primaryimage\"},\"thumbnailUrl\":\"https:\/\/www.confagricoltura.org\/piacenza\/wp-content\/uploads\/sites\/11\/2025\/10\/Francesco-Billari.jpg\",\"articleSection\":[\"Eventi\",\"News\"],\"inLanguage\":\"it-IT\"},{\"@type\":\"WebPage\",\"@id\":\"https:\/\/www.confagricoltura.org\/piacenza\/a-cena-con-la-scienza-2025-il-tempo-la-demografia-e-lo-sguardo-verso-i-prossimi-25-anni\/\",\"url\":\"https:\/\/www.confagricoltura.org\/piacenza\/a-cena-con-la-scienza-2025-il-tempo-la-demografia-e-lo-sguardo-verso-i-prossimi-25-anni\/\",\"name\":\"\u201cA Cena con la Scienza 2025\u201d: il tempo, la demografia e lo sguardo verso i prossimi 25 anni - Confagricoltura Piacenza\",\"isPartOf\":{\"@id\":\"https:\/\/www.confagricoltura.org\/piacenza\/#website\"},\"primaryImageOfPage\":{\"@id\":\"https:\/\/www.confagricoltura.org\/piacenza\/a-cena-con-la-scienza-2025-il-tempo-la-demografia-e-lo-sguardo-verso-i-prossimi-25-anni\/#primaryimage\"},\"image\":{\"@id\":\"https:\/\/www.confagricoltura.org\/piacenza\/a-cena-con-la-scienza-2025-il-tempo-la-demografia-e-lo-sguardo-verso-i-prossimi-25-anni\/#primaryimage\"},\"thumbnailUrl\":\"https:\/\/www.confagricoltura.org\/piacenza\/wp-content\/uploads\/sites\/11\/2025\/10\/Francesco-Billari.jpg\",\"datePublished\":\"2025-10-13T13:45:15+00:00\",\"dateModified\":\"2025-10-15T14:29:23+00:00\",\"author\":{\"@id\":\"https:\/\/www.confagricoltura.org\/piacenza\/#\/schema\/person\/be5da25a3117fea4b3bfec9dba09b5e8\"},\"breadcrumb\":{\"@id\":\"https:\/\/www.confagricoltura.org\/piacenza\/a-cena-con-la-scienza-2025-il-tempo-la-demografia-e-lo-sguardo-verso-i-prossimi-25-anni\/#breadcrumb\"},\"inLanguage\":\"it-IT\",\"potentialAction\":[{\"@type\":\"ReadAction\",\"target\":[\"https:\/\/www.confagricoltura.org\/piacenza\/a-cena-con-la-scienza-2025-il-tempo-la-demografia-e-lo-sguardo-verso-i-prossimi-25-anni\/\"]}]},{\"@type\":\"ImageObject\",\"inLanguage\":\"it-IT\",\"@id\":\"https:\/\/www.confagricoltura.org\/piacenza\/a-cena-con-la-scienza-2025-il-tempo-la-demografia-e-lo-sguardo-verso-i-prossimi-25-anni\/#primaryimage\",\"url\":\"https:\/\/www.confagricoltura.org\/piacenza\/wp-content\/uploads\/sites\/11\/2025\/10\/Francesco-Billari.jpg\",\"contentUrl\":\"https:\/\/www.confagricoltura.org\/piacenza\/wp-content\/uploads\/sites\/11\/2025\/10\/Francesco-Billari.jpg\",\"width\":900,\"height\":1200},{\"@type\":\"BreadcrumbList\",\"@id\":\"https:\/\/www.confagricoltura.org\/piacenza\/a-cena-con-la-scienza-2025-il-tempo-la-demografia-e-lo-sguardo-verso-i-prossimi-25-anni\/#breadcrumb\",\"itemListElement\":[{\"@type\":\"ListItem\",\"position\":1,\"name\":\"Home\",\"item\":\"https:\/\/www.confagricoltura.org\/piacenza\/\"},{\"@type\":\"ListItem\",\"position\":2,\"name\":\"\u201cA Cena con la Scienza 2025\u201d: il tempo, la demografia e lo sguardo verso i prossimi 25 anni\"}]},{\"@type\":\"WebSite\",\"@id\":\"https:\/\/www.confagricoltura.org\/piacenza\/#website\",\"url\":\"https:\/\/www.confagricoltura.org\/piacenza\/\",\"name\":\"Confagricoltura Piacenza\",\"description\":\"Dalla parte degli Agricoltori\",\"potentialAction\":[{\"@type\":\"SearchAction\",\"target\":{\"@type\":\"EntryPoint\",\"urlTemplate\":\"https:\/\/www.confagricoltura.org\/piacenza\/?s={search_term_string}\"},\"query-input\":{\"@type\":\"PropertyValueSpecification\",\"valueRequired\":true,\"valueName\":\"search_term_string\"}}],\"inLanguage\":\"it-IT\"},{\"@type\":\"Person\",\"@id\":\"https:\/\/www.confagricoltura.org\/piacenza\/#\/schema\/person\/be5da25a3117fea4b3bfec9dba09b5e8\",\"name\":\"confagricolturapiacenza\",\"image\":{\"@type\":\"ImageObject\",\"inLanguage\":\"it-IT\",\"@id\":\"https:\/\/www.confagricoltura.org\/piacenza\/#\/schema\/person\/image\/\",\"url\":\"https:\/\/secure.gravatar.com\/avatar\/9c5f111e417171581853bd0a3ff892ca?s=96&d=mm&r=g\",\"contentUrl\":\"https:\/\/secure.gravatar.com\/avatar\/9c5f111e417171581853bd0a3ff892ca?s=96&d=mm&r=g\",\"caption\":\"confagricolturapiacenza\"},\"url\":\"https:\/\/www.confagricoltura.org\/piacenza\/author\/confagricolturapiacenza\/\"}]}<\/script>\n<!-- \/ Yoast SEO plugin. -->","yoast_head_json":{"title":"\u201cA Cena con la Scienza 2025\u201d: il tempo, la demografia e lo sguardo verso i prossimi 25 anni - Confagricoltura Piacenza","robots":{"index":"index","follow":"follow","max-snippet":"max-snippet:-1","max-image-preview":"max-image-preview:large","max-video-preview":"max-video-preview:-1"},"canonical":"https:\/\/www.confagricoltura.org\/piacenza\/a-cena-con-la-scienza-2025-il-tempo-la-demografia-e-lo-sguardo-verso-i-prossimi-25-anni\/","og_locale":"it_IT","og_type":"article","og_title":"\u201cA Cena con la Scienza 2025\u201d: il tempo, la demografia e lo sguardo verso i prossimi 25 anni - Confagricoltura Piacenza","og_description":"Sipario sulla XVI edizione. Confagricoltura e Agriturist guardano alla diciassettesima edizione","og_url":"https:\/\/www.confagricoltura.org\/piacenza\/a-cena-con-la-scienza-2025-il-tempo-la-demografia-e-lo-sguardo-verso-i-prossimi-25-anni\/","og_site_name":"Confagricoltura Piacenza","article_published_time":"2025-10-13T13:45:15+00:00","article_modified_time":"2025-10-15T14:29:23+00:00","og_image":[{"width":900,"height":1200,"url":"https:\/\/www.confagricoltura.org\/piacenza\/wp-content\/uploads\/sites\/11\/2025\/10\/Francesco-Billari.jpg","type":"image\/jpeg"}],"author":"confagricolturapiacenza","twitter_card":"summary_large_image","twitter_misc":{"Scritto da":"confagricolturapiacenza","Tempo di lettura stimato":"5 minuti"},"schema":{"@context":"https:\/\/schema.org","@graph":[{"@type":"Article","@id":"https:\/\/www.confagricoltura.org\/piacenza\/a-cena-con-la-scienza-2025-il-tempo-la-demografia-e-lo-sguardo-verso-i-prossimi-25-anni\/#article","isPartOf":{"@id":"https:\/\/www.confagricoltura.org\/piacenza\/a-cena-con-la-scienza-2025-il-tempo-la-demografia-e-lo-sguardo-verso-i-prossimi-25-anni\/"},"author":{"name":"confagricolturapiacenza","@id":"https:\/\/www.confagricoltura.org\/piacenza\/#\/schema\/person\/be5da25a3117fea4b3bfec9dba09b5e8"},"headline":"\u201cA Cena con la Scienza 2025\u201d: il tempo, la demografia e lo sguardo verso i prossimi 25 anni","datePublished":"2025-10-13T13:45:15+00:00","dateModified":"2025-10-15T14:29:23+00:00","mainEntityOfPage":{"@id":"https:\/\/www.confagricoltura.org\/piacenza\/a-cena-con-la-scienza-2025-il-tempo-la-demografia-e-lo-sguardo-verso-i-prossimi-25-anni\/"},"wordCount":743,"image":{"@id":"https:\/\/www.confagricoltura.org\/piacenza\/a-cena-con-la-scienza-2025-il-tempo-la-demografia-e-lo-sguardo-verso-i-prossimi-25-anni\/#primaryimage"},"thumbnailUrl":"https:\/\/www.confagricoltura.org\/piacenza\/wp-content\/uploads\/sites\/11\/2025\/10\/Francesco-Billari.jpg","articleSection":["Eventi","News"],"inLanguage":"it-IT"},{"@type":"WebPage","@id":"https:\/\/www.confagricoltura.org\/piacenza\/a-cena-con-la-scienza-2025-il-tempo-la-demografia-e-lo-sguardo-verso-i-prossimi-25-anni\/","url":"https:\/\/www.confagricoltura.org\/piacenza\/a-cena-con-la-scienza-2025-il-tempo-la-demografia-e-lo-sguardo-verso-i-prossimi-25-anni\/","name":"\u201cA Cena con la Scienza 2025\u201d: il tempo, la demografia e lo sguardo verso i prossimi 25 anni - Confagricoltura Piacenza","isPartOf":{"@id":"https:\/\/www.confagricoltura.org\/piacenza\/#website"},"primaryImageOfPage":{"@id":"https:\/\/www.confagricoltura.org\/piacenza\/a-cena-con-la-scienza-2025-il-tempo-la-demografia-e-lo-sguardo-verso-i-prossimi-25-anni\/#primaryimage"},"image":{"@id":"https:\/\/www.confagricoltura.org\/piacenza\/a-cena-con-la-scienza-2025-il-tempo-la-demografia-e-lo-sguardo-verso-i-prossimi-25-anni\/#primaryimage"},"thumbnailUrl":"https:\/\/www.confagricoltura.org\/piacenza\/wp-content\/uploads\/sites\/11\/2025\/10\/Francesco-Billari.jpg","datePublished":"2025-10-13T13:45:15+00:00","dateModified":"2025-10-15T14:29:23+00:00","author":{"@id":"https:\/\/www.confagricoltura.org\/piacenza\/#\/schema\/person\/be5da25a3117fea4b3bfec9dba09b5e8"},"breadcrumb":{"@id":"https:\/\/www.confagricoltura.org\/piacenza\/a-cena-con-la-scienza-2025-il-tempo-la-demografia-e-lo-sguardo-verso-i-prossimi-25-anni\/#breadcrumb"},"inLanguage":"it-IT","potentialAction":[{"@type":"ReadAction","target":["https:\/\/www.confagricoltura.org\/piacenza\/a-cena-con-la-scienza-2025-il-tempo-la-demografia-e-lo-sguardo-verso-i-prossimi-25-anni\/"]}]},{"@type":"ImageObject","inLanguage":"it-IT","@id":"https:\/\/www.confagricoltura.org\/piacenza\/a-cena-con-la-scienza-2025-il-tempo-la-demografia-e-lo-sguardo-verso-i-prossimi-25-anni\/#primaryimage","url":"https:\/\/www.confagricoltura.org\/piacenza\/wp-content\/uploads\/sites\/11\/2025\/10\/Francesco-Billari.jpg","contentUrl":"https:\/\/www.confagricoltura.org\/piacenza\/wp-content\/uploads\/sites\/11\/2025\/10\/Francesco-Billari.jpg","width":900,"height":1200},{"@type":"BreadcrumbList","@id":"https:\/\/www.confagricoltura.org\/piacenza\/a-cena-con-la-scienza-2025-il-tempo-la-demografia-e-lo-sguardo-verso-i-prossimi-25-anni\/#breadcrumb","itemListElement":[{"@type":"ListItem","position":1,"name":"Home","item":"https:\/\/www.confagricoltura.org\/piacenza\/"},{"@type":"ListItem","position":2,"name":"\u201cA Cena con la Scienza 2025\u201d: il tempo, la demografia e lo sguardo verso i prossimi 25 anni"}]},{"@type":"WebSite","@id":"https:\/\/www.confagricoltura.org\/piacenza\/#website","url":"https:\/\/www.confagricoltura.org\/piacenza\/","name":"Confagricoltura Piacenza","description":"Dalla parte degli Agricoltori","potentialAction":[{"@type":"SearchAction","target":{"@type":"EntryPoint","urlTemplate":"https:\/\/www.confagricoltura.org\/piacenza\/?s={search_term_string}"},"query-input":{"@type":"PropertyValueSpecification","valueRequired":true,"valueName":"search_term_string"}}],"inLanguage":"it-IT"},{"@type":"Person","@id":"https:\/\/www.confagricoltura.org\/piacenza\/#\/schema\/person\/be5da25a3117fea4b3bfec9dba09b5e8","name":"confagricolturapiacenza","image":{"@type":"ImageObject","inLanguage":"it-IT","@id":"https:\/\/www.confagricoltura.org\/piacenza\/#\/schema\/person\/image\/","url":"https:\/\/secure.gravatar.com\/avatar\/9c5f111e417171581853bd0a3ff892ca?s=96&d=mm&r=g","contentUrl":"https:\/\/secure.gravatar.com\/avatar\/9c5f111e417171581853bd0a3ff892ca?s=96&d=mm&r=g","caption":"confagricolturapiacenza"},"url":"https:\/\/www.confagricoltura.org\/piacenza\/author\/confagricolturapiacenza\/"}]}},"_links":{"self":[{"href":"https:\/\/www.confagricoltura.org\/piacenza\/wp-json\/wp\/v2\/posts\/5208","targetHints":{"allow":["GET"]}}],"collection":[{"href":"https:\/\/www.confagricoltura.org\/piacenza\/wp-json\/wp\/v2\/posts"}],"about":[{"href":"https:\/\/www.confagricoltura.org\/piacenza\/wp-json\/wp\/v2\/types\/post"}],"author":[{"embeddable":true,"href":"https:\/\/www.confagricoltura.org\/piacenza\/wp-json\/wp\/v2\/users\/6"}],"replies":[{"embeddable":true,"href":"https:\/\/www.confagricoltura.org\/piacenza\/wp-json\/wp\/v2\/comments?post=5208"}],"version-history":[{"count":3,"href":"https:\/\/www.confagricoltura.org\/piacenza\/wp-json\/wp\/v2\/posts\/5208\/revisions"}],"predecessor-version":[{"id":5220,"href":"https:\/\/www.confagricoltura.org\/piacenza\/wp-json\/wp\/v2\/posts\/5208\/revisions\/5220"}],"wp:featuredmedia":[{"embeddable":true,"href":"https:\/\/www.confagricoltura.org\/piacenza\/wp-json\/wp\/v2\/media\/5209"}],"wp:attachment":[{"href":"https:\/\/www.confagricoltura.org\/piacenza\/wp-json\/wp\/v2\/media?parent=5208"}],"wp:term":[{"taxonomy":"category","embeddable":true,"href":"https:\/\/www.confagricoltura.org\/piacenza\/wp-json\/wp\/v2\/categories?post=5208"},{"taxonomy":"post_tag","embeddable":true,"href":"https:\/\/www.confagricoltura.org\/piacenza\/wp-json\/wp\/v2\/tags?post=5208"}],"curies":[{"name":"wp","href":"https:\/\/api.w.org\/{rel}","templated":true}]}}