{"id":5196,"date":"2025-10-08T11:45:00","date_gmt":"2025-10-08T09:45:00","guid":{"rendered":"https:\/\/www.confagricoltura.org\/piacenza\/?p=5196"},"modified":"2025-10-10T11:47:09","modified_gmt":"2025-10-10T09:47:09","slug":"il-2025-ha-regalato-una-buona-vendemmia-attesi-ottimi-vini","status":"publish","type":"post","link":"https:\/\/www.confagricoltura.org\/piacenza\/il-2025-ha-regalato-una-buona-vendemmia-attesi-ottimi-vini\/","title":{"rendered":"Il 2025 ha regalato una buona vendemmia, attesi ottimi vini"},"content":{"rendered":"<p>Piacenza, mercoled\u00ec 08 ottobre 2025 \u2013 Con i primi giorni di ottobre si sono concluse tutte le operazioni di vendemmia che hanno visto le aziende vitivinicole piacentine impegnate dalla seconda met\u00e0 di agosto, prima con la raccolta delle uve bianche, successivamente con le rosse. A fare un bilancio per Confagricoltura Piacenza \u00e8 il presidente della sezione vitivinicola Stefano Pizzamiglio, dopo un confronto con i colleghi delle diverse vallate. \u201cIl giudizio comune \u00e8 che, rispetto allo scorso anno, sia stata una vendemmia pi\u00f9 facile e lineare. Non ci sono state le perdite del 2024 e abbiamo potuto raccogliere con una certa serenit\u00e0\u201d. Confagricoltura Piacenza ricorda sempre che il comparto del vino piacentino, caratterizzato da una vitivinicoltura collinare e di qualit\u00e0, dai forti tratti distintivi dei vini, si caratterizza strutturalmente per specificit\u00e0 marcate, anche da vigneto a vigneto, ma ci\u00f2 non preclude una valutazione complessiva, pur con le dovute differenze. \u201cOvviamente non per tutti, o comunque non nello stesso modo \u2013 precisa Pizzamiglio \u2013 ma rileviamo che per i bianchi abbiamo raggiunto sia ottime maturazioni che elevati gradi di acidit\u00e0. Un tratto molto positivo che conferir\u00e0 ai vini grande freschezza: un pregio per la loro bevibilit\u00e0 e per la longevit\u00e0. Ci aspettiamo vini bianchi fragranti e molto ricchi di profumi. L\u2019acidit\u00e0 elevata \u00e8 un ottimo presupposto anche per le basi spumante, sar\u00e0 un\u2019annata particolarmente buona per chi fa metodo classico\u201d \u2013 sottolinea l\u2019esperto che \u00e8 anche sommelier e con il fratello Ferruccio \u00e8 titolare della nota azienda La Tosa.<\/p>\n<p>Rispetto al 2024, annata caratterizzata dalle piogge in vendemmia e quindi con i problemi legati ai terreni bagnati e fangosi e alle fitopatie, si \u00e8 lavorato in condizioni decisamente migliori. Un 2025 con condizioni quasi ottimali, senza le perdite dello scorso anno, ma con una piccola delusione per quanto riguarda le quantit\u00e0, un poco al di sotto delle attese. \u201cTra fine giugno e inizio luglio e subito prima di ferragosto \u2013 ricorda Pizzamiglio &#8211; ci sono stati momenti in cui abbiamo registrato una certa mancanza d\u2019acqua e forte caldo. Le viti hanno leggermente sofferto e questo ha determinato acini piccoli e un calo di peso, un aspetto registrato soprattutto in Val Tidone, mentre da noi, in Val Nure, un po\u2019 meno. In Val d\u2019Arda e Val Chiavenna questo fenomeno \u00e8 stato decisamente pi\u00f9 contenuto\u201d.<\/p>\n<p>Anche le uve rosse hanno avuto una buona maturazione: le piogge di fine agosto e inizio settembre hanno aiutato le viti a riprendersi dalla leggera sofferenza, consegnando uve sane e con una buona struttura. \u201cAnche per i vini rossi ci aspettiamo ricchezza di profumi e di aromi \u2013 commenta soddisfatto il dirigente di Confagricoltura Piacenza &#8211; e per i vigneti migliori, vocati ai vini riserva, una struttura pi\u00f9 che buona. Di questa vendemmia non ci possiamo lamentare \u2013 conclude &#8211; vero \u00e8 che ci aspettavamo qualcosa in pi\u00f9 in quantit\u00e0, ma in questi termini \u00e8 un elemento tutto sommato poco significativo, per la nostra viticoltura, collinare e con basse rese, prettamente concentrata sugli aspetti qualitativi. Ora l\u2019appuntamento \u00e8 in cantina, per assaggiare i vini nuovi tra una settimana o due, quando saranno terminate le fermentazioni \u201c.<\/p>\n","protected":false},"excerpt":{"rendered":"<p>Stefano Pizzamiglio (Confagricoltura Piacenza): operazioni lineari, rese leggermente contenute, molto buona la qualit\u00e0<\/p>\n","protected":false},"author":6,"featured_media":5145,"comment_status":"closed","ping_status":"closed","sticky":false,"template":"","format":"standard","meta":{"wp_mapbox_gl_js_media":[],"footnotes":""},"categories":[4,16],"tags":[609],"class_list":["post-5196","post","type-post","status-publish","format-standard","has-post-thumbnail","hentry","category-news","category-settore-vitivinicolo","tag-vendemmia-2025"],"yoast_head":"<!-- This site is optimized with the Yoast SEO plugin v26.8 - https:\/\/yoast.com\/product\/yoast-seo-wordpress\/ -->\n<title>Il 2025 ha regalato una buona vendemmia, attesi ottimi vini - Confagricoltura Piacenza<\/title>\n<meta name=\"robots\" content=\"index, follow, max-snippet:-1, max-image-preview:large, max-video-preview:-1\" \/>\n<link rel=\"canonical\" href=\"https:\/\/www.confagricoltura.org\/piacenza\/il-2025-ha-regalato-una-buona-vendemmia-attesi-ottimi-vini\/\" \/>\n<meta property=\"og:locale\" content=\"it_IT\" \/>\n<meta property=\"og:type\" content=\"article\" \/>\n<meta property=\"og:title\" content=\"Il 2025 ha regalato una buona vendemmia, attesi ottimi vini - Confagricoltura Piacenza\" \/>\n<meta property=\"og:description\" content=\"Stefano Pizzamiglio (Confagricoltura Piacenza): operazioni lineari, rese leggermente contenute, molto buona la qualit\u00e0\" \/>\n<meta property=\"og:url\" content=\"https:\/\/www.confagricoltura.org\/piacenza\/il-2025-ha-regalato-una-buona-vendemmia-attesi-ottimi-vini\/\" \/>\n<meta property=\"og:site_name\" content=\"Confagricoltura Piacenza\" \/>\n<meta property=\"article:published_time\" content=\"2025-10-08T09:45:00+00:00\" \/>\n<meta property=\"article:modified_time\" content=\"2025-10-10T09:47:09+00:00\" \/>\n<meta property=\"og:image\" content=\"https:\/\/www.confagricoltura.org\/piacenza\/wp-content\/uploads\/sites\/11\/2025\/08\/Stefano-Pizzamiglio-2025-.jpeg\" \/>\n\t<meta property=\"og:image:width\" content=\"2016\" \/>\n\t<meta property=\"og:image:height\" content=\"1512\" \/>\n\t<meta property=\"og:image:type\" content=\"image\/jpeg\" \/>\n<meta name=\"author\" content=\"confagricolturapiacenza\" \/>\n<meta name=\"twitter:card\" content=\"summary_large_image\" \/>\n<meta name=\"twitter:label1\" content=\"Scritto da\" \/>\n\t<meta name=\"twitter:data1\" content=\"confagricolturapiacenza\" \/>\n\t<meta name=\"twitter:label2\" content=\"Tempo di lettura stimato\" \/>\n\t<meta name=\"twitter:data2\" content=\"3 minuti\" \/>\n<script type=\"application\/ld+json\" class=\"yoast-schema-graph\">{\"@context\":\"https:\/\/schema.org\",\"@graph\":[{\"@type\":\"Article\",\"@id\":\"https:\/\/www.confagricoltura.org\/piacenza\/il-2025-ha-regalato-una-buona-vendemmia-attesi-ottimi-vini\/#article\",\"isPartOf\":{\"@id\":\"https:\/\/www.confagricoltura.org\/piacenza\/il-2025-ha-regalato-una-buona-vendemmia-attesi-ottimi-vini\/\"},\"author\":{\"name\":\"confagricolturapiacenza\",\"@id\":\"https:\/\/www.confagricoltura.org\/piacenza\/#\/schema\/person\/be5da25a3117fea4b3bfec9dba09b5e8\"},\"headline\":\"Il 2025 ha regalato una buona vendemmia, attesi ottimi vini\",\"datePublished\":\"2025-10-08T09:45:00+00:00\",\"dateModified\":\"2025-10-10T09:47:09+00:00\",\"mainEntityOfPage\":{\"@id\":\"https:\/\/www.confagricoltura.org\/piacenza\/il-2025-ha-regalato-una-buona-vendemmia-attesi-ottimi-vini\/\"},\"wordCount\":509,\"image\":{\"@id\":\"https:\/\/www.confagricoltura.org\/piacenza\/il-2025-ha-regalato-una-buona-vendemmia-attesi-ottimi-vini\/#primaryimage\"},\"thumbnailUrl\":\"https:\/\/www.confagricoltura.org\/piacenza\/wp-content\/uploads\/sites\/11\/2025\/08\/Stefano-Pizzamiglio-2025-.jpeg\",\"keywords\":[\"vendemmia 2025\"],\"articleSection\":[\"News\",\"Settore vitivinicolo\"],\"inLanguage\":\"it-IT\"},{\"@type\":\"WebPage\",\"@id\":\"https:\/\/www.confagricoltura.org\/piacenza\/il-2025-ha-regalato-una-buona-vendemmia-attesi-ottimi-vini\/\",\"url\":\"https:\/\/www.confagricoltura.org\/piacenza\/il-2025-ha-regalato-una-buona-vendemmia-attesi-ottimi-vini\/\",\"name\":\"Il 2025 ha regalato una buona vendemmia, attesi ottimi vini - Confagricoltura Piacenza\",\"isPartOf\":{\"@id\":\"https:\/\/www.confagricoltura.org\/piacenza\/#website\"},\"primaryImageOfPage\":{\"@id\":\"https:\/\/www.confagricoltura.org\/piacenza\/il-2025-ha-regalato-una-buona-vendemmia-attesi-ottimi-vini\/#primaryimage\"},\"image\":{\"@id\":\"https:\/\/www.confagricoltura.org\/piacenza\/il-2025-ha-regalato-una-buona-vendemmia-attesi-ottimi-vini\/#primaryimage\"},\"thumbnailUrl\":\"https:\/\/www.confagricoltura.org\/piacenza\/wp-content\/uploads\/sites\/11\/2025\/08\/Stefano-Pizzamiglio-2025-.jpeg\",\"datePublished\":\"2025-10-08T09:45:00+00:00\",\"dateModified\":\"2025-10-10T09:47:09+00:00\",\"author\":{\"@id\":\"https:\/\/www.confagricoltura.org\/piacenza\/#\/schema\/person\/be5da25a3117fea4b3bfec9dba09b5e8\"},\"breadcrumb\":{\"@id\":\"https:\/\/www.confagricoltura.org\/piacenza\/il-2025-ha-regalato-una-buona-vendemmia-attesi-ottimi-vini\/#breadcrumb\"},\"inLanguage\":\"it-IT\",\"potentialAction\":[{\"@type\":\"ReadAction\",\"target\":[\"https:\/\/www.confagricoltura.org\/piacenza\/il-2025-ha-regalato-una-buona-vendemmia-attesi-ottimi-vini\/\"]}]},{\"@type\":\"ImageObject\",\"inLanguage\":\"it-IT\",\"@id\":\"https:\/\/www.confagricoltura.org\/piacenza\/il-2025-ha-regalato-una-buona-vendemmia-attesi-ottimi-vini\/#primaryimage\",\"url\":\"https:\/\/www.confagricoltura.org\/piacenza\/wp-content\/uploads\/sites\/11\/2025\/08\/Stefano-Pizzamiglio-2025-.jpeg\",\"contentUrl\":\"https:\/\/www.confagricoltura.org\/piacenza\/wp-content\/uploads\/sites\/11\/2025\/08\/Stefano-Pizzamiglio-2025-.jpeg\",\"width\":2016,\"height\":1512},{\"@type\":\"BreadcrumbList\",\"@id\":\"https:\/\/www.confagricoltura.org\/piacenza\/il-2025-ha-regalato-una-buona-vendemmia-attesi-ottimi-vini\/#breadcrumb\",\"itemListElement\":[{\"@type\":\"ListItem\",\"position\":1,\"name\":\"Home\",\"item\":\"https:\/\/www.confagricoltura.org\/piacenza\/\"},{\"@type\":\"ListItem\",\"position\":2,\"name\":\"Il 2025 ha regalato una buona vendemmia, attesi ottimi vini\"}]},{\"@type\":\"WebSite\",\"@id\":\"https:\/\/www.confagricoltura.org\/piacenza\/#website\",\"url\":\"https:\/\/www.confagricoltura.org\/piacenza\/\",\"name\":\"Confagricoltura Piacenza\",\"description\":\"Dalla parte degli Agricoltori\",\"potentialAction\":[{\"@type\":\"SearchAction\",\"target\":{\"@type\":\"EntryPoint\",\"urlTemplate\":\"https:\/\/www.confagricoltura.org\/piacenza\/?s={search_term_string}\"},\"query-input\":{\"@type\":\"PropertyValueSpecification\",\"valueRequired\":true,\"valueName\":\"search_term_string\"}}],\"inLanguage\":\"it-IT\"},{\"@type\":\"Person\",\"@id\":\"https:\/\/www.confagricoltura.org\/piacenza\/#\/schema\/person\/be5da25a3117fea4b3bfec9dba09b5e8\",\"name\":\"confagricolturapiacenza\",\"image\":{\"@type\":\"ImageObject\",\"inLanguage\":\"it-IT\",\"@id\":\"https:\/\/www.confagricoltura.org\/piacenza\/#\/schema\/person\/image\/\",\"url\":\"https:\/\/secure.gravatar.com\/avatar\/9c5f111e417171581853bd0a3ff892ca?s=96&d=mm&r=g\",\"contentUrl\":\"https:\/\/secure.gravatar.com\/avatar\/9c5f111e417171581853bd0a3ff892ca?s=96&d=mm&r=g\",\"caption\":\"confagricolturapiacenza\"},\"url\":\"https:\/\/www.confagricoltura.org\/piacenza\/author\/confagricolturapiacenza\/\"}]}<\/script>\n<!-- \/ Yoast SEO plugin. -->","yoast_head_json":{"title":"Il 2025 ha regalato una buona vendemmia, attesi ottimi vini - Confagricoltura Piacenza","robots":{"index":"index","follow":"follow","max-snippet":"max-snippet:-1","max-image-preview":"max-image-preview:large","max-video-preview":"max-video-preview:-1"},"canonical":"https:\/\/www.confagricoltura.org\/piacenza\/il-2025-ha-regalato-una-buona-vendemmia-attesi-ottimi-vini\/","og_locale":"it_IT","og_type":"article","og_title":"Il 2025 ha regalato una buona vendemmia, attesi ottimi vini - Confagricoltura Piacenza","og_description":"Stefano Pizzamiglio (Confagricoltura Piacenza): operazioni lineari, rese leggermente contenute, molto buona la qualit\u00e0","og_url":"https:\/\/www.confagricoltura.org\/piacenza\/il-2025-ha-regalato-una-buona-vendemmia-attesi-ottimi-vini\/","og_site_name":"Confagricoltura Piacenza","article_published_time":"2025-10-08T09:45:00+00:00","article_modified_time":"2025-10-10T09:47:09+00:00","og_image":[{"width":2016,"height":1512,"url":"https:\/\/www.confagricoltura.org\/piacenza\/wp-content\/uploads\/sites\/11\/2025\/08\/Stefano-Pizzamiglio-2025-.jpeg","type":"image\/jpeg"}],"author":"confagricolturapiacenza","twitter_card":"summary_large_image","twitter_misc":{"Scritto da":"confagricolturapiacenza","Tempo di lettura stimato":"3 minuti"},"schema":{"@context":"https:\/\/schema.org","@graph":[{"@type":"Article","@id":"https:\/\/www.confagricoltura.org\/piacenza\/il-2025-ha-regalato-una-buona-vendemmia-attesi-ottimi-vini\/#article","isPartOf":{"@id":"https:\/\/www.confagricoltura.org\/piacenza\/il-2025-ha-regalato-una-buona-vendemmia-attesi-ottimi-vini\/"},"author":{"name":"confagricolturapiacenza","@id":"https:\/\/www.confagricoltura.org\/piacenza\/#\/schema\/person\/be5da25a3117fea4b3bfec9dba09b5e8"},"headline":"Il 2025 ha regalato una buona vendemmia, attesi ottimi vini","datePublished":"2025-10-08T09:45:00+00:00","dateModified":"2025-10-10T09:47:09+00:00","mainEntityOfPage":{"@id":"https:\/\/www.confagricoltura.org\/piacenza\/il-2025-ha-regalato-una-buona-vendemmia-attesi-ottimi-vini\/"},"wordCount":509,"image":{"@id":"https:\/\/www.confagricoltura.org\/piacenza\/il-2025-ha-regalato-una-buona-vendemmia-attesi-ottimi-vini\/#primaryimage"},"thumbnailUrl":"https:\/\/www.confagricoltura.org\/piacenza\/wp-content\/uploads\/sites\/11\/2025\/08\/Stefano-Pizzamiglio-2025-.jpeg","keywords":["vendemmia 2025"],"articleSection":["News","Settore vitivinicolo"],"inLanguage":"it-IT"},{"@type":"WebPage","@id":"https:\/\/www.confagricoltura.org\/piacenza\/il-2025-ha-regalato-una-buona-vendemmia-attesi-ottimi-vini\/","url":"https:\/\/www.confagricoltura.org\/piacenza\/il-2025-ha-regalato-una-buona-vendemmia-attesi-ottimi-vini\/","name":"Il 2025 ha regalato una buona vendemmia, attesi ottimi vini - Confagricoltura Piacenza","isPartOf":{"@id":"https:\/\/www.confagricoltura.org\/piacenza\/#website"},"primaryImageOfPage":{"@id":"https:\/\/www.confagricoltura.org\/piacenza\/il-2025-ha-regalato-una-buona-vendemmia-attesi-ottimi-vini\/#primaryimage"},"image":{"@id":"https:\/\/www.confagricoltura.org\/piacenza\/il-2025-ha-regalato-una-buona-vendemmia-attesi-ottimi-vini\/#primaryimage"},"thumbnailUrl":"https:\/\/www.confagricoltura.org\/piacenza\/wp-content\/uploads\/sites\/11\/2025\/08\/Stefano-Pizzamiglio-2025-.jpeg","datePublished":"2025-10-08T09:45:00+00:00","dateModified":"2025-10-10T09:47:09+00:00","author":{"@id":"https:\/\/www.confagricoltura.org\/piacenza\/#\/schema\/person\/be5da25a3117fea4b3bfec9dba09b5e8"},"breadcrumb":{"@id":"https:\/\/www.confagricoltura.org\/piacenza\/il-2025-ha-regalato-una-buona-vendemmia-attesi-ottimi-vini\/#breadcrumb"},"inLanguage":"it-IT","potentialAction":[{"@type":"ReadAction","target":["https:\/\/www.confagricoltura.org\/piacenza\/il-2025-ha-regalato-una-buona-vendemmia-attesi-ottimi-vini\/"]}]},{"@type":"ImageObject","inLanguage":"it-IT","@id":"https:\/\/www.confagricoltura.org\/piacenza\/il-2025-ha-regalato-una-buona-vendemmia-attesi-ottimi-vini\/#primaryimage","url":"https:\/\/www.confagricoltura.org\/piacenza\/wp-content\/uploads\/sites\/11\/2025\/08\/Stefano-Pizzamiglio-2025-.jpeg","contentUrl":"https:\/\/www.confagricoltura.org\/piacenza\/wp-content\/uploads\/sites\/11\/2025\/08\/Stefano-Pizzamiglio-2025-.jpeg","width":2016,"height":1512},{"@type":"BreadcrumbList","@id":"https:\/\/www.confagricoltura.org\/piacenza\/il-2025-ha-regalato-una-buona-vendemmia-attesi-ottimi-vini\/#breadcrumb","itemListElement":[{"@type":"ListItem","position":1,"name":"Home","item":"https:\/\/www.confagricoltura.org\/piacenza\/"},{"@type":"ListItem","position":2,"name":"Il 2025 ha regalato una buona vendemmia, attesi ottimi vini"}]},{"@type":"WebSite","@id":"https:\/\/www.confagricoltura.org\/piacenza\/#website","url":"https:\/\/www.confagricoltura.org\/piacenza\/","name":"Confagricoltura Piacenza","description":"Dalla parte degli Agricoltori","potentialAction":[{"@type":"SearchAction","target":{"@type":"EntryPoint","urlTemplate":"https:\/\/www.confagricoltura.org\/piacenza\/?s={search_term_string}"},"query-input":{"@type":"PropertyValueSpecification","valueRequired":true,"valueName":"search_term_string"}}],"inLanguage":"it-IT"},{"@type":"Person","@id":"https:\/\/www.confagricoltura.org\/piacenza\/#\/schema\/person\/be5da25a3117fea4b3bfec9dba09b5e8","name":"confagricolturapiacenza","image":{"@type":"ImageObject","inLanguage":"it-IT","@id":"https:\/\/www.confagricoltura.org\/piacenza\/#\/schema\/person\/image\/","url":"https:\/\/secure.gravatar.com\/avatar\/9c5f111e417171581853bd0a3ff892ca?s=96&d=mm&r=g","contentUrl":"https:\/\/secure.gravatar.com\/avatar\/9c5f111e417171581853bd0a3ff892ca?s=96&d=mm&r=g","caption":"confagricolturapiacenza"},"url":"https:\/\/www.confagricoltura.org\/piacenza\/author\/confagricolturapiacenza\/"}]}},"_links":{"self":[{"href":"https:\/\/www.confagricoltura.org\/piacenza\/wp-json\/wp\/v2\/posts\/5196","targetHints":{"allow":["GET"]}}],"collection":[{"href":"https:\/\/www.confagricoltura.org\/piacenza\/wp-json\/wp\/v2\/posts"}],"about":[{"href":"https:\/\/www.confagricoltura.org\/piacenza\/wp-json\/wp\/v2\/types\/post"}],"author":[{"embeddable":true,"href":"https:\/\/www.confagricoltura.org\/piacenza\/wp-json\/wp\/v2\/users\/6"}],"replies":[{"embeddable":true,"href":"https:\/\/www.confagricoltura.org\/piacenza\/wp-json\/wp\/v2\/comments?post=5196"}],"version-history":[{"count":1,"href":"https:\/\/www.confagricoltura.org\/piacenza\/wp-json\/wp\/v2\/posts\/5196\/revisions"}],"predecessor-version":[{"id":5197,"href":"https:\/\/www.confagricoltura.org\/piacenza\/wp-json\/wp\/v2\/posts\/5196\/revisions\/5197"}],"wp:featuredmedia":[{"embeddable":true,"href":"https:\/\/www.confagricoltura.org\/piacenza\/wp-json\/wp\/v2\/media\/5145"}],"wp:attachment":[{"href":"https:\/\/www.confagricoltura.org\/piacenza\/wp-json\/wp\/v2\/media?parent=5196"}],"wp:term":[{"taxonomy":"category","embeddable":true,"href":"https:\/\/www.confagricoltura.org\/piacenza\/wp-json\/wp\/v2\/categories?post=5196"},{"taxonomy":"post_tag","embeddable":true,"href":"https:\/\/www.confagricoltura.org\/piacenza\/wp-json\/wp\/v2\/tags?post=5196"}],"curies":[{"name":"wp","href":"https:\/\/api.w.org\/{rel}","templated":true}]}}