{"id":5186,"date":"2025-10-02T12:05:31","date_gmt":"2025-10-02T10:05:31","guid":{"rendered":"https:\/\/www.confagricoltura.org\/piacenza\/?p=5186"},"modified":"2025-10-06T12:07:02","modified_gmt":"2025-10-06T10:07:02","slug":"psa-riunita-questa-mattina-la-cabina-di-regia-provinciale-situazione-in-miglioramento-ma-male-la-ricerca-attiva","status":"publish","type":"post","link":"https:\/\/www.confagricoltura.org\/piacenza\/psa-riunita-questa-mattina-la-cabina-di-regia-provinciale-situazione-in-miglioramento-ma-male-la-ricerca-attiva\/","title":{"rendered":"PSA: riunita questa mattina la cabina di regia provinciale. Situazione in miglioramento, ma male la ricerca attiva"},"content":{"rendered":"<p>Piacenza, 2 ottobre 2025 &#8211; Si \u00e8 svolta questa mattina, presso la sala consiliare della Provincia di Piacenza, la riunione della cabina di regia per fare il punto sulla diffusione della Peste Suina Africana (PSA) nel territorio provinciale.<\/p>\n<p>&nbsp;<\/p>\n<p>Per Confagricoltura Piacenza hanno partecipato il presidente Umberto Gorra, il presidente della Federazione nazionale carni suine di Confagricoltura Rudy Milani e la presidente piacentina della Sezione di prodotto carni bovine e suine Giovanna Parmigiani.<\/p>\n<p>&nbsp;<\/p>\n<p>Durante i lavori, il Commissario straordinario alla PSA Giovanni Filippini ha illustrato i risultati positivi emersi dall\u2019audit della Commissione europea, svolto a settembre, sottolineando per\u00f2 alcune criticit\u00e0 specifiche per il territorio piacentino. In particolare, \u00e8 emerso un ritardo nelle attivit\u00e0 di rilevamento e nella ricerca attiva delle carcasse di cinghiali, elemento considerato decisivo per contenere la diffusione del virus e per poter documentare alla Commissione europea l\u2019effettiva azione di bonifica dei territori. Ove questa azione \u00e8 stata comprovata, infatti, la Commissione ha riconosciuto una diminuzione del rischio declassando le zone di restrizione.<\/p>\n<p>&nbsp;<\/p>\n<p>La strategia commissariale e il lavoro di squadra hanno portato comunque a positivi riscontri anche nel nostro territorio, tant\u2019\u00e8 che Villanova e Monticelli, nella nuova definizione delle zone di restrizione, sono tornati in Zona indenne. Calendasco, che era in ZR II \u00e8 stato riclassificato in Zona 1 come una parte del territorio comunale di Piacenza. Eppure sulle nostre colline permane la Zona III.\u00a0 Il Commissario ha ribadito che per liberare anche questi territori occorre dimostrare che si \u00e8 effettuata la ricerca attiva delle carcasse e che i territori sono stati bonificati.<\/p>\n<p>Un\u2019azione non impossibile, rileva Confagricoltura Piacenza, se persino in un parco nazionale a noi vicino come quello del Ticino \u00e8 stata realizzata battendo il territorio palmo a palmo.<\/p>\n<p>&nbsp;<\/p>\n<p>I rappresentanti di Confagricoltura evidenziano: \u201cA fronte di un quadro complessivo in miglioramento, frutto del lavoro corale di tutti gli attori coinvolti e dei grandi sforzi in materia di biosicurezza da parte degli allevatori, riteniamo grave che il Commissario abbia dovuto fotografare che proprio il nostro territorio \u00e8 meno performante rispetto alle province confinanti su un aspetto specifico, ma dirimente. La strategia commissariale e la Commissione europea hanno rilevato come l\u2019impiego sistematico dei cani molecolari nella ricerca attiva sia strategico, nel contempo a Piacenza il Commissario stesso ha sottolineato che i binomi (cane e conduttore), paradossalmente, ci sono, ma mancano i soggetti che li accompagnino sul territorio. Non si tratta di cercare colpe, ma di correggere subito il modello operativo modificando questa impostazione lacunosa\u201d.<\/p>\n<p>&nbsp;<\/p>\n<p>La ricerca attiva delle carcasse \u00e8 indicata come leva fondamentale per ridurre la pressione epidemiologica e per ottenere, da parte della Commissione europea, un riconoscimento del passaggio a zone di minore rischio. \u201cAbbiamo visto \u2013 proseguono Gorra, Milani e Parmigiani \u2013 che laddove questa attivit\u00e0 \u00e8 stata condotta in modo sistematico, la PSA ha registrato arretramenti concreti e la Commissione lo ha certificato. Per questo siamo perfettamente d\u2019accordo con le sollecitazioni del Commissario: Piacenza deve essere pi\u00f9 reattiva. Tanto pi\u00f9 che l\u2019assessore Mammi ha ribadito che le risorse non mancano e non mancheranno. Riteniamo grave che gli esperti intervenuti questa mattina abbiano individuato nella carenza di coordinamento e organizzazione il vero punto critico. Gli allevatori fanno e continueranno a fare la loro parte, ma ciascuno deve assumersi le proprie responsabilit\u00e0\u201d.<\/p>\n<p>&nbsp;<\/p>\n","protected":false},"excerpt":{"rendered":"<p>Confagricoltura Piacenza: mancanza irresponsabile, servono coordinamento e organizzazione pi\u00f9 efficaci<\/p>\n","protected":false},"author":6,"featured_media":3158,"comment_status":"closed","ping_status":"closed","sticky":false,"template":"","format":"standard","meta":{"wp_mapbox_gl_js_media":[],"footnotes":""},"categories":[4,14],"tags":[197],"class_list":["post-5186","post","type-post","status-publish","format-standard","has-post-thumbnail","hentry","category-news","category-settore-suinicolo","tag-psa"],"yoast_head":"<!-- This site is optimized with the Yoast SEO plugin v26.8 - https:\/\/yoast.com\/product\/yoast-seo-wordpress\/ -->\n<title>PSA: riunita questa mattina la cabina di regia provinciale. Situazione in miglioramento, ma male la ricerca attiva - Confagricoltura Piacenza<\/title>\n<meta name=\"robots\" content=\"index, follow, max-snippet:-1, max-image-preview:large, max-video-preview:-1\" \/>\n<link rel=\"canonical\" href=\"https:\/\/www.confagricoltura.org\/piacenza\/psa-riunita-questa-mattina-la-cabina-di-regia-provinciale-situazione-in-miglioramento-ma-male-la-ricerca-attiva\/\" \/>\n<meta property=\"og:locale\" content=\"it_IT\" \/>\n<meta property=\"og:type\" content=\"article\" \/>\n<meta property=\"og:title\" content=\"PSA: riunita questa mattina la cabina di regia provinciale. Situazione in miglioramento, ma male la ricerca attiva - Confagricoltura Piacenza\" \/>\n<meta property=\"og:description\" content=\"Confagricoltura Piacenza: mancanza irresponsabile, servono coordinamento e organizzazione pi\u00f9 efficaci\" \/>\n<meta property=\"og:url\" content=\"https:\/\/www.confagricoltura.org\/piacenza\/psa-riunita-questa-mattina-la-cabina-di-regia-provinciale-situazione-in-miglioramento-ma-male-la-ricerca-attiva\/\" \/>\n<meta property=\"og:site_name\" content=\"Confagricoltura Piacenza\" \/>\n<meta property=\"article:published_time\" content=\"2025-10-02T10:05:31+00:00\" \/>\n<meta property=\"article:modified_time\" content=\"2025-10-06T10:07:02+00:00\" \/>\n<meta property=\"og:image\" content=\"https:\/\/www.confagricoltura.org\/piacenza\/wp-content\/uploads\/sites\/11\/2021\/03\/banner-suinicoltura.jpg\" \/>\n\t<meta property=\"og:image:width\" content=\"1920\" \/>\n\t<meta property=\"og:image:height\" content=\"620\" \/>\n\t<meta property=\"og:image:type\" content=\"image\/jpeg\" \/>\n<meta name=\"author\" content=\"confagricolturapiacenza\" \/>\n<meta name=\"twitter:card\" content=\"summary_large_image\" \/>\n<meta name=\"twitter:label1\" content=\"Scritto da\" \/>\n\t<meta name=\"twitter:data1\" content=\"confagricolturapiacenza\" \/>\n\t<meta name=\"twitter:label2\" content=\"Tempo di lettura stimato\" \/>\n\t<meta name=\"twitter:data2\" content=\"4 minuti\" \/>\n<script type=\"application\/ld+json\" class=\"yoast-schema-graph\">{\"@context\":\"https:\/\/schema.org\",\"@graph\":[{\"@type\":\"Article\",\"@id\":\"https:\/\/www.confagricoltura.org\/piacenza\/psa-riunita-questa-mattina-la-cabina-di-regia-provinciale-situazione-in-miglioramento-ma-male-la-ricerca-attiva\/#article\",\"isPartOf\":{\"@id\":\"https:\/\/www.confagricoltura.org\/piacenza\/psa-riunita-questa-mattina-la-cabina-di-regia-provinciale-situazione-in-miglioramento-ma-male-la-ricerca-attiva\/\"},\"author\":{\"name\":\"confagricolturapiacenza\",\"@id\":\"https:\/\/www.confagricoltura.org\/piacenza\/#\/schema\/person\/be5da25a3117fea4b3bfec9dba09b5e8\"},\"headline\":\"PSA: riunita questa mattina la cabina di regia provinciale. Situazione in miglioramento, ma male la ricerca attiva\",\"datePublished\":\"2025-10-02T10:05:31+00:00\",\"dateModified\":\"2025-10-06T10:07:02+00:00\",\"mainEntityOfPage\":{\"@id\":\"https:\/\/www.confagricoltura.org\/piacenza\/psa-riunita-questa-mattina-la-cabina-di-regia-provinciale-situazione-in-miglioramento-ma-male-la-ricerca-attiva\/\"},\"wordCount\":552,\"image\":{\"@id\":\"https:\/\/www.confagricoltura.org\/piacenza\/psa-riunita-questa-mattina-la-cabina-di-regia-provinciale-situazione-in-miglioramento-ma-male-la-ricerca-attiva\/#primaryimage\"},\"thumbnailUrl\":\"https:\/\/www.confagricoltura.org\/piacenza\/wp-content\/uploads\/sites\/11\/2021\/03\/banner-suinicoltura.jpg\",\"keywords\":[\"PSA\"],\"articleSection\":[\"News\",\"Settore suinicolo\"],\"inLanguage\":\"it-IT\"},{\"@type\":\"WebPage\",\"@id\":\"https:\/\/www.confagricoltura.org\/piacenza\/psa-riunita-questa-mattina-la-cabina-di-regia-provinciale-situazione-in-miglioramento-ma-male-la-ricerca-attiva\/\",\"url\":\"https:\/\/www.confagricoltura.org\/piacenza\/psa-riunita-questa-mattina-la-cabina-di-regia-provinciale-situazione-in-miglioramento-ma-male-la-ricerca-attiva\/\",\"name\":\"PSA: riunita questa mattina la cabina di regia provinciale. Situazione in miglioramento, ma male la ricerca attiva - Confagricoltura Piacenza\",\"isPartOf\":{\"@id\":\"https:\/\/www.confagricoltura.org\/piacenza\/#website\"},\"primaryImageOfPage\":{\"@id\":\"https:\/\/www.confagricoltura.org\/piacenza\/psa-riunita-questa-mattina-la-cabina-di-regia-provinciale-situazione-in-miglioramento-ma-male-la-ricerca-attiva\/#primaryimage\"},\"image\":{\"@id\":\"https:\/\/www.confagricoltura.org\/piacenza\/psa-riunita-questa-mattina-la-cabina-di-regia-provinciale-situazione-in-miglioramento-ma-male-la-ricerca-attiva\/#primaryimage\"},\"thumbnailUrl\":\"https:\/\/www.confagricoltura.org\/piacenza\/wp-content\/uploads\/sites\/11\/2021\/03\/banner-suinicoltura.jpg\",\"datePublished\":\"2025-10-02T10:05:31+00:00\",\"dateModified\":\"2025-10-06T10:07:02+00:00\",\"author\":{\"@id\":\"https:\/\/www.confagricoltura.org\/piacenza\/#\/schema\/person\/be5da25a3117fea4b3bfec9dba09b5e8\"},\"breadcrumb\":{\"@id\":\"https:\/\/www.confagricoltura.org\/piacenza\/psa-riunita-questa-mattina-la-cabina-di-regia-provinciale-situazione-in-miglioramento-ma-male-la-ricerca-attiva\/#breadcrumb\"},\"inLanguage\":\"it-IT\",\"potentialAction\":[{\"@type\":\"ReadAction\",\"target\":[\"https:\/\/www.confagricoltura.org\/piacenza\/psa-riunita-questa-mattina-la-cabina-di-regia-provinciale-situazione-in-miglioramento-ma-male-la-ricerca-attiva\/\"]}]},{\"@type\":\"ImageObject\",\"inLanguage\":\"it-IT\",\"@id\":\"https:\/\/www.confagricoltura.org\/piacenza\/psa-riunita-questa-mattina-la-cabina-di-regia-provinciale-situazione-in-miglioramento-ma-male-la-ricerca-attiva\/#primaryimage\",\"url\":\"https:\/\/www.confagricoltura.org\/piacenza\/wp-content\/uploads\/sites\/11\/2021\/03\/banner-suinicoltura.jpg\",\"contentUrl\":\"https:\/\/www.confagricoltura.org\/piacenza\/wp-content\/uploads\/sites\/11\/2021\/03\/banner-suinicoltura.jpg\",\"width\":1920,\"height\":620},{\"@type\":\"BreadcrumbList\",\"@id\":\"https:\/\/www.confagricoltura.org\/piacenza\/psa-riunita-questa-mattina-la-cabina-di-regia-provinciale-situazione-in-miglioramento-ma-male-la-ricerca-attiva\/#breadcrumb\",\"itemListElement\":[{\"@type\":\"ListItem\",\"position\":1,\"name\":\"Home\",\"item\":\"https:\/\/www.confagricoltura.org\/piacenza\/\"},{\"@type\":\"ListItem\",\"position\":2,\"name\":\"PSA: riunita questa mattina la cabina di regia provinciale. Situazione in miglioramento, ma male la ricerca attiva\"}]},{\"@type\":\"WebSite\",\"@id\":\"https:\/\/www.confagricoltura.org\/piacenza\/#website\",\"url\":\"https:\/\/www.confagricoltura.org\/piacenza\/\",\"name\":\"Confagricoltura Piacenza\",\"description\":\"Dalla parte degli Agricoltori\",\"potentialAction\":[{\"@type\":\"SearchAction\",\"target\":{\"@type\":\"EntryPoint\",\"urlTemplate\":\"https:\/\/www.confagricoltura.org\/piacenza\/?s={search_term_string}\"},\"query-input\":{\"@type\":\"PropertyValueSpecification\",\"valueRequired\":true,\"valueName\":\"search_term_string\"}}],\"inLanguage\":\"it-IT\"},{\"@type\":\"Person\",\"@id\":\"https:\/\/www.confagricoltura.org\/piacenza\/#\/schema\/person\/be5da25a3117fea4b3bfec9dba09b5e8\",\"name\":\"confagricolturapiacenza\",\"image\":{\"@type\":\"ImageObject\",\"inLanguage\":\"it-IT\",\"@id\":\"https:\/\/www.confagricoltura.org\/piacenza\/#\/schema\/person\/image\/\",\"url\":\"https:\/\/secure.gravatar.com\/avatar\/9c5f111e417171581853bd0a3ff892ca?s=96&d=mm&r=g\",\"contentUrl\":\"https:\/\/secure.gravatar.com\/avatar\/9c5f111e417171581853bd0a3ff892ca?s=96&d=mm&r=g\",\"caption\":\"confagricolturapiacenza\"},\"url\":\"https:\/\/www.confagricoltura.org\/piacenza\/author\/confagricolturapiacenza\/\"}]}<\/script>\n<!-- \/ Yoast SEO plugin. -->","yoast_head_json":{"title":"PSA: riunita questa mattina la cabina di regia provinciale. Situazione in miglioramento, ma male la ricerca attiva - Confagricoltura Piacenza","robots":{"index":"index","follow":"follow","max-snippet":"max-snippet:-1","max-image-preview":"max-image-preview:large","max-video-preview":"max-video-preview:-1"},"canonical":"https:\/\/www.confagricoltura.org\/piacenza\/psa-riunita-questa-mattina-la-cabina-di-regia-provinciale-situazione-in-miglioramento-ma-male-la-ricerca-attiva\/","og_locale":"it_IT","og_type":"article","og_title":"PSA: riunita questa mattina la cabina di regia provinciale. Situazione in miglioramento, ma male la ricerca attiva - Confagricoltura Piacenza","og_description":"Confagricoltura Piacenza: mancanza irresponsabile, servono coordinamento e organizzazione pi\u00f9 efficaci","og_url":"https:\/\/www.confagricoltura.org\/piacenza\/psa-riunita-questa-mattina-la-cabina-di-regia-provinciale-situazione-in-miglioramento-ma-male-la-ricerca-attiva\/","og_site_name":"Confagricoltura Piacenza","article_published_time":"2025-10-02T10:05:31+00:00","article_modified_time":"2025-10-06T10:07:02+00:00","og_image":[{"width":1920,"height":620,"url":"https:\/\/www.confagricoltura.org\/piacenza\/wp-content\/uploads\/sites\/11\/2021\/03\/banner-suinicoltura.jpg","type":"image\/jpeg"}],"author":"confagricolturapiacenza","twitter_card":"summary_large_image","twitter_misc":{"Scritto da":"confagricolturapiacenza","Tempo di lettura stimato":"4 minuti"},"schema":{"@context":"https:\/\/schema.org","@graph":[{"@type":"Article","@id":"https:\/\/www.confagricoltura.org\/piacenza\/psa-riunita-questa-mattina-la-cabina-di-regia-provinciale-situazione-in-miglioramento-ma-male-la-ricerca-attiva\/#article","isPartOf":{"@id":"https:\/\/www.confagricoltura.org\/piacenza\/psa-riunita-questa-mattina-la-cabina-di-regia-provinciale-situazione-in-miglioramento-ma-male-la-ricerca-attiva\/"},"author":{"name":"confagricolturapiacenza","@id":"https:\/\/www.confagricoltura.org\/piacenza\/#\/schema\/person\/be5da25a3117fea4b3bfec9dba09b5e8"},"headline":"PSA: riunita questa mattina la cabina di regia provinciale. Situazione in miglioramento, ma male la ricerca attiva","datePublished":"2025-10-02T10:05:31+00:00","dateModified":"2025-10-06T10:07:02+00:00","mainEntityOfPage":{"@id":"https:\/\/www.confagricoltura.org\/piacenza\/psa-riunita-questa-mattina-la-cabina-di-regia-provinciale-situazione-in-miglioramento-ma-male-la-ricerca-attiva\/"},"wordCount":552,"image":{"@id":"https:\/\/www.confagricoltura.org\/piacenza\/psa-riunita-questa-mattina-la-cabina-di-regia-provinciale-situazione-in-miglioramento-ma-male-la-ricerca-attiva\/#primaryimage"},"thumbnailUrl":"https:\/\/www.confagricoltura.org\/piacenza\/wp-content\/uploads\/sites\/11\/2021\/03\/banner-suinicoltura.jpg","keywords":["PSA"],"articleSection":["News","Settore suinicolo"],"inLanguage":"it-IT"},{"@type":"WebPage","@id":"https:\/\/www.confagricoltura.org\/piacenza\/psa-riunita-questa-mattina-la-cabina-di-regia-provinciale-situazione-in-miglioramento-ma-male-la-ricerca-attiva\/","url":"https:\/\/www.confagricoltura.org\/piacenza\/psa-riunita-questa-mattina-la-cabina-di-regia-provinciale-situazione-in-miglioramento-ma-male-la-ricerca-attiva\/","name":"PSA: riunita questa mattina la cabina di regia provinciale. Situazione in miglioramento, ma male la ricerca attiva - Confagricoltura Piacenza","isPartOf":{"@id":"https:\/\/www.confagricoltura.org\/piacenza\/#website"},"primaryImageOfPage":{"@id":"https:\/\/www.confagricoltura.org\/piacenza\/psa-riunita-questa-mattina-la-cabina-di-regia-provinciale-situazione-in-miglioramento-ma-male-la-ricerca-attiva\/#primaryimage"},"image":{"@id":"https:\/\/www.confagricoltura.org\/piacenza\/psa-riunita-questa-mattina-la-cabina-di-regia-provinciale-situazione-in-miglioramento-ma-male-la-ricerca-attiva\/#primaryimage"},"thumbnailUrl":"https:\/\/www.confagricoltura.org\/piacenza\/wp-content\/uploads\/sites\/11\/2021\/03\/banner-suinicoltura.jpg","datePublished":"2025-10-02T10:05:31+00:00","dateModified":"2025-10-06T10:07:02+00:00","author":{"@id":"https:\/\/www.confagricoltura.org\/piacenza\/#\/schema\/person\/be5da25a3117fea4b3bfec9dba09b5e8"},"breadcrumb":{"@id":"https:\/\/www.confagricoltura.org\/piacenza\/psa-riunita-questa-mattina-la-cabina-di-regia-provinciale-situazione-in-miglioramento-ma-male-la-ricerca-attiva\/#breadcrumb"},"inLanguage":"it-IT","potentialAction":[{"@type":"ReadAction","target":["https:\/\/www.confagricoltura.org\/piacenza\/psa-riunita-questa-mattina-la-cabina-di-regia-provinciale-situazione-in-miglioramento-ma-male-la-ricerca-attiva\/"]}]},{"@type":"ImageObject","inLanguage":"it-IT","@id":"https:\/\/www.confagricoltura.org\/piacenza\/psa-riunita-questa-mattina-la-cabina-di-regia-provinciale-situazione-in-miglioramento-ma-male-la-ricerca-attiva\/#primaryimage","url":"https:\/\/www.confagricoltura.org\/piacenza\/wp-content\/uploads\/sites\/11\/2021\/03\/banner-suinicoltura.jpg","contentUrl":"https:\/\/www.confagricoltura.org\/piacenza\/wp-content\/uploads\/sites\/11\/2021\/03\/banner-suinicoltura.jpg","width":1920,"height":620},{"@type":"BreadcrumbList","@id":"https:\/\/www.confagricoltura.org\/piacenza\/psa-riunita-questa-mattina-la-cabina-di-regia-provinciale-situazione-in-miglioramento-ma-male-la-ricerca-attiva\/#breadcrumb","itemListElement":[{"@type":"ListItem","position":1,"name":"Home","item":"https:\/\/www.confagricoltura.org\/piacenza\/"},{"@type":"ListItem","position":2,"name":"PSA: riunita questa mattina la cabina di regia provinciale. Situazione in miglioramento, ma male la ricerca attiva"}]},{"@type":"WebSite","@id":"https:\/\/www.confagricoltura.org\/piacenza\/#website","url":"https:\/\/www.confagricoltura.org\/piacenza\/","name":"Confagricoltura Piacenza","description":"Dalla parte degli Agricoltori","potentialAction":[{"@type":"SearchAction","target":{"@type":"EntryPoint","urlTemplate":"https:\/\/www.confagricoltura.org\/piacenza\/?s={search_term_string}"},"query-input":{"@type":"PropertyValueSpecification","valueRequired":true,"valueName":"search_term_string"}}],"inLanguage":"it-IT"},{"@type":"Person","@id":"https:\/\/www.confagricoltura.org\/piacenza\/#\/schema\/person\/be5da25a3117fea4b3bfec9dba09b5e8","name":"confagricolturapiacenza","image":{"@type":"ImageObject","inLanguage":"it-IT","@id":"https:\/\/www.confagricoltura.org\/piacenza\/#\/schema\/person\/image\/","url":"https:\/\/secure.gravatar.com\/avatar\/9c5f111e417171581853bd0a3ff892ca?s=96&d=mm&r=g","contentUrl":"https:\/\/secure.gravatar.com\/avatar\/9c5f111e417171581853bd0a3ff892ca?s=96&d=mm&r=g","caption":"confagricolturapiacenza"},"url":"https:\/\/www.confagricoltura.org\/piacenza\/author\/confagricolturapiacenza\/"}]}},"_links":{"self":[{"href":"https:\/\/www.confagricoltura.org\/piacenza\/wp-json\/wp\/v2\/posts\/5186","targetHints":{"allow":["GET"]}}],"collection":[{"href":"https:\/\/www.confagricoltura.org\/piacenza\/wp-json\/wp\/v2\/posts"}],"about":[{"href":"https:\/\/www.confagricoltura.org\/piacenza\/wp-json\/wp\/v2\/types\/post"}],"author":[{"embeddable":true,"href":"https:\/\/www.confagricoltura.org\/piacenza\/wp-json\/wp\/v2\/users\/6"}],"replies":[{"embeddable":true,"href":"https:\/\/www.confagricoltura.org\/piacenza\/wp-json\/wp\/v2\/comments?post=5186"}],"version-history":[{"count":1,"href":"https:\/\/www.confagricoltura.org\/piacenza\/wp-json\/wp\/v2\/posts\/5186\/revisions"}],"predecessor-version":[{"id":5187,"href":"https:\/\/www.confagricoltura.org\/piacenza\/wp-json\/wp\/v2\/posts\/5186\/revisions\/5187"}],"wp:featuredmedia":[{"embeddable":true,"href":"https:\/\/www.confagricoltura.org\/piacenza\/wp-json\/wp\/v2\/media\/3158"}],"wp:attachment":[{"href":"https:\/\/www.confagricoltura.org\/piacenza\/wp-json\/wp\/v2\/media?parent=5186"}],"wp:term":[{"taxonomy":"category","embeddable":true,"href":"https:\/\/www.confagricoltura.org\/piacenza\/wp-json\/wp\/v2\/categories?post=5186"},{"taxonomy":"post_tag","embeddable":true,"href":"https:\/\/www.confagricoltura.org\/piacenza\/wp-json\/wp\/v2\/tags?post=5186"}],"curies":[{"name":"wp","href":"https:\/\/api.w.org\/{rel}","templated":true}]}}