{"id":5184,"date":"2025-10-01T12:03:13","date_gmt":"2025-10-01T10:03:13","guid":{"rendered":"https:\/\/www.confagricoltura.org\/piacenza\/?p=5184"},"modified":"2025-10-06T12:05:06","modified_gmt":"2025-10-06T10:05:06","slug":"anticipi-pac-diramata-la-circolare-agea-che-disciplina-gli-anticipi","status":"publish","type":"post","link":"https:\/\/www.confagricoltura.org\/piacenza\/anticipi-pac-diramata-la-circolare-agea-che-disciplina-gli-anticipi\/","title":{"rendered":"Anticipi Pac: diramata la circolare Agea che disciplina gli anticipi"},"content":{"rendered":"<p>Piacenza, mercoled\u00ec 1\u00b0 ottobre 2025 \u2013 Con la circolare del 22 settembre 2025 (prot. n. 72890), AGEA ha definito nel dettaglio le modalit\u00e0 di erogazione degli anticipi PAC per la campagna 2025, dando seguito ai regolamenti comunitari che hanno innalzato le percentuali massime di sostegno.<\/p>\n<p>La Commissione europea, con i regolamenti 2025\/1796 e 2025\/1797, ha infatti autorizzato gli Stati membri a versare fino al 70% dei pagamenti diretti e fino all\u201985% per gli interventi di sviluppo rurale legati a superfici e capi di bestiame. Il periodo utile per l\u2019erogazione va dal 16 ottobre al 30 novembre 2025.<\/p>\n<p>\u201cGli anticipi riguardano tutte le principali misure dei pagamenti diretti \u2013 spiega Susanna Franzini responsabile dei Servizi tecnici di Confagricoltura Piacenza -. In particolare sono definiti gli anticipi per: il sostegno di base al reddito per la sostenibilit\u00e0 (titoli PAC), con erogazione pari al 68% del valore del portafoglio titoli, calcolato tenendo conto delle eventuali riduzioni lineari per alimentare la riserva nazionale; il sostegno redistributivo, con anticipo di circa 61 \u20ac\/ha; il sostegno ai giovani agricoltori, per cui il Piano Strategico Nazionale ha previsto l\u2019aumento del massimale a 200 \u20ac\/ha, con un importo stimato di anticipo di 101 \u20ac\/ha; gli eco-schemi, che spaziano dal benessere animale al sostegno agli impollinatori, con valori molto differenziati: ad esempio dagli 84 \u20ac\/ha dell\u2019Eco2-base (inerbimento colture arboree) ai 340 \u20ac\/ha per l\u2019Eco5-SEM-BASE in zone Natura 2000; i sostegni accoppiati per colture strategiche: dal frumento duro (65 \u20ac\/ha) al riso (236 \u20ac\/ha), dalla barbabietola da zucchero (461 \u20ac\/ha) al pomodoro da industria (104 \u20ac\/ha), fino agli aiuti per semi oleosi, agrumi, olio d\u2019oliva e colture proteiche\u201d.<\/p>\n<p>Particolare attenzione merita l\u2019Eco-schema 1, legato al benessere animale e alla riduzione dell\u2019uso di antibiotici e per il quale il periodo di osservazione per il DDD 2025 inizia il 1\u00b0gennaio 2025 e termina il 30 settembre 2025. Per il 2025, l\u2019anticipo \u00e8 fissato al 50% dell\u2019importo minimo previsto dal PSP, con valori compresi fra i 19 \u20ac per i bovini da carne o duplice attitudine e i 23 \u20ac per bovini da latte e bufalini.<\/p>\n<p>Solo al completamento delle verifiche previste tramite Classyfarm \u2013 i cui dati aggiornati al 30 settembre 2025 saranno disponibili a ottobre \u2013 sar\u00e0 possibile arrivare al 70% degli importi. Restano inoltre vincoli stringenti sulla certificazione SQNBA, che condizionano l\u2019accesso a coloro che hanno optato per il <span style=\"text-decoration: line-through\">al<\/span> livello 2 dell\u2019eco-schema 1.<\/p>\n<p>AGEA ha evidenziato la necessit\u00e0 di adottare cautele per alcuni interventi particolarmente esposti a variazioni delle condizioni di ammissibilit\u00e0 \u2013 come l\u2019Eco-schema 1, il pomodoro da trasformazione, i semi oleosi, gli agrumi e l\u2019olio d\u2019oliva \u2013 al fine di evitare pagamenti eccessivi che potrebbero richiedere successivi recuperi. In tali casi, l\u2019anticipo potrebbe essere ridotto rispetto alla percentuale standard, nel rispetto dei massimali di spesa e delle disponibilit\u00e0 residue per i saldi.<\/p>\n<p>&nbsp;<\/p>\n<p>\u201cGli anticipi PAC rappresentano una boccata d\u2019ossigeno per le imprese agricole, che si trovano ad affrontare costi di produzione elevati e una forte instabilit\u00e0 dei mercati \u2013 afferma Susanna Franzini, responsabile dei servizi tecnici di Confagricoltura Piacenza \u2013. L\u2019innalzamento delle percentuali al 70% e all\u201985% \u00e8 una misura positiva, ma la vera sfida sar\u00e0 garantire pagamenti puntuali gi\u00e0 a partire dal 16 ottobre\u201d.<\/p>\n<p>Franzini sottolinea il valore del sostegno ai giovani agricoltori, \u201ccon l\u2019aumento del massimale a 200 \u20ac\/ha, che incentiva il ricambio generazionale\u201d, ma non nasconde le criticit\u00e0: \u201dSugli eco-schemi, e in particolare sul benessere animale, serve maggiore chiarezza. L\u2019erogazione al 50% \u00e8 utile, ma gli allevatori devono avere certezze sul saldo, soprattutto per chi completer\u00e0 la certificazione SQNBA\u201d.<\/p>\n<p>Riguardo agli aiuti accoppiati, Franzini richiama l\u2019attenzione su colture fondamentali per l\u2019economia agricola piacentina e nazionale: \u201cPomodoro, semi oleosi, agrumi e olio d\u2019oliva sono comparti delicati. I controlli aggiuntivi rischiano di rallentare le erogazioni e di generare recuperi che peserebbero sulle aziende\u201d.<\/p>\n<p>\u201cIn questa fase \u2013 conclude Franzini \u2013 la priorit\u00e0 \u00e8 la tempestivit\u00e0: gli agricoltori devono poter contare sugli anticipi entro fine ottobre, per mantenere equilibrio di cassa e continuit\u00e0 aziendale. Confagricoltura Piacenza seguir\u00e0 con attenzione l\u2019attuazione della circolare, offrendo assistenza tecnica e monitoraggio agli associati\u201d.<\/p>\n","protected":false},"excerpt":{"rendered":"<p>Franzini: liquidit\u00e0 per le imprese, ma servono certezze sulle verifiche e tempi rapidi di pagamento<\/p>\n","protected":false},"author":6,"featured_media":4892,"comment_status":"closed","ping_status":"closed","sticky":false,"template":"","format":"standard","meta":{"wp_mapbox_gl_js_media":[],"footnotes":""},"categories":[11,4],"tags":[607],"class_list":["post-5184","post","type-post","status-publish","format-standard","has-post-thumbnail","hentry","category-finanziamenti-bandi","category-news","tag-franzini"],"yoast_head":"<!-- This site is optimized with the Yoast SEO plugin v26.8 - https:\/\/yoast.com\/product\/yoast-seo-wordpress\/ -->\n<title>Anticipi Pac: diramata la circolare Agea che disciplina gli anticipi - Confagricoltura Piacenza<\/title>\n<meta name=\"robots\" content=\"index, follow, max-snippet:-1, max-image-preview:large, max-video-preview:-1\" \/>\n<link rel=\"canonical\" href=\"https:\/\/www.confagricoltura.org\/piacenza\/anticipi-pac-diramata-la-circolare-agea-che-disciplina-gli-anticipi\/\" \/>\n<meta property=\"og:locale\" content=\"it_IT\" \/>\n<meta property=\"og:type\" content=\"article\" \/>\n<meta property=\"og:title\" content=\"Anticipi Pac: diramata la circolare Agea che disciplina gli anticipi - Confagricoltura Piacenza\" \/>\n<meta property=\"og:description\" content=\"Franzini: liquidit\u00e0 per le imprese, ma servono certezze sulle verifiche e tempi rapidi di pagamento\" \/>\n<meta property=\"og:url\" content=\"https:\/\/www.confagricoltura.org\/piacenza\/anticipi-pac-diramata-la-circolare-agea-che-disciplina-gli-anticipi\/\" \/>\n<meta property=\"og:site_name\" content=\"Confagricoltura Piacenza\" \/>\n<meta property=\"article:published_time\" content=\"2025-10-01T10:03:13+00:00\" \/>\n<meta property=\"article:modified_time\" content=\"2025-10-06T10:05:06+00:00\" \/>\n<meta property=\"og:image\" content=\"https:\/\/www.confagricoltura.org\/piacenza\/wp-content\/uploads\/sites\/11\/2025\/02\/a_Susanna-Franzini-2023.jpg\" \/>\n\t<meta property=\"og:image:width\" content=\"2021\" \/>\n\t<meta property=\"og:image:height\" content=\"1631\" \/>\n\t<meta property=\"og:image:type\" content=\"image\/jpeg\" \/>\n<meta name=\"author\" content=\"confagricolturapiacenza\" \/>\n<meta name=\"twitter:card\" content=\"summary_large_image\" \/>\n<meta name=\"twitter:label1\" content=\"Scritto da\" \/>\n\t<meta name=\"twitter:data1\" content=\"confagricolturapiacenza\" \/>\n\t<meta name=\"twitter:label2\" content=\"Tempo di lettura stimato\" \/>\n\t<meta name=\"twitter:data2\" content=\"4 minuti\" \/>\n<script type=\"application\/ld+json\" class=\"yoast-schema-graph\">{\"@context\":\"https:\/\/schema.org\",\"@graph\":[{\"@type\":\"Article\",\"@id\":\"https:\/\/www.confagricoltura.org\/piacenza\/anticipi-pac-diramata-la-circolare-agea-che-disciplina-gli-anticipi\/#article\",\"isPartOf\":{\"@id\":\"https:\/\/www.confagricoltura.org\/piacenza\/anticipi-pac-diramata-la-circolare-agea-che-disciplina-gli-anticipi\/\"},\"author\":{\"name\":\"confagricolturapiacenza\",\"@id\":\"https:\/\/www.confagricoltura.org\/piacenza\/#\/schema\/person\/be5da25a3117fea4b3bfec9dba09b5e8\"},\"headline\":\"Anticipi Pac: diramata la circolare Agea che disciplina gli anticipi\",\"datePublished\":\"2025-10-01T10:03:13+00:00\",\"dateModified\":\"2025-10-06T10:05:06+00:00\",\"mainEntityOfPage\":{\"@id\":\"https:\/\/www.confagricoltura.org\/piacenza\/anticipi-pac-diramata-la-circolare-agea-che-disciplina-gli-anticipi\/\"},\"wordCount\":650,\"image\":{\"@id\":\"https:\/\/www.confagricoltura.org\/piacenza\/anticipi-pac-diramata-la-circolare-agea-che-disciplina-gli-anticipi\/#primaryimage\"},\"thumbnailUrl\":\"https:\/\/www.confagricoltura.org\/piacenza\/wp-content\/uploads\/sites\/11\/2025\/02\/a_Susanna-Franzini-2023.jpg\",\"keywords\":[\"FRANZINI\"],\"articleSection\":[\"Finanziamenti e bandi\",\"News\"],\"inLanguage\":\"it-IT\"},{\"@type\":\"WebPage\",\"@id\":\"https:\/\/www.confagricoltura.org\/piacenza\/anticipi-pac-diramata-la-circolare-agea-che-disciplina-gli-anticipi\/\",\"url\":\"https:\/\/www.confagricoltura.org\/piacenza\/anticipi-pac-diramata-la-circolare-agea-che-disciplina-gli-anticipi\/\",\"name\":\"Anticipi Pac: diramata la circolare Agea che disciplina gli anticipi - Confagricoltura Piacenza\",\"isPartOf\":{\"@id\":\"https:\/\/www.confagricoltura.org\/piacenza\/#website\"},\"primaryImageOfPage\":{\"@id\":\"https:\/\/www.confagricoltura.org\/piacenza\/anticipi-pac-diramata-la-circolare-agea-che-disciplina-gli-anticipi\/#primaryimage\"},\"image\":{\"@id\":\"https:\/\/www.confagricoltura.org\/piacenza\/anticipi-pac-diramata-la-circolare-agea-che-disciplina-gli-anticipi\/#primaryimage\"},\"thumbnailUrl\":\"https:\/\/www.confagricoltura.org\/piacenza\/wp-content\/uploads\/sites\/11\/2025\/02\/a_Susanna-Franzini-2023.jpg\",\"datePublished\":\"2025-10-01T10:03:13+00:00\",\"dateModified\":\"2025-10-06T10:05:06+00:00\",\"author\":{\"@id\":\"https:\/\/www.confagricoltura.org\/piacenza\/#\/schema\/person\/be5da25a3117fea4b3bfec9dba09b5e8\"},\"breadcrumb\":{\"@id\":\"https:\/\/www.confagricoltura.org\/piacenza\/anticipi-pac-diramata-la-circolare-agea-che-disciplina-gli-anticipi\/#breadcrumb\"},\"inLanguage\":\"it-IT\",\"potentialAction\":[{\"@type\":\"ReadAction\",\"target\":[\"https:\/\/www.confagricoltura.org\/piacenza\/anticipi-pac-diramata-la-circolare-agea-che-disciplina-gli-anticipi\/\"]}]},{\"@type\":\"ImageObject\",\"inLanguage\":\"it-IT\",\"@id\":\"https:\/\/www.confagricoltura.org\/piacenza\/anticipi-pac-diramata-la-circolare-agea-che-disciplina-gli-anticipi\/#primaryimage\",\"url\":\"https:\/\/www.confagricoltura.org\/piacenza\/wp-content\/uploads\/sites\/11\/2025\/02\/a_Susanna-Franzini-2023.jpg\",\"contentUrl\":\"https:\/\/www.confagricoltura.org\/piacenza\/wp-content\/uploads\/sites\/11\/2025\/02\/a_Susanna-Franzini-2023.jpg\",\"width\":2021,\"height\":1631},{\"@type\":\"BreadcrumbList\",\"@id\":\"https:\/\/www.confagricoltura.org\/piacenza\/anticipi-pac-diramata-la-circolare-agea-che-disciplina-gli-anticipi\/#breadcrumb\",\"itemListElement\":[{\"@type\":\"ListItem\",\"position\":1,\"name\":\"Home\",\"item\":\"https:\/\/www.confagricoltura.org\/piacenza\/\"},{\"@type\":\"ListItem\",\"position\":2,\"name\":\"Anticipi Pac: diramata la circolare Agea che disciplina gli anticipi\"}]},{\"@type\":\"WebSite\",\"@id\":\"https:\/\/www.confagricoltura.org\/piacenza\/#website\",\"url\":\"https:\/\/www.confagricoltura.org\/piacenza\/\",\"name\":\"Confagricoltura Piacenza\",\"description\":\"Dalla parte degli Agricoltori\",\"potentialAction\":[{\"@type\":\"SearchAction\",\"target\":{\"@type\":\"EntryPoint\",\"urlTemplate\":\"https:\/\/www.confagricoltura.org\/piacenza\/?s={search_term_string}\"},\"query-input\":{\"@type\":\"PropertyValueSpecification\",\"valueRequired\":true,\"valueName\":\"search_term_string\"}}],\"inLanguage\":\"it-IT\"},{\"@type\":\"Person\",\"@id\":\"https:\/\/www.confagricoltura.org\/piacenza\/#\/schema\/person\/be5da25a3117fea4b3bfec9dba09b5e8\",\"name\":\"confagricolturapiacenza\",\"image\":{\"@type\":\"ImageObject\",\"inLanguage\":\"it-IT\",\"@id\":\"https:\/\/www.confagricoltura.org\/piacenza\/#\/schema\/person\/image\/\",\"url\":\"https:\/\/secure.gravatar.com\/avatar\/9c5f111e417171581853bd0a3ff892ca?s=96&d=mm&r=g\",\"contentUrl\":\"https:\/\/secure.gravatar.com\/avatar\/9c5f111e417171581853bd0a3ff892ca?s=96&d=mm&r=g\",\"caption\":\"confagricolturapiacenza\"},\"url\":\"https:\/\/www.confagricoltura.org\/piacenza\/author\/confagricolturapiacenza\/\"}]}<\/script>\n<!-- \/ Yoast SEO plugin. -->","yoast_head_json":{"title":"Anticipi Pac: diramata la circolare Agea che disciplina gli anticipi - Confagricoltura Piacenza","robots":{"index":"index","follow":"follow","max-snippet":"max-snippet:-1","max-image-preview":"max-image-preview:large","max-video-preview":"max-video-preview:-1"},"canonical":"https:\/\/www.confagricoltura.org\/piacenza\/anticipi-pac-diramata-la-circolare-agea-che-disciplina-gli-anticipi\/","og_locale":"it_IT","og_type":"article","og_title":"Anticipi Pac: diramata la circolare Agea che disciplina gli anticipi - Confagricoltura Piacenza","og_description":"Franzini: liquidit\u00e0 per le imprese, ma servono certezze sulle verifiche e tempi rapidi di pagamento","og_url":"https:\/\/www.confagricoltura.org\/piacenza\/anticipi-pac-diramata-la-circolare-agea-che-disciplina-gli-anticipi\/","og_site_name":"Confagricoltura Piacenza","article_published_time":"2025-10-01T10:03:13+00:00","article_modified_time":"2025-10-06T10:05:06+00:00","og_image":[{"width":2021,"height":1631,"url":"https:\/\/www.confagricoltura.org\/piacenza\/wp-content\/uploads\/sites\/11\/2025\/02\/a_Susanna-Franzini-2023.jpg","type":"image\/jpeg"}],"author":"confagricolturapiacenza","twitter_card":"summary_large_image","twitter_misc":{"Scritto da":"confagricolturapiacenza","Tempo di lettura stimato":"4 minuti"},"schema":{"@context":"https:\/\/schema.org","@graph":[{"@type":"Article","@id":"https:\/\/www.confagricoltura.org\/piacenza\/anticipi-pac-diramata-la-circolare-agea-che-disciplina-gli-anticipi\/#article","isPartOf":{"@id":"https:\/\/www.confagricoltura.org\/piacenza\/anticipi-pac-diramata-la-circolare-agea-che-disciplina-gli-anticipi\/"},"author":{"name":"confagricolturapiacenza","@id":"https:\/\/www.confagricoltura.org\/piacenza\/#\/schema\/person\/be5da25a3117fea4b3bfec9dba09b5e8"},"headline":"Anticipi Pac: diramata la circolare Agea che disciplina gli anticipi","datePublished":"2025-10-01T10:03:13+00:00","dateModified":"2025-10-06T10:05:06+00:00","mainEntityOfPage":{"@id":"https:\/\/www.confagricoltura.org\/piacenza\/anticipi-pac-diramata-la-circolare-agea-che-disciplina-gli-anticipi\/"},"wordCount":650,"image":{"@id":"https:\/\/www.confagricoltura.org\/piacenza\/anticipi-pac-diramata-la-circolare-agea-che-disciplina-gli-anticipi\/#primaryimage"},"thumbnailUrl":"https:\/\/www.confagricoltura.org\/piacenza\/wp-content\/uploads\/sites\/11\/2025\/02\/a_Susanna-Franzini-2023.jpg","keywords":["FRANZINI"],"articleSection":["Finanziamenti e bandi","News"],"inLanguage":"it-IT"},{"@type":"WebPage","@id":"https:\/\/www.confagricoltura.org\/piacenza\/anticipi-pac-diramata-la-circolare-agea-che-disciplina-gli-anticipi\/","url":"https:\/\/www.confagricoltura.org\/piacenza\/anticipi-pac-diramata-la-circolare-agea-che-disciplina-gli-anticipi\/","name":"Anticipi Pac: diramata la circolare Agea che disciplina gli anticipi - Confagricoltura Piacenza","isPartOf":{"@id":"https:\/\/www.confagricoltura.org\/piacenza\/#website"},"primaryImageOfPage":{"@id":"https:\/\/www.confagricoltura.org\/piacenza\/anticipi-pac-diramata-la-circolare-agea-che-disciplina-gli-anticipi\/#primaryimage"},"image":{"@id":"https:\/\/www.confagricoltura.org\/piacenza\/anticipi-pac-diramata-la-circolare-agea-che-disciplina-gli-anticipi\/#primaryimage"},"thumbnailUrl":"https:\/\/www.confagricoltura.org\/piacenza\/wp-content\/uploads\/sites\/11\/2025\/02\/a_Susanna-Franzini-2023.jpg","datePublished":"2025-10-01T10:03:13+00:00","dateModified":"2025-10-06T10:05:06+00:00","author":{"@id":"https:\/\/www.confagricoltura.org\/piacenza\/#\/schema\/person\/be5da25a3117fea4b3bfec9dba09b5e8"},"breadcrumb":{"@id":"https:\/\/www.confagricoltura.org\/piacenza\/anticipi-pac-diramata-la-circolare-agea-che-disciplina-gli-anticipi\/#breadcrumb"},"inLanguage":"it-IT","potentialAction":[{"@type":"ReadAction","target":["https:\/\/www.confagricoltura.org\/piacenza\/anticipi-pac-diramata-la-circolare-agea-che-disciplina-gli-anticipi\/"]}]},{"@type":"ImageObject","inLanguage":"it-IT","@id":"https:\/\/www.confagricoltura.org\/piacenza\/anticipi-pac-diramata-la-circolare-agea-che-disciplina-gli-anticipi\/#primaryimage","url":"https:\/\/www.confagricoltura.org\/piacenza\/wp-content\/uploads\/sites\/11\/2025\/02\/a_Susanna-Franzini-2023.jpg","contentUrl":"https:\/\/www.confagricoltura.org\/piacenza\/wp-content\/uploads\/sites\/11\/2025\/02\/a_Susanna-Franzini-2023.jpg","width":2021,"height":1631},{"@type":"BreadcrumbList","@id":"https:\/\/www.confagricoltura.org\/piacenza\/anticipi-pac-diramata-la-circolare-agea-che-disciplina-gli-anticipi\/#breadcrumb","itemListElement":[{"@type":"ListItem","position":1,"name":"Home","item":"https:\/\/www.confagricoltura.org\/piacenza\/"},{"@type":"ListItem","position":2,"name":"Anticipi Pac: diramata la circolare Agea che disciplina gli anticipi"}]},{"@type":"WebSite","@id":"https:\/\/www.confagricoltura.org\/piacenza\/#website","url":"https:\/\/www.confagricoltura.org\/piacenza\/","name":"Confagricoltura Piacenza","description":"Dalla parte degli Agricoltori","potentialAction":[{"@type":"SearchAction","target":{"@type":"EntryPoint","urlTemplate":"https:\/\/www.confagricoltura.org\/piacenza\/?s={search_term_string}"},"query-input":{"@type":"PropertyValueSpecification","valueRequired":true,"valueName":"search_term_string"}}],"inLanguage":"it-IT"},{"@type":"Person","@id":"https:\/\/www.confagricoltura.org\/piacenza\/#\/schema\/person\/be5da25a3117fea4b3bfec9dba09b5e8","name":"confagricolturapiacenza","image":{"@type":"ImageObject","inLanguage":"it-IT","@id":"https:\/\/www.confagricoltura.org\/piacenza\/#\/schema\/person\/image\/","url":"https:\/\/secure.gravatar.com\/avatar\/9c5f111e417171581853bd0a3ff892ca?s=96&d=mm&r=g","contentUrl":"https:\/\/secure.gravatar.com\/avatar\/9c5f111e417171581853bd0a3ff892ca?s=96&d=mm&r=g","caption":"confagricolturapiacenza"},"url":"https:\/\/www.confagricoltura.org\/piacenza\/author\/confagricolturapiacenza\/"}]}},"_links":{"self":[{"href":"https:\/\/www.confagricoltura.org\/piacenza\/wp-json\/wp\/v2\/posts\/5184","targetHints":{"allow":["GET"]}}],"collection":[{"href":"https:\/\/www.confagricoltura.org\/piacenza\/wp-json\/wp\/v2\/posts"}],"about":[{"href":"https:\/\/www.confagricoltura.org\/piacenza\/wp-json\/wp\/v2\/types\/post"}],"author":[{"embeddable":true,"href":"https:\/\/www.confagricoltura.org\/piacenza\/wp-json\/wp\/v2\/users\/6"}],"replies":[{"embeddable":true,"href":"https:\/\/www.confagricoltura.org\/piacenza\/wp-json\/wp\/v2\/comments?post=5184"}],"version-history":[{"count":1,"href":"https:\/\/www.confagricoltura.org\/piacenza\/wp-json\/wp\/v2\/posts\/5184\/revisions"}],"predecessor-version":[{"id":5185,"href":"https:\/\/www.confagricoltura.org\/piacenza\/wp-json\/wp\/v2\/posts\/5184\/revisions\/5185"}],"wp:featuredmedia":[{"embeddable":true,"href":"https:\/\/www.confagricoltura.org\/piacenza\/wp-json\/wp\/v2\/media\/4892"}],"wp:attachment":[{"href":"https:\/\/www.confagricoltura.org\/piacenza\/wp-json\/wp\/v2\/media?parent=5184"}],"wp:term":[{"taxonomy":"category","embeddable":true,"href":"https:\/\/www.confagricoltura.org\/piacenza\/wp-json\/wp\/v2\/categories?post=5184"},{"taxonomy":"post_tag","embeddable":true,"href":"https:\/\/www.confagricoltura.org\/piacenza\/wp-json\/wp\/v2\/tags?post=5184"}],"curies":[{"name":"wp","href":"https:\/\/api.w.org\/{rel}","templated":true}]}}