{"id":5144,"date":"2025-08-07T08:12:23","date_gmt":"2025-08-07T06:12:23","guid":{"rendered":"https:\/\/www.confagricoltura.org\/piacenza\/?p=5144"},"modified":"2025-08-22T08:14:57","modified_gmt":"2025-08-22T06:14:57","slug":"vendemmia-al-via-buone-le-premesse-in-vigna-preoccupanti-i-mercati","status":"publish","type":"post","link":"https:\/\/www.confagricoltura.org\/piacenza\/vendemmia-al-via-buone-le-premesse-in-vigna-preoccupanti-i-mercati\/","title":{"rendered":"Vendemmia al via: buone le premesse in vigna, preoccupanti i mercati"},"content":{"rendered":"<p>Piacenza, gioved\u00ec 07 agosto 2025 \u2013 La vendemmia nel piacentino inizier\u00e0 quasi per tutti dopo il Ferragosto, qualche giorno pi\u00f9 tardi rispetto ad altri territori emiliani. In regione, la produzione stimata \u00e8 mediamente simile a quella del 2024, meglio delle annate 2023 e 2022, con rese in calo solo in zone molto circoscritte, a renderlo noto \u00e8 Confagricoltura Emilia Romagna che evidenzia anche una qualit\u00e0 eccellente delle uve. Parallelamente, la difficolt\u00e0 costante resta il controllo delle fitopatie.<\/p>\n<p>A fare il punto nel piacentino \u00e8 Stefano Pizzamiglio, presidente della sezione di prodotto vitivinicola di Confagricoltura Piacenza: \u201cCi aspettiamo una produzione media; scarsa per la Croatina, come era nelle attese, perch\u00e9 \u00e8 una variet\u00e0 molto incostante per la quale \u00e8 prevista un&#8217;annata con almeno il 50% di uva in meno rispetto al 2024.\u00a0 Lo stato fitosanitario \u00e8 abbastanza buono \u2013 prosegue l\u2019esperto vitivinicoltore &#8211; non si rilevano malattie fungine significative, a differenza del 2024; registriamo un po\u2019 di mal d\u2019Esca e un lieve incremento della Flavescenza Dorata. L&#8217;escursione termica nelle ultime settimane \u00e8 stata abbastanza alta, questo ha rallentato un po\u2019 la maturazione ed \u00e8 un bene, in qualche caso alcune variet\u00e0 stanno iniziando per\u00f2 a mostrare i primi sintomi di stress idrico. In generale, al momento, la qualit\u00e0 sembra buona e sicuramente le rese sono superiori a quelle della scorsa annata cui ha imperversato la Peronospora.\u201d A preoccupare i vitivinicoltori, pi\u00f9 della vigna, \u00e8 la situazione di mercato. \u201cLe cantine non hanno grandi scorte \u2013 spiega Pizzamiglio \u2013 solo perch\u00e9 nel 2024 c&#8217;\u00e8 stato un calo produttivo superiore al 30%, ma le quotazioni sono scarse\u201d.<\/p>\n<p>Confagricoltura Emilia Romagna evidenzia la significativa variabilit\u00e0 territoriale con produzioni molto soddisfacenti e altre decisamente pi\u00f9 scarse.\u00a0 \u201cL\u2019avvio della raccolta prima di Ferragosto sta diventando sempre pi\u00f9 frequente in regione, il quadro d\u2019insieme che ne emerge \u2013 spiega il presidente della sezione vino di Confagricoltura Emilia Romagna, Renzo Pelliciari \u2013, ci indica uno stato qualitativo delle uve ottimale e una produzione stimata mediamente simile a quella dell\u2019anno scorso,\u201d. Con alcune eccezioni: per il vitigno Ancellotta si prevede una flessione delle rese tra il 15% e il 20%, ma si aspettano cali anche in zone molto circoscritte e limitate dove il maltempo ha picchiato duro.<\/p>\n<p>Il clima primaverile con piogge non eccessivamente abbondanti e poi l\u2019alternarsi di giornate calde ad altre pi\u00f9 fresche hanno favorito il massimo sviluppo del grappolo, migliorando il grado zuccherino dell\u2019uva e salvaguardando l\u2019intensit\u00e0 aromatica.\u00a0\u00a0 Preoccupa ora l\u2019atteso aumento delle temperature che potrebbe rallentare la maturazione dell\u2019acino e provocare stress idrico.<\/p>\n<p>La situazione fitosanitaria dei vigneti permane sotto difficile controllo, con criticit\u00e0 rilevate soprattutto nel Reggiano e nel Modenese dovute alla persistente presenza di malattie della vite quali Flavescenza Dorata e mal dell\u2019Esca, mentre sulle colline romagnole si temono danni da Tignola e marciume. Tuttavia, l\u2019andamento stagionale complessivamente favorevole ha ridotto al minimo, quasi ovunque, il rischio di attacchi fungini (Peronospora e Oidio).<\/p>\n<p>Il presidente di Confagricoltura Emilia Romagna, Marcello Bonvicini, sottolinea la necessit\u00e0 di interventi strutturali per rilanciare il comparto e dare una prospettiva di lungo termine ai viticoltori: \u201cIl momento \u00e8 delicato. Prezzi dell\u2019uva bassi e un trend dei consumi in costante contrazione soprattutto per i vini a bacca rossa, senza dimenticare l\u2019effetto negativo che solo l\u2019incertezza \u201cdazi Usa\u201d ha causato finora e che con la conferma degli stessi rischierebbe di trasformarsi in crisi strutturale\u201d. E conclude: \u201cServono misure e una nuova visione: pi\u00f9 programmazione dell\u2019offerta e strategie commerciali per aggredire meglio il mercato interno ed estero\u201d.<\/p>\n","protected":false},"excerpt":{"rendered":"<p>Pizzamiglio (Confagricoltura Piacenza): da noi l\u2019avvio dopo Ferragosto, rese nella media, attenzione allo stress idrico<\/p>\n","protected":false},"author":6,"featured_media":5145,"comment_status":"closed","ping_status":"closed","sticky":false,"template":"","format":"standard","meta":{"wp_mapbox_gl_js_media":[],"footnotes":""},"categories":[4,16],"tags":[233],"class_list":["post-5144","post","type-post","status-publish","format-standard","has-post-thumbnail","hentry","category-news","category-settore-vitivinicolo","tag-vendemmia"],"yoast_head":"<!-- This site is optimized with the Yoast SEO plugin v26.8 - https:\/\/yoast.com\/product\/yoast-seo-wordpress\/ -->\n<title>Vendemmia al via: buone le premesse in vigna, preoccupanti i mercati - Confagricoltura Piacenza<\/title>\n<meta name=\"robots\" content=\"index, follow, max-snippet:-1, max-image-preview:large, max-video-preview:-1\" \/>\n<link rel=\"canonical\" href=\"https:\/\/www.confagricoltura.org\/piacenza\/vendemmia-al-via-buone-le-premesse-in-vigna-preoccupanti-i-mercati\/\" \/>\n<meta property=\"og:locale\" content=\"it_IT\" \/>\n<meta property=\"og:type\" content=\"article\" \/>\n<meta property=\"og:title\" content=\"Vendemmia al via: buone le premesse in vigna, preoccupanti i mercati - Confagricoltura Piacenza\" \/>\n<meta property=\"og:description\" content=\"Pizzamiglio (Confagricoltura Piacenza): da noi l\u2019avvio dopo Ferragosto, rese nella media, attenzione allo stress idrico\" \/>\n<meta property=\"og:url\" content=\"https:\/\/www.confagricoltura.org\/piacenza\/vendemmia-al-via-buone-le-premesse-in-vigna-preoccupanti-i-mercati\/\" \/>\n<meta property=\"og:site_name\" content=\"Confagricoltura Piacenza\" \/>\n<meta property=\"article:published_time\" content=\"2025-08-07T06:12:23+00:00\" \/>\n<meta property=\"article:modified_time\" content=\"2025-08-22T06:14:57+00:00\" \/>\n<meta property=\"og:image\" content=\"https:\/\/www.confagricoltura.org\/piacenza\/wp-content\/uploads\/sites\/11\/2025\/08\/Stefano-Pizzamiglio-2025-.jpeg\" \/>\n\t<meta property=\"og:image:width\" content=\"2016\" \/>\n\t<meta property=\"og:image:height\" content=\"1512\" \/>\n\t<meta property=\"og:image:type\" content=\"image\/jpeg\" \/>\n<meta name=\"author\" content=\"confagricolturapiacenza\" \/>\n<meta name=\"twitter:card\" content=\"summary_large_image\" \/>\n<meta name=\"twitter:label1\" content=\"Scritto da\" \/>\n\t<meta name=\"twitter:data1\" content=\"confagricolturapiacenza\" \/>\n\t<meta name=\"twitter:label2\" content=\"Tempo di lettura stimato\" \/>\n\t<meta name=\"twitter:data2\" content=\"4 minuti\" \/>\n<script type=\"application\/ld+json\" class=\"yoast-schema-graph\">{\"@context\":\"https:\/\/schema.org\",\"@graph\":[{\"@type\":\"Article\",\"@id\":\"https:\/\/www.confagricoltura.org\/piacenza\/vendemmia-al-via-buone-le-premesse-in-vigna-preoccupanti-i-mercati\/#article\",\"isPartOf\":{\"@id\":\"https:\/\/www.confagricoltura.org\/piacenza\/vendemmia-al-via-buone-le-premesse-in-vigna-preoccupanti-i-mercati\/\"},\"author\":{\"name\":\"confagricolturapiacenza\",\"@id\":\"https:\/\/www.confagricoltura.org\/piacenza\/#\/schema\/person\/be5da25a3117fea4b3bfec9dba09b5e8\"},\"headline\":\"Vendemmia al via: buone le premesse in vigna, preoccupanti i mercati\",\"datePublished\":\"2025-08-07T06:12:23+00:00\",\"dateModified\":\"2025-08-22T06:14:57+00:00\",\"mainEntityOfPage\":{\"@id\":\"https:\/\/www.confagricoltura.org\/piacenza\/vendemmia-al-via-buone-le-premesse-in-vigna-preoccupanti-i-mercati\/\"},\"wordCount\":577,\"image\":{\"@id\":\"https:\/\/www.confagricoltura.org\/piacenza\/vendemmia-al-via-buone-le-premesse-in-vigna-preoccupanti-i-mercati\/#primaryimage\"},\"thumbnailUrl\":\"https:\/\/www.confagricoltura.org\/piacenza\/wp-content\/uploads\/sites\/11\/2025\/08\/Stefano-Pizzamiglio-2025-.jpeg\",\"keywords\":[\"vendemmia\"],\"articleSection\":[\"News\",\"Settore vitivinicolo\"],\"inLanguage\":\"it-IT\"},{\"@type\":\"WebPage\",\"@id\":\"https:\/\/www.confagricoltura.org\/piacenza\/vendemmia-al-via-buone-le-premesse-in-vigna-preoccupanti-i-mercati\/\",\"url\":\"https:\/\/www.confagricoltura.org\/piacenza\/vendemmia-al-via-buone-le-premesse-in-vigna-preoccupanti-i-mercati\/\",\"name\":\"Vendemmia al via: buone le premesse in vigna, preoccupanti i mercati - Confagricoltura Piacenza\",\"isPartOf\":{\"@id\":\"https:\/\/www.confagricoltura.org\/piacenza\/#website\"},\"primaryImageOfPage\":{\"@id\":\"https:\/\/www.confagricoltura.org\/piacenza\/vendemmia-al-via-buone-le-premesse-in-vigna-preoccupanti-i-mercati\/#primaryimage\"},\"image\":{\"@id\":\"https:\/\/www.confagricoltura.org\/piacenza\/vendemmia-al-via-buone-le-premesse-in-vigna-preoccupanti-i-mercati\/#primaryimage\"},\"thumbnailUrl\":\"https:\/\/www.confagricoltura.org\/piacenza\/wp-content\/uploads\/sites\/11\/2025\/08\/Stefano-Pizzamiglio-2025-.jpeg\",\"datePublished\":\"2025-08-07T06:12:23+00:00\",\"dateModified\":\"2025-08-22T06:14:57+00:00\",\"author\":{\"@id\":\"https:\/\/www.confagricoltura.org\/piacenza\/#\/schema\/person\/be5da25a3117fea4b3bfec9dba09b5e8\"},\"breadcrumb\":{\"@id\":\"https:\/\/www.confagricoltura.org\/piacenza\/vendemmia-al-via-buone-le-premesse-in-vigna-preoccupanti-i-mercati\/#breadcrumb\"},\"inLanguage\":\"it-IT\",\"potentialAction\":[{\"@type\":\"ReadAction\",\"target\":[\"https:\/\/www.confagricoltura.org\/piacenza\/vendemmia-al-via-buone-le-premesse-in-vigna-preoccupanti-i-mercati\/\"]}]},{\"@type\":\"ImageObject\",\"inLanguage\":\"it-IT\",\"@id\":\"https:\/\/www.confagricoltura.org\/piacenza\/vendemmia-al-via-buone-le-premesse-in-vigna-preoccupanti-i-mercati\/#primaryimage\",\"url\":\"https:\/\/www.confagricoltura.org\/piacenza\/wp-content\/uploads\/sites\/11\/2025\/08\/Stefano-Pizzamiglio-2025-.jpeg\",\"contentUrl\":\"https:\/\/www.confagricoltura.org\/piacenza\/wp-content\/uploads\/sites\/11\/2025\/08\/Stefano-Pizzamiglio-2025-.jpeg\",\"width\":2016,\"height\":1512},{\"@type\":\"BreadcrumbList\",\"@id\":\"https:\/\/www.confagricoltura.org\/piacenza\/vendemmia-al-via-buone-le-premesse-in-vigna-preoccupanti-i-mercati\/#breadcrumb\",\"itemListElement\":[{\"@type\":\"ListItem\",\"position\":1,\"name\":\"Home\",\"item\":\"https:\/\/www.confagricoltura.org\/piacenza\/\"},{\"@type\":\"ListItem\",\"position\":2,\"name\":\"Vendemmia al via: buone le premesse in vigna, preoccupanti i mercati\"}]},{\"@type\":\"WebSite\",\"@id\":\"https:\/\/www.confagricoltura.org\/piacenza\/#website\",\"url\":\"https:\/\/www.confagricoltura.org\/piacenza\/\",\"name\":\"Confagricoltura Piacenza\",\"description\":\"Dalla parte degli Agricoltori\",\"potentialAction\":[{\"@type\":\"SearchAction\",\"target\":{\"@type\":\"EntryPoint\",\"urlTemplate\":\"https:\/\/www.confagricoltura.org\/piacenza\/?s={search_term_string}\"},\"query-input\":{\"@type\":\"PropertyValueSpecification\",\"valueRequired\":true,\"valueName\":\"search_term_string\"}}],\"inLanguage\":\"it-IT\"},{\"@type\":\"Person\",\"@id\":\"https:\/\/www.confagricoltura.org\/piacenza\/#\/schema\/person\/be5da25a3117fea4b3bfec9dba09b5e8\",\"name\":\"confagricolturapiacenza\",\"image\":{\"@type\":\"ImageObject\",\"inLanguage\":\"it-IT\",\"@id\":\"https:\/\/www.confagricoltura.org\/piacenza\/#\/schema\/person\/image\/\",\"url\":\"https:\/\/secure.gravatar.com\/avatar\/9c5f111e417171581853bd0a3ff892ca?s=96&d=mm&r=g\",\"contentUrl\":\"https:\/\/secure.gravatar.com\/avatar\/9c5f111e417171581853bd0a3ff892ca?s=96&d=mm&r=g\",\"caption\":\"confagricolturapiacenza\"},\"url\":\"https:\/\/www.confagricoltura.org\/piacenza\/author\/confagricolturapiacenza\/\"}]}<\/script>\n<!-- \/ Yoast SEO plugin. -->","yoast_head_json":{"title":"Vendemmia al via: buone le premesse in vigna, preoccupanti i mercati - Confagricoltura Piacenza","robots":{"index":"index","follow":"follow","max-snippet":"max-snippet:-1","max-image-preview":"max-image-preview:large","max-video-preview":"max-video-preview:-1"},"canonical":"https:\/\/www.confagricoltura.org\/piacenza\/vendemmia-al-via-buone-le-premesse-in-vigna-preoccupanti-i-mercati\/","og_locale":"it_IT","og_type":"article","og_title":"Vendemmia al via: buone le premesse in vigna, preoccupanti i mercati - Confagricoltura Piacenza","og_description":"Pizzamiglio (Confagricoltura Piacenza): da noi l\u2019avvio dopo Ferragosto, rese nella media, attenzione allo stress idrico","og_url":"https:\/\/www.confagricoltura.org\/piacenza\/vendemmia-al-via-buone-le-premesse-in-vigna-preoccupanti-i-mercati\/","og_site_name":"Confagricoltura Piacenza","article_published_time":"2025-08-07T06:12:23+00:00","article_modified_time":"2025-08-22T06:14:57+00:00","og_image":[{"width":2016,"height":1512,"url":"https:\/\/www.confagricoltura.org\/piacenza\/wp-content\/uploads\/sites\/11\/2025\/08\/Stefano-Pizzamiglio-2025-.jpeg","type":"image\/jpeg"}],"author":"confagricolturapiacenza","twitter_card":"summary_large_image","twitter_misc":{"Scritto da":"confagricolturapiacenza","Tempo di lettura stimato":"4 minuti"},"schema":{"@context":"https:\/\/schema.org","@graph":[{"@type":"Article","@id":"https:\/\/www.confagricoltura.org\/piacenza\/vendemmia-al-via-buone-le-premesse-in-vigna-preoccupanti-i-mercati\/#article","isPartOf":{"@id":"https:\/\/www.confagricoltura.org\/piacenza\/vendemmia-al-via-buone-le-premesse-in-vigna-preoccupanti-i-mercati\/"},"author":{"name":"confagricolturapiacenza","@id":"https:\/\/www.confagricoltura.org\/piacenza\/#\/schema\/person\/be5da25a3117fea4b3bfec9dba09b5e8"},"headline":"Vendemmia al via: buone le premesse in vigna, preoccupanti i mercati","datePublished":"2025-08-07T06:12:23+00:00","dateModified":"2025-08-22T06:14:57+00:00","mainEntityOfPage":{"@id":"https:\/\/www.confagricoltura.org\/piacenza\/vendemmia-al-via-buone-le-premesse-in-vigna-preoccupanti-i-mercati\/"},"wordCount":577,"image":{"@id":"https:\/\/www.confagricoltura.org\/piacenza\/vendemmia-al-via-buone-le-premesse-in-vigna-preoccupanti-i-mercati\/#primaryimage"},"thumbnailUrl":"https:\/\/www.confagricoltura.org\/piacenza\/wp-content\/uploads\/sites\/11\/2025\/08\/Stefano-Pizzamiglio-2025-.jpeg","keywords":["vendemmia"],"articleSection":["News","Settore vitivinicolo"],"inLanguage":"it-IT"},{"@type":"WebPage","@id":"https:\/\/www.confagricoltura.org\/piacenza\/vendemmia-al-via-buone-le-premesse-in-vigna-preoccupanti-i-mercati\/","url":"https:\/\/www.confagricoltura.org\/piacenza\/vendemmia-al-via-buone-le-premesse-in-vigna-preoccupanti-i-mercati\/","name":"Vendemmia al via: buone le premesse in vigna, preoccupanti i mercati - Confagricoltura Piacenza","isPartOf":{"@id":"https:\/\/www.confagricoltura.org\/piacenza\/#website"},"primaryImageOfPage":{"@id":"https:\/\/www.confagricoltura.org\/piacenza\/vendemmia-al-via-buone-le-premesse-in-vigna-preoccupanti-i-mercati\/#primaryimage"},"image":{"@id":"https:\/\/www.confagricoltura.org\/piacenza\/vendemmia-al-via-buone-le-premesse-in-vigna-preoccupanti-i-mercati\/#primaryimage"},"thumbnailUrl":"https:\/\/www.confagricoltura.org\/piacenza\/wp-content\/uploads\/sites\/11\/2025\/08\/Stefano-Pizzamiglio-2025-.jpeg","datePublished":"2025-08-07T06:12:23+00:00","dateModified":"2025-08-22T06:14:57+00:00","author":{"@id":"https:\/\/www.confagricoltura.org\/piacenza\/#\/schema\/person\/be5da25a3117fea4b3bfec9dba09b5e8"},"breadcrumb":{"@id":"https:\/\/www.confagricoltura.org\/piacenza\/vendemmia-al-via-buone-le-premesse-in-vigna-preoccupanti-i-mercati\/#breadcrumb"},"inLanguage":"it-IT","potentialAction":[{"@type":"ReadAction","target":["https:\/\/www.confagricoltura.org\/piacenza\/vendemmia-al-via-buone-le-premesse-in-vigna-preoccupanti-i-mercati\/"]}]},{"@type":"ImageObject","inLanguage":"it-IT","@id":"https:\/\/www.confagricoltura.org\/piacenza\/vendemmia-al-via-buone-le-premesse-in-vigna-preoccupanti-i-mercati\/#primaryimage","url":"https:\/\/www.confagricoltura.org\/piacenza\/wp-content\/uploads\/sites\/11\/2025\/08\/Stefano-Pizzamiglio-2025-.jpeg","contentUrl":"https:\/\/www.confagricoltura.org\/piacenza\/wp-content\/uploads\/sites\/11\/2025\/08\/Stefano-Pizzamiglio-2025-.jpeg","width":2016,"height":1512},{"@type":"BreadcrumbList","@id":"https:\/\/www.confagricoltura.org\/piacenza\/vendemmia-al-via-buone-le-premesse-in-vigna-preoccupanti-i-mercati\/#breadcrumb","itemListElement":[{"@type":"ListItem","position":1,"name":"Home","item":"https:\/\/www.confagricoltura.org\/piacenza\/"},{"@type":"ListItem","position":2,"name":"Vendemmia al via: buone le premesse in vigna, preoccupanti i mercati"}]},{"@type":"WebSite","@id":"https:\/\/www.confagricoltura.org\/piacenza\/#website","url":"https:\/\/www.confagricoltura.org\/piacenza\/","name":"Confagricoltura Piacenza","description":"Dalla parte degli Agricoltori","potentialAction":[{"@type":"SearchAction","target":{"@type":"EntryPoint","urlTemplate":"https:\/\/www.confagricoltura.org\/piacenza\/?s={search_term_string}"},"query-input":{"@type":"PropertyValueSpecification","valueRequired":true,"valueName":"search_term_string"}}],"inLanguage":"it-IT"},{"@type":"Person","@id":"https:\/\/www.confagricoltura.org\/piacenza\/#\/schema\/person\/be5da25a3117fea4b3bfec9dba09b5e8","name":"confagricolturapiacenza","image":{"@type":"ImageObject","inLanguage":"it-IT","@id":"https:\/\/www.confagricoltura.org\/piacenza\/#\/schema\/person\/image\/","url":"https:\/\/secure.gravatar.com\/avatar\/9c5f111e417171581853bd0a3ff892ca?s=96&d=mm&r=g","contentUrl":"https:\/\/secure.gravatar.com\/avatar\/9c5f111e417171581853bd0a3ff892ca?s=96&d=mm&r=g","caption":"confagricolturapiacenza"},"url":"https:\/\/www.confagricoltura.org\/piacenza\/author\/confagricolturapiacenza\/"}]}},"_links":{"self":[{"href":"https:\/\/www.confagricoltura.org\/piacenza\/wp-json\/wp\/v2\/posts\/5144","targetHints":{"allow":["GET"]}}],"collection":[{"href":"https:\/\/www.confagricoltura.org\/piacenza\/wp-json\/wp\/v2\/posts"}],"about":[{"href":"https:\/\/www.confagricoltura.org\/piacenza\/wp-json\/wp\/v2\/types\/post"}],"author":[{"embeddable":true,"href":"https:\/\/www.confagricoltura.org\/piacenza\/wp-json\/wp\/v2\/users\/6"}],"replies":[{"embeddable":true,"href":"https:\/\/www.confagricoltura.org\/piacenza\/wp-json\/wp\/v2\/comments?post=5144"}],"version-history":[{"count":1,"href":"https:\/\/www.confagricoltura.org\/piacenza\/wp-json\/wp\/v2\/posts\/5144\/revisions"}],"predecessor-version":[{"id":5146,"href":"https:\/\/www.confagricoltura.org\/piacenza\/wp-json\/wp\/v2\/posts\/5144\/revisions\/5146"}],"wp:featuredmedia":[{"embeddable":true,"href":"https:\/\/www.confagricoltura.org\/piacenza\/wp-json\/wp\/v2\/media\/5145"}],"wp:attachment":[{"href":"https:\/\/www.confagricoltura.org\/piacenza\/wp-json\/wp\/v2\/media?parent=5144"}],"wp:term":[{"taxonomy":"category","embeddable":true,"href":"https:\/\/www.confagricoltura.org\/piacenza\/wp-json\/wp\/v2\/categories?post=5144"},{"taxonomy":"post_tag","embeddable":true,"href":"https:\/\/www.confagricoltura.org\/piacenza\/wp-json\/wp\/v2\/tags?post=5144"}],"curies":[{"name":"wp","href":"https:\/\/api.w.org\/{rel}","templated":true}]}}