{"id":5130,"date":"2025-07-14T09:57:23","date_gmt":"2025-07-14T07:57:23","guid":{"rendered":"https:\/\/www.confagricoltura.org\/piacenza\/?p=5130"},"modified":"2025-07-22T11:58:37","modified_gmt":"2025-07-22T09:58:37","slug":"confagricoltura-piacenza-al-via-la-raccolta-del-pomodoro-da-industria","status":"publish","type":"post","link":"https:\/\/www.confagricoltura.org\/piacenza\/confagricoltura-piacenza-al-via-la-raccolta-del-pomodoro-da-industria\/","title":{"rendered":"Confagricoltura Piacenza: al via la raccolta del pomodoro da industria"},"content":{"rendered":"<p>Piacenza, luned\u00ec 14 luglio 2025 \u2013 Inizia in questi giorni nel piacentino la raccolta del pomodoro da industria, a renderlo noto \u00e8 Confagricoltura Piacenza che fornisce le prime anticipazioni. \u201cQuesta fase \u00e8 il momento della verifica finale \u2013 commenta Umberto Gorra, presidente di Confagricoltura Piacenza e coltivatore di pomodoro \u2013 iniziamo con qualche giorno di anticipo rispetto alla programmazione, le temperature di giugno hanno favorito la maturazione. La raccolta ci vedr\u00e0 impegnati per tutta l\u2019estate ed \u00e8 presto per dire come andr\u00e0 la campagna, ora si parte con le variet\u00e0 precoci, i primi pomodori raccolti sembra diano soddisfazione\u201d. Nella nostra provincia le superfici sono tali da non poter esprimere un giudizio univoco. La siccit\u00e0 che alcuni terreni hanno sofferto nelle settimane scorse \u2013 evidenzia l\u2019associazione degli imprenditori agricoli &#8211; ha creato qualche difficolt\u00e0 con l\u2019esigenza di incrementare irrigazioni di soccorso, sostituire manichette che erano state ostruite dall\u2019apparato radicale di piantine assetate e gestire alcune fitopatologie agevolate dalle alte temperature, ma nel complesso si respira l\u2019adrenalina di una fase che entusiasma perch\u00e9 vede il frutto di mesi di lavoro e fatiche. \u201cPrudenza, esperienza e costanza \u2013 frena Giovanni Lambertini, presidente della sezione di prodotto pomodoro da industria a livello regionale e provinciale \u2013 incominciamo una maratona, vediamo come andr\u00e0. Possiamo solo dire che le condizioni di giugno sono state impegnative: tra siccit\u00e0 e temperature, ma per ora non abbiamo contezza della qualit\u00e0 e delle quantit\u00e0 che si realizzeranno nell\u2019arco di un paio di mesi almeno. Dalla prossima settimana si apriranno i cancelli di tutte le fabbriche. La capacit\u00e0 produttiva \u00e8 uno degli elementi, poi ci sono le condizioni di campo e la valutazione in fabbrica. Le superfici nella nostra provincia, con oltre 10.000 ettari, sono gi\u00e0 di per s\u00e9 importanti, in aggiunta, quest\u2019ano il sentore \u00e8 che, complice la pessima campagna 2024, si sia voluto recuperare un po\u2019 destinando qualche ettaro in pi\u00f9, anche i conferimenti saranno dunque una fase delicata in cui \u00e8 richiesto coordinamento\u201d.<\/p>\n","protected":false},"excerpt":{"rendered":"<p>Con questa fase si concretizza il lavoro di un\u2019intera stagione <\/p>\n","protected":false},"author":6,"featured_media":5131,"comment_status":"closed","ping_status":"closed","sticky":false,"template":"","format":"standard","meta":{"wp_mapbox_gl_js_media":[],"footnotes":""},"categories":[4,343],"tags":[],"class_list":["post-5130","post","type-post","status-publish","format-standard","has-post-thumbnail","hentry","category-news","category-settore-pomodoro-da-industria"],"yoast_head":"<!-- This site is optimized with the Yoast SEO plugin v26.8 - https:\/\/yoast.com\/product\/yoast-seo-wordpress\/ -->\n<title>Confagricoltura Piacenza: al via la raccolta del pomodoro da industria - Confagricoltura Piacenza<\/title>\n<meta name=\"robots\" content=\"index, follow, max-snippet:-1, max-image-preview:large, max-video-preview:-1\" \/>\n<link rel=\"canonical\" href=\"https:\/\/www.confagricoltura.org\/piacenza\/confagricoltura-piacenza-al-via-la-raccolta-del-pomodoro-da-industria\/\" \/>\n<meta property=\"og:locale\" content=\"it_IT\" \/>\n<meta property=\"og:type\" content=\"article\" \/>\n<meta property=\"og:title\" content=\"Confagricoltura Piacenza: al via la raccolta del pomodoro da industria - Confagricoltura Piacenza\" \/>\n<meta property=\"og:description\" content=\"Con questa fase si concretizza il lavoro di un\u2019intera stagione\" \/>\n<meta property=\"og:url\" content=\"https:\/\/www.confagricoltura.org\/piacenza\/confagricoltura-piacenza-al-via-la-raccolta-del-pomodoro-da-industria\/\" \/>\n<meta property=\"og:site_name\" content=\"Confagricoltura Piacenza\" \/>\n<meta property=\"article:published_time\" content=\"2025-07-14T07:57:23+00:00\" \/>\n<meta property=\"article:modified_time\" content=\"2025-07-22T09:58:37+00:00\" \/>\n<meta property=\"og:image\" content=\"https:\/\/www.confagricoltura.org\/piacenza\/wp-content\/uploads\/sites\/11\/2025\/07\/14-07-25-inizio-raccolta.jpg\" \/>\n\t<meta property=\"og:image:width\" content=\"1512\" \/>\n\t<meta property=\"og:image:height\" content=\"2016\" \/>\n\t<meta property=\"og:image:type\" content=\"image\/jpeg\" \/>\n<meta name=\"author\" content=\"confagricolturapiacenza\" \/>\n<meta name=\"twitter:card\" content=\"summary_large_image\" \/>\n<meta name=\"twitter:label1\" content=\"Scritto da\" \/>\n\t<meta name=\"twitter:data1\" content=\"confagricolturapiacenza\" \/>\n\t<meta name=\"twitter:label2\" content=\"Tempo di lettura stimato\" \/>\n\t<meta name=\"twitter:data2\" content=\"2 minuti\" \/>\n<script type=\"application\/ld+json\" class=\"yoast-schema-graph\">{\"@context\":\"https:\/\/schema.org\",\"@graph\":[{\"@type\":\"Article\",\"@id\":\"https:\/\/www.confagricoltura.org\/piacenza\/confagricoltura-piacenza-al-via-la-raccolta-del-pomodoro-da-industria\/#article\",\"isPartOf\":{\"@id\":\"https:\/\/www.confagricoltura.org\/piacenza\/confagricoltura-piacenza-al-via-la-raccolta-del-pomodoro-da-industria\/\"},\"author\":{\"name\":\"confagricolturapiacenza\",\"@id\":\"https:\/\/www.confagricoltura.org\/piacenza\/#\/schema\/person\/be5da25a3117fea4b3bfec9dba09b5e8\"},\"headline\":\"Confagricoltura Piacenza: al via la raccolta del pomodoro da industria\",\"datePublished\":\"2025-07-14T07:57:23+00:00\",\"dateModified\":\"2025-07-22T09:58:37+00:00\",\"mainEntityOfPage\":{\"@id\":\"https:\/\/www.confagricoltura.org\/piacenza\/confagricoltura-piacenza-al-via-la-raccolta-del-pomodoro-da-industria\/\"},\"wordCount\":326,\"image\":{\"@id\":\"https:\/\/www.confagricoltura.org\/piacenza\/confagricoltura-piacenza-al-via-la-raccolta-del-pomodoro-da-industria\/#primaryimage\"},\"thumbnailUrl\":\"https:\/\/www.confagricoltura.org\/piacenza\/wp-content\/uploads\/sites\/11\/2025\/07\/14-07-25-inizio-raccolta.jpg\",\"articleSection\":[\"News\",\"Settore Pomodoro da industria\"],\"inLanguage\":\"it-IT\"},{\"@type\":\"WebPage\",\"@id\":\"https:\/\/www.confagricoltura.org\/piacenza\/confagricoltura-piacenza-al-via-la-raccolta-del-pomodoro-da-industria\/\",\"url\":\"https:\/\/www.confagricoltura.org\/piacenza\/confagricoltura-piacenza-al-via-la-raccolta-del-pomodoro-da-industria\/\",\"name\":\"Confagricoltura Piacenza: al via la raccolta del pomodoro da industria - Confagricoltura Piacenza\",\"isPartOf\":{\"@id\":\"https:\/\/www.confagricoltura.org\/piacenza\/#website\"},\"primaryImageOfPage\":{\"@id\":\"https:\/\/www.confagricoltura.org\/piacenza\/confagricoltura-piacenza-al-via-la-raccolta-del-pomodoro-da-industria\/#primaryimage\"},\"image\":{\"@id\":\"https:\/\/www.confagricoltura.org\/piacenza\/confagricoltura-piacenza-al-via-la-raccolta-del-pomodoro-da-industria\/#primaryimage\"},\"thumbnailUrl\":\"https:\/\/www.confagricoltura.org\/piacenza\/wp-content\/uploads\/sites\/11\/2025\/07\/14-07-25-inizio-raccolta.jpg\",\"datePublished\":\"2025-07-14T07:57:23+00:00\",\"dateModified\":\"2025-07-22T09:58:37+00:00\",\"author\":{\"@id\":\"https:\/\/www.confagricoltura.org\/piacenza\/#\/schema\/person\/be5da25a3117fea4b3bfec9dba09b5e8\"},\"breadcrumb\":{\"@id\":\"https:\/\/www.confagricoltura.org\/piacenza\/confagricoltura-piacenza-al-via-la-raccolta-del-pomodoro-da-industria\/#breadcrumb\"},\"inLanguage\":\"it-IT\",\"potentialAction\":[{\"@type\":\"ReadAction\",\"target\":[\"https:\/\/www.confagricoltura.org\/piacenza\/confagricoltura-piacenza-al-via-la-raccolta-del-pomodoro-da-industria\/\"]}]},{\"@type\":\"ImageObject\",\"inLanguage\":\"it-IT\",\"@id\":\"https:\/\/www.confagricoltura.org\/piacenza\/confagricoltura-piacenza-al-via-la-raccolta-del-pomodoro-da-industria\/#primaryimage\",\"url\":\"https:\/\/www.confagricoltura.org\/piacenza\/wp-content\/uploads\/sites\/11\/2025\/07\/14-07-25-inizio-raccolta.jpg\",\"contentUrl\":\"https:\/\/www.confagricoltura.org\/piacenza\/wp-content\/uploads\/sites\/11\/2025\/07\/14-07-25-inizio-raccolta.jpg\",\"width\":1512,\"height\":2016},{\"@type\":\"BreadcrumbList\",\"@id\":\"https:\/\/www.confagricoltura.org\/piacenza\/confagricoltura-piacenza-al-via-la-raccolta-del-pomodoro-da-industria\/#breadcrumb\",\"itemListElement\":[{\"@type\":\"ListItem\",\"position\":1,\"name\":\"Home\",\"item\":\"https:\/\/www.confagricoltura.org\/piacenza\/\"},{\"@type\":\"ListItem\",\"position\":2,\"name\":\"Confagricoltura Piacenza: al via la raccolta del pomodoro da industria\"}]},{\"@type\":\"WebSite\",\"@id\":\"https:\/\/www.confagricoltura.org\/piacenza\/#website\",\"url\":\"https:\/\/www.confagricoltura.org\/piacenza\/\",\"name\":\"Confagricoltura Piacenza\",\"description\":\"Dalla parte degli Agricoltori\",\"potentialAction\":[{\"@type\":\"SearchAction\",\"target\":{\"@type\":\"EntryPoint\",\"urlTemplate\":\"https:\/\/www.confagricoltura.org\/piacenza\/?s={search_term_string}\"},\"query-input\":{\"@type\":\"PropertyValueSpecification\",\"valueRequired\":true,\"valueName\":\"search_term_string\"}}],\"inLanguage\":\"it-IT\"},{\"@type\":\"Person\",\"@id\":\"https:\/\/www.confagricoltura.org\/piacenza\/#\/schema\/person\/be5da25a3117fea4b3bfec9dba09b5e8\",\"name\":\"confagricolturapiacenza\",\"image\":{\"@type\":\"ImageObject\",\"inLanguage\":\"it-IT\",\"@id\":\"https:\/\/www.confagricoltura.org\/piacenza\/#\/schema\/person\/image\/\",\"url\":\"https:\/\/secure.gravatar.com\/avatar\/9c5f111e417171581853bd0a3ff892ca?s=96&d=mm&r=g\",\"contentUrl\":\"https:\/\/secure.gravatar.com\/avatar\/9c5f111e417171581853bd0a3ff892ca?s=96&d=mm&r=g\",\"caption\":\"confagricolturapiacenza\"},\"url\":\"https:\/\/www.confagricoltura.org\/piacenza\/author\/confagricolturapiacenza\/\"}]}<\/script>\n<!-- \/ Yoast SEO plugin. -->","yoast_head_json":{"title":"Confagricoltura Piacenza: al via la raccolta del pomodoro da industria - Confagricoltura Piacenza","robots":{"index":"index","follow":"follow","max-snippet":"max-snippet:-1","max-image-preview":"max-image-preview:large","max-video-preview":"max-video-preview:-1"},"canonical":"https:\/\/www.confagricoltura.org\/piacenza\/confagricoltura-piacenza-al-via-la-raccolta-del-pomodoro-da-industria\/","og_locale":"it_IT","og_type":"article","og_title":"Confagricoltura Piacenza: al via la raccolta del pomodoro da industria - Confagricoltura Piacenza","og_description":"Con questa fase si concretizza il lavoro di un\u2019intera stagione","og_url":"https:\/\/www.confagricoltura.org\/piacenza\/confagricoltura-piacenza-al-via-la-raccolta-del-pomodoro-da-industria\/","og_site_name":"Confagricoltura Piacenza","article_published_time":"2025-07-14T07:57:23+00:00","article_modified_time":"2025-07-22T09:58:37+00:00","og_image":[{"width":1512,"height":2016,"url":"https:\/\/www.confagricoltura.org\/piacenza\/wp-content\/uploads\/sites\/11\/2025\/07\/14-07-25-inizio-raccolta.jpg","type":"image\/jpeg"}],"author":"confagricolturapiacenza","twitter_card":"summary_large_image","twitter_misc":{"Scritto da":"confagricolturapiacenza","Tempo di lettura stimato":"2 minuti"},"schema":{"@context":"https:\/\/schema.org","@graph":[{"@type":"Article","@id":"https:\/\/www.confagricoltura.org\/piacenza\/confagricoltura-piacenza-al-via-la-raccolta-del-pomodoro-da-industria\/#article","isPartOf":{"@id":"https:\/\/www.confagricoltura.org\/piacenza\/confagricoltura-piacenza-al-via-la-raccolta-del-pomodoro-da-industria\/"},"author":{"name":"confagricolturapiacenza","@id":"https:\/\/www.confagricoltura.org\/piacenza\/#\/schema\/person\/be5da25a3117fea4b3bfec9dba09b5e8"},"headline":"Confagricoltura Piacenza: al via la raccolta del pomodoro da industria","datePublished":"2025-07-14T07:57:23+00:00","dateModified":"2025-07-22T09:58:37+00:00","mainEntityOfPage":{"@id":"https:\/\/www.confagricoltura.org\/piacenza\/confagricoltura-piacenza-al-via-la-raccolta-del-pomodoro-da-industria\/"},"wordCount":326,"image":{"@id":"https:\/\/www.confagricoltura.org\/piacenza\/confagricoltura-piacenza-al-via-la-raccolta-del-pomodoro-da-industria\/#primaryimage"},"thumbnailUrl":"https:\/\/www.confagricoltura.org\/piacenza\/wp-content\/uploads\/sites\/11\/2025\/07\/14-07-25-inizio-raccolta.jpg","articleSection":["News","Settore Pomodoro da industria"],"inLanguage":"it-IT"},{"@type":"WebPage","@id":"https:\/\/www.confagricoltura.org\/piacenza\/confagricoltura-piacenza-al-via-la-raccolta-del-pomodoro-da-industria\/","url":"https:\/\/www.confagricoltura.org\/piacenza\/confagricoltura-piacenza-al-via-la-raccolta-del-pomodoro-da-industria\/","name":"Confagricoltura Piacenza: al via la raccolta del pomodoro da industria - Confagricoltura Piacenza","isPartOf":{"@id":"https:\/\/www.confagricoltura.org\/piacenza\/#website"},"primaryImageOfPage":{"@id":"https:\/\/www.confagricoltura.org\/piacenza\/confagricoltura-piacenza-al-via-la-raccolta-del-pomodoro-da-industria\/#primaryimage"},"image":{"@id":"https:\/\/www.confagricoltura.org\/piacenza\/confagricoltura-piacenza-al-via-la-raccolta-del-pomodoro-da-industria\/#primaryimage"},"thumbnailUrl":"https:\/\/www.confagricoltura.org\/piacenza\/wp-content\/uploads\/sites\/11\/2025\/07\/14-07-25-inizio-raccolta.jpg","datePublished":"2025-07-14T07:57:23+00:00","dateModified":"2025-07-22T09:58:37+00:00","author":{"@id":"https:\/\/www.confagricoltura.org\/piacenza\/#\/schema\/person\/be5da25a3117fea4b3bfec9dba09b5e8"},"breadcrumb":{"@id":"https:\/\/www.confagricoltura.org\/piacenza\/confagricoltura-piacenza-al-via-la-raccolta-del-pomodoro-da-industria\/#breadcrumb"},"inLanguage":"it-IT","potentialAction":[{"@type":"ReadAction","target":["https:\/\/www.confagricoltura.org\/piacenza\/confagricoltura-piacenza-al-via-la-raccolta-del-pomodoro-da-industria\/"]}]},{"@type":"ImageObject","inLanguage":"it-IT","@id":"https:\/\/www.confagricoltura.org\/piacenza\/confagricoltura-piacenza-al-via-la-raccolta-del-pomodoro-da-industria\/#primaryimage","url":"https:\/\/www.confagricoltura.org\/piacenza\/wp-content\/uploads\/sites\/11\/2025\/07\/14-07-25-inizio-raccolta.jpg","contentUrl":"https:\/\/www.confagricoltura.org\/piacenza\/wp-content\/uploads\/sites\/11\/2025\/07\/14-07-25-inizio-raccolta.jpg","width":1512,"height":2016},{"@type":"BreadcrumbList","@id":"https:\/\/www.confagricoltura.org\/piacenza\/confagricoltura-piacenza-al-via-la-raccolta-del-pomodoro-da-industria\/#breadcrumb","itemListElement":[{"@type":"ListItem","position":1,"name":"Home","item":"https:\/\/www.confagricoltura.org\/piacenza\/"},{"@type":"ListItem","position":2,"name":"Confagricoltura Piacenza: al via la raccolta del pomodoro da industria"}]},{"@type":"WebSite","@id":"https:\/\/www.confagricoltura.org\/piacenza\/#website","url":"https:\/\/www.confagricoltura.org\/piacenza\/","name":"Confagricoltura Piacenza","description":"Dalla parte degli Agricoltori","potentialAction":[{"@type":"SearchAction","target":{"@type":"EntryPoint","urlTemplate":"https:\/\/www.confagricoltura.org\/piacenza\/?s={search_term_string}"},"query-input":{"@type":"PropertyValueSpecification","valueRequired":true,"valueName":"search_term_string"}}],"inLanguage":"it-IT"},{"@type":"Person","@id":"https:\/\/www.confagricoltura.org\/piacenza\/#\/schema\/person\/be5da25a3117fea4b3bfec9dba09b5e8","name":"confagricolturapiacenza","image":{"@type":"ImageObject","inLanguage":"it-IT","@id":"https:\/\/www.confagricoltura.org\/piacenza\/#\/schema\/person\/image\/","url":"https:\/\/secure.gravatar.com\/avatar\/9c5f111e417171581853bd0a3ff892ca?s=96&d=mm&r=g","contentUrl":"https:\/\/secure.gravatar.com\/avatar\/9c5f111e417171581853bd0a3ff892ca?s=96&d=mm&r=g","caption":"confagricolturapiacenza"},"url":"https:\/\/www.confagricoltura.org\/piacenza\/author\/confagricolturapiacenza\/"}]}},"_links":{"self":[{"href":"https:\/\/www.confagricoltura.org\/piacenza\/wp-json\/wp\/v2\/posts\/5130","targetHints":{"allow":["GET"]}}],"collection":[{"href":"https:\/\/www.confagricoltura.org\/piacenza\/wp-json\/wp\/v2\/posts"}],"about":[{"href":"https:\/\/www.confagricoltura.org\/piacenza\/wp-json\/wp\/v2\/types\/post"}],"author":[{"embeddable":true,"href":"https:\/\/www.confagricoltura.org\/piacenza\/wp-json\/wp\/v2\/users\/6"}],"replies":[{"embeddable":true,"href":"https:\/\/www.confagricoltura.org\/piacenza\/wp-json\/wp\/v2\/comments?post=5130"}],"version-history":[{"count":1,"href":"https:\/\/www.confagricoltura.org\/piacenza\/wp-json\/wp\/v2\/posts\/5130\/revisions"}],"predecessor-version":[{"id":5132,"href":"https:\/\/www.confagricoltura.org\/piacenza\/wp-json\/wp\/v2\/posts\/5130\/revisions\/5132"}],"wp:featuredmedia":[{"embeddable":true,"href":"https:\/\/www.confagricoltura.org\/piacenza\/wp-json\/wp\/v2\/media\/5131"}],"wp:attachment":[{"href":"https:\/\/www.confagricoltura.org\/piacenza\/wp-json\/wp\/v2\/media?parent=5130"}],"wp:term":[{"taxonomy":"category","embeddable":true,"href":"https:\/\/www.confagricoltura.org\/piacenza\/wp-json\/wp\/v2\/categories?post=5130"},{"taxonomy":"post_tag","embeddable":true,"href":"https:\/\/www.confagricoltura.org\/piacenza\/wp-json\/wp\/v2\/tags?post=5130"}],"curies":[{"name":"wp","href":"https:\/\/api.w.org\/{rel}","templated":true}]}}