{"id":5124,"date":"2025-07-14T09:00:59","date_gmt":"2025-07-14T07:00:59","guid":{"rendered":"https:\/\/www.confagricoltura.org\/piacenza\/?p=5124"},"modified":"2025-07-22T12:02:14","modified_gmt":"2025-07-22T10:02:14","slug":"confagricoltura-coltiviamo-lagricoltura-di-domani-anche-dove-sembra-impossibile","status":"publish","type":"post","link":"https:\/\/www.confagricoltura.org\/piacenza\/confagricoltura-coltiviamo-lagricoltura-di-domani-anche-dove-sembra-impossibile\/","title":{"rendered":"Confagricoltura: coltiviamo l\u2019agricoltura di domani, anche dove sembra impossibile"},"content":{"rendered":"<p>Piacenza, luned\u00ec 14 luglio 2025 \u2013 Un dialogo con interlocutori di primo quello che Confagricoltura nazionale ha condotto con la sua assemblea estiva nella prestigiosa aula magna dell\u2019Universit\u00e0 Bocconi di Milano marted\u00ec 8 luglio. \u201cColtiviamo l\u2019agricoltura di domani \u2013 anche dove sembra impossibile\u201d il programmatico titolo dell\u2019appuntamento che, dopo la prima sessione riservata, ha aperto le porte a ai giornalisti. Confagricoltura Piacenza ha partecipato con una propria delegazione: presenti il presidente Umberto Gorra, il direttore Marco Casagrande, la componente di Consiglio Giovanna Parmigiani e la responsabile della comunicazione Elena Gherardi.<\/p>\n<p>Il Direttore generale di Confagricoltura Roberto Caponi, nella sua introduzione, ha sottolineato: \u201cNoi siamo un\u2019organizzazione libera, democratica, indipendente, aperta al progresso scientifico e alle innovazioni tecnologiche, abbiamo pensiero critico, ma non \u00e8 mai pregiudizialmente chiuso, questa \u00e8 la nostra caratteristica\u201d. Sono seguiti i saluti del Magnifico Rettore dell\u2019Universit\u00e0 Bocconi, Francesco Billari, quelli dell\u2019Assessore regionale all\u2019Agricoltura, sovranit\u00e0 alimentare e foreste, Alessandro Beduschi e del vicesindaco di Milano, Anna Scavuzzo.<\/p>\n<p>Il presidente nazionale di Confagricoltura Massimiliano Giansanti \u00e8 entrato nel vivo con la sua relazione: \u201cProduzione, territorio, capacit\u00e0 del nostro settore di essere attrattivo: oggi l\u2019agricoltura ha bisogno di aprire al capitale umano che porti nuovi modelli di produzione e nuovi strumenti: i giovani con le competenze avanzate. Confagricoltura si relaziona da sempre con il mondo dell\u2019istruzione, della ricerca e dell\u2019innovazione. Da qui il nostro rapporto con le Universit\u00e0 e il significato della nostra presenza qui oggi. Per noi la stella polare \u00e8 la produttivit\u00e0. Noi imprenditori dobbiamo guardare alla capacit\u00e0 produttiva delle nostre imprese. L\u2019agricoltore negli anni ha saputo dimostrare che non esistono luoghi impossibili dove produrre. Siamo riusciti a produrre anche nei luoghi pi\u00f9 impervi \u2013 ha proseguito &#8211; Il nostro \u00e8 un settore che garantisce la stabilit\u00e0 delle aree interne del Paese e dell\u2019Europa\u201d. Quanto a una nuova visione a livello europeo Giansanti ha aggiunto: \u201cRitengo che l\u2019Europa debba ridare una centralit\u00e0 produttiva e competitiva al settore primario. Oggi le priorit\u00e0 dell\u2019Unione devono essere tre: la difesa dei confini, la sicurezza energetica e la sicurezza alimentare: abbiamo bisogno di un sistema Paese ed europeo che rimettano al centro l\u2019agricoltura, perch\u00e9 l\u2019accesso al cibo \u00e8 il presupposto per la democrazia, senza agricoltura non c\u2019\u00e8 libert\u00e0\u201d.<\/p>\n<p>Il tavolo di confronto \u201cIl Made in Italy, la sua ricerca e la sua tecnologia\u201d, moderato dalla giornalista Rai, Maria Soave, ha portato sul palco il Ministro della Ricerca e dell\u2019Universit\u00e0 Anna Maria Bernini, il Ministro del Turismo Daniela Santanch\u00e8, il Magnifico Rettore Francesco Billari e il Viceministro delle imprese e del Made in Italy Valentino Valentini.<\/p>\n<p>Marco Fortis, direttore della Fondazione Edison e Presidente del Comitato Scientifico Centro Studi di Confindustria ha condiviso la sua analisi indicando le tendenze economiche.<\/p>\n<p>Di scenari internazionali e risiko bancario ha parlato Ferruccio de Bortoli, Presidente della Fondazione del Corriere della Sera.<\/p>\n<p>il vicepresidente della Commissione Europea Raffaele Fitto, intervistato dall\u2019inviato del Corriere della Sera Paolo Valentino, ha commentato la trattativa in corso a Bruxelles sul bilancio europeo. \u201cC\u2019\u00e8 un confronto in atto sul ruolo delle regioni che, per quanto mi riguarda, va tutelato, ma c\u2019\u00e8 anche la necessit\u00e0 di costruire un bilancio che sia pi\u00f9 moderno, le cui parole chiave sono semplificazione e flessibilit\u00e0 \u2013 ha detto Fitto -. La coesione rappresenta un terzo del bilancio complessivo, sono programmi sottoscritti nel 2022 e che partono in questi giorni, ma ormai il mondo \u00e8 cambiato e l\u2019esigenza di adattarli ai nuovi scenari \u00e8 fondamentale, per questo abbiamo messo in campo una revisione. L\u2019idea \u00e8 quella di evitare di avere un bilancio rigido per il quale una scelta fatta il primo anno debba rimanere valida per sette anni. Questo non consentirebbe all\u2019Europa di affrontare al meglio le sfide che ci si pongono davanti\u201d.<\/p>\n<p>Le conclusioni del Ministro dell\u2019agricoltura e della Sovranit\u00e0 Alimentare, Francesco Lollobrigida si sono concentrate sulla questione dazi e sulle azioni da mettere in campo per preservare buone relazioni economiche internazionali. \u201cLa guerra dei dazi non \u00e8 una guerra tra USA e UE. Rischia di essere una guerra commerciale globale. Nostro compito \u00e8 anche fornire soluzioni, dialoghiamo con i corpi intermedi\u201d ha dichiarato Lollobrigida che ha posto infine l\u2019accento sulla centralit\u00e0 dell\u2019agricoltura e sull\u2019attenzione che il Governo riserva al settore riconoscendone l\u2019importanza prioritaria. \u201cGrazie a Confagricoltura \u2013 ha concluso il Ministro &#8211; e all\u2019agricoltura per quello che fa nel mondo produttivo, civile e sociale!\u201d<\/p>\n<p>\u201cDall\u2019assemblea la voce unanime \u00e8 chiara \u2013 commenta il presidente di Confagricoltura Piacenza Umberto Gorra &#8211; Noi vogliamo essere produttivi e competitivi. Con la Cina che custodisce met\u00e0 delle scorte mondiali delle commodities alla base della dieta alimentare, il Brasile principale produttore di proteine vegetali e animali, l\u2019India potenza economica per la produzione di latte &#8211; sottolinea Gorra &#8211; il futuro dell\u2019Europa non deve essere quello di costruire una platea di consumatori. Per questo l\u2019ipotesi di riduzione del bilancio agricolo Ue \u00e8 miope e controproducente. L\u2019Organizzazione, \u00e8 stato ribadito anche in assemblea, \u00e8 pronta a dare battaglia, insieme agli agricoltori europei, se la Commissione UE il prossimo 16 luglio presenter\u00e0 la proposta del Quadro Finanziario Pluriennale (QFP) 2027-2034 con un fondo unico e tagli rilevanti alla Politica Agricola Comune. In questi giorni, intanto, \u00e8 stata avviata la petizione del Copa-Cogeca a difesa della Pac \u201cNo Security without CAP\u201d, con l\u2019obiettivo di sensibilizzare e mobilitare tutto il comparto agricolo europeo contro la proposta del fondo unico e della diminuzione del budget dedicato alla politica agricola. Tutti sono invitati a sostenere l\u2019iniziativa firmando la petizione nella pagina web dedicata\u00a0 <a href=\"https:\/\/nosecuritywithoutcap.eu\/sign-the-petition\">https:\/\/nosecuritywithoutcap.eu\/sign-the-petition<\/a>\u201d<\/p>\n","protected":false},"excerpt":{"rendered":"<p>Vertici piacentini all\u2019assemblea nazionale nell\u2019aula magna della Bocconi a Milano; <\/p>\n","protected":false},"author":6,"featured_media":5133,"comment_status":"closed","ping_status":"closed","sticky":false,"template":"","format":"standard","meta":{"wp_mapbox_gl_js_media":[],"footnotes":""},"categories":[21,4],"tags":[],"class_list":["post-5124","post","type-post","status-publish","format-standard","has-post-thumbnail","hentry","category-eventi","category-news"],"yoast_head":"<!-- This site is optimized with the Yoast SEO plugin v26.8 - https:\/\/yoast.com\/product\/yoast-seo-wordpress\/ -->\n<title>Confagricoltura: coltiviamo l\u2019agricoltura di domani, anche dove sembra impossibile - Confagricoltura Piacenza<\/title>\n<meta name=\"robots\" content=\"index, follow, max-snippet:-1, max-image-preview:large, max-video-preview:-1\" \/>\n<link rel=\"canonical\" href=\"https:\/\/www.confagricoltura.org\/piacenza\/confagricoltura-coltiviamo-lagricoltura-di-domani-anche-dove-sembra-impossibile\/\" \/>\n<meta property=\"og:locale\" content=\"it_IT\" \/>\n<meta property=\"og:type\" content=\"article\" \/>\n<meta property=\"og:title\" content=\"Confagricoltura: coltiviamo l\u2019agricoltura di domani, anche dove sembra impossibile - Confagricoltura Piacenza\" \/>\n<meta property=\"og:description\" content=\"Vertici piacentini all\u2019assemblea nazionale nell\u2019aula magna della Bocconi a Milano;\" \/>\n<meta property=\"og:url\" content=\"https:\/\/www.confagricoltura.org\/piacenza\/confagricoltura-coltiviamo-lagricoltura-di-domani-anche-dove-sembra-impossibile\/\" \/>\n<meta property=\"og:site_name\" content=\"Confagricoltura Piacenza\" \/>\n<meta property=\"article:published_time\" content=\"2025-07-14T07:00:59+00:00\" \/>\n<meta property=\"article:modified_time\" content=\"2025-07-22T10:02:14+00:00\" \/>\n<meta property=\"og:image\" content=\"https:\/\/www.confagricoltura.org\/piacenza\/wp-content\/uploads\/sites\/11\/2025\/07\/Tavolo-confronto-e-platea-scaled.jpg\" \/>\n\t<meta property=\"og:image:width\" content=\"2560\" \/>\n\t<meta property=\"og:image:height\" content=\"1920\" \/>\n\t<meta property=\"og:image:type\" content=\"image\/jpeg\" \/>\n<meta name=\"author\" content=\"confagricolturapiacenza\" \/>\n<meta name=\"twitter:card\" content=\"summary_large_image\" \/>\n<meta name=\"twitter:label1\" content=\"Scritto da\" \/>\n\t<meta name=\"twitter:data1\" content=\"confagricolturapiacenza\" \/>\n\t<meta name=\"twitter:label2\" content=\"Tempo di lettura stimato\" \/>\n\t<meta name=\"twitter:data2\" content=\"5 minuti\" \/>\n<script type=\"application\/ld+json\" class=\"yoast-schema-graph\">{\"@context\":\"https:\/\/schema.org\",\"@graph\":[{\"@type\":\"Article\",\"@id\":\"https:\/\/www.confagricoltura.org\/piacenza\/confagricoltura-coltiviamo-lagricoltura-di-domani-anche-dove-sembra-impossibile\/#article\",\"isPartOf\":{\"@id\":\"https:\/\/www.confagricoltura.org\/piacenza\/confagricoltura-coltiviamo-lagricoltura-di-domani-anche-dove-sembra-impossibile\/\"},\"author\":{\"name\":\"confagricolturapiacenza\",\"@id\":\"https:\/\/www.confagricoltura.org\/piacenza\/#\/schema\/person\/be5da25a3117fea4b3bfec9dba09b5e8\"},\"headline\":\"Confagricoltura: coltiviamo l\u2019agricoltura di domani, anche dove sembra impossibile\",\"datePublished\":\"2025-07-14T07:00:59+00:00\",\"dateModified\":\"2025-07-22T10:02:14+00:00\",\"mainEntityOfPage\":{\"@id\":\"https:\/\/www.confagricoltura.org\/piacenza\/confagricoltura-coltiviamo-lagricoltura-di-domani-anche-dove-sembra-impossibile\/\"},\"wordCount\":925,\"image\":{\"@id\":\"https:\/\/www.confagricoltura.org\/piacenza\/confagricoltura-coltiviamo-lagricoltura-di-domani-anche-dove-sembra-impossibile\/#primaryimage\"},\"thumbnailUrl\":\"https:\/\/www.confagricoltura.org\/piacenza\/wp-content\/uploads\/sites\/11\/2025\/07\/Tavolo-confronto-e-platea-scaled.jpg\",\"articleSection\":[\"Eventi\",\"News\"],\"inLanguage\":\"it-IT\"},{\"@type\":\"WebPage\",\"@id\":\"https:\/\/www.confagricoltura.org\/piacenza\/confagricoltura-coltiviamo-lagricoltura-di-domani-anche-dove-sembra-impossibile\/\",\"url\":\"https:\/\/www.confagricoltura.org\/piacenza\/confagricoltura-coltiviamo-lagricoltura-di-domani-anche-dove-sembra-impossibile\/\",\"name\":\"Confagricoltura: coltiviamo l\u2019agricoltura di domani, anche dove sembra impossibile - Confagricoltura Piacenza\",\"isPartOf\":{\"@id\":\"https:\/\/www.confagricoltura.org\/piacenza\/#website\"},\"primaryImageOfPage\":{\"@id\":\"https:\/\/www.confagricoltura.org\/piacenza\/confagricoltura-coltiviamo-lagricoltura-di-domani-anche-dove-sembra-impossibile\/#primaryimage\"},\"image\":{\"@id\":\"https:\/\/www.confagricoltura.org\/piacenza\/confagricoltura-coltiviamo-lagricoltura-di-domani-anche-dove-sembra-impossibile\/#primaryimage\"},\"thumbnailUrl\":\"https:\/\/www.confagricoltura.org\/piacenza\/wp-content\/uploads\/sites\/11\/2025\/07\/Tavolo-confronto-e-platea-scaled.jpg\",\"datePublished\":\"2025-07-14T07:00:59+00:00\",\"dateModified\":\"2025-07-22T10:02:14+00:00\",\"author\":{\"@id\":\"https:\/\/www.confagricoltura.org\/piacenza\/#\/schema\/person\/be5da25a3117fea4b3bfec9dba09b5e8\"},\"breadcrumb\":{\"@id\":\"https:\/\/www.confagricoltura.org\/piacenza\/confagricoltura-coltiviamo-lagricoltura-di-domani-anche-dove-sembra-impossibile\/#breadcrumb\"},\"inLanguage\":\"it-IT\",\"potentialAction\":[{\"@type\":\"ReadAction\",\"target\":[\"https:\/\/www.confagricoltura.org\/piacenza\/confagricoltura-coltiviamo-lagricoltura-di-domani-anche-dove-sembra-impossibile\/\"]}]},{\"@type\":\"ImageObject\",\"inLanguage\":\"it-IT\",\"@id\":\"https:\/\/www.confagricoltura.org\/piacenza\/confagricoltura-coltiviamo-lagricoltura-di-domani-anche-dove-sembra-impossibile\/#primaryimage\",\"url\":\"https:\/\/www.confagricoltura.org\/piacenza\/wp-content\/uploads\/sites\/11\/2025\/07\/Tavolo-confronto-e-platea-scaled.jpg\",\"contentUrl\":\"https:\/\/www.confagricoltura.org\/piacenza\/wp-content\/uploads\/sites\/11\/2025\/07\/Tavolo-confronto-e-platea-scaled.jpg\",\"width\":2560,\"height\":1920},{\"@type\":\"BreadcrumbList\",\"@id\":\"https:\/\/www.confagricoltura.org\/piacenza\/confagricoltura-coltiviamo-lagricoltura-di-domani-anche-dove-sembra-impossibile\/#breadcrumb\",\"itemListElement\":[{\"@type\":\"ListItem\",\"position\":1,\"name\":\"Home\",\"item\":\"https:\/\/www.confagricoltura.org\/piacenza\/\"},{\"@type\":\"ListItem\",\"position\":2,\"name\":\"Confagricoltura: coltiviamo l\u2019agricoltura di domani, anche dove sembra impossibile\"}]},{\"@type\":\"WebSite\",\"@id\":\"https:\/\/www.confagricoltura.org\/piacenza\/#website\",\"url\":\"https:\/\/www.confagricoltura.org\/piacenza\/\",\"name\":\"Confagricoltura Piacenza\",\"description\":\"Dalla parte degli Agricoltori\",\"potentialAction\":[{\"@type\":\"SearchAction\",\"target\":{\"@type\":\"EntryPoint\",\"urlTemplate\":\"https:\/\/www.confagricoltura.org\/piacenza\/?s={search_term_string}\"},\"query-input\":{\"@type\":\"PropertyValueSpecification\",\"valueRequired\":true,\"valueName\":\"search_term_string\"}}],\"inLanguage\":\"it-IT\"},{\"@type\":\"Person\",\"@id\":\"https:\/\/www.confagricoltura.org\/piacenza\/#\/schema\/person\/be5da25a3117fea4b3bfec9dba09b5e8\",\"name\":\"confagricolturapiacenza\",\"image\":{\"@type\":\"ImageObject\",\"inLanguage\":\"it-IT\",\"@id\":\"https:\/\/www.confagricoltura.org\/piacenza\/#\/schema\/person\/image\/\",\"url\":\"https:\/\/secure.gravatar.com\/avatar\/9c5f111e417171581853bd0a3ff892ca?s=96&d=mm&r=g\",\"contentUrl\":\"https:\/\/secure.gravatar.com\/avatar\/9c5f111e417171581853bd0a3ff892ca?s=96&d=mm&r=g\",\"caption\":\"confagricolturapiacenza\"},\"url\":\"https:\/\/www.confagricoltura.org\/piacenza\/author\/confagricolturapiacenza\/\"}]}<\/script>\n<!-- \/ Yoast SEO plugin. -->","yoast_head_json":{"title":"Confagricoltura: coltiviamo l\u2019agricoltura di domani, anche dove sembra impossibile - Confagricoltura Piacenza","robots":{"index":"index","follow":"follow","max-snippet":"max-snippet:-1","max-image-preview":"max-image-preview:large","max-video-preview":"max-video-preview:-1"},"canonical":"https:\/\/www.confagricoltura.org\/piacenza\/confagricoltura-coltiviamo-lagricoltura-di-domani-anche-dove-sembra-impossibile\/","og_locale":"it_IT","og_type":"article","og_title":"Confagricoltura: coltiviamo l\u2019agricoltura di domani, anche dove sembra impossibile - Confagricoltura Piacenza","og_description":"Vertici piacentini all\u2019assemblea nazionale nell\u2019aula magna della Bocconi a Milano;","og_url":"https:\/\/www.confagricoltura.org\/piacenza\/confagricoltura-coltiviamo-lagricoltura-di-domani-anche-dove-sembra-impossibile\/","og_site_name":"Confagricoltura Piacenza","article_published_time":"2025-07-14T07:00:59+00:00","article_modified_time":"2025-07-22T10:02:14+00:00","og_image":[{"width":2560,"height":1920,"url":"https:\/\/www.confagricoltura.org\/piacenza\/wp-content\/uploads\/sites\/11\/2025\/07\/Tavolo-confronto-e-platea-scaled.jpg","type":"image\/jpeg"}],"author":"confagricolturapiacenza","twitter_card":"summary_large_image","twitter_misc":{"Scritto da":"confagricolturapiacenza","Tempo di lettura stimato":"5 minuti"},"schema":{"@context":"https:\/\/schema.org","@graph":[{"@type":"Article","@id":"https:\/\/www.confagricoltura.org\/piacenza\/confagricoltura-coltiviamo-lagricoltura-di-domani-anche-dove-sembra-impossibile\/#article","isPartOf":{"@id":"https:\/\/www.confagricoltura.org\/piacenza\/confagricoltura-coltiviamo-lagricoltura-di-domani-anche-dove-sembra-impossibile\/"},"author":{"name":"confagricolturapiacenza","@id":"https:\/\/www.confagricoltura.org\/piacenza\/#\/schema\/person\/be5da25a3117fea4b3bfec9dba09b5e8"},"headline":"Confagricoltura: coltiviamo l\u2019agricoltura di domani, anche dove sembra impossibile","datePublished":"2025-07-14T07:00:59+00:00","dateModified":"2025-07-22T10:02:14+00:00","mainEntityOfPage":{"@id":"https:\/\/www.confagricoltura.org\/piacenza\/confagricoltura-coltiviamo-lagricoltura-di-domani-anche-dove-sembra-impossibile\/"},"wordCount":925,"image":{"@id":"https:\/\/www.confagricoltura.org\/piacenza\/confagricoltura-coltiviamo-lagricoltura-di-domani-anche-dove-sembra-impossibile\/#primaryimage"},"thumbnailUrl":"https:\/\/www.confagricoltura.org\/piacenza\/wp-content\/uploads\/sites\/11\/2025\/07\/Tavolo-confronto-e-platea-scaled.jpg","articleSection":["Eventi","News"],"inLanguage":"it-IT"},{"@type":"WebPage","@id":"https:\/\/www.confagricoltura.org\/piacenza\/confagricoltura-coltiviamo-lagricoltura-di-domani-anche-dove-sembra-impossibile\/","url":"https:\/\/www.confagricoltura.org\/piacenza\/confagricoltura-coltiviamo-lagricoltura-di-domani-anche-dove-sembra-impossibile\/","name":"Confagricoltura: coltiviamo l\u2019agricoltura di domani, anche dove sembra impossibile - Confagricoltura Piacenza","isPartOf":{"@id":"https:\/\/www.confagricoltura.org\/piacenza\/#website"},"primaryImageOfPage":{"@id":"https:\/\/www.confagricoltura.org\/piacenza\/confagricoltura-coltiviamo-lagricoltura-di-domani-anche-dove-sembra-impossibile\/#primaryimage"},"image":{"@id":"https:\/\/www.confagricoltura.org\/piacenza\/confagricoltura-coltiviamo-lagricoltura-di-domani-anche-dove-sembra-impossibile\/#primaryimage"},"thumbnailUrl":"https:\/\/www.confagricoltura.org\/piacenza\/wp-content\/uploads\/sites\/11\/2025\/07\/Tavolo-confronto-e-platea-scaled.jpg","datePublished":"2025-07-14T07:00:59+00:00","dateModified":"2025-07-22T10:02:14+00:00","author":{"@id":"https:\/\/www.confagricoltura.org\/piacenza\/#\/schema\/person\/be5da25a3117fea4b3bfec9dba09b5e8"},"breadcrumb":{"@id":"https:\/\/www.confagricoltura.org\/piacenza\/confagricoltura-coltiviamo-lagricoltura-di-domani-anche-dove-sembra-impossibile\/#breadcrumb"},"inLanguage":"it-IT","potentialAction":[{"@type":"ReadAction","target":["https:\/\/www.confagricoltura.org\/piacenza\/confagricoltura-coltiviamo-lagricoltura-di-domani-anche-dove-sembra-impossibile\/"]}]},{"@type":"ImageObject","inLanguage":"it-IT","@id":"https:\/\/www.confagricoltura.org\/piacenza\/confagricoltura-coltiviamo-lagricoltura-di-domani-anche-dove-sembra-impossibile\/#primaryimage","url":"https:\/\/www.confagricoltura.org\/piacenza\/wp-content\/uploads\/sites\/11\/2025\/07\/Tavolo-confronto-e-platea-scaled.jpg","contentUrl":"https:\/\/www.confagricoltura.org\/piacenza\/wp-content\/uploads\/sites\/11\/2025\/07\/Tavolo-confronto-e-platea-scaled.jpg","width":2560,"height":1920},{"@type":"BreadcrumbList","@id":"https:\/\/www.confagricoltura.org\/piacenza\/confagricoltura-coltiviamo-lagricoltura-di-domani-anche-dove-sembra-impossibile\/#breadcrumb","itemListElement":[{"@type":"ListItem","position":1,"name":"Home","item":"https:\/\/www.confagricoltura.org\/piacenza\/"},{"@type":"ListItem","position":2,"name":"Confagricoltura: coltiviamo l\u2019agricoltura di domani, anche dove sembra impossibile"}]},{"@type":"WebSite","@id":"https:\/\/www.confagricoltura.org\/piacenza\/#website","url":"https:\/\/www.confagricoltura.org\/piacenza\/","name":"Confagricoltura Piacenza","description":"Dalla parte degli Agricoltori","potentialAction":[{"@type":"SearchAction","target":{"@type":"EntryPoint","urlTemplate":"https:\/\/www.confagricoltura.org\/piacenza\/?s={search_term_string}"},"query-input":{"@type":"PropertyValueSpecification","valueRequired":true,"valueName":"search_term_string"}}],"inLanguage":"it-IT"},{"@type":"Person","@id":"https:\/\/www.confagricoltura.org\/piacenza\/#\/schema\/person\/be5da25a3117fea4b3bfec9dba09b5e8","name":"confagricolturapiacenza","image":{"@type":"ImageObject","inLanguage":"it-IT","@id":"https:\/\/www.confagricoltura.org\/piacenza\/#\/schema\/person\/image\/","url":"https:\/\/secure.gravatar.com\/avatar\/9c5f111e417171581853bd0a3ff892ca?s=96&d=mm&r=g","contentUrl":"https:\/\/secure.gravatar.com\/avatar\/9c5f111e417171581853bd0a3ff892ca?s=96&d=mm&r=g","caption":"confagricolturapiacenza"},"url":"https:\/\/www.confagricoltura.org\/piacenza\/author\/confagricolturapiacenza\/"}]}},"_links":{"self":[{"href":"https:\/\/www.confagricoltura.org\/piacenza\/wp-json\/wp\/v2\/posts\/5124","targetHints":{"allow":["GET"]}}],"collection":[{"href":"https:\/\/www.confagricoltura.org\/piacenza\/wp-json\/wp\/v2\/posts"}],"about":[{"href":"https:\/\/www.confagricoltura.org\/piacenza\/wp-json\/wp\/v2\/types\/post"}],"author":[{"embeddable":true,"href":"https:\/\/www.confagricoltura.org\/piacenza\/wp-json\/wp\/v2\/users\/6"}],"replies":[{"embeddable":true,"href":"https:\/\/www.confagricoltura.org\/piacenza\/wp-json\/wp\/v2\/comments?post=5124"}],"version-history":[{"count":2,"href":"https:\/\/www.confagricoltura.org\/piacenza\/wp-json\/wp\/v2\/posts\/5124\/revisions"}],"predecessor-version":[{"id":5134,"href":"https:\/\/www.confagricoltura.org\/piacenza\/wp-json\/wp\/v2\/posts\/5124\/revisions\/5134"}],"wp:featuredmedia":[{"embeddable":true,"href":"https:\/\/www.confagricoltura.org\/piacenza\/wp-json\/wp\/v2\/media\/5133"}],"wp:attachment":[{"href":"https:\/\/www.confagricoltura.org\/piacenza\/wp-json\/wp\/v2\/media?parent=5124"}],"wp:term":[{"taxonomy":"category","embeddable":true,"href":"https:\/\/www.confagricoltura.org\/piacenza\/wp-json\/wp\/v2\/categories?post=5124"},{"taxonomy":"post_tag","embeddable":true,"href":"https:\/\/www.confagricoltura.org\/piacenza\/wp-json\/wp\/v2\/tags?post=5124"}],"curies":[{"name":"wp","href":"https:\/\/api.w.org\/{rel}","templated":true}]}}