{"id":5121,"date":"2025-07-11T10:34:34","date_gmt":"2025-07-11T08:34:34","guid":{"rendered":"https:\/\/www.confagricoltura.org\/piacenza\/?p=5121"},"modified":"2025-07-21T10:39:04","modified_gmt":"2025-07-21T08:39:04","slug":"la-stampa-3d-una-tecnologia-che-plasma-il-futuro","status":"publish","type":"post","link":"https:\/\/www.confagricoltura.org\/piacenza\/la-stampa-3d-una-tecnologia-che-plasma-il-futuro\/","title":{"rendered":"La stampa 3D: una tecnologia che plasma il futuro"},"content":{"rendered":"<p>Piacenza, venerd\u00ec 11 luglio 2025 &#8211; Si \u00e8 svolto venerd\u00ec 27 giugno, presso l\u2019Agriturismo Boschi Celati di Fossadello di Caorso, il quarto appuntamento della rassegna \u201cA Cena con la Scienza\u201d, iniziativa promossa da Confagricoltura Piacenza e Agriturist giunta alla sua sedicesima edizione e che unisce divulgazione scientifica e convivialit\u00e0 in luoghi della tradizione rurale piacentina. Protagonista della serata \u00e8 stata la prof.ssa Manuela Galati, docente del Politecnico di Torino e tra le \u201cWorld\u2019s Top 2% Scientists\u201d secondo la classifica Stanford University per tre anni consecutivi.<\/p>\n<p>Nel corso della sua brillante relazione, Galati ha accompagnato il pubblico in un vero e proprio viaggio nel mondo della stampa 3D, o pi\u00f9 tecnicamente, della fabbricazione additiva. Una tecnologia che \u2013 ha spiegato \u2013 \u201cnon si limita a costruire oggetti, ma riscrive i processi, trasformando il modo stesso in cui la materia viene concepita e utilizzata\u201d.<\/p>\n<p>Con esempi che hanno spaziato dall\u2019aerospazio alla medicina, dall\u2019automotive al design, dalla moda alla produzione alimentare, Galati ha mostrato come la stampa 3D consenta gi\u00e0 oggi di realizzare componenti altamente complessi e personalizzati, ottimizzando materiali, tempi e costi. Ha inoltre introdotto il concetto di stampa 4D, una frontiera emergente in cui gli oggetti sono in grado di modificarsi nel tempo in risposta a stimoli esterni, anticipando scenari futuri che sembrano usciti dalla fantascienza, ma che la ricerca sta gi\u00e0 rendendo realt\u00e0.<\/p>\n<p>\u201cLa manifattura additiva \u2013 ha sottolineato \u2013 non solo migliora le prestazioni dei prodotti, ma permette una produzione pi\u00f9 intelligente, sostenibile e locale, destinata a rivoluzionare interi settori\u201d.<\/p>\n<p>Il dialogo con il pubblico, composto anche da imprenditori agricoli e tecnici, si \u00e8 arricchito di domande e riflessioni sulle possibili applicazioni della stampa 3D nel settore primario: dalla ricambistica on demand per macchine agricole alla prototipazione rapida per la sensoristica IoT sino ai materiali edibili stampati.<\/p>\n<p>Michele Lodigiani, coordinatore della rassegna, ha commentato: \u201cAbbiamo voluto portare in questo ciclo anche una riflessione su ci\u00f2 che \u00e8 apparentemente lontano dal mondo agricolo ma che, con le sue applicazioni, pu\u00f2 portare benefici anche in questo ambito. La stampa 3D rappresenta un perfetto esempio di tecnologia trasversale: non \u00e8 solo una rivoluzione industriale, ma una nuova forma di pensiero progettuale\u201d.<\/p>\n<p>Come di consueto, alla conferenza \u00e8 seguita una cena con men\u00f9 a base di prodotti dell\u2019agriturismo ospitante, valorizzando la filiera agricola locale e l\u2019incontro tra sapere e sapori.<\/p>\n<p>La rassegna si conferma ancora una volta capace di avvicinare il grande pubblico ai temi dell\u2019innovazione, con appuntamenti di alto livello scientifico, accessibili e stimolanti.<\/p>\n<p>Il prossimo e ultimo appuntamento della rassegna \u00e8 in programma dopo la pausa estiva, venerd\u00ec 5 settembre presso l\u2019Agriturismo I Melograni &#8211; Loc. Caratta &#8211; Gossolengo (PC). Ospite sar\u00e0 Francesco Billari &#8211; Professore di Demografia e Rettore dell\u2019Universit\u00e0 Bocconi di Milano che interverr\u00e0 sul tema: \u201cDomani \u00e8 oggi \u2013 costruire il futuro con le lenti della demografia.<\/p>\n<p>&nbsp;<\/p>\n<p>A questo link \u00e8 possibile vedere la registrazione della relazione: <a href=\"https:\/\/www.youtube.com\/watch?v=eUhDC8_wXxw\">https:\/\/www.youtube.com\/watch?v=eUhDC8_wXxw<\/a><\/p>\n<p>&nbsp;<\/p>\n","protected":false},"excerpt":{"rendered":"<p>All\u2019Agriturismo Boschi Celati l\u2019incontro con Manuela Galati, ospite di \u201cA Cena con la Scienza\u201d<\/p>\n","protected":false},"author":6,"featured_media":5122,"comment_status":"closed","ping_status":"closed","sticky":false,"template":"","format":"standard","meta":{"wp_mapbox_gl_js_media":[],"footnotes":""},"categories":[21,4],"tags":[],"class_list":["post-5121","post","type-post","status-publish","format-standard","has-post-thumbnail","hentry","category-eventi","category-news"],"yoast_head":"<!-- This site is optimized with the Yoast SEO plugin v26.8 - https:\/\/yoast.com\/product\/yoast-seo-wordpress\/ -->\n<title>La stampa 3D: una tecnologia che plasma il futuro - Confagricoltura Piacenza<\/title>\n<meta name=\"robots\" content=\"index, follow, max-snippet:-1, max-image-preview:large, max-video-preview:-1\" \/>\n<link rel=\"canonical\" href=\"https:\/\/www.confagricoltura.org\/piacenza\/la-stampa-3d-una-tecnologia-che-plasma-il-futuro\/\" \/>\n<meta property=\"og:locale\" content=\"it_IT\" \/>\n<meta property=\"og:type\" content=\"article\" \/>\n<meta property=\"og:title\" content=\"La stampa 3D: una tecnologia che plasma il futuro - Confagricoltura Piacenza\" \/>\n<meta property=\"og:description\" content=\"All\u2019Agriturismo Boschi Celati l\u2019incontro con Manuela Galati, ospite di \u201cA Cena con la Scienza\u201d\" \/>\n<meta property=\"og:url\" content=\"https:\/\/www.confagricoltura.org\/piacenza\/la-stampa-3d-una-tecnologia-che-plasma-il-futuro\/\" \/>\n<meta property=\"og:site_name\" content=\"Confagricoltura Piacenza\" \/>\n<meta property=\"article:published_time\" content=\"2025-07-11T08:34:34+00:00\" \/>\n<meta property=\"article:modified_time\" content=\"2025-07-21T08:39:04+00:00\" \/>\n<meta property=\"og:image\" content=\"https:\/\/www.confagricoltura.org\/piacenza\/wp-content\/uploads\/sites\/11\/2025\/07\/27-06-25-Manuela-Galati-scaled.jpg\" \/>\n\t<meta property=\"og:image:width\" content=\"2560\" \/>\n\t<meta property=\"og:image:height\" content=\"1920\" \/>\n\t<meta property=\"og:image:type\" content=\"image\/jpeg\" \/>\n<meta name=\"author\" content=\"confagricolturapiacenza\" \/>\n<meta name=\"twitter:card\" content=\"summary_large_image\" \/>\n<meta name=\"twitter:label1\" content=\"Scritto da\" \/>\n\t<meta name=\"twitter:data1\" content=\"confagricolturapiacenza\" \/>\n\t<meta name=\"twitter:label2\" content=\"Tempo di lettura stimato\" \/>\n\t<meta name=\"twitter:data2\" content=\"3 minuti\" \/>\n<script type=\"application\/ld+json\" class=\"yoast-schema-graph\">{\"@context\":\"https:\/\/schema.org\",\"@graph\":[{\"@type\":\"Article\",\"@id\":\"https:\/\/www.confagricoltura.org\/piacenza\/la-stampa-3d-una-tecnologia-che-plasma-il-futuro\/#article\",\"isPartOf\":{\"@id\":\"https:\/\/www.confagricoltura.org\/piacenza\/la-stampa-3d-una-tecnologia-che-plasma-il-futuro\/\"},\"author\":{\"name\":\"confagricolturapiacenza\",\"@id\":\"https:\/\/www.confagricoltura.org\/piacenza\/#\/schema\/person\/be5da25a3117fea4b3bfec9dba09b5e8\"},\"headline\":\"La stampa 3D: una tecnologia che plasma il futuro\",\"datePublished\":\"2025-07-11T08:34:34+00:00\",\"dateModified\":\"2025-07-21T08:39:04+00:00\",\"mainEntityOfPage\":{\"@id\":\"https:\/\/www.confagricoltura.org\/piacenza\/la-stampa-3d-una-tecnologia-che-plasma-il-futuro\/\"},\"wordCount\":489,\"image\":{\"@id\":\"https:\/\/www.confagricoltura.org\/piacenza\/la-stampa-3d-una-tecnologia-che-plasma-il-futuro\/#primaryimage\"},\"thumbnailUrl\":\"https:\/\/www.confagricoltura.org\/piacenza\/wp-content\/uploads\/sites\/11\/2025\/07\/27-06-25-Manuela-Galati-scaled.jpg\",\"articleSection\":[\"Eventi\",\"News\"],\"inLanguage\":\"it-IT\"},{\"@type\":\"WebPage\",\"@id\":\"https:\/\/www.confagricoltura.org\/piacenza\/la-stampa-3d-una-tecnologia-che-plasma-il-futuro\/\",\"url\":\"https:\/\/www.confagricoltura.org\/piacenza\/la-stampa-3d-una-tecnologia-che-plasma-il-futuro\/\",\"name\":\"La stampa 3D: una tecnologia che plasma il futuro - Confagricoltura Piacenza\",\"isPartOf\":{\"@id\":\"https:\/\/www.confagricoltura.org\/piacenza\/#website\"},\"primaryImageOfPage\":{\"@id\":\"https:\/\/www.confagricoltura.org\/piacenza\/la-stampa-3d-una-tecnologia-che-plasma-il-futuro\/#primaryimage\"},\"image\":{\"@id\":\"https:\/\/www.confagricoltura.org\/piacenza\/la-stampa-3d-una-tecnologia-che-plasma-il-futuro\/#primaryimage\"},\"thumbnailUrl\":\"https:\/\/www.confagricoltura.org\/piacenza\/wp-content\/uploads\/sites\/11\/2025\/07\/27-06-25-Manuela-Galati-scaled.jpg\",\"datePublished\":\"2025-07-11T08:34:34+00:00\",\"dateModified\":\"2025-07-21T08:39:04+00:00\",\"author\":{\"@id\":\"https:\/\/www.confagricoltura.org\/piacenza\/#\/schema\/person\/be5da25a3117fea4b3bfec9dba09b5e8\"},\"breadcrumb\":{\"@id\":\"https:\/\/www.confagricoltura.org\/piacenza\/la-stampa-3d-una-tecnologia-che-plasma-il-futuro\/#breadcrumb\"},\"inLanguage\":\"it-IT\",\"potentialAction\":[{\"@type\":\"ReadAction\",\"target\":[\"https:\/\/www.confagricoltura.org\/piacenza\/la-stampa-3d-una-tecnologia-che-plasma-il-futuro\/\"]}]},{\"@type\":\"ImageObject\",\"inLanguage\":\"it-IT\",\"@id\":\"https:\/\/www.confagricoltura.org\/piacenza\/la-stampa-3d-una-tecnologia-che-plasma-il-futuro\/#primaryimage\",\"url\":\"https:\/\/www.confagricoltura.org\/piacenza\/wp-content\/uploads\/sites\/11\/2025\/07\/27-06-25-Manuela-Galati-scaled.jpg\",\"contentUrl\":\"https:\/\/www.confagricoltura.org\/piacenza\/wp-content\/uploads\/sites\/11\/2025\/07\/27-06-25-Manuela-Galati-scaled.jpg\",\"width\":2560,\"height\":1920},{\"@type\":\"BreadcrumbList\",\"@id\":\"https:\/\/www.confagricoltura.org\/piacenza\/la-stampa-3d-una-tecnologia-che-plasma-il-futuro\/#breadcrumb\",\"itemListElement\":[{\"@type\":\"ListItem\",\"position\":1,\"name\":\"Home\",\"item\":\"https:\/\/www.confagricoltura.org\/piacenza\/\"},{\"@type\":\"ListItem\",\"position\":2,\"name\":\"La stampa 3D: una tecnologia che plasma il futuro\"}]},{\"@type\":\"WebSite\",\"@id\":\"https:\/\/www.confagricoltura.org\/piacenza\/#website\",\"url\":\"https:\/\/www.confagricoltura.org\/piacenza\/\",\"name\":\"Confagricoltura Piacenza\",\"description\":\"Dalla parte degli Agricoltori\",\"potentialAction\":[{\"@type\":\"SearchAction\",\"target\":{\"@type\":\"EntryPoint\",\"urlTemplate\":\"https:\/\/www.confagricoltura.org\/piacenza\/?s={search_term_string}\"},\"query-input\":{\"@type\":\"PropertyValueSpecification\",\"valueRequired\":true,\"valueName\":\"search_term_string\"}}],\"inLanguage\":\"it-IT\"},{\"@type\":\"Person\",\"@id\":\"https:\/\/www.confagricoltura.org\/piacenza\/#\/schema\/person\/be5da25a3117fea4b3bfec9dba09b5e8\",\"name\":\"confagricolturapiacenza\",\"image\":{\"@type\":\"ImageObject\",\"inLanguage\":\"it-IT\",\"@id\":\"https:\/\/www.confagricoltura.org\/piacenza\/#\/schema\/person\/image\/\",\"url\":\"https:\/\/secure.gravatar.com\/avatar\/9c5f111e417171581853bd0a3ff892ca?s=96&d=mm&r=g\",\"contentUrl\":\"https:\/\/secure.gravatar.com\/avatar\/9c5f111e417171581853bd0a3ff892ca?s=96&d=mm&r=g\",\"caption\":\"confagricolturapiacenza\"},\"url\":\"https:\/\/www.confagricoltura.org\/piacenza\/author\/confagricolturapiacenza\/\"}]}<\/script>\n<!-- \/ Yoast SEO plugin. -->","yoast_head_json":{"title":"La stampa 3D: una tecnologia che plasma il futuro - Confagricoltura Piacenza","robots":{"index":"index","follow":"follow","max-snippet":"max-snippet:-1","max-image-preview":"max-image-preview:large","max-video-preview":"max-video-preview:-1"},"canonical":"https:\/\/www.confagricoltura.org\/piacenza\/la-stampa-3d-una-tecnologia-che-plasma-il-futuro\/","og_locale":"it_IT","og_type":"article","og_title":"La stampa 3D: una tecnologia che plasma il futuro - Confagricoltura Piacenza","og_description":"All\u2019Agriturismo Boschi Celati l\u2019incontro con Manuela Galati, ospite di \u201cA Cena con la Scienza\u201d","og_url":"https:\/\/www.confagricoltura.org\/piacenza\/la-stampa-3d-una-tecnologia-che-plasma-il-futuro\/","og_site_name":"Confagricoltura Piacenza","article_published_time":"2025-07-11T08:34:34+00:00","article_modified_time":"2025-07-21T08:39:04+00:00","og_image":[{"width":2560,"height":1920,"url":"https:\/\/www.confagricoltura.org\/piacenza\/wp-content\/uploads\/sites\/11\/2025\/07\/27-06-25-Manuela-Galati-scaled.jpg","type":"image\/jpeg"}],"author":"confagricolturapiacenza","twitter_card":"summary_large_image","twitter_misc":{"Scritto da":"confagricolturapiacenza","Tempo di lettura stimato":"3 minuti"},"schema":{"@context":"https:\/\/schema.org","@graph":[{"@type":"Article","@id":"https:\/\/www.confagricoltura.org\/piacenza\/la-stampa-3d-una-tecnologia-che-plasma-il-futuro\/#article","isPartOf":{"@id":"https:\/\/www.confagricoltura.org\/piacenza\/la-stampa-3d-una-tecnologia-che-plasma-il-futuro\/"},"author":{"name":"confagricolturapiacenza","@id":"https:\/\/www.confagricoltura.org\/piacenza\/#\/schema\/person\/be5da25a3117fea4b3bfec9dba09b5e8"},"headline":"La stampa 3D: una tecnologia che plasma il futuro","datePublished":"2025-07-11T08:34:34+00:00","dateModified":"2025-07-21T08:39:04+00:00","mainEntityOfPage":{"@id":"https:\/\/www.confagricoltura.org\/piacenza\/la-stampa-3d-una-tecnologia-che-plasma-il-futuro\/"},"wordCount":489,"image":{"@id":"https:\/\/www.confagricoltura.org\/piacenza\/la-stampa-3d-una-tecnologia-che-plasma-il-futuro\/#primaryimage"},"thumbnailUrl":"https:\/\/www.confagricoltura.org\/piacenza\/wp-content\/uploads\/sites\/11\/2025\/07\/27-06-25-Manuela-Galati-scaled.jpg","articleSection":["Eventi","News"],"inLanguage":"it-IT"},{"@type":"WebPage","@id":"https:\/\/www.confagricoltura.org\/piacenza\/la-stampa-3d-una-tecnologia-che-plasma-il-futuro\/","url":"https:\/\/www.confagricoltura.org\/piacenza\/la-stampa-3d-una-tecnologia-che-plasma-il-futuro\/","name":"La stampa 3D: una tecnologia che plasma il futuro - Confagricoltura Piacenza","isPartOf":{"@id":"https:\/\/www.confagricoltura.org\/piacenza\/#website"},"primaryImageOfPage":{"@id":"https:\/\/www.confagricoltura.org\/piacenza\/la-stampa-3d-una-tecnologia-che-plasma-il-futuro\/#primaryimage"},"image":{"@id":"https:\/\/www.confagricoltura.org\/piacenza\/la-stampa-3d-una-tecnologia-che-plasma-il-futuro\/#primaryimage"},"thumbnailUrl":"https:\/\/www.confagricoltura.org\/piacenza\/wp-content\/uploads\/sites\/11\/2025\/07\/27-06-25-Manuela-Galati-scaled.jpg","datePublished":"2025-07-11T08:34:34+00:00","dateModified":"2025-07-21T08:39:04+00:00","author":{"@id":"https:\/\/www.confagricoltura.org\/piacenza\/#\/schema\/person\/be5da25a3117fea4b3bfec9dba09b5e8"},"breadcrumb":{"@id":"https:\/\/www.confagricoltura.org\/piacenza\/la-stampa-3d-una-tecnologia-che-plasma-il-futuro\/#breadcrumb"},"inLanguage":"it-IT","potentialAction":[{"@type":"ReadAction","target":["https:\/\/www.confagricoltura.org\/piacenza\/la-stampa-3d-una-tecnologia-che-plasma-il-futuro\/"]}]},{"@type":"ImageObject","inLanguage":"it-IT","@id":"https:\/\/www.confagricoltura.org\/piacenza\/la-stampa-3d-una-tecnologia-che-plasma-il-futuro\/#primaryimage","url":"https:\/\/www.confagricoltura.org\/piacenza\/wp-content\/uploads\/sites\/11\/2025\/07\/27-06-25-Manuela-Galati-scaled.jpg","contentUrl":"https:\/\/www.confagricoltura.org\/piacenza\/wp-content\/uploads\/sites\/11\/2025\/07\/27-06-25-Manuela-Galati-scaled.jpg","width":2560,"height":1920},{"@type":"BreadcrumbList","@id":"https:\/\/www.confagricoltura.org\/piacenza\/la-stampa-3d-una-tecnologia-che-plasma-il-futuro\/#breadcrumb","itemListElement":[{"@type":"ListItem","position":1,"name":"Home","item":"https:\/\/www.confagricoltura.org\/piacenza\/"},{"@type":"ListItem","position":2,"name":"La stampa 3D: una tecnologia che plasma il futuro"}]},{"@type":"WebSite","@id":"https:\/\/www.confagricoltura.org\/piacenza\/#website","url":"https:\/\/www.confagricoltura.org\/piacenza\/","name":"Confagricoltura Piacenza","description":"Dalla parte degli Agricoltori","potentialAction":[{"@type":"SearchAction","target":{"@type":"EntryPoint","urlTemplate":"https:\/\/www.confagricoltura.org\/piacenza\/?s={search_term_string}"},"query-input":{"@type":"PropertyValueSpecification","valueRequired":true,"valueName":"search_term_string"}}],"inLanguage":"it-IT"},{"@type":"Person","@id":"https:\/\/www.confagricoltura.org\/piacenza\/#\/schema\/person\/be5da25a3117fea4b3bfec9dba09b5e8","name":"confagricolturapiacenza","image":{"@type":"ImageObject","inLanguage":"it-IT","@id":"https:\/\/www.confagricoltura.org\/piacenza\/#\/schema\/person\/image\/","url":"https:\/\/secure.gravatar.com\/avatar\/9c5f111e417171581853bd0a3ff892ca?s=96&d=mm&r=g","contentUrl":"https:\/\/secure.gravatar.com\/avatar\/9c5f111e417171581853bd0a3ff892ca?s=96&d=mm&r=g","caption":"confagricolturapiacenza"},"url":"https:\/\/www.confagricoltura.org\/piacenza\/author\/confagricolturapiacenza\/"}]}},"_links":{"self":[{"href":"https:\/\/www.confagricoltura.org\/piacenza\/wp-json\/wp\/v2\/posts\/5121","targetHints":{"allow":["GET"]}}],"collection":[{"href":"https:\/\/www.confagricoltura.org\/piacenza\/wp-json\/wp\/v2\/posts"}],"about":[{"href":"https:\/\/www.confagricoltura.org\/piacenza\/wp-json\/wp\/v2\/types\/post"}],"author":[{"embeddable":true,"href":"https:\/\/www.confagricoltura.org\/piacenza\/wp-json\/wp\/v2\/users\/6"}],"replies":[{"embeddable":true,"href":"https:\/\/www.confagricoltura.org\/piacenza\/wp-json\/wp\/v2\/comments?post=5121"}],"version-history":[{"count":1,"href":"https:\/\/www.confagricoltura.org\/piacenza\/wp-json\/wp\/v2\/posts\/5121\/revisions"}],"predecessor-version":[{"id":5123,"href":"https:\/\/www.confagricoltura.org\/piacenza\/wp-json\/wp\/v2\/posts\/5121\/revisions\/5123"}],"wp:featuredmedia":[{"embeddable":true,"href":"https:\/\/www.confagricoltura.org\/piacenza\/wp-json\/wp\/v2\/media\/5122"}],"wp:attachment":[{"href":"https:\/\/www.confagricoltura.org\/piacenza\/wp-json\/wp\/v2\/media?parent=5121"}],"wp:term":[{"taxonomy":"category","embeddable":true,"href":"https:\/\/www.confagricoltura.org\/piacenza\/wp-json\/wp\/v2\/categories?post=5121"},{"taxonomy":"post_tag","embeddable":true,"href":"https:\/\/www.confagricoltura.org\/piacenza\/wp-json\/wp\/v2\/tags?post=5121"}],"curies":[{"name":"wp","href":"https:\/\/api.w.org\/{rel}","templated":true}]}}