{"id":5113,"date":"2025-06-25T12:22:38","date_gmt":"2025-06-25T10:22:38","guid":{"rendered":"https:\/\/www.confagricoltura.org\/piacenza\/?p=5113"},"modified":"2025-07-11T12:25:28","modified_gmt":"2025-07-11T10:25:28","slug":"dalla-cellula-vegetale-alla-costellazione-satellitare-come-sara-lagricoltura-di-domani","status":"publish","type":"post","link":"https:\/\/www.confagricoltura.org\/piacenza\/dalla-cellula-vegetale-alla-costellazione-satellitare-come-sara-lagricoltura-di-domani\/","title":{"rendered":"Dalla cellula vegetale alla costellazione satellitare: come sar\u00e0 l\u2019agricoltura di domani?"},"content":{"rendered":"<p>Una serata che ha intrecciato ricerca e stupore, quella che si \u00e8 svolta venerd\u00ec 6 giugno nell\u2019ambito della rassegna \u201cA Cena con La Scienza\u201d organizzata da Confagricoltura Piacenza e Agriturist. Protagonista dell\u2019incontro \u00e8 stato Marco Trevisan, gi\u00e0 preside della Facolt\u00e0 di Scienze Agrarie, Alimentari e Ambientali dell\u2019Universit\u00e0 Cattolica di Piacenza, con un intervento dal titolo evocativo: \u201cDalla cellula vegetale alla costellazione satellitare: come sar\u00e0 l\u2019agricoltura di domani?\u201d.<\/p>\n<p>Nel corso della sua esposizione, al contempo appassionata e chiara, bench\u00e9 densa di dati, Trevisan ha guidato il pubblico in un viaggio all\u2019interno della cellula vegetale passando dalle recenti scoperte che riguardano la chimica e la biologia vegetale in termini di molecole per arrivare all\u2019agricoltura dei satelliti e dei droni.\u00a0 Ha mostrato come l\u2019agricoltura moderna sia diventata un ecosistema tecnologicamente avanzato, ma profondamente legato alle dinamiche biologiche pi\u00f9 intime. \u201cBiostimolanti, sensoristica IoT, immagini multispettrali e algoritmi predittivi: sono strumenti sempre pi\u00f9 centrali nella gestione sostenibile delle colture e nella risposta agli stress ambientali\u201d \u2013 ha sottolineato Trevisan.<\/p>\n<p>L\u2019interesse suscitato dal relatore ha dato vita a un vivace confronto, arricchito dalla presenza in sala di altri docenti universitari che hanno dialogato con lui su temi come il microbioma radicale, la segnalazione ormonale e le sfide dell\u2019agroecologia in contesti climatici mutevoli, senza mancare di fare un riferimento alle prospettive dell\u2019agricoltura moderna.<\/p>\n<p>Michele Lodigiani, coordinatore della rassegna, ha cos\u00ec commentato: \u201cDall\u2019intervento sono emersi chiaramente tre aspetti: la passione che mette Marco Trevisan nello studiare e nello spiegare queste cose, la meraviglia \u2013 nella sua perfezione e complessit\u00e0 \u2013 della cellula vegetale e della natura in generale e quella non meno stupefacente del cervello umano, quando \u00e8 ben impiegato, che riesce a penetrarne i segreti.\u201d<\/p>\n<p>L\u2019incontro si \u00e8 svolto all\u2019interno di Palazzo Costa Picasso, recentemente restaurato e pregiata location connessa alla storica Cascina Pizzavacca a Soarza di Villanova (Pc), azienda agricola con agriturismo immersa, con i suoi campi e frutteti, nella pianura piacentina. La Cascina Pizzavacca, della famiglia Pisaroni, \u00e8 molto nota per la sua giardiniera e per gli altri trasformati realizzati nel laboratorio aziendale con materie prime coltivate in loco e commercializzati in tutto il mondo. La cena, che ha seguito la conferenza, ha dunque proposto un apprezzato men\u00f9 che ha valorizzato le produzioni aziendali.<\/p>\n<p>Il prossimo appuntamento con A cena con la scienza \u00e8 in programma venerd\u00ec 27 giugno presso l\u2019Agriturismo Boschi Celati di Fossadello di Caorso, con la prof.ssa Manuela Galati (Politecnico di Torino): sar\u00e0 un incontro dedicato alla stampa 3D e al futuro della manifattura.<\/p>\n<p>\u201cLa stampa 3D forse \u00e8 la tecnologia pi\u00f9 promettente in campo industriale \u2013 commenta Michele Lodigiani &#8211; molti di noi hanno gi\u00e0 avuto occasione di vedere qualche piccola stampante realizzare, depositando sottili filamenti di plastica, oggetti relativamente semplici. A queste pionieristiche applicazioni ne sono seguite altre, assai pi\u00f9 complesse, che non solo interessano un ampio spettro di settori produttivi, ad esempio la meccanica, il biomedicale e perfino le costruzioni, ma sono destinate in alcuni casi a cambiare la natura stessa dei processi produttivi e delle filiere distributive: si pensi a quanto la ricambistica possa alleggerire enormemente i propri magazzini se il pezzo necessario pu\u00f2 essere stampato a richiesta, anche quando uscito di produzione da tempo. A fare il punto su questa tecnologia e a rappresentarne le potenzialit\u00e0 e le prospettive sar\u00e0 Manuela Galati: un curriculum straordinario a dispetto della giovane et\u00e0, basti dire della sua inclusione per 3 anni consecutivi (2022, 2023 e 2024) tra i World&#8217;s Top 2% Scientists secondo la classifica stilata dalla Stanford University. L&#8217;appuntamento \u00e8 dunque il prossimo venerd\u00ec presso l&#8217;Agriturismo Boschi Celati\u201d.\u00a0 Per partecipare \u00e8 necessario prenotare in agriturismo.<\/p>\n<p>A questo link \u00e8 possibile guardare la registrazione dell\u2019evento del 6 giugno:<\/p>\n<p><iframe loading=\"lazy\" title=\"06 06 25ACCLS Trevisan Pizzavacca\" width=\"1020\" height=\"574\" src=\"https:\/\/www.youtube.com\/embed\/R_BmET1Adfs?feature=oembed\" frameborder=\"0\" allow=\"accelerometer; autoplay; clipboard-write; encrypted-media; gyroscope; picture-in-picture; web-share\" referrerpolicy=\"strict-origin-when-cross-origin\" allowfullscreen><\/iframe><\/p>\n<p>&nbsp;<\/p>\n<p>In allegato foto del relatore e della platea alla Cascina Pizzavacca<\/p>\n","protected":false},"excerpt":{"rendered":"<p>Marco Trevisan ospite del terzo appuntamento di \u201cA cena con la scienza\u201d alla cascina Pizzavacca<br \/>\nVenerd\u00ec 27 all\u2019Agriturismo Boschi Celati si parla di stampa 3d con Manuela Galati<\/p>\n","protected":false},"author":6,"featured_media":5114,"comment_status":"closed","ping_status":"closed","sticky":false,"template":"","format":"standard","meta":{"wp_mapbox_gl_js_media":[],"footnotes":""},"categories":[21,4],"tags":[],"class_list":["post-5113","post","type-post","status-publish","format-standard","has-post-thumbnail","hentry","category-eventi","category-news"],"yoast_head":"<!-- This site is optimized with the Yoast SEO plugin v26.8 - https:\/\/yoast.com\/product\/yoast-seo-wordpress\/ -->\n<title>Dalla cellula vegetale alla costellazione satellitare: come sar\u00e0 l\u2019agricoltura di domani? - Confagricoltura Piacenza<\/title>\n<meta name=\"robots\" content=\"index, follow, max-snippet:-1, max-image-preview:large, max-video-preview:-1\" \/>\n<link rel=\"canonical\" href=\"https:\/\/www.confagricoltura.org\/piacenza\/dalla-cellula-vegetale-alla-costellazione-satellitare-come-sara-lagricoltura-di-domani\/\" \/>\n<meta property=\"og:locale\" content=\"it_IT\" \/>\n<meta property=\"og:type\" content=\"article\" \/>\n<meta property=\"og:title\" content=\"Dalla cellula vegetale alla costellazione satellitare: come sar\u00e0 l\u2019agricoltura di domani? - Confagricoltura Piacenza\" \/>\n<meta property=\"og:description\" content=\"Marco Trevisan ospite del terzo appuntamento di \u201cA cena con la scienza\u201d alla cascina Pizzavacca  Venerd\u00ec 27 all\u2019Agriturismo Boschi Celati si parla di stampa 3d con Manuela Galati\" \/>\n<meta property=\"og:url\" content=\"https:\/\/www.confagricoltura.org\/piacenza\/dalla-cellula-vegetale-alla-costellazione-satellitare-come-sara-lagricoltura-di-domani\/\" \/>\n<meta property=\"og:site_name\" content=\"Confagricoltura Piacenza\" \/>\n<meta property=\"article:published_time\" content=\"2025-06-25T10:22:38+00:00\" \/>\n<meta property=\"article:modified_time\" content=\"2025-07-11T10:25:28+00:00\" \/>\n<meta property=\"og:image\" content=\"https:\/\/www.confagricoltura.org\/piacenza\/wp-content\/uploads\/sites\/11\/2025\/07\/06-06-25-Platea-scaled.jpg\" \/>\n\t<meta property=\"og:image:width\" content=\"2560\" \/>\n\t<meta property=\"og:image:height\" content=\"1920\" \/>\n\t<meta property=\"og:image:type\" content=\"image\/jpeg\" \/>\n<meta name=\"author\" content=\"confagricolturapiacenza\" \/>\n<meta name=\"twitter:card\" content=\"summary_large_image\" \/>\n<meta name=\"twitter:label1\" content=\"Scritto da\" \/>\n\t<meta name=\"twitter:data1\" content=\"confagricolturapiacenza\" \/>\n\t<meta name=\"twitter:label2\" content=\"Tempo di lettura stimato\" \/>\n\t<meta name=\"twitter:data2\" content=\"4 minuti\" \/>\n<script type=\"application\/ld+json\" class=\"yoast-schema-graph\">{\"@context\":\"https:\/\/schema.org\",\"@graph\":[{\"@type\":\"Article\",\"@id\":\"https:\/\/www.confagricoltura.org\/piacenza\/dalla-cellula-vegetale-alla-costellazione-satellitare-come-sara-lagricoltura-di-domani\/#article\",\"isPartOf\":{\"@id\":\"https:\/\/www.confagricoltura.org\/piacenza\/dalla-cellula-vegetale-alla-costellazione-satellitare-come-sara-lagricoltura-di-domani\/\"},\"author\":{\"name\":\"confagricolturapiacenza\",\"@id\":\"https:\/\/www.confagricoltura.org\/piacenza\/#\/schema\/person\/be5da25a3117fea4b3bfec9dba09b5e8\"},\"headline\":\"Dalla cellula vegetale alla costellazione satellitare: come sar\u00e0 l\u2019agricoltura di domani?\",\"datePublished\":\"2025-06-25T10:22:38+00:00\",\"dateModified\":\"2025-07-11T10:25:28+00:00\",\"mainEntityOfPage\":{\"@id\":\"https:\/\/www.confagricoltura.org\/piacenza\/dalla-cellula-vegetale-alla-costellazione-satellitare-come-sara-lagricoltura-di-domani\/\"},\"wordCount\":637,\"image\":{\"@id\":\"https:\/\/www.confagricoltura.org\/piacenza\/dalla-cellula-vegetale-alla-costellazione-satellitare-come-sara-lagricoltura-di-domani\/#primaryimage\"},\"thumbnailUrl\":\"https:\/\/www.confagricoltura.org\/piacenza\/wp-content\/uploads\/sites\/11\/2025\/07\/06-06-25-Platea-scaled.jpg\",\"articleSection\":[\"Eventi\",\"News\"],\"inLanguage\":\"it-IT\"},{\"@type\":\"WebPage\",\"@id\":\"https:\/\/www.confagricoltura.org\/piacenza\/dalla-cellula-vegetale-alla-costellazione-satellitare-come-sara-lagricoltura-di-domani\/\",\"url\":\"https:\/\/www.confagricoltura.org\/piacenza\/dalla-cellula-vegetale-alla-costellazione-satellitare-come-sara-lagricoltura-di-domani\/\",\"name\":\"Dalla cellula vegetale alla costellazione satellitare: come sar\u00e0 l\u2019agricoltura di domani? - Confagricoltura Piacenza\",\"isPartOf\":{\"@id\":\"https:\/\/www.confagricoltura.org\/piacenza\/#website\"},\"primaryImageOfPage\":{\"@id\":\"https:\/\/www.confagricoltura.org\/piacenza\/dalla-cellula-vegetale-alla-costellazione-satellitare-come-sara-lagricoltura-di-domani\/#primaryimage\"},\"image\":{\"@id\":\"https:\/\/www.confagricoltura.org\/piacenza\/dalla-cellula-vegetale-alla-costellazione-satellitare-come-sara-lagricoltura-di-domani\/#primaryimage\"},\"thumbnailUrl\":\"https:\/\/www.confagricoltura.org\/piacenza\/wp-content\/uploads\/sites\/11\/2025\/07\/06-06-25-Platea-scaled.jpg\",\"datePublished\":\"2025-06-25T10:22:38+00:00\",\"dateModified\":\"2025-07-11T10:25:28+00:00\",\"author\":{\"@id\":\"https:\/\/www.confagricoltura.org\/piacenza\/#\/schema\/person\/be5da25a3117fea4b3bfec9dba09b5e8\"},\"breadcrumb\":{\"@id\":\"https:\/\/www.confagricoltura.org\/piacenza\/dalla-cellula-vegetale-alla-costellazione-satellitare-come-sara-lagricoltura-di-domani\/#breadcrumb\"},\"inLanguage\":\"it-IT\",\"potentialAction\":[{\"@type\":\"ReadAction\",\"target\":[\"https:\/\/www.confagricoltura.org\/piacenza\/dalla-cellula-vegetale-alla-costellazione-satellitare-come-sara-lagricoltura-di-domani\/\"]}]},{\"@type\":\"ImageObject\",\"inLanguage\":\"it-IT\",\"@id\":\"https:\/\/www.confagricoltura.org\/piacenza\/dalla-cellula-vegetale-alla-costellazione-satellitare-come-sara-lagricoltura-di-domani\/#primaryimage\",\"url\":\"https:\/\/www.confagricoltura.org\/piacenza\/wp-content\/uploads\/sites\/11\/2025\/07\/06-06-25-Platea-scaled.jpg\",\"contentUrl\":\"https:\/\/www.confagricoltura.org\/piacenza\/wp-content\/uploads\/sites\/11\/2025\/07\/06-06-25-Platea-scaled.jpg\",\"width\":2560,\"height\":1920},{\"@type\":\"BreadcrumbList\",\"@id\":\"https:\/\/www.confagricoltura.org\/piacenza\/dalla-cellula-vegetale-alla-costellazione-satellitare-come-sara-lagricoltura-di-domani\/#breadcrumb\",\"itemListElement\":[{\"@type\":\"ListItem\",\"position\":1,\"name\":\"Home\",\"item\":\"https:\/\/www.confagricoltura.org\/piacenza\/\"},{\"@type\":\"ListItem\",\"position\":2,\"name\":\"Dalla cellula vegetale alla costellazione satellitare: come sar\u00e0 l\u2019agricoltura di domani?\"}]},{\"@type\":\"WebSite\",\"@id\":\"https:\/\/www.confagricoltura.org\/piacenza\/#website\",\"url\":\"https:\/\/www.confagricoltura.org\/piacenza\/\",\"name\":\"Confagricoltura Piacenza\",\"description\":\"Dalla parte degli Agricoltori\",\"potentialAction\":[{\"@type\":\"SearchAction\",\"target\":{\"@type\":\"EntryPoint\",\"urlTemplate\":\"https:\/\/www.confagricoltura.org\/piacenza\/?s={search_term_string}\"},\"query-input\":{\"@type\":\"PropertyValueSpecification\",\"valueRequired\":true,\"valueName\":\"search_term_string\"}}],\"inLanguage\":\"it-IT\"},{\"@type\":\"Person\",\"@id\":\"https:\/\/www.confagricoltura.org\/piacenza\/#\/schema\/person\/be5da25a3117fea4b3bfec9dba09b5e8\",\"name\":\"confagricolturapiacenza\",\"image\":{\"@type\":\"ImageObject\",\"inLanguage\":\"it-IT\",\"@id\":\"https:\/\/www.confagricoltura.org\/piacenza\/#\/schema\/person\/image\/\",\"url\":\"https:\/\/secure.gravatar.com\/avatar\/9c5f111e417171581853bd0a3ff892ca?s=96&d=mm&r=g\",\"contentUrl\":\"https:\/\/secure.gravatar.com\/avatar\/9c5f111e417171581853bd0a3ff892ca?s=96&d=mm&r=g\",\"caption\":\"confagricolturapiacenza\"},\"url\":\"https:\/\/www.confagricoltura.org\/piacenza\/author\/confagricolturapiacenza\/\"}]}<\/script>\n<!-- \/ Yoast SEO plugin. -->","yoast_head_json":{"title":"Dalla cellula vegetale alla costellazione satellitare: come sar\u00e0 l\u2019agricoltura di domani? - Confagricoltura Piacenza","robots":{"index":"index","follow":"follow","max-snippet":"max-snippet:-1","max-image-preview":"max-image-preview:large","max-video-preview":"max-video-preview:-1"},"canonical":"https:\/\/www.confagricoltura.org\/piacenza\/dalla-cellula-vegetale-alla-costellazione-satellitare-come-sara-lagricoltura-di-domani\/","og_locale":"it_IT","og_type":"article","og_title":"Dalla cellula vegetale alla costellazione satellitare: come sar\u00e0 l\u2019agricoltura di domani? - Confagricoltura Piacenza","og_description":"Marco Trevisan ospite del terzo appuntamento di \u201cA cena con la scienza\u201d alla cascina Pizzavacca  Venerd\u00ec 27 all\u2019Agriturismo Boschi Celati si parla di stampa 3d con Manuela Galati","og_url":"https:\/\/www.confagricoltura.org\/piacenza\/dalla-cellula-vegetale-alla-costellazione-satellitare-come-sara-lagricoltura-di-domani\/","og_site_name":"Confagricoltura Piacenza","article_published_time":"2025-06-25T10:22:38+00:00","article_modified_time":"2025-07-11T10:25:28+00:00","og_image":[{"width":2560,"height":1920,"url":"https:\/\/www.confagricoltura.org\/piacenza\/wp-content\/uploads\/sites\/11\/2025\/07\/06-06-25-Platea-scaled.jpg","type":"image\/jpeg"}],"author":"confagricolturapiacenza","twitter_card":"summary_large_image","twitter_misc":{"Scritto da":"confagricolturapiacenza","Tempo di lettura stimato":"4 minuti"},"schema":{"@context":"https:\/\/schema.org","@graph":[{"@type":"Article","@id":"https:\/\/www.confagricoltura.org\/piacenza\/dalla-cellula-vegetale-alla-costellazione-satellitare-come-sara-lagricoltura-di-domani\/#article","isPartOf":{"@id":"https:\/\/www.confagricoltura.org\/piacenza\/dalla-cellula-vegetale-alla-costellazione-satellitare-come-sara-lagricoltura-di-domani\/"},"author":{"name":"confagricolturapiacenza","@id":"https:\/\/www.confagricoltura.org\/piacenza\/#\/schema\/person\/be5da25a3117fea4b3bfec9dba09b5e8"},"headline":"Dalla cellula vegetale alla costellazione satellitare: come sar\u00e0 l\u2019agricoltura di domani?","datePublished":"2025-06-25T10:22:38+00:00","dateModified":"2025-07-11T10:25:28+00:00","mainEntityOfPage":{"@id":"https:\/\/www.confagricoltura.org\/piacenza\/dalla-cellula-vegetale-alla-costellazione-satellitare-come-sara-lagricoltura-di-domani\/"},"wordCount":637,"image":{"@id":"https:\/\/www.confagricoltura.org\/piacenza\/dalla-cellula-vegetale-alla-costellazione-satellitare-come-sara-lagricoltura-di-domani\/#primaryimage"},"thumbnailUrl":"https:\/\/www.confagricoltura.org\/piacenza\/wp-content\/uploads\/sites\/11\/2025\/07\/06-06-25-Platea-scaled.jpg","articleSection":["Eventi","News"],"inLanguage":"it-IT"},{"@type":"WebPage","@id":"https:\/\/www.confagricoltura.org\/piacenza\/dalla-cellula-vegetale-alla-costellazione-satellitare-come-sara-lagricoltura-di-domani\/","url":"https:\/\/www.confagricoltura.org\/piacenza\/dalla-cellula-vegetale-alla-costellazione-satellitare-come-sara-lagricoltura-di-domani\/","name":"Dalla cellula vegetale alla costellazione satellitare: come sar\u00e0 l\u2019agricoltura di domani? - Confagricoltura Piacenza","isPartOf":{"@id":"https:\/\/www.confagricoltura.org\/piacenza\/#website"},"primaryImageOfPage":{"@id":"https:\/\/www.confagricoltura.org\/piacenza\/dalla-cellula-vegetale-alla-costellazione-satellitare-come-sara-lagricoltura-di-domani\/#primaryimage"},"image":{"@id":"https:\/\/www.confagricoltura.org\/piacenza\/dalla-cellula-vegetale-alla-costellazione-satellitare-come-sara-lagricoltura-di-domani\/#primaryimage"},"thumbnailUrl":"https:\/\/www.confagricoltura.org\/piacenza\/wp-content\/uploads\/sites\/11\/2025\/07\/06-06-25-Platea-scaled.jpg","datePublished":"2025-06-25T10:22:38+00:00","dateModified":"2025-07-11T10:25:28+00:00","author":{"@id":"https:\/\/www.confagricoltura.org\/piacenza\/#\/schema\/person\/be5da25a3117fea4b3bfec9dba09b5e8"},"breadcrumb":{"@id":"https:\/\/www.confagricoltura.org\/piacenza\/dalla-cellula-vegetale-alla-costellazione-satellitare-come-sara-lagricoltura-di-domani\/#breadcrumb"},"inLanguage":"it-IT","potentialAction":[{"@type":"ReadAction","target":["https:\/\/www.confagricoltura.org\/piacenza\/dalla-cellula-vegetale-alla-costellazione-satellitare-come-sara-lagricoltura-di-domani\/"]}]},{"@type":"ImageObject","inLanguage":"it-IT","@id":"https:\/\/www.confagricoltura.org\/piacenza\/dalla-cellula-vegetale-alla-costellazione-satellitare-come-sara-lagricoltura-di-domani\/#primaryimage","url":"https:\/\/www.confagricoltura.org\/piacenza\/wp-content\/uploads\/sites\/11\/2025\/07\/06-06-25-Platea-scaled.jpg","contentUrl":"https:\/\/www.confagricoltura.org\/piacenza\/wp-content\/uploads\/sites\/11\/2025\/07\/06-06-25-Platea-scaled.jpg","width":2560,"height":1920},{"@type":"BreadcrumbList","@id":"https:\/\/www.confagricoltura.org\/piacenza\/dalla-cellula-vegetale-alla-costellazione-satellitare-come-sara-lagricoltura-di-domani\/#breadcrumb","itemListElement":[{"@type":"ListItem","position":1,"name":"Home","item":"https:\/\/www.confagricoltura.org\/piacenza\/"},{"@type":"ListItem","position":2,"name":"Dalla cellula vegetale alla costellazione satellitare: come sar\u00e0 l\u2019agricoltura di domani?"}]},{"@type":"WebSite","@id":"https:\/\/www.confagricoltura.org\/piacenza\/#website","url":"https:\/\/www.confagricoltura.org\/piacenza\/","name":"Confagricoltura Piacenza","description":"Dalla parte degli Agricoltori","potentialAction":[{"@type":"SearchAction","target":{"@type":"EntryPoint","urlTemplate":"https:\/\/www.confagricoltura.org\/piacenza\/?s={search_term_string}"},"query-input":{"@type":"PropertyValueSpecification","valueRequired":true,"valueName":"search_term_string"}}],"inLanguage":"it-IT"},{"@type":"Person","@id":"https:\/\/www.confagricoltura.org\/piacenza\/#\/schema\/person\/be5da25a3117fea4b3bfec9dba09b5e8","name":"confagricolturapiacenza","image":{"@type":"ImageObject","inLanguage":"it-IT","@id":"https:\/\/www.confagricoltura.org\/piacenza\/#\/schema\/person\/image\/","url":"https:\/\/secure.gravatar.com\/avatar\/9c5f111e417171581853bd0a3ff892ca?s=96&d=mm&r=g","contentUrl":"https:\/\/secure.gravatar.com\/avatar\/9c5f111e417171581853bd0a3ff892ca?s=96&d=mm&r=g","caption":"confagricolturapiacenza"},"url":"https:\/\/www.confagricoltura.org\/piacenza\/author\/confagricolturapiacenza\/"}]}},"_links":{"self":[{"href":"https:\/\/www.confagricoltura.org\/piacenza\/wp-json\/wp\/v2\/posts\/5113","targetHints":{"allow":["GET"]}}],"collection":[{"href":"https:\/\/www.confagricoltura.org\/piacenza\/wp-json\/wp\/v2\/posts"}],"about":[{"href":"https:\/\/www.confagricoltura.org\/piacenza\/wp-json\/wp\/v2\/types\/post"}],"author":[{"embeddable":true,"href":"https:\/\/www.confagricoltura.org\/piacenza\/wp-json\/wp\/v2\/users\/6"}],"replies":[{"embeddable":true,"href":"https:\/\/www.confagricoltura.org\/piacenza\/wp-json\/wp\/v2\/comments?post=5113"}],"version-history":[{"count":1,"href":"https:\/\/www.confagricoltura.org\/piacenza\/wp-json\/wp\/v2\/posts\/5113\/revisions"}],"predecessor-version":[{"id":5115,"href":"https:\/\/www.confagricoltura.org\/piacenza\/wp-json\/wp\/v2\/posts\/5113\/revisions\/5115"}],"wp:featuredmedia":[{"embeddable":true,"href":"https:\/\/www.confagricoltura.org\/piacenza\/wp-json\/wp\/v2\/media\/5114"}],"wp:attachment":[{"href":"https:\/\/www.confagricoltura.org\/piacenza\/wp-json\/wp\/v2\/media?parent=5113"}],"wp:term":[{"taxonomy":"category","embeddable":true,"href":"https:\/\/www.confagricoltura.org\/piacenza\/wp-json\/wp\/v2\/categories?post=5113"},{"taxonomy":"post_tag","embeddable":true,"href":"https:\/\/www.confagricoltura.org\/piacenza\/wp-json\/wp\/v2\/tags?post=5113"}],"curies":[{"name":"wp","href":"https:\/\/api.w.org\/{rel}","templated":true}]}}