{"id":5111,"date":"2025-06-24T12:21:01","date_gmt":"2025-06-24T10:21:01","guid":{"rendered":"https:\/\/www.confagricoltura.org\/piacenza\/?p=5111"},"modified":"2025-07-11T12:22:13","modified_gmt":"2025-07-11T10:22:13","slug":"caldo-estremo-palliative-le-misure-emergenziali-occorrono-strumenti-strutturali","status":"publish","type":"post","link":"https:\/\/www.confagricoltura.org\/piacenza\/caldo-estremo-palliative-le-misure-emergenziali-occorrono-strumenti-strutturali\/","title":{"rendered":"Caldo estremo: palliative le misure emergenziali, occorrono strumenti strutturali"},"content":{"rendered":"<p>\u201cDi fronte ai fenomeni metereologici estremi che stanno sempre pi\u00f9 caratterizzando il lavoro in campagna non servono soluzione d\u2019emergenza, ma strumenti strutturali. Un\u2019ordinanza che impone il blocco delle attivit\u00e0 nelle ore pi\u00f9 calde non \u00e8 la soluzione per gestire il caldo estremo, rischia di creare pi\u00f9 problemi che benefici\u201d. Cos\u00ec Umberto Gorra, presidente di Confagricoltura Piacenza che interviene sulla proposta di rinnovo dell\u2019ordinanza regionale la quale, come nel 2024, vorrebbe limitare l\u2019attivit\u00e0 lavorativa nei momenti di caldo estremo.<\/p>\n<p>Gorra prende posizione in seguito all\u2019incontro convocato nei giorni scorsi dall\u2019Assessore regionale al Lavoro Giovanni Paglia, durante il quale \u00e8 stato riproposto l\u2019utilizzo di un\u2019ordinanza che blocca il lavoro nelle ore pi\u00f9 calde come strumento per la tutela della salute nei luoghi di lavoro.<\/p>\n<p>Confagricoltura Piacenza esprime la propria contrariet\u00e0. \u201c\u00c8 fondamentale \u2013 spiega Gorra \u2013 garantire la sicurezza dei lavoratori esposti al calore. Ma questo si fa attraverso un protocollo condiviso, basato sulla valutazione specifica del rischio, come previsto dal D.Lgs. 81\/2008, non con misure generaliste che non tengono conto delle peculiarit\u00e0 dei diversi comparti\u201d. La contrattazione prevede in gran parte strumenti che consentono la rimodulazione degli orari a cui vanno affiancati adeguati protocolli per tutelare la salute durante il lavoro a determinate condizioni. Le macchine agricole moderne hanno cabine climatizzate, quelle che prevedono un operatore a bordo, come le trapiantatrici del pomodoro, sono dotate di coperture per schermare dai raggi del sole, in aggiunta si possono adottare strumenti come la nebulizzazione e la turnazione rapida: procedure che possano permettere di lavorare, quando inderogabilmente necessario, anche con il caldo. Bloccare il lavoro e far ammalorare le colture, rischia di essere un danno per le aziende tale da metterle in condizione di non poter svolgere il lavoro e conseguentemente non poter pi\u00f9 assumere manodopera. In definitiva \u00e8 un danno indotto anche al lavoro\u201d.<\/p>\n<p>La Regione Emilia-Romagna ha ricompreso nel proprio piano regionale di prevenzione \u201cLa prevenzione del rischio da stress da calore negli ambienti di lavoro\u201d condividendo nel recente Comitato di Coordinamento della Regione Emilia-Romagna ex art. 7 D.Lgs. 81\/08.\u00a0 materiale utile per tutti i settori coinvolti, sarebbe importante adottare gli accorgimenti previsi.<\/p>\n<p>\u201cCi risulta \u2013 evidenzia Confagricoltura Piacenza &#8211; che le Regioni siano in procinto di adottare \u201cLinee di indirizzo per la protezione dei lavoratori dal calore e dalla radiazione solare\u201d a seguito del lavoro prodotto dal coordinamento Tecnico Interregionale. Riteniamo che l&#8217;introduzione di ulteriori ordinanze possa generare confusione e sovrapposizioni normative, senza apportare reale beneficio alla protezione dei lavoratori, gi\u00e0 adeguatamente tutelata dalla normativa esistente\u201d.<\/p>\n<p>Confagricoltura Piacenza sottolinea inoltre come l\u2019ordinanza emanata nel 2024 abbia prodotto disagi significativi senza una reale valutazione della sua efficacia in termini sanitari. \u201cUn provvedimento \u2013 ricorda Gorra \u2013 che ha impattato negativamente sulle attivit\u00e0 agricole, che richiedono tempestivit\u00e0 per evitare danni ai raccolti, ed \u00e8 entrato in conflitto con normative comunali su rumori e orari di lavoro, nonch\u00e9 con la programmazione del lavoro stesso\u201d.<\/p>\n<p>\u201cLe imprese agricole sono gi\u00e0 obbligate per legge a valutare e mitigare il rischio da calore \u2013 aggiunge Gorra \u2013. \u00c8 sbagliato deresponsabilizzare con un\u2019ordinanza calata dall\u2019alto che si applica indistintamente a settori profondamente diversi. Come rappresentanza datoriale siamo disponibili al dialogo per soluzioni di lungo termine \u2013 conclude Gorra \u2013 ma serve un approccio pragmatico e flessibile. Non possiamo permetterci di compromettere la produttivit\u00e0 e la sicurezza con misure inefficaci e scoordinate.\u201d<\/p>\n<p>&nbsp;<\/p>\n","protected":false},"excerpt":{"rendered":"<p>Gorra (Confagricoltura Piacenza): \u201cServe un protocollo operativo, non un\u2019ordinanza che blocca il lavoro\u201d<\/p>\n","protected":false},"author":6,"featured_media":4932,"comment_status":"closed","ping_status":"closed","sticky":false,"template":"","format":"standard","meta":{"wp_mapbox_gl_js_media":[],"footnotes":""},"categories":[4,9],"tags":[],"class_list":["post-5111","post","type-post","status-publish","format-standard","has-post-thumbnail","hentry","category-news","category-territorio-ambiente"],"yoast_head":"<!-- This site is optimized with the Yoast SEO plugin v26.8 - https:\/\/yoast.com\/product\/yoast-seo-wordpress\/ -->\n<title>Caldo estremo: palliative le misure emergenziali, occorrono strumenti strutturali - Confagricoltura Piacenza<\/title>\n<meta name=\"robots\" content=\"index, follow, max-snippet:-1, max-image-preview:large, max-video-preview:-1\" \/>\n<link rel=\"canonical\" href=\"https:\/\/www.confagricoltura.org\/piacenza\/caldo-estremo-palliative-le-misure-emergenziali-occorrono-strumenti-strutturali\/\" \/>\n<meta property=\"og:locale\" content=\"it_IT\" \/>\n<meta property=\"og:type\" content=\"article\" \/>\n<meta property=\"og:title\" content=\"Caldo estremo: palliative le misure emergenziali, occorrono strumenti strutturali - Confagricoltura Piacenza\" \/>\n<meta property=\"og:description\" content=\"Gorra (Confagricoltura Piacenza): \u201cServe un protocollo operativo, non un\u2019ordinanza che blocca il lavoro\u201d\" \/>\n<meta property=\"og:url\" content=\"https:\/\/www.confagricoltura.org\/piacenza\/caldo-estremo-palliative-le-misure-emergenziali-occorrono-strumenti-strutturali\/\" \/>\n<meta property=\"og:site_name\" content=\"Confagricoltura Piacenza\" \/>\n<meta property=\"article:published_time\" content=\"2025-06-24T10:21:01+00:00\" \/>\n<meta property=\"article:modified_time\" content=\"2025-07-11T10:22:13+00:00\" \/>\n<meta property=\"og:image\" content=\"https:\/\/www.confagricoltura.org\/piacenza\/wp-content\/uploads\/sites\/11\/2025\/02\/A_Umberto-Gorra-.jpg\" \/>\n\t<meta property=\"og:image:width\" content=\"2048\" \/>\n\t<meta property=\"og:image:height\" content=\"1536\" \/>\n\t<meta property=\"og:image:type\" content=\"image\/jpeg\" \/>\n<meta name=\"author\" content=\"confagricolturapiacenza\" \/>\n<meta name=\"twitter:card\" content=\"summary_large_image\" \/>\n<meta name=\"twitter:label1\" content=\"Scritto da\" \/>\n\t<meta name=\"twitter:data1\" content=\"confagricolturapiacenza\" \/>\n\t<meta name=\"twitter:label2\" content=\"Tempo di lettura stimato\" \/>\n\t<meta name=\"twitter:data2\" content=\"4 minuti\" \/>\n<script type=\"application\/ld+json\" class=\"yoast-schema-graph\">{\"@context\":\"https:\/\/schema.org\",\"@graph\":[{\"@type\":\"Article\",\"@id\":\"https:\/\/www.confagricoltura.org\/piacenza\/caldo-estremo-palliative-le-misure-emergenziali-occorrono-strumenti-strutturali\/#article\",\"isPartOf\":{\"@id\":\"https:\/\/www.confagricoltura.org\/piacenza\/caldo-estremo-palliative-le-misure-emergenziali-occorrono-strumenti-strutturali\/\"},\"author\":{\"name\":\"confagricolturapiacenza\",\"@id\":\"https:\/\/www.confagricoltura.org\/piacenza\/#\/schema\/person\/be5da25a3117fea4b3bfec9dba09b5e8\"},\"headline\":\"Caldo estremo: palliative le misure emergenziali, occorrono strumenti strutturali\",\"datePublished\":\"2025-06-24T10:21:01+00:00\",\"dateModified\":\"2025-07-11T10:22:13+00:00\",\"mainEntityOfPage\":{\"@id\":\"https:\/\/www.confagricoltura.org\/piacenza\/caldo-estremo-palliative-le-misure-emergenziali-occorrono-strumenti-strutturali\/\"},\"wordCount\":557,\"image\":{\"@id\":\"https:\/\/www.confagricoltura.org\/piacenza\/caldo-estremo-palliative-le-misure-emergenziali-occorrono-strumenti-strutturali\/#primaryimage\"},\"thumbnailUrl\":\"https:\/\/www.confagricoltura.org\/piacenza\/wp-content\/uploads\/sites\/11\/2025\/02\/A_Umberto-Gorra-.jpg\",\"articleSection\":[\"News\",\"Territorio e Ambiente\"],\"inLanguage\":\"it-IT\"},{\"@type\":\"WebPage\",\"@id\":\"https:\/\/www.confagricoltura.org\/piacenza\/caldo-estremo-palliative-le-misure-emergenziali-occorrono-strumenti-strutturali\/\",\"url\":\"https:\/\/www.confagricoltura.org\/piacenza\/caldo-estremo-palliative-le-misure-emergenziali-occorrono-strumenti-strutturali\/\",\"name\":\"Caldo estremo: palliative le misure emergenziali, occorrono strumenti strutturali - Confagricoltura Piacenza\",\"isPartOf\":{\"@id\":\"https:\/\/www.confagricoltura.org\/piacenza\/#website\"},\"primaryImageOfPage\":{\"@id\":\"https:\/\/www.confagricoltura.org\/piacenza\/caldo-estremo-palliative-le-misure-emergenziali-occorrono-strumenti-strutturali\/#primaryimage\"},\"image\":{\"@id\":\"https:\/\/www.confagricoltura.org\/piacenza\/caldo-estremo-palliative-le-misure-emergenziali-occorrono-strumenti-strutturali\/#primaryimage\"},\"thumbnailUrl\":\"https:\/\/www.confagricoltura.org\/piacenza\/wp-content\/uploads\/sites\/11\/2025\/02\/A_Umberto-Gorra-.jpg\",\"datePublished\":\"2025-06-24T10:21:01+00:00\",\"dateModified\":\"2025-07-11T10:22:13+00:00\",\"author\":{\"@id\":\"https:\/\/www.confagricoltura.org\/piacenza\/#\/schema\/person\/be5da25a3117fea4b3bfec9dba09b5e8\"},\"breadcrumb\":{\"@id\":\"https:\/\/www.confagricoltura.org\/piacenza\/caldo-estremo-palliative-le-misure-emergenziali-occorrono-strumenti-strutturali\/#breadcrumb\"},\"inLanguage\":\"it-IT\",\"potentialAction\":[{\"@type\":\"ReadAction\",\"target\":[\"https:\/\/www.confagricoltura.org\/piacenza\/caldo-estremo-palliative-le-misure-emergenziali-occorrono-strumenti-strutturali\/\"]}]},{\"@type\":\"ImageObject\",\"inLanguage\":\"it-IT\",\"@id\":\"https:\/\/www.confagricoltura.org\/piacenza\/caldo-estremo-palliative-le-misure-emergenziali-occorrono-strumenti-strutturali\/#primaryimage\",\"url\":\"https:\/\/www.confagricoltura.org\/piacenza\/wp-content\/uploads\/sites\/11\/2025\/02\/A_Umberto-Gorra-.jpg\",\"contentUrl\":\"https:\/\/www.confagricoltura.org\/piacenza\/wp-content\/uploads\/sites\/11\/2025\/02\/A_Umberto-Gorra-.jpg\",\"width\":2048,\"height\":1536},{\"@type\":\"BreadcrumbList\",\"@id\":\"https:\/\/www.confagricoltura.org\/piacenza\/caldo-estremo-palliative-le-misure-emergenziali-occorrono-strumenti-strutturali\/#breadcrumb\",\"itemListElement\":[{\"@type\":\"ListItem\",\"position\":1,\"name\":\"Home\",\"item\":\"https:\/\/www.confagricoltura.org\/piacenza\/\"},{\"@type\":\"ListItem\",\"position\":2,\"name\":\"Caldo estremo: palliative le misure emergenziali, occorrono strumenti strutturali\"}]},{\"@type\":\"WebSite\",\"@id\":\"https:\/\/www.confagricoltura.org\/piacenza\/#website\",\"url\":\"https:\/\/www.confagricoltura.org\/piacenza\/\",\"name\":\"Confagricoltura Piacenza\",\"description\":\"Dalla parte degli Agricoltori\",\"potentialAction\":[{\"@type\":\"SearchAction\",\"target\":{\"@type\":\"EntryPoint\",\"urlTemplate\":\"https:\/\/www.confagricoltura.org\/piacenza\/?s={search_term_string}\"},\"query-input\":{\"@type\":\"PropertyValueSpecification\",\"valueRequired\":true,\"valueName\":\"search_term_string\"}}],\"inLanguage\":\"it-IT\"},{\"@type\":\"Person\",\"@id\":\"https:\/\/www.confagricoltura.org\/piacenza\/#\/schema\/person\/be5da25a3117fea4b3bfec9dba09b5e8\",\"name\":\"confagricolturapiacenza\",\"image\":{\"@type\":\"ImageObject\",\"inLanguage\":\"it-IT\",\"@id\":\"https:\/\/www.confagricoltura.org\/piacenza\/#\/schema\/person\/image\/\",\"url\":\"https:\/\/secure.gravatar.com\/avatar\/9c5f111e417171581853bd0a3ff892ca?s=96&d=mm&r=g\",\"contentUrl\":\"https:\/\/secure.gravatar.com\/avatar\/9c5f111e417171581853bd0a3ff892ca?s=96&d=mm&r=g\",\"caption\":\"confagricolturapiacenza\"},\"url\":\"https:\/\/www.confagricoltura.org\/piacenza\/author\/confagricolturapiacenza\/\"}]}<\/script>\n<!-- \/ Yoast SEO plugin. -->","yoast_head_json":{"title":"Caldo estremo: palliative le misure emergenziali, occorrono strumenti strutturali - Confagricoltura Piacenza","robots":{"index":"index","follow":"follow","max-snippet":"max-snippet:-1","max-image-preview":"max-image-preview:large","max-video-preview":"max-video-preview:-1"},"canonical":"https:\/\/www.confagricoltura.org\/piacenza\/caldo-estremo-palliative-le-misure-emergenziali-occorrono-strumenti-strutturali\/","og_locale":"it_IT","og_type":"article","og_title":"Caldo estremo: palliative le misure emergenziali, occorrono strumenti strutturali - Confagricoltura Piacenza","og_description":"Gorra (Confagricoltura Piacenza): \u201cServe un protocollo operativo, non un\u2019ordinanza che blocca il lavoro\u201d","og_url":"https:\/\/www.confagricoltura.org\/piacenza\/caldo-estremo-palliative-le-misure-emergenziali-occorrono-strumenti-strutturali\/","og_site_name":"Confagricoltura Piacenza","article_published_time":"2025-06-24T10:21:01+00:00","article_modified_time":"2025-07-11T10:22:13+00:00","og_image":[{"width":2048,"height":1536,"url":"https:\/\/www.confagricoltura.org\/piacenza\/wp-content\/uploads\/sites\/11\/2025\/02\/A_Umberto-Gorra-.jpg","type":"image\/jpeg"}],"author":"confagricolturapiacenza","twitter_card":"summary_large_image","twitter_misc":{"Scritto da":"confagricolturapiacenza","Tempo di lettura stimato":"4 minuti"},"schema":{"@context":"https:\/\/schema.org","@graph":[{"@type":"Article","@id":"https:\/\/www.confagricoltura.org\/piacenza\/caldo-estremo-palliative-le-misure-emergenziali-occorrono-strumenti-strutturali\/#article","isPartOf":{"@id":"https:\/\/www.confagricoltura.org\/piacenza\/caldo-estremo-palliative-le-misure-emergenziali-occorrono-strumenti-strutturali\/"},"author":{"name":"confagricolturapiacenza","@id":"https:\/\/www.confagricoltura.org\/piacenza\/#\/schema\/person\/be5da25a3117fea4b3bfec9dba09b5e8"},"headline":"Caldo estremo: palliative le misure emergenziali, occorrono strumenti strutturali","datePublished":"2025-06-24T10:21:01+00:00","dateModified":"2025-07-11T10:22:13+00:00","mainEntityOfPage":{"@id":"https:\/\/www.confagricoltura.org\/piacenza\/caldo-estremo-palliative-le-misure-emergenziali-occorrono-strumenti-strutturali\/"},"wordCount":557,"image":{"@id":"https:\/\/www.confagricoltura.org\/piacenza\/caldo-estremo-palliative-le-misure-emergenziali-occorrono-strumenti-strutturali\/#primaryimage"},"thumbnailUrl":"https:\/\/www.confagricoltura.org\/piacenza\/wp-content\/uploads\/sites\/11\/2025\/02\/A_Umberto-Gorra-.jpg","articleSection":["News","Territorio e Ambiente"],"inLanguage":"it-IT"},{"@type":"WebPage","@id":"https:\/\/www.confagricoltura.org\/piacenza\/caldo-estremo-palliative-le-misure-emergenziali-occorrono-strumenti-strutturali\/","url":"https:\/\/www.confagricoltura.org\/piacenza\/caldo-estremo-palliative-le-misure-emergenziali-occorrono-strumenti-strutturali\/","name":"Caldo estremo: palliative le misure emergenziali, occorrono strumenti strutturali - Confagricoltura Piacenza","isPartOf":{"@id":"https:\/\/www.confagricoltura.org\/piacenza\/#website"},"primaryImageOfPage":{"@id":"https:\/\/www.confagricoltura.org\/piacenza\/caldo-estremo-palliative-le-misure-emergenziali-occorrono-strumenti-strutturali\/#primaryimage"},"image":{"@id":"https:\/\/www.confagricoltura.org\/piacenza\/caldo-estremo-palliative-le-misure-emergenziali-occorrono-strumenti-strutturali\/#primaryimage"},"thumbnailUrl":"https:\/\/www.confagricoltura.org\/piacenza\/wp-content\/uploads\/sites\/11\/2025\/02\/A_Umberto-Gorra-.jpg","datePublished":"2025-06-24T10:21:01+00:00","dateModified":"2025-07-11T10:22:13+00:00","author":{"@id":"https:\/\/www.confagricoltura.org\/piacenza\/#\/schema\/person\/be5da25a3117fea4b3bfec9dba09b5e8"},"breadcrumb":{"@id":"https:\/\/www.confagricoltura.org\/piacenza\/caldo-estremo-palliative-le-misure-emergenziali-occorrono-strumenti-strutturali\/#breadcrumb"},"inLanguage":"it-IT","potentialAction":[{"@type":"ReadAction","target":["https:\/\/www.confagricoltura.org\/piacenza\/caldo-estremo-palliative-le-misure-emergenziali-occorrono-strumenti-strutturali\/"]}]},{"@type":"ImageObject","inLanguage":"it-IT","@id":"https:\/\/www.confagricoltura.org\/piacenza\/caldo-estremo-palliative-le-misure-emergenziali-occorrono-strumenti-strutturali\/#primaryimage","url":"https:\/\/www.confagricoltura.org\/piacenza\/wp-content\/uploads\/sites\/11\/2025\/02\/A_Umberto-Gorra-.jpg","contentUrl":"https:\/\/www.confagricoltura.org\/piacenza\/wp-content\/uploads\/sites\/11\/2025\/02\/A_Umberto-Gorra-.jpg","width":2048,"height":1536},{"@type":"BreadcrumbList","@id":"https:\/\/www.confagricoltura.org\/piacenza\/caldo-estremo-palliative-le-misure-emergenziali-occorrono-strumenti-strutturali\/#breadcrumb","itemListElement":[{"@type":"ListItem","position":1,"name":"Home","item":"https:\/\/www.confagricoltura.org\/piacenza\/"},{"@type":"ListItem","position":2,"name":"Caldo estremo: palliative le misure emergenziali, occorrono strumenti strutturali"}]},{"@type":"WebSite","@id":"https:\/\/www.confagricoltura.org\/piacenza\/#website","url":"https:\/\/www.confagricoltura.org\/piacenza\/","name":"Confagricoltura Piacenza","description":"Dalla parte degli Agricoltori","potentialAction":[{"@type":"SearchAction","target":{"@type":"EntryPoint","urlTemplate":"https:\/\/www.confagricoltura.org\/piacenza\/?s={search_term_string}"},"query-input":{"@type":"PropertyValueSpecification","valueRequired":true,"valueName":"search_term_string"}}],"inLanguage":"it-IT"},{"@type":"Person","@id":"https:\/\/www.confagricoltura.org\/piacenza\/#\/schema\/person\/be5da25a3117fea4b3bfec9dba09b5e8","name":"confagricolturapiacenza","image":{"@type":"ImageObject","inLanguage":"it-IT","@id":"https:\/\/www.confagricoltura.org\/piacenza\/#\/schema\/person\/image\/","url":"https:\/\/secure.gravatar.com\/avatar\/9c5f111e417171581853bd0a3ff892ca?s=96&d=mm&r=g","contentUrl":"https:\/\/secure.gravatar.com\/avatar\/9c5f111e417171581853bd0a3ff892ca?s=96&d=mm&r=g","caption":"confagricolturapiacenza"},"url":"https:\/\/www.confagricoltura.org\/piacenza\/author\/confagricolturapiacenza\/"}]}},"_links":{"self":[{"href":"https:\/\/www.confagricoltura.org\/piacenza\/wp-json\/wp\/v2\/posts\/5111","targetHints":{"allow":["GET"]}}],"collection":[{"href":"https:\/\/www.confagricoltura.org\/piacenza\/wp-json\/wp\/v2\/posts"}],"about":[{"href":"https:\/\/www.confagricoltura.org\/piacenza\/wp-json\/wp\/v2\/types\/post"}],"author":[{"embeddable":true,"href":"https:\/\/www.confagricoltura.org\/piacenza\/wp-json\/wp\/v2\/users\/6"}],"replies":[{"embeddable":true,"href":"https:\/\/www.confagricoltura.org\/piacenza\/wp-json\/wp\/v2\/comments?post=5111"}],"version-history":[{"count":1,"href":"https:\/\/www.confagricoltura.org\/piacenza\/wp-json\/wp\/v2\/posts\/5111\/revisions"}],"predecessor-version":[{"id":5112,"href":"https:\/\/www.confagricoltura.org\/piacenza\/wp-json\/wp\/v2\/posts\/5111\/revisions\/5112"}],"wp:featuredmedia":[{"embeddable":true,"href":"https:\/\/www.confagricoltura.org\/piacenza\/wp-json\/wp\/v2\/media\/4932"}],"wp:attachment":[{"href":"https:\/\/www.confagricoltura.org\/piacenza\/wp-json\/wp\/v2\/media?parent=5111"}],"wp:term":[{"taxonomy":"category","embeddable":true,"href":"https:\/\/www.confagricoltura.org\/piacenza\/wp-json\/wp\/v2\/categories?post=5111"},{"taxonomy":"post_tag","embeddable":true,"href":"https:\/\/www.confagricoltura.org\/piacenza\/wp-json\/wp\/v2\/tags?post=5111"}],"curies":[{"name":"wp","href":"https:\/\/api.w.org\/{rel}","templated":true}]}}