{"id":5098,"date":"2025-06-15T14:35:09","date_gmt":"2025-06-15T12:35:09","guid":{"rendered":"https:\/\/www.confagricoltura.org\/piacenza\/?p=5098"},"modified":"2025-07-09T14:38:08","modified_gmt":"2025-07-09T12:38:08","slug":"confagricoltura-piacenza-in-assemblea-generale-5","status":"publish","type":"post","link":"https:\/\/www.confagricoltura.org\/piacenza\/confagricoltura-piacenza-in-assemblea-generale-5\/","title":{"rendered":"Confagricoltura Piacenza in Assemblea Generale"},"content":{"rendered":"<p>Si \u00e8 tenuta marted\u00ec 10 giugno l\u2019Assemblea Generale di Confagricoltura Piacenza presso la Sala Bertonazzi al Palazzo dell\u2019Agricoltura di Piacenza. Un momento di confronto importante che si \u00e8 svolto a porte chiuse. \u201cL\u2019associazione ha i conti in ordine, ne dobbiamo andare orgogliosi, \u00e8 un punto di partenza e garanzia di credibilit\u00e0\u201d ha dichiarato il presidente Umberto Gorra.<\/p>\n<p>L\u2019assemblea ha dunque approvato il bilancio consuntivo e preventivo esposti dal Tesoriere Stefano Repetti e ascoltato le positive relazioni del Consiglio Direttivo e del Collegio dei Revisori dei Conti. L\u2019assemblea ha confermato il collegio dei revisori dei Conti con Alberto Squeri presidente, Paolo Bosi ed Enrico Trentini membri effettivi. All\u2019ordine del giorno anche la nomina dei tre Probiviri che ha visto la conferma nel ruolo di Giovanni Biasini e Luciano Pallavicini con la nuova nomina di Guido Palladini.<\/p>\n<p>A fine lavori il presidente ha voluto sinteticamente condividere con gli intervenuti i punti salienti di un\u2019identit\u00e0 associativa condivisa e solidamente ancorata su valori comuni: primo strumento per affrontare le sfide sindacali e bussola per entrare nella gestione quotidiana delle problematiche aziendali.<\/p>\n<p>\u201cHo preferito tenere questo momento per noi \u2013 ha detto Gorra \u2013 per avere l\u2019occasione di un dialogo pi\u00f9 stretto, un\u2019occasione per condividere le nostre idee e analizzare insieme come sta andando l\u2019Associazione. Ci\u00f2 non esclude che non organizzeremo nel corso dell\u2019anno eventi aperti, ma tenendo divisi i due momenti. Posso dire che l\u2019Associazione \u00e8 stabile e ben strutturata, certo, come nelle nostre imprese \u00e8 aumentata la complessit\u00e0 negli anni e dunque aumentano i costi. Anche se l\u2019associazione non fa, per definizione, margine, diventa sempre pi\u00f9 difficile mantenere l\u2019equilibrio per una macchina che \u00e8 sempre pi\u00f9 complessa e deve correre sempre pi\u00f9 veloce.<\/p>\n<p>Le nostre imprese sono il motivo per cui l\u2019Associazione esiste ed \u00e8 chiaro a tutti, anche all\u2019interno della struttura, che lo scopo di Confagricoltura \u00e8 sostenere le aziende, aiutarle nel risolvere i loro adempimenti e rappresentarle attraverso l\u2019azione sindacale. L\u2019impegno verso questi due obiettivi \u00e8 costante\u201d.<\/p>\n<p>\u201cLavoriamo insieme a Confagricoltura regionale e nazionale, la nostra sede territoriale ha una buona immagine e buone relazioni e di questo ringrazio chi mi ha preceduto. Ci sono dinamiche di rappresentanza all\u2019interno delle quali portiamo le nostre istanze e chiediamo che siano attenzionate\u201d ha detto Gorra.<\/p>\n<p>Il presidente ha poi passato in rassegna le principali tematiche e le difficolt\u00e0.<\/p>\n<p>\u201cSulla pessima campagna conclusa si \u00e8 gi\u00e0 detto molto, non vorrei aggiungere lamentele, ma davvero il 2024 \u00e8 stato un anno negativo, speriamo che le condizioni quest\u2019anno siano migliori. Una certa variabilit\u00e0 fa parte del nostro mestiere, invece un elemento esterno che inutilmente porta in sofferenza le aziende \u00e8 la crescente complessit\u00e0: tutti i cavilli burocratici con cui ci dobbiamo confrontare deprimono la competitivit\u00e0 delle imprese\u201d ha sottolineato \u201cdetto questo, anche se le imprese diminuiscono di numero e aumentano le sfide, la nostra agricoltura proseguir\u00e0 e l\u2019Associazione sar\u00e0 al suo fianco\u201d.<\/p>\n<p>In chiusura il direttore Marco Casagrande ha ringraziato tutto il personale \u201cperch\u00e9 se l\u2019associazione performa bene \u00e8 merito di una squadra che lavora unita\u201d.<\/p>\n","protected":false},"excerpt":{"rendered":"<p>Gorra: l\u2019Associazione \u00e8 solida e sempre al fianco delle imprese<\/p>\n","protected":false},"author":6,"featured_media":5099,"comment_status":"closed","ping_status":"closed","sticky":false,"template":"","format":"standard","meta":{"wp_mapbox_gl_js_media":[],"footnotes":""},"categories":[21,4],"tags":[],"class_list":["post-5098","post","type-post","status-publish","format-standard","has-post-thumbnail","hentry","category-eventi","category-news"],"yoast_head":"<!-- This site is optimized with the Yoast SEO plugin v26.8 - https:\/\/yoast.com\/product\/yoast-seo-wordpress\/ -->\n<title>Confagricoltura Piacenza in Assemblea Generale - Confagricoltura Piacenza<\/title>\n<meta name=\"robots\" content=\"index, follow, max-snippet:-1, max-image-preview:large, max-video-preview:-1\" \/>\n<link rel=\"canonical\" href=\"https:\/\/www.confagricoltura.org\/piacenza\/confagricoltura-piacenza-in-assemblea-generale-5\/\" \/>\n<meta property=\"og:locale\" content=\"it_IT\" \/>\n<meta property=\"og:type\" content=\"article\" \/>\n<meta property=\"og:title\" content=\"Confagricoltura Piacenza in Assemblea Generale - Confagricoltura Piacenza\" \/>\n<meta property=\"og:description\" content=\"Gorra: l\u2019Associazione \u00e8 solida e sempre al fianco delle imprese\" \/>\n<meta property=\"og:url\" content=\"https:\/\/www.confagricoltura.org\/piacenza\/confagricoltura-piacenza-in-assemblea-generale-5\/\" \/>\n<meta property=\"og:site_name\" content=\"Confagricoltura Piacenza\" \/>\n<meta property=\"article:published_time\" content=\"2025-06-15T12:35:09+00:00\" \/>\n<meta property=\"article:modified_time\" content=\"2025-07-09T12:38:08+00:00\" \/>\n<meta property=\"og:image\" content=\"https:\/\/www.confagricoltura.org\/piacenza\/wp-content\/uploads\/sites\/11\/2025\/07\/Casagrande-Gorra-100625-scaled.jpg\" \/>\n\t<meta property=\"og:image:width\" content=\"2560\" \/>\n\t<meta property=\"og:image:height\" content=\"1920\" \/>\n\t<meta property=\"og:image:type\" content=\"image\/jpeg\" \/>\n<meta name=\"author\" content=\"confagricolturapiacenza\" \/>\n<meta name=\"twitter:card\" content=\"summary_large_image\" \/>\n<meta name=\"twitter:label1\" content=\"Scritto da\" \/>\n\t<meta name=\"twitter:data1\" content=\"confagricolturapiacenza\" \/>\n\t<meta name=\"twitter:label2\" content=\"Tempo di lettura stimato\" \/>\n\t<meta name=\"twitter:data2\" content=\"3 minuti\" \/>\n<script type=\"application\/ld+json\" class=\"yoast-schema-graph\">{\"@context\":\"https:\/\/schema.org\",\"@graph\":[{\"@type\":\"Article\",\"@id\":\"https:\/\/www.confagricoltura.org\/piacenza\/confagricoltura-piacenza-in-assemblea-generale-5\/#article\",\"isPartOf\":{\"@id\":\"https:\/\/www.confagricoltura.org\/piacenza\/confagricoltura-piacenza-in-assemblea-generale-5\/\"},\"author\":{\"name\":\"confagricolturapiacenza\",\"@id\":\"https:\/\/www.confagricoltura.org\/piacenza\/#\/schema\/person\/be5da25a3117fea4b3bfec9dba09b5e8\"},\"headline\":\"Confagricoltura Piacenza in Assemblea Generale\",\"datePublished\":\"2025-06-15T12:35:09+00:00\",\"dateModified\":\"2025-07-09T12:38:08+00:00\",\"mainEntityOfPage\":{\"@id\":\"https:\/\/www.confagricoltura.org\/piacenza\/confagricoltura-piacenza-in-assemblea-generale-5\/\"},\"wordCount\":510,\"image\":{\"@id\":\"https:\/\/www.confagricoltura.org\/piacenza\/confagricoltura-piacenza-in-assemblea-generale-5\/#primaryimage\"},\"thumbnailUrl\":\"https:\/\/www.confagricoltura.org\/piacenza\/wp-content\/uploads\/sites\/11\/2025\/07\/Casagrande-Gorra-100625-scaled.jpg\",\"articleSection\":[\"Eventi\",\"News\"],\"inLanguage\":\"it-IT\"},{\"@type\":\"WebPage\",\"@id\":\"https:\/\/www.confagricoltura.org\/piacenza\/confagricoltura-piacenza-in-assemblea-generale-5\/\",\"url\":\"https:\/\/www.confagricoltura.org\/piacenza\/confagricoltura-piacenza-in-assemblea-generale-5\/\",\"name\":\"Confagricoltura Piacenza in Assemblea Generale - Confagricoltura Piacenza\",\"isPartOf\":{\"@id\":\"https:\/\/www.confagricoltura.org\/piacenza\/#website\"},\"primaryImageOfPage\":{\"@id\":\"https:\/\/www.confagricoltura.org\/piacenza\/confagricoltura-piacenza-in-assemblea-generale-5\/#primaryimage\"},\"image\":{\"@id\":\"https:\/\/www.confagricoltura.org\/piacenza\/confagricoltura-piacenza-in-assemblea-generale-5\/#primaryimage\"},\"thumbnailUrl\":\"https:\/\/www.confagricoltura.org\/piacenza\/wp-content\/uploads\/sites\/11\/2025\/07\/Casagrande-Gorra-100625-scaled.jpg\",\"datePublished\":\"2025-06-15T12:35:09+00:00\",\"dateModified\":\"2025-07-09T12:38:08+00:00\",\"author\":{\"@id\":\"https:\/\/www.confagricoltura.org\/piacenza\/#\/schema\/person\/be5da25a3117fea4b3bfec9dba09b5e8\"},\"breadcrumb\":{\"@id\":\"https:\/\/www.confagricoltura.org\/piacenza\/confagricoltura-piacenza-in-assemblea-generale-5\/#breadcrumb\"},\"inLanguage\":\"it-IT\",\"potentialAction\":[{\"@type\":\"ReadAction\",\"target\":[\"https:\/\/www.confagricoltura.org\/piacenza\/confagricoltura-piacenza-in-assemblea-generale-5\/\"]}]},{\"@type\":\"ImageObject\",\"inLanguage\":\"it-IT\",\"@id\":\"https:\/\/www.confagricoltura.org\/piacenza\/confagricoltura-piacenza-in-assemblea-generale-5\/#primaryimage\",\"url\":\"https:\/\/www.confagricoltura.org\/piacenza\/wp-content\/uploads\/sites\/11\/2025\/07\/Casagrande-Gorra-100625-scaled.jpg\",\"contentUrl\":\"https:\/\/www.confagricoltura.org\/piacenza\/wp-content\/uploads\/sites\/11\/2025\/07\/Casagrande-Gorra-100625-scaled.jpg\",\"width\":2560,\"height\":1920},{\"@type\":\"BreadcrumbList\",\"@id\":\"https:\/\/www.confagricoltura.org\/piacenza\/confagricoltura-piacenza-in-assemblea-generale-5\/#breadcrumb\",\"itemListElement\":[{\"@type\":\"ListItem\",\"position\":1,\"name\":\"Home\",\"item\":\"https:\/\/www.confagricoltura.org\/piacenza\/\"},{\"@type\":\"ListItem\",\"position\":2,\"name\":\"Confagricoltura Piacenza in Assemblea Generale\"}]},{\"@type\":\"WebSite\",\"@id\":\"https:\/\/www.confagricoltura.org\/piacenza\/#website\",\"url\":\"https:\/\/www.confagricoltura.org\/piacenza\/\",\"name\":\"Confagricoltura Piacenza\",\"description\":\"Dalla parte degli Agricoltori\",\"potentialAction\":[{\"@type\":\"SearchAction\",\"target\":{\"@type\":\"EntryPoint\",\"urlTemplate\":\"https:\/\/www.confagricoltura.org\/piacenza\/?s={search_term_string}\"},\"query-input\":{\"@type\":\"PropertyValueSpecification\",\"valueRequired\":true,\"valueName\":\"search_term_string\"}}],\"inLanguage\":\"it-IT\"},{\"@type\":\"Person\",\"@id\":\"https:\/\/www.confagricoltura.org\/piacenza\/#\/schema\/person\/be5da25a3117fea4b3bfec9dba09b5e8\",\"name\":\"confagricolturapiacenza\",\"image\":{\"@type\":\"ImageObject\",\"inLanguage\":\"it-IT\",\"@id\":\"https:\/\/www.confagricoltura.org\/piacenza\/#\/schema\/person\/image\/\",\"url\":\"https:\/\/secure.gravatar.com\/avatar\/9c5f111e417171581853bd0a3ff892ca?s=96&d=mm&r=g\",\"contentUrl\":\"https:\/\/secure.gravatar.com\/avatar\/9c5f111e417171581853bd0a3ff892ca?s=96&d=mm&r=g\",\"caption\":\"confagricolturapiacenza\"},\"url\":\"https:\/\/www.confagricoltura.org\/piacenza\/author\/confagricolturapiacenza\/\"}]}<\/script>\n<!-- \/ Yoast SEO plugin. -->","yoast_head_json":{"title":"Confagricoltura Piacenza in Assemblea Generale - Confagricoltura Piacenza","robots":{"index":"index","follow":"follow","max-snippet":"max-snippet:-1","max-image-preview":"max-image-preview:large","max-video-preview":"max-video-preview:-1"},"canonical":"https:\/\/www.confagricoltura.org\/piacenza\/confagricoltura-piacenza-in-assemblea-generale-5\/","og_locale":"it_IT","og_type":"article","og_title":"Confagricoltura Piacenza in Assemblea Generale - Confagricoltura Piacenza","og_description":"Gorra: l\u2019Associazione \u00e8 solida e sempre al fianco delle imprese","og_url":"https:\/\/www.confagricoltura.org\/piacenza\/confagricoltura-piacenza-in-assemblea-generale-5\/","og_site_name":"Confagricoltura Piacenza","article_published_time":"2025-06-15T12:35:09+00:00","article_modified_time":"2025-07-09T12:38:08+00:00","og_image":[{"width":2560,"height":1920,"url":"https:\/\/www.confagricoltura.org\/piacenza\/wp-content\/uploads\/sites\/11\/2025\/07\/Casagrande-Gorra-100625-scaled.jpg","type":"image\/jpeg"}],"author":"confagricolturapiacenza","twitter_card":"summary_large_image","twitter_misc":{"Scritto da":"confagricolturapiacenza","Tempo di lettura stimato":"3 minuti"},"schema":{"@context":"https:\/\/schema.org","@graph":[{"@type":"Article","@id":"https:\/\/www.confagricoltura.org\/piacenza\/confagricoltura-piacenza-in-assemblea-generale-5\/#article","isPartOf":{"@id":"https:\/\/www.confagricoltura.org\/piacenza\/confagricoltura-piacenza-in-assemblea-generale-5\/"},"author":{"name":"confagricolturapiacenza","@id":"https:\/\/www.confagricoltura.org\/piacenza\/#\/schema\/person\/be5da25a3117fea4b3bfec9dba09b5e8"},"headline":"Confagricoltura Piacenza in Assemblea Generale","datePublished":"2025-06-15T12:35:09+00:00","dateModified":"2025-07-09T12:38:08+00:00","mainEntityOfPage":{"@id":"https:\/\/www.confagricoltura.org\/piacenza\/confagricoltura-piacenza-in-assemblea-generale-5\/"},"wordCount":510,"image":{"@id":"https:\/\/www.confagricoltura.org\/piacenza\/confagricoltura-piacenza-in-assemblea-generale-5\/#primaryimage"},"thumbnailUrl":"https:\/\/www.confagricoltura.org\/piacenza\/wp-content\/uploads\/sites\/11\/2025\/07\/Casagrande-Gorra-100625-scaled.jpg","articleSection":["Eventi","News"],"inLanguage":"it-IT"},{"@type":"WebPage","@id":"https:\/\/www.confagricoltura.org\/piacenza\/confagricoltura-piacenza-in-assemblea-generale-5\/","url":"https:\/\/www.confagricoltura.org\/piacenza\/confagricoltura-piacenza-in-assemblea-generale-5\/","name":"Confagricoltura Piacenza in Assemblea Generale - Confagricoltura Piacenza","isPartOf":{"@id":"https:\/\/www.confagricoltura.org\/piacenza\/#website"},"primaryImageOfPage":{"@id":"https:\/\/www.confagricoltura.org\/piacenza\/confagricoltura-piacenza-in-assemblea-generale-5\/#primaryimage"},"image":{"@id":"https:\/\/www.confagricoltura.org\/piacenza\/confagricoltura-piacenza-in-assemblea-generale-5\/#primaryimage"},"thumbnailUrl":"https:\/\/www.confagricoltura.org\/piacenza\/wp-content\/uploads\/sites\/11\/2025\/07\/Casagrande-Gorra-100625-scaled.jpg","datePublished":"2025-06-15T12:35:09+00:00","dateModified":"2025-07-09T12:38:08+00:00","author":{"@id":"https:\/\/www.confagricoltura.org\/piacenza\/#\/schema\/person\/be5da25a3117fea4b3bfec9dba09b5e8"},"breadcrumb":{"@id":"https:\/\/www.confagricoltura.org\/piacenza\/confagricoltura-piacenza-in-assemblea-generale-5\/#breadcrumb"},"inLanguage":"it-IT","potentialAction":[{"@type":"ReadAction","target":["https:\/\/www.confagricoltura.org\/piacenza\/confagricoltura-piacenza-in-assemblea-generale-5\/"]}]},{"@type":"ImageObject","inLanguage":"it-IT","@id":"https:\/\/www.confagricoltura.org\/piacenza\/confagricoltura-piacenza-in-assemblea-generale-5\/#primaryimage","url":"https:\/\/www.confagricoltura.org\/piacenza\/wp-content\/uploads\/sites\/11\/2025\/07\/Casagrande-Gorra-100625-scaled.jpg","contentUrl":"https:\/\/www.confagricoltura.org\/piacenza\/wp-content\/uploads\/sites\/11\/2025\/07\/Casagrande-Gorra-100625-scaled.jpg","width":2560,"height":1920},{"@type":"BreadcrumbList","@id":"https:\/\/www.confagricoltura.org\/piacenza\/confagricoltura-piacenza-in-assemblea-generale-5\/#breadcrumb","itemListElement":[{"@type":"ListItem","position":1,"name":"Home","item":"https:\/\/www.confagricoltura.org\/piacenza\/"},{"@type":"ListItem","position":2,"name":"Confagricoltura Piacenza in Assemblea Generale"}]},{"@type":"WebSite","@id":"https:\/\/www.confagricoltura.org\/piacenza\/#website","url":"https:\/\/www.confagricoltura.org\/piacenza\/","name":"Confagricoltura Piacenza","description":"Dalla parte degli Agricoltori","potentialAction":[{"@type":"SearchAction","target":{"@type":"EntryPoint","urlTemplate":"https:\/\/www.confagricoltura.org\/piacenza\/?s={search_term_string}"},"query-input":{"@type":"PropertyValueSpecification","valueRequired":true,"valueName":"search_term_string"}}],"inLanguage":"it-IT"},{"@type":"Person","@id":"https:\/\/www.confagricoltura.org\/piacenza\/#\/schema\/person\/be5da25a3117fea4b3bfec9dba09b5e8","name":"confagricolturapiacenza","image":{"@type":"ImageObject","inLanguage":"it-IT","@id":"https:\/\/www.confagricoltura.org\/piacenza\/#\/schema\/person\/image\/","url":"https:\/\/secure.gravatar.com\/avatar\/9c5f111e417171581853bd0a3ff892ca?s=96&d=mm&r=g","contentUrl":"https:\/\/secure.gravatar.com\/avatar\/9c5f111e417171581853bd0a3ff892ca?s=96&d=mm&r=g","caption":"confagricolturapiacenza"},"url":"https:\/\/www.confagricoltura.org\/piacenza\/author\/confagricolturapiacenza\/"}]}},"_links":{"self":[{"href":"https:\/\/www.confagricoltura.org\/piacenza\/wp-json\/wp\/v2\/posts\/5098","targetHints":{"allow":["GET"]}}],"collection":[{"href":"https:\/\/www.confagricoltura.org\/piacenza\/wp-json\/wp\/v2\/posts"}],"about":[{"href":"https:\/\/www.confagricoltura.org\/piacenza\/wp-json\/wp\/v2\/types\/post"}],"author":[{"embeddable":true,"href":"https:\/\/www.confagricoltura.org\/piacenza\/wp-json\/wp\/v2\/users\/6"}],"replies":[{"embeddable":true,"href":"https:\/\/www.confagricoltura.org\/piacenza\/wp-json\/wp\/v2\/comments?post=5098"}],"version-history":[{"count":1,"href":"https:\/\/www.confagricoltura.org\/piacenza\/wp-json\/wp\/v2\/posts\/5098\/revisions"}],"predecessor-version":[{"id":5100,"href":"https:\/\/www.confagricoltura.org\/piacenza\/wp-json\/wp\/v2\/posts\/5098\/revisions\/5100"}],"wp:featuredmedia":[{"embeddable":true,"href":"https:\/\/www.confagricoltura.org\/piacenza\/wp-json\/wp\/v2\/media\/5099"}],"wp:attachment":[{"href":"https:\/\/www.confagricoltura.org\/piacenza\/wp-json\/wp\/v2\/media?parent=5098"}],"wp:term":[{"taxonomy":"category","embeddable":true,"href":"https:\/\/www.confagricoltura.org\/piacenza\/wp-json\/wp\/v2\/categories?post=5098"},{"taxonomy":"post_tag","embeddable":true,"href":"https:\/\/www.confagricoltura.org\/piacenza\/wp-json\/wp\/v2\/tags?post=5098"}],"curies":[{"name":"wp","href":"https:\/\/api.w.org\/{rel}","templated":true}]}}