{"id":5093,"date":"2025-06-03T14:30:33","date_gmt":"2025-06-03T12:30:33","guid":{"rendered":"https:\/\/www.confagricoltura.org\/piacenza\/?p=5093"},"modified":"2025-07-09T14:32:37","modified_gmt":"2025-07-09T12:32:37","slug":"diga-del-brugneto-si-parta-dalla-valutazione-tecnica","status":"publish","type":"post","link":"https:\/\/www.confagricoltura.org\/piacenza\/diga-del-brugneto-si-parta-dalla-valutazione-tecnica\/","title":{"rendered":"Diga del Brugneto: si parta dalla valutazione tecnica"},"content":{"rendered":"<p>La questione \u201cdiga del Brugneto\u201d, riguardando la gestione della risorsa idrica, \u00e8 ovviamente considerata centrale anche per Confagricoltura Piacenza. Sul tema prende parola il presidente Umberto Gorra: \u201dQuanti milioni di metri cubi destinare alla valle piacentina, in che tempi e in che modi \u00e8 un tema fondamentale, perch\u00e9 da queste scelte dipende la vita di una valle intera, dato che non \u00e8 solo una questione agricola, cosa che comunque per noi sarebbe gi\u00e0 una ragione necessaria e sufficiente, ma anche economica in senso lato, dato che alla disponibilit\u00e0 dell\u2019acqua sono legate necessit\u00e0 plurime, a partire da quella civile, per concludere con quella turistica e tutto l\u2019indotto che ci\u00f2 comporta. Di fronte al tema, quindi, \u00e8 normale che ci sia attenzione e anche preoccupazione. Quello che non vogliamo fare \u00e8 ridurre la problematica a uno schieramento di tifoserie, ognuna con le sue ragioni. Chiediamo che si parta dai dati, dalla valutazione tecnica di competenza del Consorzio di Bonifica. Dunque ci preoccupa apprendere che nel gli incontri tecnici tra le due Regioni si \u00e8 partiti da una convenzione scaduta e stipulata quando le condizioni erano completamente diverse da oggi. Chiediamo, come sempre, che le scelte vengano fatte analizzando costi e benefici e soprattutto reali necessit\u00e0 per ciascuno dei due territori. A noi pare evidente che il territorio ligure non necessiti pi\u00f9 dei milioni di metri cubi stabiliti negli anni \u201850, vogliamo comunque che siano i tecnici a partire da un\u2019analisi dei fabbisogni a stabilire quanti milioni di metri cubi abbiamo bisogno noi e quanti se ne possono lasciare al territorio ligure, dove, vogliamo ricordarlo, non ci sono pi\u00f9 le industrie di un tempo e dove la popolazione \u00e8 drasticamente diminuita\u201d. Confagricoltura Piacenza auspica che l\u2019iter di valutazione abbia un decorso ragionevole, per poter arrivare a un nuovo accordo in tempi utili e che rispecchi le reali necessit\u00e0 di ciascuno. \u201cNon pensiamo &#8211; conclude il presidente degli imprenditori agricoli &#8211; che si possa partire dai 2,5 milioni di metri cubi concessi al nostro territorio e riteniamo inderogabile, da parte di tutti i rappresentanti della politica, delle istituzioni e delle associazioni piacentine, in particolare quelle agricole, un\u2019azione coordinata e coesa\u00a0 per arrivare a un risultato concreto in tempi congrui: un accordo che in ultima analisi,\u00a0 garantisca in quantit\u00e0 adeguata\u00a0 e dunque, in ultima analisi, il diritto a mantenere in vita un\u2019intera vallata\u201d.<\/p>\n","protected":false},"excerpt":{"rendered":"<p>Gorra (Confagricoltura Piacenza): occorre il coinvolgimento di tutti i rappresentanti della politica e delle istituzioni piacentine per arrivare a un risultato concreto in tempi congrui <\/p>\n","protected":false},"author":6,"featured_media":4334,"comment_status":"closed","ping_status":"closed","sticky":false,"template":"","format":"standard","meta":{"wp_mapbox_gl_js_media":[],"footnotes":""},"categories":[21,4],"tags":[],"class_list":["post-5093","post","type-post","status-publish","format-standard","has-post-thumbnail","hentry","category-eventi","category-news"],"yoast_head":"<!-- This site is optimized with the Yoast SEO plugin v26.8 - https:\/\/yoast.com\/product\/yoast-seo-wordpress\/ -->\n<title>Diga del Brugneto: si parta dalla valutazione tecnica - Confagricoltura Piacenza<\/title>\n<meta name=\"robots\" content=\"index, follow, max-snippet:-1, max-image-preview:large, max-video-preview:-1\" \/>\n<link rel=\"canonical\" href=\"https:\/\/www.confagricoltura.org\/piacenza\/diga-del-brugneto-si-parta-dalla-valutazione-tecnica\/\" \/>\n<meta property=\"og:locale\" content=\"it_IT\" \/>\n<meta property=\"og:type\" content=\"article\" \/>\n<meta property=\"og:title\" content=\"Diga del Brugneto: si parta dalla valutazione tecnica - Confagricoltura Piacenza\" \/>\n<meta property=\"og:description\" content=\"Gorra (Confagricoltura Piacenza): occorre il coinvolgimento di tutti i rappresentanti della politica e delle istituzioni piacentine per arrivare a un risultato concreto in tempi congrui\" \/>\n<meta property=\"og:url\" content=\"https:\/\/www.confagricoltura.org\/piacenza\/diga-del-brugneto-si-parta-dalla-valutazione-tecnica\/\" \/>\n<meta property=\"og:site_name\" content=\"Confagricoltura Piacenza\" \/>\n<meta property=\"article:published_time\" content=\"2025-06-03T12:30:33+00:00\" \/>\n<meta property=\"article:modified_time\" content=\"2025-07-09T12:32:37+00:00\" \/>\n<meta property=\"og:image\" content=\"https:\/\/www.confagricoltura.org\/piacenza\/wp-content\/uploads\/sites\/11\/2023\/11\/brugneto.jpg\" \/>\n\t<meta property=\"og:image:width\" content=\"680\" \/>\n\t<meta property=\"og:image:height\" content=\"383\" \/>\n\t<meta property=\"og:image:type\" content=\"image\/jpeg\" \/>\n<meta name=\"author\" content=\"confagricolturapiacenza\" \/>\n<meta name=\"twitter:card\" content=\"summary_large_image\" \/>\n<meta name=\"twitter:label1\" content=\"Scritto da\" \/>\n\t<meta name=\"twitter:data1\" content=\"confagricolturapiacenza\" \/>\n\t<meta name=\"twitter:label2\" content=\"Tempo di lettura stimato\" \/>\n\t<meta name=\"twitter:data2\" content=\"3 minuti\" \/>\n<script type=\"application\/ld+json\" class=\"yoast-schema-graph\">{\"@context\":\"https:\/\/schema.org\",\"@graph\":[{\"@type\":\"Article\",\"@id\":\"https:\/\/www.confagricoltura.org\/piacenza\/diga-del-brugneto-si-parta-dalla-valutazione-tecnica\/#article\",\"isPartOf\":{\"@id\":\"https:\/\/www.confagricoltura.org\/piacenza\/diga-del-brugneto-si-parta-dalla-valutazione-tecnica\/\"},\"author\":{\"name\":\"confagricolturapiacenza\",\"@id\":\"https:\/\/www.confagricoltura.org\/piacenza\/#\/schema\/person\/be5da25a3117fea4b3bfec9dba09b5e8\"},\"headline\":\"Diga del Brugneto: si parta dalla valutazione tecnica\",\"datePublished\":\"2025-06-03T12:30:33+00:00\",\"dateModified\":\"2025-07-09T12:32:37+00:00\",\"mainEntityOfPage\":{\"@id\":\"https:\/\/www.confagricoltura.org\/piacenza\/diga-del-brugneto-si-parta-dalla-valutazione-tecnica\/\"},\"wordCount\":393,\"image\":{\"@id\":\"https:\/\/www.confagricoltura.org\/piacenza\/diga-del-brugneto-si-parta-dalla-valutazione-tecnica\/#primaryimage\"},\"thumbnailUrl\":\"https:\/\/www.confagricoltura.org\/piacenza\/wp-content\/uploads\/sites\/11\/2023\/11\/brugneto.jpg\",\"articleSection\":[\"Eventi\",\"News\"],\"inLanguage\":\"it-IT\"},{\"@type\":\"WebPage\",\"@id\":\"https:\/\/www.confagricoltura.org\/piacenza\/diga-del-brugneto-si-parta-dalla-valutazione-tecnica\/\",\"url\":\"https:\/\/www.confagricoltura.org\/piacenza\/diga-del-brugneto-si-parta-dalla-valutazione-tecnica\/\",\"name\":\"Diga del Brugneto: si parta dalla valutazione tecnica - Confagricoltura Piacenza\",\"isPartOf\":{\"@id\":\"https:\/\/www.confagricoltura.org\/piacenza\/#website\"},\"primaryImageOfPage\":{\"@id\":\"https:\/\/www.confagricoltura.org\/piacenza\/diga-del-brugneto-si-parta-dalla-valutazione-tecnica\/#primaryimage\"},\"image\":{\"@id\":\"https:\/\/www.confagricoltura.org\/piacenza\/diga-del-brugneto-si-parta-dalla-valutazione-tecnica\/#primaryimage\"},\"thumbnailUrl\":\"https:\/\/www.confagricoltura.org\/piacenza\/wp-content\/uploads\/sites\/11\/2023\/11\/brugneto.jpg\",\"datePublished\":\"2025-06-03T12:30:33+00:00\",\"dateModified\":\"2025-07-09T12:32:37+00:00\",\"author\":{\"@id\":\"https:\/\/www.confagricoltura.org\/piacenza\/#\/schema\/person\/be5da25a3117fea4b3bfec9dba09b5e8\"},\"breadcrumb\":{\"@id\":\"https:\/\/www.confagricoltura.org\/piacenza\/diga-del-brugneto-si-parta-dalla-valutazione-tecnica\/#breadcrumb\"},\"inLanguage\":\"it-IT\",\"potentialAction\":[{\"@type\":\"ReadAction\",\"target\":[\"https:\/\/www.confagricoltura.org\/piacenza\/diga-del-brugneto-si-parta-dalla-valutazione-tecnica\/\"]}]},{\"@type\":\"ImageObject\",\"inLanguage\":\"it-IT\",\"@id\":\"https:\/\/www.confagricoltura.org\/piacenza\/diga-del-brugneto-si-parta-dalla-valutazione-tecnica\/#primaryimage\",\"url\":\"https:\/\/www.confagricoltura.org\/piacenza\/wp-content\/uploads\/sites\/11\/2023\/11\/brugneto.jpg\",\"contentUrl\":\"https:\/\/www.confagricoltura.org\/piacenza\/wp-content\/uploads\/sites\/11\/2023\/11\/brugneto.jpg\",\"width\":680,\"height\":383},{\"@type\":\"BreadcrumbList\",\"@id\":\"https:\/\/www.confagricoltura.org\/piacenza\/diga-del-brugneto-si-parta-dalla-valutazione-tecnica\/#breadcrumb\",\"itemListElement\":[{\"@type\":\"ListItem\",\"position\":1,\"name\":\"Home\",\"item\":\"https:\/\/www.confagricoltura.org\/piacenza\/\"},{\"@type\":\"ListItem\",\"position\":2,\"name\":\"Diga del Brugneto: si parta dalla valutazione tecnica\"}]},{\"@type\":\"WebSite\",\"@id\":\"https:\/\/www.confagricoltura.org\/piacenza\/#website\",\"url\":\"https:\/\/www.confagricoltura.org\/piacenza\/\",\"name\":\"Confagricoltura Piacenza\",\"description\":\"Dalla parte degli Agricoltori\",\"potentialAction\":[{\"@type\":\"SearchAction\",\"target\":{\"@type\":\"EntryPoint\",\"urlTemplate\":\"https:\/\/www.confagricoltura.org\/piacenza\/?s={search_term_string}\"},\"query-input\":{\"@type\":\"PropertyValueSpecification\",\"valueRequired\":true,\"valueName\":\"search_term_string\"}}],\"inLanguage\":\"it-IT\"},{\"@type\":\"Person\",\"@id\":\"https:\/\/www.confagricoltura.org\/piacenza\/#\/schema\/person\/be5da25a3117fea4b3bfec9dba09b5e8\",\"name\":\"confagricolturapiacenza\",\"image\":{\"@type\":\"ImageObject\",\"inLanguage\":\"it-IT\",\"@id\":\"https:\/\/www.confagricoltura.org\/piacenza\/#\/schema\/person\/image\/\",\"url\":\"https:\/\/secure.gravatar.com\/avatar\/9c5f111e417171581853bd0a3ff892ca?s=96&d=mm&r=g\",\"contentUrl\":\"https:\/\/secure.gravatar.com\/avatar\/9c5f111e417171581853bd0a3ff892ca?s=96&d=mm&r=g\",\"caption\":\"confagricolturapiacenza\"},\"url\":\"https:\/\/www.confagricoltura.org\/piacenza\/author\/confagricolturapiacenza\/\"}]}<\/script>\n<!-- \/ Yoast SEO plugin. -->","yoast_head_json":{"title":"Diga del Brugneto: si parta dalla valutazione tecnica - Confagricoltura Piacenza","robots":{"index":"index","follow":"follow","max-snippet":"max-snippet:-1","max-image-preview":"max-image-preview:large","max-video-preview":"max-video-preview:-1"},"canonical":"https:\/\/www.confagricoltura.org\/piacenza\/diga-del-brugneto-si-parta-dalla-valutazione-tecnica\/","og_locale":"it_IT","og_type":"article","og_title":"Diga del Brugneto: si parta dalla valutazione tecnica - Confagricoltura Piacenza","og_description":"Gorra (Confagricoltura Piacenza): occorre il coinvolgimento di tutti i rappresentanti della politica e delle istituzioni piacentine per arrivare a un risultato concreto in tempi congrui","og_url":"https:\/\/www.confagricoltura.org\/piacenza\/diga-del-brugneto-si-parta-dalla-valutazione-tecnica\/","og_site_name":"Confagricoltura Piacenza","article_published_time":"2025-06-03T12:30:33+00:00","article_modified_time":"2025-07-09T12:32:37+00:00","og_image":[{"width":680,"height":383,"url":"https:\/\/www.confagricoltura.org\/piacenza\/wp-content\/uploads\/sites\/11\/2023\/11\/brugneto.jpg","type":"image\/jpeg"}],"author":"confagricolturapiacenza","twitter_card":"summary_large_image","twitter_misc":{"Scritto da":"confagricolturapiacenza","Tempo di lettura stimato":"3 minuti"},"schema":{"@context":"https:\/\/schema.org","@graph":[{"@type":"Article","@id":"https:\/\/www.confagricoltura.org\/piacenza\/diga-del-brugneto-si-parta-dalla-valutazione-tecnica\/#article","isPartOf":{"@id":"https:\/\/www.confagricoltura.org\/piacenza\/diga-del-brugneto-si-parta-dalla-valutazione-tecnica\/"},"author":{"name":"confagricolturapiacenza","@id":"https:\/\/www.confagricoltura.org\/piacenza\/#\/schema\/person\/be5da25a3117fea4b3bfec9dba09b5e8"},"headline":"Diga del Brugneto: si parta dalla valutazione tecnica","datePublished":"2025-06-03T12:30:33+00:00","dateModified":"2025-07-09T12:32:37+00:00","mainEntityOfPage":{"@id":"https:\/\/www.confagricoltura.org\/piacenza\/diga-del-brugneto-si-parta-dalla-valutazione-tecnica\/"},"wordCount":393,"image":{"@id":"https:\/\/www.confagricoltura.org\/piacenza\/diga-del-brugneto-si-parta-dalla-valutazione-tecnica\/#primaryimage"},"thumbnailUrl":"https:\/\/www.confagricoltura.org\/piacenza\/wp-content\/uploads\/sites\/11\/2023\/11\/brugneto.jpg","articleSection":["Eventi","News"],"inLanguage":"it-IT"},{"@type":"WebPage","@id":"https:\/\/www.confagricoltura.org\/piacenza\/diga-del-brugneto-si-parta-dalla-valutazione-tecnica\/","url":"https:\/\/www.confagricoltura.org\/piacenza\/diga-del-brugneto-si-parta-dalla-valutazione-tecnica\/","name":"Diga del Brugneto: si parta dalla valutazione tecnica - Confagricoltura Piacenza","isPartOf":{"@id":"https:\/\/www.confagricoltura.org\/piacenza\/#website"},"primaryImageOfPage":{"@id":"https:\/\/www.confagricoltura.org\/piacenza\/diga-del-brugneto-si-parta-dalla-valutazione-tecnica\/#primaryimage"},"image":{"@id":"https:\/\/www.confagricoltura.org\/piacenza\/diga-del-brugneto-si-parta-dalla-valutazione-tecnica\/#primaryimage"},"thumbnailUrl":"https:\/\/www.confagricoltura.org\/piacenza\/wp-content\/uploads\/sites\/11\/2023\/11\/brugneto.jpg","datePublished":"2025-06-03T12:30:33+00:00","dateModified":"2025-07-09T12:32:37+00:00","author":{"@id":"https:\/\/www.confagricoltura.org\/piacenza\/#\/schema\/person\/be5da25a3117fea4b3bfec9dba09b5e8"},"breadcrumb":{"@id":"https:\/\/www.confagricoltura.org\/piacenza\/diga-del-brugneto-si-parta-dalla-valutazione-tecnica\/#breadcrumb"},"inLanguage":"it-IT","potentialAction":[{"@type":"ReadAction","target":["https:\/\/www.confagricoltura.org\/piacenza\/diga-del-brugneto-si-parta-dalla-valutazione-tecnica\/"]}]},{"@type":"ImageObject","inLanguage":"it-IT","@id":"https:\/\/www.confagricoltura.org\/piacenza\/diga-del-brugneto-si-parta-dalla-valutazione-tecnica\/#primaryimage","url":"https:\/\/www.confagricoltura.org\/piacenza\/wp-content\/uploads\/sites\/11\/2023\/11\/brugneto.jpg","contentUrl":"https:\/\/www.confagricoltura.org\/piacenza\/wp-content\/uploads\/sites\/11\/2023\/11\/brugneto.jpg","width":680,"height":383},{"@type":"BreadcrumbList","@id":"https:\/\/www.confagricoltura.org\/piacenza\/diga-del-brugneto-si-parta-dalla-valutazione-tecnica\/#breadcrumb","itemListElement":[{"@type":"ListItem","position":1,"name":"Home","item":"https:\/\/www.confagricoltura.org\/piacenza\/"},{"@type":"ListItem","position":2,"name":"Diga del Brugneto: si parta dalla valutazione tecnica"}]},{"@type":"WebSite","@id":"https:\/\/www.confagricoltura.org\/piacenza\/#website","url":"https:\/\/www.confagricoltura.org\/piacenza\/","name":"Confagricoltura Piacenza","description":"Dalla parte degli Agricoltori","potentialAction":[{"@type":"SearchAction","target":{"@type":"EntryPoint","urlTemplate":"https:\/\/www.confagricoltura.org\/piacenza\/?s={search_term_string}"},"query-input":{"@type":"PropertyValueSpecification","valueRequired":true,"valueName":"search_term_string"}}],"inLanguage":"it-IT"},{"@type":"Person","@id":"https:\/\/www.confagricoltura.org\/piacenza\/#\/schema\/person\/be5da25a3117fea4b3bfec9dba09b5e8","name":"confagricolturapiacenza","image":{"@type":"ImageObject","inLanguage":"it-IT","@id":"https:\/\/www.confagricoltura.org\/piacenza\/#\/schema\/person\/image\/","url":"https:\/\/secure.gravatar.com\/avatar\/9c5f111e417171581853bd0a3ff892ca?s=96&d=mm&r=g","contentUrl":"https:\/\/secure.gravatar.com\/avatar\/9c5f111e417171581853bd0a3ff892ca?s=96&d=mm&r=g","caption":"confagricolturapiacenza"},"url":"https:\/\/www.confagricoltura.org\/piacenza\/author\/confagricolturapiacenza\/"}]}},"_links":{"self":[{"href":"https:\/\/www.confagricoltura.org\/piacenza\/wp-json\/wp\/v2\/posts\/5093","targetHints":{"allow":["GET"]}}],"collection":[{"href":"https:\/\/www.confagricoltura.org\/piacenza\/wp-json\/wp\/v2\/posts"}],"about":[{"href":"https:\/\/www.confagricoltura.org\/piacenza\/wp-json\/wp\/v2\/types\/post"}],"author":[{"embeddable":true,"href":"https:\/\/www.confagricoltura.org\/piacenza\/wp-json\/wp\/v2\/users\/6"}],"replies":[{"embeddable":true,"href":"https:\/\/www.confagricoltura.org\/piacenza\/wp-json\/wp\/v2\/comments?post=5093"}],"version-history":[{"count":1,"href":"https:\/\/www.confagricoltura.org\/piacenza\/wp-json\/wp\/v2\/posts\/5093\/revisions"}],"predecessor-version":[{"id":5094,"href":"https:\/\/www.confagricoltura.org\/piacenza\/wp-json\/wp\/v2\/posts\/5093\/revisions\/5094"}],"wp:featuredmedia":[{"embeddable":true,"href":"https:\/\/www.confagricoltura.org\/piacenza\/wp-json\/wp\/v2\/media\/4334"}],"wp:attachment":[{"href":"https:\/\/www.confagricoltura.org\/piacenza\/wp-json\/wp\/v2\/media?parent=5093"}],"wp:term":[{"taxonomy":"category","embeddable":true,"href":"https:\/\/www.confagricoltura.org\/piacenza\/wp-json\/wp\/v2\/categories?post=5093"},{"taxonomy":"post_tag","embeddable":true,"href":"https:\/\/www.confagricoltura.org\/piacenza\/wp-json\/wp\/v2\/tags?post=5093"}],"curies":[{"name":"wp","href":"https:\/\/api.w.org\/{rel}","templated":true}]}}