{"id":5041,"date":"2025-04-30T14:22:20","date_gmt":"2025-04-30T12:22:20","guid":{"rendered":"https:\/\/www.confagricoltura.org\/piacenza\/?p=5041"},"modified":"2025-05-05T14:23:37","modified_gmt":"2025-05-05T12:23:37","slug":"confagricoltura-piacenza-aperto-il-bando-investimenti","status":"publish","type":"post","link":"https:\/\/www.confagricoltura.org\/piacenza\/confagricoltura-piacenza-aperto-il-bando-investimenti\/","title":{"rendered":"Confagricoltura Piacenza: aperto il bando investimenti"},"content":{"rendered":"<p>\u201cIl bando \u201cInvestimenti produttivi agricoli per la competitivit\u00e0 delle aziende agricole\u201d \u00e8 uno dei pi\u00f9 attesi da parte delle imprese agricole, ne monitoravamo da tempo la pubblicazione ed \u00e8 avvenuta con delibera di Giunta della Regione Emilia Romagna n. 595 del 22 aprile 2025\u201d \u2013 ad annunciarlo \u00e8 Roberta Bettuzzi responsabile dell\u2019Ufficio Investimenti di Confagricoltura Piacenza.<\/p>\n<p>Il bando sar\u00e0 aperto sino alle ore 13.00 del 12 settembre ed \u00e8 rivolto a micro imprese, PMI, grandi imprese e cooperative.<\/p>\n<p>I beneficiari sono imprenditori agricoli, singoli o associati, ai sensi dell\u2019art. 2135 del Codice civile, al momento della presentazione della domanda di sostegno: Imprenditori Agricoli Professionali (IAP) o Coltivatori Diretti (CD). Sono esclusi gli imprenditori che esercitano esclusivamente l\u2019attivit\u00e0 di selvicoltura e acquacoltura.<\/p>\n<p>\u201cLe aliquote di sostegno \u2013 spiega Bettuzzi &#8211; ammontano al 60% del costo ammissibile dell\u2019investimento nel caso di aziende collocate in zona colpita da alluvioni\/frane; 50% nel caso di imprese con giovani e di aziende collocate in zona con vincoli naturali o altri vincoli specifici; 40% negli altri casi\u201d.<\/p>\n<p>45.000.000,00 le risorse messe a disposizione in tutto, cos\u00ec ripartite nei diversi settori produttivi: Lattiero &#8211; caseario 26,82% 12.070.000; Carni bovine 3,00% 1.350.000; Carni suine 8,22% 3.700.000; Avicunicoli e uova 10,80% 4.860.000; Ortofrutta (fresco + trasformato) 21,71% 9.770.000; Vitivinicolo 7,33% 3.300.000; Cerealicolo, Colture industriali, Foraggere, Sementi 20,66% 9.300.000; Altri settori (Ovicaprini, Api-miele, Olio, Aceto, Vivaismo) 1,46% 650.000.<\/p>\n<p>La presentazione delle Domande di Sostegno deve avvenire on line compilando la specifica modulistica prodotta dal SIAG &#8211; Sistema Informativo Agricolo di AGREA.<\/p>\n<p>\u201cL\u2019orizzonte di tempo \u00e8 piuttosto ampio, ma sappiamo che si tratta di progetti di sviluppo aziendale complessi per cui invitiamo le aziende interessate a prendere contatto nelle prossime settimane con gli uffici tecnici di riferimento per fissare un appuntamento\u201d \u2013 conclude Bettuzzi.<\/p>\n","protected":false},"excerpt":{"rendered":"<p>Bettuzzi: uno dei pi\u00f9 attesi per il settore agricolo<\/p>\n","protected":false},"author":6,"featured_media":4766,"comment_status":"closed","ping_status":"closed","sticky":false,"template":"","format":"standard","meta":{"wp_mapbox_gl_js_media":[],"footnotes":""},"categories":[4,13],"tags":[],"class_list":["post-5041","post","type-post","status-publish","format-standard","has-post-thumbnail","hentry","category-news","category-settore-bovino"],"yoast_head":"<!-- This site is optimized with the Yoast SEO plugin v26.8 - https:\/\/yoast.com\/product\/yoast-seo-wordpress\/ -->\n<title>Confagricoltura Piacenza: aperto il bando investimenti - Confagricoltura Piacenza<\/title>\n<meta name=\"robots\" content=\"index, follow, max-snippet:-1, max-image-preview:large, max-video-preview:-1\" \/>\n<link rel=\"canonical\" href=\"https:\/\/www.confagricoltura.org\/piacenza\/confagricoltura-piacenza-aperto-il-bando-investimenti\/\" \/>\n<meta property=\"og:locale\" content=\"it_IT\" \/>\n<meta property=\"og:type\" content=\"article\" \/>\n<meta property=\"og:title\" content=\"Confagricoltura Piacenza: aperto il bando investimenti - Confagricoltura Piacenza\" \/>\n<meta property=\"og:description\" content=\"Bettuzzi: uno dei pi\u00f9 attesi per il settore agricolo\" \/>\n<meta property=\"og:url\" content=\"https:\/\/www.confagricoltura.org\/piacenza\/confagricoltura-piacenza-aperto-il-bando-investimenti\/\" \/>\n<meta property=\"og:site_name\" content=\"Confagricoltura Piacenza\" \/>\n<meta property=\"article:published_time\" content=\"2025-04-30T12:22:20+00:00\" \/>\n<meta property=\"article:modified_time\" content=\"2025-05-05T12:23:37+00:00\" \/>\n<meta property=\"og:image\" content=\"https:\/\/www.confagricoltura.org\/piacenza\/wp-content\/uploads\/sites\/11\/2024\/10\/Roberta-Bettuzzi-scaled.jpg\" \/>\n\t<meta property=\"og:image:width\" content=\"2560\" \/>\n\t<meta property=\"og:image:height\" content=\"1919\" \/>\n\t<meta property=\"og:image:type\" content=\"image\/jpeg\" \/>\n<meta name=\"author\" content=\"confagricolturapiacenza\" \/>\n<meta name=\"twitter:card\" content=\"summary_large_image\" \/>\n<meta name=\"twitter:label1\" content=\"Scritto da\" \/>\n\t<meta name=\"twitter:data1\" content=\"confagricolturapiacenza\" \/>\n\t<meta name=\"twitter:label2\" content=\"Tempo di lettura stimato\" \/>\n\t<meta name=\"twitter:data2\" content=\"2 minuti\" \/>\n<script type=\"application\/ld+json\" class=\"yoast-schema-graph\">{\"@context\":\"https:\/\/schema.org\",\"@graph\":[{\"@type\":\"Article\",\"@id\":\"https:\/\/www.confagricoltura.org\/piacenza\/confagricoltura-piacenza-aperto-il-bando-investimenti\/#article\",\"isPartOf\":{\"@id\":\"https:\/\/www.confagricoltura.org\/piacenza\/confagricoltura-piacenza-aperto-il-bando-investimenti\/\"},\"author\":{\"name\":\"confagricolturapiacenza\",\"@id\":\"https:\/\/www.confagricoltura.org\/piacenza\/#\/schema\/person\/be5da25a3117fea4b3bfec9dba09b5e8\"},\"headline\":\"Confagricoltura Piacenza: aperto il bando investimenti\",\"datePublished\":\"2025-04-30T12:22:20+00:00\",\"dateModified\":\"2025-05-05T12:23:37+00:00\",\"mainEntityOfPage\":{\"@id\":\"https:\/\/www.confagricoltura.org\/piacenza\/confagricoltura-piacenza-aperto-il-bando-investimenti\/\"},\"wordCount\":269,\"image\":{\"@id\":\"https:\/\/www.confagricoltura.org\/piacenza\/confagricoltura-piacenza-aperto-il-bando-investimenti\/#primaryimage\"},\"thumbnailUrl\":\"https:\/\/www.confagricoltura.org\/piacenza\/wp-content\/uploads\/sites\/11\/2024\/10\/Roberta-Bettuzzi-scaled.jpg\",\"articleSection\":[\"News\",\"Settore bovino\"],\"inLanguage\":\"it-IT\"},{\"@type\":\"WebPage\",\"@id\":\"https:\/\/www.confagricoltura.org\/piacenza\/confagricoltura-piacenza-aperto-il-bando-investimenti\/\",\"url\":\"https:\/\/www.confagricoltura.org\/piacenza\/confagricoltura-piacenza-aperto-il-bando-investimenti\/\",\"name\":\"Confagricoltura Piacenza: aperto il bando investimenti - Confagricoltura Piacenza\",\"isPartOf\":{\"@id\":\"https:\/\/www.confagricoltura.org\/piacenza\/#website\"},\"primaryImageOfPage\":{\"@id\":\"https:\/\/www.confagricoltura.org\/piacenza\/confagricoltura-piacenza-aperto-il-bando-investimenti\/#primaryimage\"},\"image\":{\"@id\":\"https:\/\/www.confagricoltura.org\/piacenza\/confagricoltura-piacenza-aperto-il-bando-investimenti\/#primaryimage\"},\"thumbnailUrl\":\"https:\/\/www.confagricoltura.org\/piacenza\/wp-content\/uploads\/sites\/11\/2024\/10\/Roberta-Bettuzzi-scaled.jpg\",\"datePublished\":\"2025-04-30T12:22:20+00:00\",\"dateModified\":\"2025-05-05T12:23:37+00:00\",\"author\":{\"@id\":\"https:\/\/www.confagricoltura.org\/piacenza\/#\/schema\/person\/be5da25a3117fea4b3bfec9dba09b5e8\"},\"breadcrumb\":{\"@id\":\"https:\/\/www.confagricoltura.org\/piacenza\/confagricoltura-piacenza-aperto-il-bando-investimenti\/#breadcrumb\"},\"inLanguage\":\"it-IT\",\"potentialAction\":[{\"@type\":\"ReadAction\",\"target\":[\"https:\/\/www.confagricoltura.org\/piacenza\/confagricoltura-piacenza-aperto-il-bando-investimenti\/\"]}]},{\"@type\":\"ImageObject\",\"inLanguage\":\"it-IT\",\"@id\":\"https:\/\/www.confagricoltura.org\/piacenza\/confagricoltura-piacenza-aperto-il-bando-investimenti\/#primaryimage\",\"url\":\"https:\/\/www.confagricoltura.org\/piacenza\/wp-content\/uploads\/sites\/11\/2024\/10\/Roberta-Bettuzzi-scaled.jpg\",\"contentUrl\":\"https:\/\/www.confagricoltura.org\/piacenza\/wp-content\/uploads\/sites\/11\/2024\/10\/Roberta-Bettuzzi-scaled.jpg\",\"width\":2560,\"height\":1919},{\"@type\":\"BreadcrumbList\",\"@id\":\"https:\/\/www.confagricoltura.org\/piacenza\/confagricoltura-piacenza-aperto-il-bando-investimenti\/#breadcrumb\",\"itemListElement\":[{\"@type\":\"ListItem\",\"position\":1,\"name\":\"Home\",\"item\":\"https:\/\/www.confagricoltura.org\/piacenza\/\"},{\"@type\":\"ListItem\",\"position\":2,\"name\":\"Confagricoltura Piacenza: aperto il bando investimenti\"}]},{\"@type\":\"WebSite\",\"@id\":\"https:\/\/www.confagricoltura.org\/piacenza\/#website\",\"url\":\"https:\/\/www.confagricoltura.org\/piacenza\/\",\"name\":\"Confagricoltura Piacenza\",\"description\":\"Dalla parte degli Agricoltori\",\"potentialAction\":[{\"@type\":\"SearchAction\",\"target\":{\"@type\":\"EntryPoint\",\"urlTemplate\":\"https:\/\/www.confagricoltura.org\/piacenza\/?s={search_term_string}\"},\"query-input\":{\"@type\":\"PropertyValueSpecification\",\"valueRequired\":true,\"valueName\":\"search_term_string\"}}],\"inLanguage\":\"it-IT\"},{\"@type\":\"Person\",\"@id\":\"https:\/\/www.confagricoltura.org\/piacenza\/#\/schema\/person\/be5da25a3117fea4b3bfec9dba09b5e8\",\"name\":\"confagricolturapiacenza\",\"image\":{\"@type\":\"ImageObject\",\"inLanguage\":\"it-IT\",\"@id\":\"https:\/\/www.confagricoltura.org\/piacenza\/#\/schema\/person\/image\/\",\"url\":\"https:\/\/secure.gravatar.com\/avatar\/9c5f111e417171581853bd0a3ff892ca?s=96&d=mm&r=g\",\"contentUrl\":\"https:\/\/secure.gravatar.com\/avatar\/9c5f111e417171581853bd0a3ff892ca?s=96&d=mm&r=g\",\"caption\":\"confagricolturapiacenza\"},\"url\":\"https:\/\/www.confagricoltura.org\/piacenza\/author\/confagricolturapiacenza\/\"}]}<\/script>\n<!-- \/ Yoast SEO plugin. -->","yoast_head_json":{"title":"Confagricoltura Piacenza: aperto il bando investimenti - Confagricoltura Piacenza","robots":{"index":"index","follow":"follow","max-snippet":"max-snippet:-1","max-image-preview":"max-image-preview:large","max-video-preview":"max-video-preview:-1"},"canonical":"https:\/\/www.confagricoltura.org\/piacenza\/confagricoltura-piacenza-aperto-il-bando-investimenti\/","og_locale":"it_IT","og_type":"article","og_title":"Confagricoltura Piacenza: aperto il bando investimenti - Confagricoltura Piacenza","og_description":"Bettuzzi: uno dei pi\u00f9 attesi per il settore agricolo","og_url":"https:\/\/www.confagricoltura.org\/piacenza\/confagricoltura-piacenza-aperto-il-bando-investimenti\/","og_site_name":"Confagricoltura Piacenza","article_published_time":"2025-04-30T12:22:20+00:00","article_modified_time":"2025-05-05T12:23:37+00:00","og_image":[{"width":2560,"height":1919,"url":"https:\/\/www.confagricoltura.org\/piacenza\/wp-content\/uploads\/sites\/11\/2024\/10\/Roberta-Bettuzzi-scaled.jpg","type":"image\/jpeg"}],"author":"confagricolturapiacenza","twitter_card":"summary_large_image","twitter_misc":{"Scritto da":"confagricolturapiacenza","Tempo di lettura stimato":"2 minuti"},"schema":{"@context":"https:\/\/schema.org","@graph":[{"@type":"Article","@id":"https:\/\/www.confagricoltura.org\/piacenza\/confagricoltura-piacenza-aperto-il-bando-investimenti\/#article","isPartOf":{"@id":"https:\/\/www.confagricoltura.org\/piacenza\/confagricoltura-piacenza-aperto-il-bando-investimenti\/"},"author":{"name":"confagricolturapiacenza","@id":"https:\/\/www.confagricoltura.org\/piacenza\/#\/schema\/person\/be5da25a3117fea4b3bfec9dba09b5e8"},"headline":"Confagricoltura Piacenza: aperto il bando investimenti","datePublished":"2025-04-30T12:22:20+00:00","dateModified":"2025-05-05T12:23:37+00:00","mainEntityOfPage":{"@id":"https:\/\/www.confagricoltura.org\/piacenza\/confagricoltura-piacenza-aperto-il-bando-investimenti\/"},"wordCount":269,"image":{"@id":"https:\/\/www.confagricoltura.org\/piacenza\/confagricoltura-piacenza-aperto-il-bando-investimenti\/#primaryimage"},"thumbnailUrl":"https:\/\/www.confagricoltura.org\/piacenza\/wp-content\/uploads\/sites\/11\/2024\/10\/Roberta-Bettuzzi-scaled.jpg","articleSection":["News","Settore bovino"],"inLanguage":"it-IT"},{"@type":"WebPage","@id":"https:\/\/www.confagricoltura.org\/piacenza\/confagricoltura-piacenza-aperto-il-bando-investimenti\/","url":"https:\/\/www.confagricoltura.org\/piacenza\/confagricoltura-piacenza-aperto-il-bando-investimenti\/","name":"Confagricoltura Piacenza: aperto il bando investimenti - Confagricoltura Piacenza","isPartOf":{"@id":"https:\/\/www.confagricoltura.org\/piacenza\/#website"},"primaryImageOfPage":{"@id":"https:\/\/www.confagricoltura.org\/piacenza\/confagricoltura-piacenza-aperto-il-bando-investimenti\/#primaryimage"},"image":{"@id":"https:\/\/www.confagricoltura.org\/piacenza\/confagricoltura-piacenza-aperto-il-bando-investimenti\/#primaryimage"},"thumbnailUrl":"https:\/\/www.confagricoltura.org\/piacenza\/wp-content\/uploads\/sites\/11\/2024\/10\/Roberta-Bettuzzi-scaled.jpg","datePublished":"2025-04-30T12:22:20+00:00","dateModified":"2025-05-05T12:23:37+00:00","author":{"@id":"https:\/\/www.confagricoltura.org\/piacenza\/#\/schema\/person\/be5da25a3117fea4b3bfec9dba09b5e8"},"breadcrumb":{"@id":"https:\/\/www.confagricoltura.org\/piacenza\/confagricoltura-piacenza-aperto-il-bando-investimenti\/#breadcrumb"},"inLanguage":"it-IT","potentialAction":[{"@type":"ReadAction","target":["https:\/\/www.confagricoltura.org\/piacenza\/confagricoltura-piacenza-aperto-il-bando-investimenti\/"]}]},{"@type":"ImageObject","inLanguage":"it-IT","@id":"https:\/\/www.confagricoltura.org\/piacenza\/confagricoltura-piacenza-aperto-il-bando-investimenti\/#primaryimage","url":"https:\/\/www.confagricoltura.org\/piacenza\/wp-content\/uploads\/sites\/11\/2024\/10\/Roberta-Bettuzzi-scaled.jpg","contentUrl":"https:\/\/www.confagricoltura.org\/piacenza\/wp-content\/uploads\/sites\/11\/2024\/10\/Roberta-Bettuzzi-scaled.jpg","width":2560,"height":1919},{"@type":"BreadcrumbList","@id":"https:\/\/www.confagricoltura.org\/piacenza\/confagricoltura-piacenza-aperto-il-bando-investimenti\/#breadcrumb","itemListElement":[{"@type":"ListItem","position":1,"name":"Home","item":"https:\/\/www.confagricoltura.org\/piacenza\/"},{"@type":"ListItem","position":2,"name":"Confagricoltura Piacenza: aperto il bando investimenti"}]},{"@type":"WebSite","@id":"https:\/\/www.confagricoltura.org\/piacenza\/#website","url":"https:\/\/www.confagricoltura.org\/piacenza\/","name":"Confagricoltura Piacenza","description":"Dalla parte degli Agricoltori","potentialAction":[{"@type":"SearchAction","target":{"@type":"EntryPoint","urlTemplate":"https:\/\/www.confagricoltura.org\/piacenza\/?s={search_term_string}"},"query-input":{"@type":"PropertyValueSpecification","valueRequired":true,"valueName":"search_term_string"}}],"inLanguage":"it-IT"},{"@type":"Person","@id":"https:\/\/www.confagricoltura.org\/piacenza\/#\/schema\/person\/be5da25a3117fea4b3bfec9dba09b5e8","name":"confagricolturapiacenza","image":{"@type":"ImageObject","inLanguage":"it-IT","@id":"https:\/\/www.confagricoltura.org\/piacenza\/#\/schema\/person\/image\/","url":"https:\/\/secure.gravatar.com\/avatar\/9c5f111e417171581853bd0a3ff892ca?s=96&d=mm&r=g","contentUrl":"https:\/\/secure.gravatar.com\/avatar\/9c5f111e417171581853bd0a3ff892ca?s=96&d=mm&r=g","caption":"confagricolturapiacenza"},"url":"https:\/\/www.confagricoltura.org\/piacenza\/author\/confagricolturapiacenza\/"}]}},"_links":{"self":[{"href":"https:\/\/www.confagricoltura.org\/piacenza\/wp-json\/wp\/v2\/posts\/5041","targetHints":{"allow":["GET"]}}],"collection":[{"href":"https:\/\/www.confagricoltura.org\/piacenza\/wp-json\/wp\/v2\/posts"}],"about":[{"href":"https:\/\/www.confagricoltura.org\/piacenza\/wp-json\/wp\/v2\/types\/post"}],"author":[{"embeddable":true,"href":"https:\/\/www.confagricoltura.org\/piacenza\/wp-json\/wp\/v2\/users\/6"}],"replies":[{"embeddable":true,"href":"https:\/\/www.confagricoltura.org\/piacenza\/wp-json\/wp\/v2\/comments?post=5041"}],"version-history":[{"count":1,"href":"https:\/\/www.confagricoltura.org\/piacenza\/wp-json\/wp\/v2\/posts\/5041\/revisions"}],"predecessor-version":[{"id":5042,"href":"https:\/\/www.confagricoltura.org\/piacenza\/wp-json\/wp\/v2\/posts\/5041\/revisions\/5042"}],"wp:featuredmedia":[{"embeddable":true,"href":"https:\/\/www.confagricoltura.org\/piacenza\/wp-json\/wp\/v2\/media\/4766"}],"wp:attachment":[{"href":"https:\/\/www.confagricoltura.org\/piacenza\/wp-json\/wp\/v2\/media?parent=5041"}],"wp:term":[{"taxonomy":"category","embeddable":true,"href":"https:\/\/www.confagricoltura.org\/piacenza\/wp-json\/wp\/v2\/categories?post=5041"},{"taxonomy":"post_tag","embeddable":true,"href":"https:\/\/www.confagricoltura.org\/piacenza\/wp-json\/wp\/v2\/tags?post=5041"}],"curies":[{"name":"wp","href":"https:\/\/api.w.org\/{rel}","templated":true}]}}