{"id":5039,"date":"2025-04-29T14:19:57","date_gmt":"2025-04-29T12:19:57","guid":{"rendered":"https:\/\/www.confagricoltura.org\/piacenza\/?p=5039"},"modified":"2025-05-05T14:21:30","modified_gmt":"2025-05-05T12:21:30","slug":"plauso-di-confagricoltura-piacenza-la-battaglia-per-lindipendenza-di-terrepadane-era-giusta","status":"publish","type":"post","link":"https:\/\/www.confagricoltura.org\/piacenza\/plauso-di-confagricoltura-piacenza-la-battaglia-per-lindipendenza-di-terrepadane-era-giusta\/","title":{"rendered":"Plauso di Confagricoltura Piacenza: la battaglia per l\u2019indipendenza di Terrepadane era giusta"},"content":{"rendered":"<p>Confagricoltura Piacenza esprime soddisfazione per la sentenza n.3358 del 17 aprile con cui il Consiglio di Stato di Roma ha confermato le tesi del Tar di Parma, in sostanza riconoscendo come legittime le elezioni del consorzio Terrepadane del 2021.<\/p>\n<p>La sentenza ha respinto l\u2019appello proposto dal Ministero del Made in Italy contro la sentenza del Tar di Parma (n. 367\/2023), che aveva annullato il provvedimento di commissariamento di Terrepadane disposto su sollecitazione di alcuni Soci e chiude definitivamente la vicenda delle ispezioni e del commissariamento imposti dal Mimit ritenendoli immotivati e illegittimi.<\/p>\n<p>\u201cRispetto a certe forze accentratici &#8211; commenta Umberto Gorra presidente di Confagricoltura Piacenza \u2013 la nostra Associazione si \u00e8 sempre adoperata affinch\u00e9 questa importante cooperativa agricola, che \u00e8 una ricchezza per il nostro territorio, rimanesse indipendente e nella piena disponibilit\u00e0 dei suoi Soci. Siamo soddisfatti di un risultato che va nell\u2019interesse di tutti gli agricoltori. La fine della diatriba giudiziaria &#8211; sottolinea il presidente di Confagricoltura Piacenza &#8211; ha chiaramente anche questo significato\u201d.<\/p>\n<p>&nbsp;<\/p>\n","protected":false},"excerpt":{"rendered":"<p>Elezioni del 2021 corrette, la conferma dal secondo grado di giudizio<\/p>\n","protected":false},"author":6,"featured_media":4932,"comment_status":"closed","ping_status":"closed","sticky":false,"template":"","format":"standard","meta":{"wp_mapbox_gl_js_media":[],"footnotes":""},"categories":[21,4],"tags":[],"class_list":["post-5039","post","type-post","status-publish","format-standard","has-post-thumbnail","hentry","category-eventi","category-news"],"yoast_head":"<!-- This site is optimized with the Yoast SEO plugin v26.8 - https:\/\/yoast.com\/product\/yoast-seo-wordpress\/ -->\n<title>Plauso di Confagricoltura Piacenza: la battaglia per l\u2019indipendenza di Terrepadane era giusta - Confagricoltura Piacenza<\/title>\n<meta name=\"robots\" content=\"index, follow, max-snippet:-1, max-image-preview:large, max-video-preview:-1\" \/>\n<link rel=\"canonical\" href=\"https:\/\/www.confagricoltura.org\/piacenza\/plauso-di-confagricoltura-piacenza-la-battaglia-per-lindipendenza-di-terrepadane-era-giusta\/\" \/>\n<meta property=\"og:locale\" content=\"it_IT\" \/>\n<meta property=\"og:type\" content=\"article\" \/>\n<meta property=\"og:title\" content=\"Plauso di Confagricoltura Piacenza: la battaglia per l\u2019indipendenza di Terrepadane era giusta - Confagricoltura Piacenza\" \/>\n<meta property=\"og:description\" content=\"Elezioni del 2021 corrette, la conferma dal secondo grado di giudizio\" \/>\n<meta property=\"og:url\" content=\"https:\/\/www.confagricoltura.org\/piacenza\/plauso-di-confagricoltura-piacenza-la-battaglia-per-lindipendenza-di-terrepadane-era-giusta\/\" \/>\n<meta property=\"og:site_name\" content=\"Confagricoltura Piacenza\" \/>\n<meta property=\"article:published_time\" content=\"2025-04-29T12:19:57+00:00\" \/>\n<meta property=\"article:modified_time\" content=\"2025-05-05T12:21:30+00:00\" \/>\n<meta property=\"og:image\" content=\"https:\/\/www.confagricoltura.org\/piacenza\/wp-content\/uploads\/sites\/11\/2025\/02\/A_Umberto-Gorra-.jpg\" \/>\n\t<meta property=\"og:image:width\" content=\"2048\" \/>\n\t<meta property=\"og:image:height\" content=\"1536\" \/>\n\t<meta property=\"og:image:type\" content=\"image\/jpeg\" \/>\n<meta name=\"author\" content=\"confagricolturapiacenza\" \/>\n<meta name=\"twitter:card\" content=\"summary_large_image\" \/>\n<meta name=\"twitter:label1\" content=\"Scritto da\" \/>\n\t<meta name=\"twitter:data1\" content=\"confagricolturapiacenza\" \/>\n\t<meta name=\"twitter:label2\" content=\"Tempo di lettura stimato\" \/>\n\t<meta name=\"twitter:data2\" content=\"2 minuti\" \/>\n<script type=\"application\/ld+json\" class=\"yoast-schema-graph\">{\"@context\":\"https:\/\/schema.org\",\"@graph\":[{\"@type\":\"Article\",\"@id\":\"https:\/\/www.confagricoltura.org\/piacenza\/plauso-di-confagricoltura-piacenza-la-battaglia-per-lindipendenza-di-terrepadane-era-giusta\/#article\",\"isPartOf\":{\"@id\":\"https:\/\/www.confagricoltura.org\/piacenza\/plauso-di-confagricoltura-piacenza-la-battaglia-per-lindipendenza-di-terrepadane-era-giusta\/\"},\"author\":{\"name\":\"confagricolturapiacenza\",\"@id\":\"https:\/\/www.confagricoltura.org\/piacenza\/#\/schema\/person\/be5da25a3117fea4b3bfec9dba09b5e8\"},\"headline\":\"Plauso di Confagricoltura Piacenza: la battaglia per l\u2019indipendenza di Terrepadane era giusta\",\"datePublished\":\"2025-04-29T12:19:57+00:00\",\"dateModified\":\"2025-05-05T12:21:30+00:00\",\"mainEntityOfPage\":{\"@id\":\"https:\/\/www.confagricoltura.org\/piacenza\/plauso-di-confagricoltura-piacenza-la-battaglia-per-lindipendenza-di-terrepadane-era-giusta\/\"},\"wordCount\":175,\"image\":{\"@id\":\"https:\/\/www.confagricoltura.org\/piacenza\/plauso-di-confagricoltura-piacenza-la-battaglia-per-lindipendenza-di-terrepadane-era-giusta\/#primaryimage\"},\"thumbnailUrl\":\"https:\/\/www.confagricoltura.org\/piacenza\/wp-content\/uploads\/sites\/11\/2025\/02\/A_Umberto-Gorra-.jpg\",\"articleSection\":[\"Eventi\",\"News\"],\"inLanguage\":\"it-IT\"},{\"@type\":\"WebPage\",\"@id\":\"https:\/\/www.confagricoltura.org\/piacenza\/plauso-di-confagricoltura-piacenza-la-battaglia-per-lindipendenza-di-terrepadane-era-giusta\/\",\"url\":\"https:\/\/www.confagricoltura.org\/piacenza\/plauso-di-confagricoltura-piacenza-la-battaglia-per-lindipendenza-di-terrepadane-era-giusta\/\",\"name\":\"Plauso di Confagricoltura Piacenza: la battaglia per l\u2019indipendenza di Terrepadane era giusta - Confagricoltura Piacenza\",\"isPartOf\":{\"@id\":\"https:\/\/www.confagricoltura.org\/piacenza\/#website\"},\"primaryImageOfPage\":{\"@id\":\"https:\/\/www.confagricoltura.org\/piacenza\/plauso-di-confagricoltura-piacenza-la-battaglia-per-lindipendenza-di-terrepadane-era-giusta\/#primaryimage\"},\"image\":{\"@id\":\"https:\/\/www.confagricoltura.org\/piacenza\/plauso-di-confagricoltura-piacenza-la-battaglia-per-lindipendenza-di-terrepadane-era-giusta\/#primaryimage\"},\"thumbnailUrl\":\"https:\/\/www.confagricoltura.org\/piacenza\/wp-content\/uploads\/sites\/11\/2025\/02\/A_Umberto-Gorra-.jpg\",\"datePublished\":\"2025-04-29T12:19:57+00:00\",\"dateModified\":\"2025-05-05T12:21:30+00:00\",\"author\":{\"@id\":\"https:\/\/www.confagricoltura.org\/piacenza\/#\/schema\/person\/be5da25a3117fea4b3bfec9dba09b5e8\"},\"breadcrumb\":{\"@id\":\"https:\/\/www.confagricoltura.org\/piacenza\/plauso-di-confagricoltura-piacenza-la-battaglia-per-lindipendenza-di-terrepadane-era-giusta\/#breadcrumb\"},\"inLanguage\":\"it-IT\",\"potentialAction\":[{\"@type\":\"ReadAction\",\"target\":[\"https:\/\/www.confagricoltura.org\/piacenza\/plauso-di-confagricoltura-piacenza-la-battaglia-per-lindipendenza-di-terrepadane-era-giusta\/\"]}]},{\"@type\":\"ImageObject\",\"inLanguage\":\"it-IT\",\"@id\":\"https:\/\/www.confagricoltura.org\/piacenza\/plauso-di-confagricoltura-piacenza-la-battaglia-per-lindipendenza-di-terrepadane-era-giusta\/#primaryimage\",\"url\":\"https:\/\/www.confagricoltura.org\/piacenza\/wp-content\/uploads\/sites\/11\/2025\/02\/A_Umberto-Gorra-.jpg\",\"contentUrl\":\"https:\/\/www.confagricoltura.org\/piacenza\/wp-content\/uploads\/sites\/11\/2025\/02\/A_Umberto-Gorra-.jpg\",\"width\":2048,\"height\":1536},{\"@type\":\"BreadcrumbList\",\"@id\":\"https:\/\/www.confagricoltura.org\/piacenza\/plauso-di-confagricoltura-piacenza-la-battaglia-per-lindipendenza-di-terrepadane-era-giusta\/#breadcrumb\",\"itemListElement\":[{\"@type\":\"ListItem\",\"position\":1,\"name\":\"Home\",\"item\":\"https:\/\/www.confagricoltura.org\/piacenza\/\"},{\"@type\":\"ListItem\",\"position\":2,\"name\":\"Plauso di Confagricoltura Piacenza: la battaglia per l\u2019indipendenza di Terrepadane era giusta\"}]},{\"@type\":\"WebSite\",\"@id\":\"https:\/\/www.confagricoltura.org\/piacenza\/#website\",\"url\":\"https:\/\/www.confagricoltura.org\/piacenza\/\",\"name\":\"Confagricoltura Piacenza\",\"description\":\"Dalla parte degli Agricoltori\",\"potentialAction\":[{\"@type\":\"SearchAction\",\"target\":{\"@type\":\"EntryPoint\",\"urlTemplate\":\"https:\/\/www.confagricoltura.org\/piacenza\/?s={search_term_string}\"},\"query-input\":{\"@type\":\"PropertyValueSpecification\",\"valueRequired\":true,\"valueName\":\"search_term_string\"}}],\"inLanguage\":\"it-IT\"},{\"@type\":\"Person\",\"@id\":\"https:\/\/www.confagricoltura.org\/piacenza\/#\/schema\/person\/be5da25a3117fea4b3bfec9dba09b5e8\",\"name\":\"confagricolturapiacenza\",\"image\":{\"@type\":\"ImageObject\",\"inLanguage\":\"it-IT\",\"@id\":\"https:\/\/www.confagricoltura.org\/piacenza\/#\/schema\/person\/image\/\",\"url\":\"https:\/\/secure.gravatar.com\/avatar\/9c5f111e417171581853bd0a3ff892ca?s=96&d=mm&r=g\",\"contentUrl\":\"https:\/\/secure.gravatar.com\/avatar\/9c5f111e417171581853bd0a3ff892ca?s=96&d=mm&r=g\",\"caption\":\"confagricolturapiacenza\"},\"url\":\"https:\/\/www.confagricoltura.org\/piacenza\/author\/confagricolturapiacenza\/\"}]}<\/script>\n<!-- \/ Yoast SEO plugin. -->","yoast_head_json":{"title":"Plauso di Confagricoltura Piacenza: la battaglia per l\u2019indipendenza di Terrepadane era giusta - Confagricoltura Piacenza","robots":{"index":"index","follow":"follow","max-snippet":"max-snippet:-1","max-image-preview":"max-image-preview:large","max-video-preview":"max-video-preview:-1"},"canonical":"https:\/\/www.confagricoltura.org\/piacenza\/plauso-di-confagricoltura-piacenza-la-battaglia-per-lindipendenza-di-terrepadane-era-giusta\/","og_locale":"it_IT","og_type":"article","og_title":"Plauso di Confagricoltura Piacenza: la battaglia per l\u2019indipendenza di Terrepadane era giusta - Confagricoltura Piacenza","og_description":"Elezioni del 2021 corrette, la conferma dal secondo grado di giudizio","og_url":"https:\/\/www.confagricoltura.org\/piacenza\/plauso-di-confagricoltura-piacenza-la-battaglia-per-lindipendenza-di-terrepadane-era-giusta\/","og_site_name":"Confagricoltura Piacenza","article_published_time":"2025-04-29T12:19:57+00:00","article_modified_time":"2025-05-05T12:21:30+00:00","og_image":[{"width":2048,"height":1536,"url":"https:\/\/www.confagricoltura.org\/piacenza\/wp-content\/uploads\/sites\/11\/2025\/02\/A_Umberto-Gorra-.jpg","type":"image\/jpeg"}],"author":"confagricolturapiacenza","twitter_card":"summary_large_image","twitter_misc":{"Scritto da":"confagricolturapiacenza","Tempo di lettura stimato":"2 minuti"},"schema":{"@context":"https:\/\/schema.org","@graph":[{"@type":"Article","@id":"https:\/\/www.confagricoltura.org\/piacenza\/plauso-di-confagricoltura-piacenza-la-battaglia-per-lindipendenza-di-terrepadane-era-giusta\/#article","isPartOf":{"@id":"https:\/\/www.confagricoltura.org\/piacenza\/plauso-di-confagricoltura-piacenza-la-battaglia-per-lindipendenza-di-terrepadane-era-giusta\/"},"author":{"name":"confagricolturapiacenza","@id":"https:\/\/www.confagricoltura.org\/piacenza\/#\/schema\/person\/be5da25a3117fea4b3bfec9dba09b5e8"},"headline":"Plauso di Confagricoltura Piacenza: la battaglia per l\u2019indipendenza di Terrepadane era giusta","datePublished":"2025-04-29T12:19:57+00:00","dateModified":"2025-05-05T12:21:30+00:00","mainEntityOfPage":{"@id":"https:\/\/www.confagricoltura.org\/piacenza\/plauso-di-confagricoltura-piacenza-la-battaglia-per-lindipendenza-di-terrepadane-era-giusta\/"},"wordCount":175,"image":{"@id":"https:\/\/www.confagricoltura.org\/piacenza\/plauso-di-confagricoltura-piacenza-la-battaglia-per-lindipendenza-di-terrepadane-era-giusta\/#primaryimage"},"thumbnailUrl":"https:\/\/www.confagricoltura.org\/piacenza\/wp-content\/uploads\/sites\/11\/2025\/02\/A_Umberto-Gorra-.jpg","articleSection":["Eventi","News"],"inLanguage":"it-IT"},{"@type":"WebPage","@id":"https:\/\/www.confagricoltura.org\/piacenza\/plauso-di-confagricoltura-piacenza-la-battaglia-per-lindipendenza-di-terrepadane-era-giusta\/","url":"https:\/\/www.confagricoltura.org\/piacenza\/plauso-di-confagricoltura-piacenza-la-battaglia-per-lindipendenza-di-terrepadane-era-giusta\/","name":"Plauso di Confagricoltura Piacenza: la battaglia per l\u2019indipendenza di Terrepadane era giusta - Confagricoltura Piacenza","isPartOf":{"@id":"https:\/\/www.confagricoltura.org\/piacenza\/#website"},"primaryImageOfPage":{"@id":"https:\/\/www.confagricoltura.org\/piacenza\/plauso-di-confagricoltura-piacenza-la-battaglia-per-lindipendenza-di-terrepadane-era-giusta\/#primaryimage"},"image":{"@id":"https:\/\/www.confagricoltura.org\/piacenza\/plauso-di-confagricoltura-piacenza-la-battaglia-per-lindipendenza-di-terrepadane-era-giusta\/#primaryimage"},"thumbnailUrl":"https:\/\/www.confagricoltura.org\/piacenza\/wp-content\/uploads\/sites\/11\/2025\/02\/A_Umberto-Gorra-.jpg","datePublished":"2025-04-29T12:19:57+00:00","dateModified":"2025-05-05T12:21:30+00:00","author":{"@id":"https:\/\/www.confagricoltura.org\/piacenza\/#\/schema\/person\/be5da25a3117fea4b3bfec9dba09b5e8"},"breadcrumb":{"@id":"https:\/\/www.confagricoltura.org\/piacenza\/plauso-di-confagricoltura-piacenza-la-battaglia-per-lindipendenza-di-terrepadane-era-giusta\/#breadcrumb"},"inLanguage":"it-IT","potentialAction":[{"@type":"ReadAction","target":["https:\/\/www.confagricoltura.org\/piacenza\/plauso-di-confagricoltura-piacenza-la-battaglia-per-lindipendenza-di-terrepadane-era-giusta\/"]}]},{"@type":"ImageObject","inLanguage":"it-IT","@id":"https:\/\/www.confagricoltura.org\/piacenza\/plauso-di-confagricoltura-piacenza-la-battaglia-per-lindipendenza-di-terrepadane-era-giusta\/#primaryimage","url":"https:\/\/www.confagricoltura.org\/piacenza\/wp-content\/uploads\/sites\/11\/2025\/02\/A_Umberto-Gorra-.jpg","contentUrl":"https:\/\/www.confagricoltura.org\/piacenza\/wp-content\/uploads\/sites\/11\/2025\/02\/A_Umberto-Gorra-.jpg","width":2048,"height":1536},{"@type":"BreadcrumbList","@id":"https:\/\/www.confagricoltura.org\/piacenza\/plauso-di-confagricoltura-piacenza-la-battaglia-per-lindipendenza-di-terrepadane-era-giusta\/#breadcrumb","itemListElement":[{"@type":"ListItem","position":1,"name":"Home","item":"https:\/\/www.confagricoltura.org\/piacenza\/"},{"@type":"ListItem","position":2,"name":"Plauso di Confagricoltura Piacenza: la battaglia per l\u2019indipendenza di Terrepadane era giusta"}]},{"@type":"WebSite","@id":"https:\/\/www.confagricoltura.org\/piacenza\/#website","url":"https:\/\/www.confagricoltura.org\/piacenza\/","name":"Confagricoltura Piacenza","description":"Dalla parte degli Agricoltori","potentialAction":[{"@type":"SearchAction","target":{"@type":"EntryPoint","urlTemplate":"https:\/\/www.confagricoltura.org\/piacenza\/?s={search_term_string}"},"query-input":{"@type":"PropertyValueSpecification","valueRequired":true,"valueName":"search_term_string"}}],"inLanguage":"it-IT"},{"@type":"Person","@id":"https:\/\/www.confagricoltura.org\/piacenza\/#\/schema\/person\/be5da25a3117fea4b3bfec9dba09b5e8","name":"confagricolturapiacenza","image":{"@type":"ImageObject","inLanguage":"it-IT","@id":"https:\/\/www.confagricoltura.org\/piacenza\/#\/schema\/person\/image\/","url":"https:\/\/secure.gravatar.com\/avatar\/9c5f111e417171581853bd0a3ff892ca?s=96&d=mm&r=g","contentUrl":"https:\/\/secure.gravatar.com\/avatar\/9c5f111e417171581853bd0a3ff892ca?s=96&d=mm&r=g","caption":"confagricolturapiacenza"},"url":"https:\/\/www.confagricoltura.org\/piacenza\/author\/confagricolturapiacenza\/"}]}},"_links":{"self":[{"href":"https:\/\/www.confagricoltura.org\/piacenza\/wp-json\/wp\/v2\/posts\/5039","targetHints":{"allow":["GET"]}}],"collection":[{"href":"https:\/\/www.confagricoltura.org\/piacenza\/wp-json\/wp\/v2\/posts"}],"about":[{"href":"https:\/\/www.confagricoltura.org\/piacenza\/wp-json\/wp\/v2\/types\/post"}],"author":[{"embeddable":true,"href":"https:\/\/www.confagricoltura.org\/piacenza\/wp-json\/wp\/v2\/users\/6"}],"replies":[{"embeddable":true,"href":"https:\/\/www.confagricoltura.org\/piacenza\/wp-json\/wp\/v2\/comments?post=5039"}],"version-history":[{"count":1,"href":"https:\/\/www.confagricoltura.org\/piacenza\/wp-json\/wp\/v2\/posts\/5039\/revisions"}],"predecessor-version":[{"id":5040,"href":"https:\/\/www.confagricoltura.org\/piacenza\/wp-json\/wp\/v2\/posts\/5039\/revisions\/5040"}],"wp:featuredmedia":[{"embeddable":true,"href":"https:\/\/www.confagricoltura.org\/piacenza\/wp-json\/wp\/v2\/media\/4932"}],"wp:attachment":[{"href":"https:\/\/www.confagricoltura.org\/piacenza\/wp-json\/wp\/v2\/media?parent=5039"}],"wp:term":[{"taxonomy":"category","embeddable":true,"href":"https:\/\/www.confagricoltura.org\/piacenza\/wp-json\/wp\/v2\/categories?post=5039"},{"taxonomy":"post_tag","embeddable":true,"href":"https:\/\/www.confagricoltura.org\/piacenza\/wp-json\/wp\/v2\/tags?post=5039"}],"curies":[{"name":"wp","href":"https:\/\/api.w.org\/{rel}","templated":true}]}}