{"id":5034,"date":"2025-04-22T14:11:50","date_gmt":"2025-04-22T12:11:50","guid":{"rendered":"https:\/\/www.confagricoltura.org\/piacenza\/?p=5034"},"modified":"2025-05-05T14:13:57","modified_gmt":"2025-05-05T12:13:57","slug":"in-arrivo-due-misure-di-aiuto-per-i-bovini-da-carne","status":"publish","type":"post","link":"https:\/\/www.confagricoltura.org\/piacenza\/in-arrivo-due-misure-di-aiuto-per-i-bovini-da-carne\/","title":{"rendered":"In arrivo due misure di aiuto per i bovini da Carne"},"content":{"rendered":"<p>Confagricoltura Piacenza rende noto che l\u2019Organismo Pagatore AGEA ha emanato le istruzioni operative che disciplinano le modalit\u00e0 per l\u2019accesso al sostegno riservate agli allevatori di bovini da carne di razze autoctone italiane a valere sul \u201cFondo per lo sviluppo e il sostegno delle filiere agricole, della pesca e dell\u2019acquacoltura\u201d cos\u00ec come stabilito dal decreto del Ministro dell\u2019agricoltura, della sovranit\u00e0 alimentare e delle foreste (DM) 19 dicembre 2024 n. 0670040.<\/p>\n<p>Lo stanziamento da erogare nel 2025 ammonta, per la campagna 2024, a 10 milioni di euro.<\/p>\n<p>\u201cPossono accedere all\u2019aiuto \u2013 spiega Susanna Franzini responsabile dei Servizi tecnici di Confagricoltura Piacenza &#8211; le imprese di allevamento di bovini di razze Piemontese, Marchigiana, Chianina, Podolica, Sardo Bruna e Sarda iscritte nel relativo libro genealogico alla data del 31 dicembre 2024, nella misura massima di 100 euro per UBA, nei limiti previsti dalla normativa comunitaria relativa agli aiuti in \u201cde minimis\u201d. L\u2019aiuto potrebbe essere rimodulato a seconda delle richieste pervenute\u201d.<\/p>\n<p>Per l\u2019individuazione del numero di capi presenti in un codice allevamento, si fa riferimento all\u2019ultimo codice di stalla in cui il capo \u00e8 presente alla data del 31 dicembre 2024 come risultante nella Banca Dati Nazionale dell\u2019Anagrafe Zootecnica (BDN), estratti dalla BDN alla data del 05.05.2025, correttamente identificati e registrati in allevamento. Sono stati presi in considerazione tutti gli allevamenti di bovini attivi al 31\/12\/2024 e sono escluse tutte le attivit\u00e0 zootecniche, come le stalle di sosta, i centri genetici, gli stabulari, ecc. dove gli animali sono tenuti per finalit\u00e0 differenti dall\u2019allevamento.<\/p>\n<p>\u201c\u00c8 inoltre attivo un secondo aiuto de minimis \u2013 prosegue Franzini &#8211;\u00a0 per il sostegno del comparto bovino da carne, sempre a valere sul \u201cFondo per lo sviluppo e il sostegno delle filiere agricole, della pesca e dell\u2019acquacoltura\u201d.\u00a0 Anche in questo caso l\u2019Organismo Pagatore AGEA ha emanato le istruzioni che definiscono le modalit\u00e0 per l\u2019accesso al sostegno. Lo stanziamento ammonta, per la campagna 2024 a 4.500.000 da erogare nel 2025 e intende compensare i maggiori costi dell\u2019allevamento dei bovini da carne ed \u00e8 destinato anche ai capi non destinati alla macellazione\u201d.<\/p>\n<p>Possono accedere all\u2019aiuto le imprese di allevamento di bovini di razze iscritte ai Libri genealogici con \u201corientamento carne\u201d che allevano in Italia bovini nati nel 2024 sul territorio nazionale, che risultano iscritte al registro delle imprese e all\u2019anagrafe delle aziende agricole, attraverso il Fascicolo Aziendale del SIAN alla data di apertura della presentazione della domanda e che non hanno cessato l\u2019attivit\u00e0; \u00a0\u00a0\u00a0\u00a0\u00a0\u00a0\u00a0\u00a0\u00a0\u00a0\u00a0 hanno allevato i capi per almeno 184 giorni maturati nell\u2019anno 2024. Il capo viene considerato una sola volta nell\u2019anno 2024 e viene conteggiato solamente nel codice di allevamento dove \u00e8 stato presente per almeno 184 giorni. Nel caso di rapporto di soccida, l\u2019aiuto \u00e8 riconosciuto per il 25% al soccidario e per il 75% al soccidante, salvo assenso del soccidante che autorizzi il soccidario a ricevere il 100% dell\u2019aiuto.<\/p>\n<p>L\u2019importo unitario massimo ammissibile per capo \u00e8 fissato ad un livello non superiore ai 150 euro, che sar\u00e0 rimodulato in caso di superamento delle disponibilit\u00e0 complessive.<\/p>\n<p>\u201cPer entrambe le misure \u2013 conclude Franzini &#8211; la presentazione delle domande avverr\u00e0 a partire dal 15 maggio 2025 e fino al 9 giugno 2025, attraverso il portale Sian, la compilazione \u00e8 del tipo \u00abautomatica\u00bb precompilata, con le informazioni acquisite dal Fascicolo Aziendale e dalla Banca dati Nazionale zootecnica BDN.<\/p>\n<p>Gli Uffici tecnici di Confagricoltura Piacenza sono a disposizione degli associati\u201d.<\/p>\n","protected":false},"excerpt":{"rendered":"<p>Franzini (Confagricoltura Piacenza): domande dal 15 maggio, gli uffici tecnici sono a disposizione <\/p>\n","protected":false},"author":6,"featured_media":4892,"comment_status":"closed","ping_status":"closed","sticky":false,"template":"","format":"standard","meta":{"wp_mapbox_gl_js_media":[],"footnotes":""},"categories":[4,13],"tags":[],"class_list":["post-5034","post","type-post","status-publish","format-standard","has-post-thumbnail","hentry","category-news","category-settore-bovino"],"yoast_head":"<!-- This site is optimized with the Yoast SEO plugin v26.8 - https:\/\/yoast.com\/product\/yoast-seo-wordpress\/ -->\n<title>In arrivo due misure di aiuto per i bovini da Carne - Confagricoltura Piacenza<\/title>\n<meta name=\"robots\" content=\"index, follow, max-snippet:-1, max-image-preview:large, max-video-preview:-1\" \/>\n<link rel=\"canonical\" href=\"https:\/\/www.confagricoltura.org\/piacenza\/in-arrivo-due-misure-di-aiuto-per-i-bovini-da-carne\/\" \/>\n<meta property=\"og:locale\" content=\"it_IT\" \/>\n<meta property=\"og:type\" content=\"article\" \/>\n<meta property=\"og:title\" content=\"In arrivo due misure di aiuto per i bovini da Carne - Confagricoltura Piacenza\" \/>\n<meta property=\"og:description\" content=\"Franzini (Confagricoltura Piacenza): domande dal 15 maggio, gli uffici tecnici sono a disposizione\" \/>\n<meta property=\"og:url\" content=\"https:\/\/www.confagricoltura.org\/piacenza\/in-arrivo-due-misure-di-aiuto-per-i-bovini-da-carne\/\" \/>\n<meta property=\"og:site_name\" content=\"Confagricoltura Piacenza\" \/>\n<meta property=\"article:published_time\" content=\"2025-04-22T12:11:50+00:00\" \/>\n<meta property=\"article:modified_time\" content=\"2025-05-05T12:13:57+00:00\" \/>\n<meta property=\"og:image\" content=\"https:\/\/www.confagricoltura.org\/piacenza\/wp-content\/uploads\/sites\/11\/2025\/02\/a_Susanna-Franzini-2023.jpg\" \/>\n\t<meta property=\"og:image:width\" content=\"2021\" \/>\n\t<meta property=\"og:image:height\" content=\"1631\" \/>\n\t<meta property=\"og:image:type\" content=\"image\/jpeg\" \/>\n<meta name=\"author\" content=\"confagricolturapiacenza\" \/>\n<meta name=\"twitter:card\" content=\"summary_large_image\" \/>\n<meta name=\"twitter:label1\" content=\"Scritto da\" \/>\n\t<meta name=\"twitter:data1\" content=\"confagricolturapiacenza\" \/>\n\t<meta name=\"twitter:label2\" content=\"Tempo di lettura stimato\" \/>\n\t<meta name=\"twitter:data2\" content=\"4 minuti\" \/>\n<script type=\"application\/ld+json\" class=\"yoast-schema-graph\">{\"@context\":\"https:\/\/schema.org\",\"@graph\":[{\"@type\":\"Article\",\"@id\":\"https:\/\/www.confagricoltura.org\/piacenza\/in-arrivo-due-misure-di-aiuto-per-i-bovini-da-carne\/#article\",\"isPartOf\":{\"@id\":\"https:\/\/www.confagricoltura.org\/piacenza\/in-arrivo-due-misure-di-aiuto-per-i-bovini-da-carne\/\"},\"author\":{\"name\":\"confagricolturapiacenza\",\"@id\":\"https:\/\/www.confagricoltura.org\/piacenza\/#\/schema\/person\/be5da25a3117fea4b3bfec9dba09b5e8\"},\"headline\":\"In arrivo due misure di aiuto per i bovini da Carne\",\"datePublished\":\"2025-04-22T12:11:50+00:00\",\"dateModified\":\"2025-05-05T12:13:57+00:00\",\"mainEntityOfPage\":{\"@id\":\"https:\/\/www.confagricoltura.org\/piacenza\/in-arrivo-due-misure-di-aiuto-per-i-bovini-da-carne\/\"},\"wordCount\":550,\"image\":{\"@id\":\"https:\/\/www.confagricoltura.org\/piacenza\/in-arrivo-due-misure-di-aiuto-per-i-bovini-da-carne\/#primaryimage\"},\"thumbnailUrl\":\"https:\/\/www.confagricoltura.org\/piacenza\/wp-content\/uploads\/sites\/11\/2025\/02\/a_Susanna-Franzini-2023.jpg\",\"articleSection\":[\"News\",\"Settore bovino\"],\"inLanguage\":\"it-IT\"},{\"@type\":\"WebPage\",\"@id\":\"https:\/\/www.confagricoltura.org\/piacenza\/in-arrivo-due-misure-di-aiuto-per-i-bovini-da-carne\/\",\"url\":\"https:\/\/www.confagricoltura.org\/piacenza\/in-arrivo-due-misure-di-aiuto-per-i-bovini-da-carne\/\",\"name\":\"In arrivo due misure di aiuto per i bovini da Carne - Confagricoltura Piacenza\",\"isPartOf\":{\"@id\":\"https:\/\/www.confagricoltura.org\/piacenza\/#website\"},\"primaryImageOfPage\":{\"@id\":\"https:\/\/www.confagricoltura.org\/piacenza\/in-arrivo-due-misure-di-aiuto-per-i-bovini-da-carne\/#primaryimage\"},\"image\":{\"@id\":\"https:\/\/www.confagricoltura.org\/piacenza\/in-arrivo-due-misure-di-aiuto-per-i-bovini-da-carne\/#primaryimage\"},\"thumbnailUrl\":\"https:\/\/www.confagricoltura.org\/piacenza\/wp-content\/uploads\/sites\/11\/2025\/02\/a_Susanna-Franzini-2023.jpg\",\"datePublished\":\"2025-04-22T12:11:50+00:00\",\"dateModified\":\"2025-05-05T12:13:57+00:00\",\"author\":{\"@id\":\"https:\/\/www.confagricoltura.org\/piacenza\/#\/schema\/person\/be5da25a3117fea4b3bfec9dba09b5e8\"},\"breadcrumb\":{\"@id\":\"https:\/\/www.confagricoltura.org\/piacenza\/in-arrivo-due-misure-di-aiuto-per-i-bovini-da-carne\/#breadcrumb\"},\"inLanguage\":\"it-IT\",\"potentialAction\":[{\"@type\":\"ReadAction\",\"target\":[\"https:\/\/www.confagricoltura.org\/piacenza\/in-arrivo-due-misure-di-aiuto-per-i-bovini-da-carne\/\"]}]},{\"@type\":\"ImageObject\",\"inLanguage\":\"it-IT\",\"@id\":\"https:\/\/www.confagricoltura.org\/piacenza\/in-arrivo-due-misure-di-aiuto-per-i-bovini-da-carne\/#primaryimage\",\"url\":\"https:\/\/www.confagricoltura.org\/piacenza\/wp-content\/uploads\/sites\/11\/2025\/02\/a_Susanna-Franzini-2023.jpg\",\"contentUrl\":\"https:\/\/www.confagricoltura.org\/piacenza\/wp-content\/uploads\/sites\/11\/2025\/02\/a_Susanna-Franzini-2023.jpg\",\"width\":2021,\"height\":1631},{\"@type\":\"BreadcrumbList\",\"@id\":\"https:\/\/www.confagricoltura.org\/piacenza\/in-arrivo-due-misure-di-aiuto-per-i-bovini-da-carne\/#breadcrumb\",\"itemListElement\":[{\"@type\":\"ListItem\",\"position\":1,\"name\":\"Home\",\"item\":\"https:\/\/www.confagricoltura.org\/piacenza\/\"},{\"@type\":\"ListItem\",\"position\":2,\"name\":\"In arrivo due misure di aiuto per i bovini da Carne\"}]},{\"@type\":\"WebSite\",\"@id\":\"https:\/\/www.confagricoltura.org\/piacenza\/#website\",\"url\":\"https:\/\/www.confagricoltura.org\/piacenza\/\",\"name\":\"Confagricoltura Piacenza\",\"description\":\"Dalla parte degli Agricoltori\",\"potentialAction\":[{\"@type\":\"SearchAction\",\"target\":{\"@type\":\"EntryPoint\",\"urlTemplate\":\"https:\/\/www.confagricoltura.org\/piacenza\/?s={search_term_string}\"},\"query-input\":{\"@type\":\"PropertyValueSpecification\",\"valueRequired\":true,\"valueName\":\"search_term_string\"}}],\"inLanguage\":\"it-IT\"},{\"@type\":\"Person\",\"@id\":\"https:\/\/www.confagricoltura.org\/piacenza\/#\/schema\/person\/be5da25a3117fea4b3bfec9dba09b5e8\",\"name\":\"confagricolturapiacenza\",\"image\":{\"@type\":\"ImageObject\",\"inLanguage\":\"it-IT\",\"@id\":\"https:\/\/www.confagricoltura.org\/piacenza\/#\/schema\/person\/image\/\",\"url\":\"https:\/\/secure.gravatar.com\/avatar\/9c5f111e417171581853bd0a3ff892ca?s=96&d=mm&r=g\",\"contentUrl\":\"https:\/\/secure.gravatar.com\/avatar\/9c5f111e417171581853bd0a3ff892ca?s=96&d=mm&r=g\",\"caption\":\"confagricolturapiacenza\"},\"url\":\"https:\/\/www.confagricoltura.org\/piacenza\/author\/confagricolturapiacenza\/\"}]}<\/script>\n<!-- \/ Yoast SEO plugin. -->","yoast_head_json":{"title":"In arrivo due misure di aiuto per i bovini da Carne - Confagricoltura Piacenza","robots":{"index":"index","follow":"follow","max-snippet":"max-snippet:-1","max-image-preview":"max-image-preview:large","max-video-preview":"max-video-preview:-1"},"canonical":"https:\/\/www.confagricoltura.org\/piacenza\/in-arrivo-due-misure-di-aiuto-per-i-bovini-da-carne\/","og_locale":"it_IT","og_type":"article","og_title":"In arrivo due misure di aiuto per i bovini da Carne - Confagricoltura Piacenza","og_description":"Franzini (Confagricoltura Piacenza): domande dal 15 maggio, gli uffici tecnici sono a disposizione","og_url":"https:\/\/www.confagricoltura.org\/piacenza\/in-arrivo-due-misure-di-aiuto-per-i-bovini-da-carne\/","og_site_name":"Confagricoltura Piacenza","article_published_time":"2025-04-22T12:11:50+00:00","article_modified_time":"2025-05-05T12:13:57+00:00","og_image":[{"width":2021,"height":1631,"url":"https:\/\/www.confagricoltura.org\/piacenza\/wp-content\/uploads\/sites\/11\/2025\/02\/a_Susanna-Franzini-2023.jpg","type":"image\/jpeg"}],"author":"confagricolturapiacenza","twitter_card":"summary_large_image","twitter_misc":{"Scritto da":"confagricolturapiacenza","Tempo di lettura stimato":"4 minuti"},"schema":{"@context":"https:\/\/schema.org","@graph":[{"@type":"Article","@id":"https:\/\/www.confagricoltura.org\/piacenza\/in-arrivo-due-misure-di-aiuto-per-i-bovini-da-carne\/#article","isPartOf":{"@id":"https:\/\/www.confagricoltura.org\/piacenza\/in-arrivo-due-misure-di-aiuto-per-i-bovini-da-carne\/"},"author":{"name":"confagricolturapiacenza","@id":"https:\/\/www.confagricoltura.org\/piacenza\/#\/schema\/person\/be5da25a3117fea4b3bfec9dba09b5e8"},"headline":"In arrivo due misure di aiuto per i bovini da Carne","datePublished":"2025-04-22T12:11:50+00:00","dateModified":"2025-05-05T12:13:57+00:00","mainEntityOfPage":{"@id":"https:\/\/www.confagricoltura.org\/piacenza\/in-arrivo-due-misure-di-aiuto-per-i-bovini-da-carne\/"},"wordCount":550,"image":{"@id":"https:\/\/www.confagricoltura.org\/piacenza\/in-arrivo-due-misure-di-aiuto-per-i-bovini-da-carne\/#primaryimage"},"thumbnailUrl":"https:\/\/www.confagricoltura.org\/piacenza\/wp-content\/uploads\/sites\/11\/2025\/02\/a_Susanna-Franzini-2023.jpg","articleSection":["News","Settore bovino"],"inLanguage":"it-IT"},{"@type":"WebPage","@id":"https:\/\/www.confagricoltura.org\/piacenza\/in-arrivo-due-misure-di-aiuto-per-i-bovini-da-carne\/","url":"https:\/\/www.confagricoltura.org\/piacenza\/in-arrivo-due-misure-di-aiuto-per-i-bovini-da-carne\/","name":"In arrivo due misure di aiuto per i bovini da Carne - Confagricoltura Piacenza","isPartOf":{"@id":"https:\/\/www.confagricoltura.org\/piacenza\/#website"},"primaryImageOfPage":{"@id":"https:\/\/www.confagricoltura.org\/piacenza\/in-arrivo-due-misure-di-aiuto-per-i-bovini-da-carne\/#primaryimage"},"image":{"@id":"https:\/\/www.confagricoltura.org\/piacenza\/in-arrivo-due-misure-di-aiuto-per-i-bovini-da-carne\/#primaryimage"},"thumbnailUrl":"https:\/\/www.confagricoltura.org\/piacenza\/wp-content\/uploads\/sites\/11\/2025\/02\/a_Susanna-Franzini-2023.jpg","datePublished":"2025-04-22T12:11:50+00:00","dateModified":"2025-05-05T12:13:57+00:00","author":{"@id":"https:\/\/www.confagricoltura.org\/piacenza\/#\/schema\/person\/be5da25a3117fea4b3bfec9dba09b5e8"},"breadcrumb":{"@id":"https:\/\/www.confagricoltura.org\/piacenza\/in-arrivo-due-misure-di-aiuto-per-i-bovini-da-carne\/#breadcrumb"},"inLanguage":"it-IT","potentialAction":[{"@type":"ReadAction","target":["https:\/\/www.confagricoltura.org\/piacenza\/in-arrivo-due-misure-di-aiuto-per-i-bovini-da-carne\/"]}]},{"@type":"ImageObject","inLanguage":"it-IT","@id":"https:\/\/www.confagricoltura.org\/piacenza\/in-arrivo-due-misure-di-aiuto-per-i-bovini-da-carne\/#primaryimage","url":"https:\/\/www.confagricoltura.org\/piacenza\/wp-content\/uploads\/sites\/11\/2025\/02\/a_Susanna-Franzini-2023.jpg","contentUrl":"https:\/\/www.confagricoltura.org\/piacenza\/wp-content\/uploads\/sites\/11\/2025\/02\/a_Susanna-Franzini-2023.jpg","width":2021,"height":1631},{"@type":"BreadcrumbList","@id":"https:\/\/www.confagricoltura.org\/piacenza\/in-arrivo-due-misure-di-aiuto-per-i-bovini-da-carne\/#breadcrumb","itemListElement":[{"@type":"ListItem","position":1,"name":"Home","item":"https:\/\/www.confagricoltura.org\/piacenza\/"},{"@type":"ListItem","position":2,"name":"In arrivo due misure di aiuto per i bovini da Carne"}]},{"@type":"WebSite","@id":"https:\/\/www.confagricoltura.org\/piacenza\/#website","url":"https:\/\/www.confagricoltura.org\/piacenza\/","name":"Confagricoltura Piacenza","description":"Dalla parte degli Agricoltori","potentialAction":[{"@type":"SearchAction","target":{"@type":"EntryPoint","urlTemplate":"https:\/\/www.confagricoltura.org\/piacenza\/?s={search_term_string}"},"query-input":{"@type":"PropertyValueSpecification","valueRequired":true,"valueName":"search_term_string"}}],"inLanguage":"it-IT"},{"@type":"Person","@id":"https:\/\/www.confagricoltura.org\/piacenza\/#\/schema\/person\/be5da25a3117fea4b3bfec9dba09b5e8","name":"confagricolturapiacenza","image":{"@type":"ImageObject","inLanguage":"it-IT","@id":"https:\/\/www.confagricoltura.org\/piacenza\/#\/schema\/person\/image\/","url":"https:\/\/secure.gravatar.com\/avatar\/9c5f111e417171581853bd0a3ff892ca?s=96&d=mm&r=g","contentUrl":"https:\/\/secure.gravatar.com\/avatar\/9c5f111e417171581853bd0a3ff892ca?s=96&d=mm&r=g","caption":"confagricolturapiacenza"},"url":"https:\/\/www.confagricoltura.org\/piacenza\/author\/confagricolturapiacenza\/"}]}},"_links":{"self":[{"href":"https:\/\/www.confagricoltura.org\/piacenza\/wp-json\/wp\/v2\/posts\/5034","targetHints":{"allow":["GET"]}}],"collection":[{"href":"https:\/\/www.confagricoltura.org\/piacenza\/wp-json\/wp\/v2\/posts"}],"about":[{"href":"https:\/\/www.confagricoltura.org\/piacenza\/wp-json\/wp\/v2\/types\/post"}],"author":[{"embeddable":true,"href":"https:\/\/www.confagricoltura.org\/piacenza\/wp-json\/wp\/v2\/users\/6"}],"replies":[{"embeddable":true,"href":"https:\/\/www.confagricoltura.org\/piacenza\/wp-json\/wp\/v2\/comments?post=5034"}],"version-history":[{"count":1,"href":"https:\/\/www.confagricoltura.org\/piacenza\/wp-json\/wp\/v2\/posts\/5034\/revisions"}],"predecessor-version":[{"id":5035,"href":"https:\/\/www.confagricoltura.org\/piacenza\/wp-json\/wp\/v2\/posts\/5034\/revisions\/5035"}],"wp:featuredmedia":[{"embeddable":true,"href":"https:\/\/www.confagricoltura.org\/piacenza\/wp-json\/wp\/v2\/media\/4892"}],"wp:attachment":[{"href":"https:\/\/www.confagricoltura.org\/piacenza\/wp-json\/wp\/v2\/media?parent=5034"}],"wp:term":[{"taxonomy":"category","embeddable":true,"href":"https:\/\/www.confagricoltura.org\/piacenza\/wp-json\/wp\/v2\/categories?post=5034"},{"taxonomy":"post_tag","embeddable":true,"href":"https:\/\/www.confagricoltura.org\/piacenza\/wp-json\/wp\/v2\/tags?post=5034"}],"curies":[{"name":"wp","href":"https:\/\/api.w.org\/{rel}","templated":true}]}}