{"id":5031,"date":"2025-04-18T14:09:19","date_gmt":"2025-04-18T12:09:19","guid":{"rendered":"https:\/\/www.confagricoltura.org\/piacenza\/?p=5031"},"modified":"2025-05-05T14:11:22","modified_gmt":"2025-05-05T12:11:22","slug":"confagricoltura-piacenza-pasqua-di-preoccupazione-per-gli-agricoltori","status":"publish","type":"post","link":"https:\/\/www.confagricoltura.org\/piacenza\/confagricoltura-piacenza-pasqua-di-preoccupazione-per-gli-agricoltori\/","title":{"rendered":"Confagricoltura Piacenza: Pasqua di preoccupazione per gli agricoltori"},"content":{"rendered":"<p>Sono diverse le segnalazioni giunte a Confagricoltura Piacenza nella mattinata di gioved\u00ec 17 aprile per le piogge e il forte vento che si sono abbattute sulla provincia. Incidenti per le strade allagate e canali straripanti, gi\u00e0 di primo mattino, in Val Tidone dove Confagricoltura Piacenza denuncia coltivazioni sommerse. Le zone collinari, in generale, sembrano essere quelle pi\u00f9 interessate dalle abbondanti piogge, che non hanno per\u00f2 risparmiato neppure la pianura, ovunque piove sui campi gi\u00e0 inzuppati. Non fanno ben sperare neppure le previsioni dei prossimi giorni.<\/p>\n<p>\u201cSi vedr\u00e0 nelle prossime settimane quali danni riporteranno le colture autunno verine \u2013 rileva l\u2019Associazione -. Per quanto riguarda il pomodoro da industria, in un\u2019annata dove si prevedono quantitativi importanti, il fatto che sia piovuto tanto ostala la scalarit\u00e0 dei trapianti generando poi problemi sulla programmazione.<\/p>\n<p>\u201cRicominciamo un\u2019altra campagna col piede sbagliato \u2013 commenta Ercole Parizzi presidente della Sezione di Prodotto Colture Industriali di Confagricoltura Piacenza \u2013 e non ci voleva proprio.\u00a0 Quello che colpisce \u00e8 la potenza di queste piogge. Si ha sempre pi\u00f9 paura di questi fenomeni intensi dovuti a depressioni ormai di tipo tropicale. Incrociamo le dita \u2013 conclude \u2013 certo \u00e8 che con queste condizioni incrementa il rischio delle fitopatie\u201d.<\/p>\n","protected":false},"excerpt":{"rendered":"<p>Abbondanti piogge soprattutto in Val Tidone <\/p>\n","protected":false},"author":6,"featured_media":5032,"comment_status":"closed","ping_status":"closed","sticky":false,"template":"","format":"standard","meta":{"wp_mapbox_gl_js_media":[],"footnotes":""},"categories":[21,4],"tags":[],"class_list":["post-5031","post","type-post","status-publish","format-standard","has-post-thumbnail","hentry","category-eventi","category-news"],"yoast_head":"<!-- This site is optimized with the Yoast SEO plugin v26.8 - https:\/\/yoast.com\/product\/yoast-seo-wordpress\/ -->\n<title>Confagricoltura Piacenza: Pasqua di preoccupazione per gli agricoltori - Confagricoltura Piacenza<\/title>\n<meta name=\"robots\" content=\"index, follow, max-snippet:-1, max-image-preview:large, max-video-preview:-1\" \/>\n<link rel=\"canonical\" href=\"https:\/\/www.confagricoltura.org\/piacenza\/confagricoltura-piacenza-pasqua-di-preoccupazione-per-gli-agricoltori\/\" \/>\n<meta property=\"og:locale\" content=\"it_IT\" \/>\n<meta property=\"og:type\" content=\"article\" \/>\n<meta property=\"og:title\" content=\"Confagricoltura Piacenza: Pasqua di preoccupazione per gli agricoltori - Confagricoltura Piacenza\" \/>\n<meta property=\"og:description\" content=\"Abbondanti piogge soprattutto in Val Tidone\" \/>\n<meta property=\"og:url\" content=\"https:\/\/www.confagricoltura.org\/piacenza\/confagricoltura-piacenza-pasqua-di-preoccupazione-per-gli-agricoltori\/\" \/>\n<meta property=\"og:site_name\" content=\"Confagricoltura Piacenza\" \/>\n<meta property=\"article:published_time\" content=\"2025-04-18T12:09:19+00:00\" \/>\n<meta property=\"article:modified_time\" content=\"2025-05-05T12:11:22+00:00\" \/>\n<meta property=\"og:image\" content=\"https:\/\/www.confagricoltura.org\/piacenza\/wp-content\/uploads\/sites\/11\/2025\/05\/Modenesi-2.jpg\" \/>\n\t<meta property=\"og:image:width\" content=\"899\" \/>\n\t<meta property=\"og:image:height\" content=\"1599\" \/>\n\t<meta property=\"og:image:type\" content=\"image\/jpeg\" \/>\n<meta name=\"author\" content=\"confagricolturapiacenza\" \/>\n<meta name=\"twitter:card\" content=\"summary_large_image\" \/>\n<meta name=\"twitter:label1\" content=\"Scritto da\" \/>\n\t<meta name=\"twitter:data1\" content=\"confagricolturapiacenza\" \/>\n\t<meta name=\"twitter:label2\" content=\"Tempo di lettura stimato\" \/>\n\t<meta name=\"twitter:data2\" content=\"2 minuti\" \/>\n<script type=\"application\/ld+json\" class=\"yoast-schema-graph\">{\"@context\":\"https:\/\/schema.org\",\"@graph\":[{\"@type\":\"Article\",\"@id\":\"https:\/\/www.confagricoltura.org\/piacenza\/confagricoltura-piacenza-pasqua-di-preoccupazione-per-gli-agricoltori\/#article\",\"isPartOf\":{\"@id\":\"https:\/\/www.confagricoltura.org\/piacenza\/confagricoltura-piacenza-pasqua-di-preoccupazione-per-gli-agricoltori\/\"},\"author\":{\"name\":\"confagricolturapiacenza\",\"@id\":\"https:\/\/www.confagricoltura.org\/piacenza\/#\/schema\/person\/be5da25a3117fea4b3bfec9dba09b5e8\"},\"headline\":\"Confagricoltura Piacenza: Pasqua di preoccupazione per gli agricoltori\",\"datePublished\":\"2025-04-18T12:09:19+00:00\",\"dateModified\":\"2025-05-05T12:11:22+00:00\",\"mainEntityOfPage\":{\"@id\":\"https:\/\/www.confagricoltura.org\/piacenza\/confagricoltura-piacenza-pasqua-di-preoccupazione-per-gli-agricoltori\/\"},\"wordCount\":202,\"image\":{\"@id\":\"https:\/\/www.confagricoltura.org\/piacenza\/confagricoltura-piacenza-pasqua-di-preoccupazione-per-gli-agricoltori\/#primaryimage\"},\"thumbnailUrl\":\"https:\/\/www.confagricoltura.org\/piacenza\/wp-content\/uploads\/sites\/11\/2025\/05\/Modenesi-2.jpg\",\"articleSection\":[\"Eventi\",\"News\"],\"inLanguage\":\"it-IT\"},{\"@type\":\"WebPage\",\"@id\":\"https:\/\/www.confagricoltura.org\/piacenza\/confagricoltura-piacenza-pasqua-di-preoccupazione-per-gli-agricoltori\/\",\"url\":\"https:\/\/www.confagricoltura.org\/piacenza\/confagricoltura-piacenza-pasqua-di-preoccupazione-per-gli-agricoltori\/\",\"name\":\"Confagricoltura Piacenza: Pasqua di preoccupazione per gli agricoltori - Confagricoltura Piacenza\",\"isPartOf\":{\"@id\":\"https:\/\/www.confagricoltura.org\/piacenza\/#website\"},\"primaryImageOfPage\":{\"@id\":\"https:\/\/www.confagricoltura.org\/piacenza\/confagricoltura-piacenza-pasqua-di-preoccupazione-per-gli-agricoltori\/#primaryimage\"},\"image\":{\"@id\":\"https:\/\/www.confagricoltura.org\/piacenza\/confagricoltura-piacenza-pasqua-di-preoccupazione-per-gli-agricoltori\/#primaryimage\"},\"thumbnailUrl\":\"https:\/\/www.confagricoltura.org\/piacenza\/wp-content\/uploads\/sites\/11\/2025\/05\/Modenesi-2.jpg\",\"datePublished\":\"2025-04-18T12:09:19+00:00\",\"dateModified\":\"2025-05-05T12:11:22+00:00\",\"author\":{\"@id\":\"https:\/\/www.confagricoltura.org\/piacenza\/#\/schema\/person\/be5da25a3117fea4b3bfec9dba09b5e8\"},\"breadcrumb\":{\"@id\":\"https:\/\/www.confagricoltura.org\/piacenza\/confagricoltura-piacenza-pasqua-di-preoccupazione-per-gli-agricoltori\/#breadcrumb\"},\"inLanguage\":\"it-IT\",\"potentialAction\":[{\"@type\":\"ReadAction\",\"target\":[\"https:\/\/www.confagricoltura.org\/piacenza\/confagricoltura-piacenza-pasqua-di-preoccupazione-per-gli-agricoltori\/\"]}]},{\"@type\":\"ImageObject\",\"inLanguage\":\"it-IT\",\"@id\":\"https:\/\/www.confagricoltura.org\/piacenza\/confagricoltura-piacenza-pasqua-di-preoccupazione-per-gli-agricoltori\/#primaryimage\",\"url\":\"https:\/\/www.confagricoltura.org\/piacenza\/wp-content\/uploads\/sites\/11\/2025\/05\/Modenesi-2.jpg\",\"contentUrl\":\"https:\/\/www.confagricoltura.org\/piacenza\/wp-content\/uploads\/sites\/11\/2025\/05\/Modenesi-2.jpg\",\"width\":899,\"height\":1599},{\"@type\":\"BreadcrumbList\",\"@id\":\"https:\/\/www.confagricoltura.org\/piacenza\/confagricoltura-piacenza-pasqua-di-preoccupazione-per-gli-agricoltori\/#breadcrumb\",\"itemListElement\":[{\"@type\":\"ListItem\",\"position\":1,\"name\":\"Home\",\"item\":\"https:\/\/www.confagricoltura.org\/piacenza\/\"},{\"@type\":\"ListItem\",\"position\":2,\"name\":\"Confagricoltura Piacenza: Pasqua di preoccupazione per gli agricoltori\"}]},{\"@type\":\"WebSite\",\"@id\":\"https:\/\/www.confagricoltura.org\/piacenza\/#website\",\"url\":\"https:\/\/www.confagricoltura.org\/piacenza\/\",\"name\":\"Confagricoltura Piacenza\",\"description\":\"Dalla parte degli Agricoltori\",\"potentialAction\":[{\"@type\":\"SearchAction\",\"target\":{\"@type\":\"EntryPoint\",\"urlTemplate\":\"https:\/\/www.confagricoltura.org\/piacenza\/?s={search_term_string}\"},\"query-input\":{\"@type\":\"PropertyValueSpecification\",\"valueRequired\":true,\"valueName\":\"search_term_string\"}}],\"inLanguage\":\"it-IT\"},{\"@type\":\"Person\",\"@id\":\"https:\/\/www.confagricoltura.org\/piacenza\/#\/schema\/person\/be5da25a3117fea4b3bfec9dba09b5e8\",\"name\":\"confagricolturapiacenza\",\"image\":{\"@type\":\"ImageObject\",\"inLanguage\":\"it-IT\",\"@id\":\"https:\/\/www.confagricoltura.org\/piacenza\/#\/schema\/person\/image\/\",\"url\":\"https:\/\/secure.gravatar.com\/avatar\/9c5f111e417171581853bd0a3ff892ca?s=96&d=mm&r=g\",\"contentUrl\":\"https:\/\/secure.gravatar.com\/avatar\/9c5f111e417171581853bd0a3ff892ca?s=96&d=mm&r=g\",\"caption\":\"confagricolturapiacenza\"},\"url\":\"https:\/\/www.confagricoltura.org\/piacenza\/author\/confagricolturapiacenza\/\"}]}<\/script>\n<!-- \/ Yoast SEO plugin. -->","yoast_head_json":{"title":"Confagricoltura Piacenza: Pasqua di preoccupazione per gli agricoltori - Confagricoltura Piacenza","robots":{"index":"index","follow":"follow","max-snippet":"max-snippet:-1","max-image-preview":"max-image-preview:large","max-video-preview":"max-video-preview:-1"},"canonical":"https:\/\/www.confagricoltura.org\/piacenza\/confagricoltura-piacenza-pasqua-di-preoccupazione-per-gli-agricoltori\/","og_locale":"it_IT","og_type":"article","og_title":"Confagricoltura Piacenza: Pasqua di preoccupazione per gli agricoltori - Confagricoltura Piacenza","og_description":"Abbondanti piogge soprattutto in Val Tidone","og_url":"https:\/\/www.confagricoltura.org\/piacenza\/confagricoltura-piacenza-pasqua-di-preoccupazione-per-gli-agricoltori\/","og_site_name":"Confagricoltura Piacenza","article_published_time":"2025-04-18T12:09:19+00:00","article_modified_time":"2025-05-05T12:11:22+00:00","og_image":[{"width":899,"height":1599,"url":"https:\/\/www.confagricoltura.org\/piacenza\/wp-content\/uploads\/sites\/11\/2025\/05\/Modenesi-2.jpg","type":"image\/jpeg"}],"author":"confagricolturapiacenza","twitter_card":"summary_large_image","twitter_misc":{"Scritto da":"confagricolturapiacenza","Tempo di lettura stimato":"2 minuti"},"schema":{"@context":"https:\/\/schema.org","@graph":[{"@type":"Article","@id":"https:\/\/www.confagricoltura.org\/piacenza\/confagricoltura-piacenza-pasqua-di-preoccupazione-per-gli-agricoltori\/#article","isPartOf":{"@id":"https:\/\/www.confagricoltura.org\/piacenza\/confagricoltura-piacenza-pasqua-di-preoccupazione-per-gli-agricoltori\/"},"author":{"name":"confagricolturapiacenza","@id":"https:\/\/www.confagricoltura.org\/piacenza\/#\/schema\/person\/be5da25a3117fea4b3bfec9dba09b5e8"},"headline":"Confagricoltura Piacenza: Pasqua di preoccupazione per gli agricoltori","datePublished":"2025-04-18T12:09:19+00:00","dateModified":"2025-05-05T12:11:22+00:00","mainEntityOfPage":{"@id":"https:\/\/www.confagricoltura.org\/piacenza\/confagricoltura-piacenza-pasqua-di-preoccupazione-per-gli-agricoltori\/"},"wordCount":202,"image":{"@id":"https:\/\/www.confagricoltura.org\/piacenza\/confagricoltura-piacenza-pasqua-di-preoccupazione-per-gli-agricoltori\/#primaryimage"},"thumbnailUrl":"https:\/\/www.confagricoltura.org\/piacenza\/wp-content\/uploads\/sites\/11\/2025\/05\/Modenesi-2.jpg","articleSection":["Eventi","News"],"inLanguage":"it-IT"},{"@type":"WebPage","@id":"https:\/\/www.confagricoltura.org\/piacenza\/confagricoltura-piacenza-pasqua-di-preoccupazione-per-gli-agricoltori\/","url":"https:\/\/www.confagricoltura.org\/piacenza\/confagricoltura-piacenza-pasqua-di-preoccupazione-per-gli-agricoltori\/","name":"Confagricoltura Piacenza: Pasqua di preoccupazione per gli agricoltori - Confagricoltura Piacenza","isPartOf":{"@id":"https:\/\/www.confagricoltura.org\/piacenza\/#website"},"primaryImageOfPage":{"@id":"https:\/\/www.confagricoltura.org\/piacenza\/confagricoltura-piacenza-pasqua-di-preoccupazione-per-gli-agricoltori\/#primaryimage"},"image":{"@id":"https:\/\/www.confagricoltura.org\/piacenza\/confagricoltura-piacenza-pasqua-di-preoccupazione-per-gli-agricoltori\/#primaryimage"},"thumbnailUrl":"https:\/\/www.confagricoltura.org\/piacenza\/wp-content\/uploads\/sites\/11\/2025\/05\/Modenesi-2.jpg","datePublished":"2025-04-18T12:09:19+00:00","dateModified":"2025-05-05T12:11:22+00:00","author":{"@id":"https:\/\/www.confagricoltura.org\/piacenza\/#\/schema\/person\/be5da25a3117fea4b3bfec9dba09b5e8"},"breadcrumb":{"@id":"https:\/\/www.confagricoltura.org\/piacenza\/confagricoltura-piacenza-pasqua-di-preoccupazione-per-gli-agricoltori\/#breadcrumb"},"inLanguage":"it-IT","potentialAction":[{"@type":"ReadAction","target":["https:\/\/www.confagricoltura.org\/piacenza\/confagricoltura-piacenza-pasqua-di-preoccupazione-per-gli-agricoltori\/"]}]},{"@type":"ImageObject","inLanguage":"it-IT","@id":"https:\/\/www.confagricoltura.org\/piacenza\/confagricoltura-piacenza-pasqua-di-preoccupazione-per-gli-agricoltori\/#primaryimage","url":"https:\/\/www.confagricoltura.org\/piacenza\/wp-content\/uploads\/sites\/11\/2025\/05\/Modenesi-2.jpg","contentUrl":"https:\/\/www.confagricoltura.org\/piacenza\/wp-content\/uploads\/sites\/11\/2025\/05\/Modenesi-2.jpg","width":899,"height":1599},{"@type":"BreadcrumbList","@id":"https:\/\/www.confagricoltura.org\/piacenza\/confagricoltura-piacenza-pasqua-di-preoccupazione-per-gli-agricoltori\/#breadcrumb","itemListElement":[{"@type":"ListItem","position":1,"name":"Home","item":"https:\/\/www.confagricoltura.org\/piacenza\/"},{"@type":"ListItem","position":2,"name":"Confagricoltura Piacenza: Pasqua di preoccupazione per gli agricoltori"}]},{"@type":"WebSite","@id":"https:\/\/www.confagricoltura.org\/piacenza\/#website","url":"https:\/\/www.confagricoltura.org\/piacenza\/","name":"Confagricoltura Piacenza","description":"Dalla parte degli Agricoltori","potentialAction":[{"@type":"SearchAction","target":{"@type":"EntryPoint","urlTemplate":"https:\/\/www.confagricoltura.org\/piacenza\/?s={search_term_string}"},"query-input":{"@type":"PropertyValueSpecification","valueRequired":true,"valueName":"search_term_string"}}],"inLanguage":"it-IT"},{"@type":"Person","@id":"https:\/\/www.confagricoltura.org\/piacenza\/#\/schema\/person\/be5da25a3117fea4b3bfec9dba09b5e8","name":"confagricolturapiacenza","image":{"@type":"ImageObject","inLanguage":"it-IT","@id":"https:\/\/www.confagricoltura.org\/piacenza\/#\/schema\/person\/image\/","url":"https:\/\/secure.gravatar.com\/avatar\/9c5f111e417171581853bd0a3ff892ca?s=96&d=mm&r=g","contentUrl":"https:\/\/secure.gravatar.com\/avatar\/9c5f111e417171581853bd0a3ff892ca?s=96&d=mm&r=g","caption":"confagricolturapiacenza"},"url":"https:\/\/www.confagricoltura.org\/piacenza\/author\/confagricolturapiacenza\/"}]}},"_links":{"self":[{"href":"https:\/\/www.confagricoltura.org\/piacenza\/wp-json\/wp\/v2\/posts\/5031","targetHints":{"allow":["GET"]}}],"collection":[{"href":"https:\/\/www.confagricoltura.org\/piacenza\/wp-json\/wp\/v2\/posts"}],"about":[{"href":"https:\/\/www.confagricoltura.org\/piacenza\/wp-json\/wp\/v2\/types\/post"}],"author":[{"embeddable":true,"href":"https:\/\/www.confagricoltura.org\/piacenza\/wp-json\/wp\/v2\/users\/6"}],"replies":[{"embeddable":true,"href":"https:\/\/www.confagricoltura.org\/piacenza\/wp-json\/wp\/v2\/comments?post=5031"}],"version-history":[{"count":1,"href":"https:\/\/www.confagricoltura.org\/piacenza\/wp-json\/wp\/v2\/posts\/5031\/revisions"}],"predecessor-version":[{"id":5033,"href":"https:\/\/www.confagricoltura.org\/piacenza\/wp-json\/wp\/v2\/posts\/5031\/revisions\/5033"}],"wp:featuredmedia":[{"embeddable":true,"href":"https:\/\/www.confagricoltura.org\/piacenza\/wp-json\/wp\/v2\/media\/5032"}],"wp:attachment":[{"href":"https:\/\/www.confagricoltura.org\/piacenza\/wp-json\/wp\/v2\/media?parent=5031"}],"wp:term":[{"taxonomy":"category","embeddable":true,"href":"https:\/\/www.confagricoltura.org\/piacenza\/wp-json\/wp\/v2\/categories?post=5031"},{"taxonomy":"post_tag","embeddable":true,"href":"https:\/\/www.confagricoltura.org\/piacenza\/wp-json\/wp\/v2\/tags?post=5031"}],"curies":[{"name":"wp","href":"https:\/\/api.w.org\/{rel}","templated":true}]}}