{"id":5010,"date":"2025-04-07T16:31:33","date_gmt":"2025-04-07T14:31:33","guid":{"rendered":"https:\/\/www.confagricoltura.org\/piacenza\/?p=5010"},"modified":"2025-04-16T16:33:08","modified_gmt":"2025-04-16T14:33:08","slug":"dazi-americani-linchino-dei-numeri-alla-politica","status":"publish","type":"post","link":"https:\/\/www.confagricoltura.org\/piacenza\/dazi-americani-linchino-dei-numeri-alla-politica\/","title":{"rendered":"Dazi americani: l\u2019inchino dei numeri alla politica"},"content":{"rendered":"<p>Il presidente di Confagricoltura Piacenza, Umberto Gorra, interviene sulla questione dei dazi americani del 20% sui prodotti provenienti dall\u2019Unione europea. \u201cPremetto che la materia attiene alla politica nazionale e internazionale e in quell\u2019ambito deve rimanere \u2013 evidenzia Gorra \u2013 dubito che il parere di un\u2019associazione locale possa esser in qualche modo incisivo e in proposito preferisco sottoscrivere quanto gi\u00e0 espresso dal presidente nazionale di Confagricoltura, Massimiliano Giansanti, che, essendo anche presidente del Copa, in rappresentanza di tutti gli imprenditori agricoli europei, ha avuto modo di confrontarsi direttamente con le rappresentanze degli imprenditori e degli agricoltori americani ed ha dunque l\u2019ampiezza di vedute e il raggio d\u2019azione adeguati per esprimere una posizione autorevole in merito e per incidere sulle azioni necessarie\u201d.<\/p>\n<p>Confagricoltura ribadisce la necessit\u00e0 di un\u2019azione dell&#8217;Unione tempestiva e coesa per salvaguardare la competitivit\u00e0 del sistema agroalimentare, italiano ed europeo, sui mercati internazionali, In linea con quanto dichiarato dalla presidente von der Leyen.\u00a0 \u201cCome Italia \u2013 ha detto Giansanti &#8211; usciamo sicuramente penalizzati dall&#8217;introduzione dei dazi da parte degli Stati Uniti, in particolar modo per quanto riguarda i prodotti di fascia media: penso ad alcuni vini, alla pasta e ai sughi pronti.\u00a0 La risposta \u2013 ha aggiunto Giansanti \u2013 non pu\u00f2 che essere unitaria, europea, convinta. Fondamentali le misure previste per sostenere i settori pi\u00f9 colpiti. Non dimentichiamo, infatti, che rischiamo anche un massiccio riversamento di prodotti da altri Paesi che subiranno le tariffe americane, per esempio la Cina&#8221;.<\/p>\n<p>Il presidente piacentino aggiunge una riflessione. \u201cI dazi non sono certo stati inventati in questi giorni e alcuni erano peraltro gi\u00e0 attivi, la manovra americana va ad aggiungere incertezza ad un quadro economico gi\u00e0 costituito da molte variabili. Occorre prudenza per valutare quelli che saranno gli effettivi impatti. A livello nazionale e locale il rischio \u00e8 che la questione dazi possa essere utilizzata pretestuosamente per innescare azioni speculative che inevitabilmente, come si \u00e8 visto per altre cause, vedono nella parte agricola l\u2019anello pi\u00f9 debole e quindi pi\u00f9 esposto. \u00c8 soprattutto questo \u2013 aggiunge \u2013 a cui bisogna porre attenzione nell\u2019economia locale\u201d. Gorra conclude con una riflessione pi\u00f9 generale. \u201cStupisce, ma non deve stupire perch\u00e9 \u00e8 figlia dei nostri tempi, la spregiudicatezza nel divulgare dati palesemente artati per supportare la politica.\u00a0 Dei dati diffusi per commentare i dazi non si riesce a ricostruire n\u00e9 la fonte n\u00e9 il criterio di calcolo. Possiamo dire che siamo passati alle fake news 4.0 zero, dove i numeri si inchinano alla politica per sostenere ci\u00f2 che questa vuole. Di fronte ad azioni palesi di questo tipo occorrerebbe fermezza, ma l\u2019impressione \u00e8 che la consapevolezza della dimensione del problema non sia diffusa, un problema di cui misuriamo gli impatti economici, ma che ha origini sociali e cognitive\u201d.<\/p>\n","protected":false},"excerpt":{"rendered":"<p>Gorra: un elemento di incertezza che non deve diventare un pretesto per speculazioni sui mercati locali<\/p>\n","protected":false},"author":6,"featured_media":4935,"comment_status":"closed","ping_status":"closed","sticky":false,"template":"","format":"standard","meta":{"wp_mapbox_gl_js_media":[],"footnotes":""},"categories":[21,4],"tags":[],"class_list":["post-5010","post","type-post","status-publish","format-standard","has-post-thumbnail","hentry","category-eventi","category-news"],"yoast_head":"<!-- This site is optimized with the Yoast SEO plugin v26.8 - https:\/\/yoast.com\/product\/yoast-seo-wordpress\/ -->\n<title>Dazi americani: l\u2019inchino dei numeri alla politica - Confagricoltura Piacenza<\/title>\n<meta name=\"robots\" content=\"index, follow, max-snippet:-1, max-image-preview:large, max-video-preview:-1\" \/>\n<link rel=\"canonical\" href=\"https:\/\/www.confagricoltura.org\/piacenza\/dazi-americani-linchino-dei-numeri-alla-politica\/\" \/>\n<meta property=\"og:locale\" content=\"it_IT\" \/>\n<meta property=\"og:type\" content=\"article\" \/>\n<meta property=\"og:title\" content=\"Dazi americani: l\u2019inchino dei numeri alla politica - Confagricoltura Piacenza\" \/>\n<meta property=\"og:description\" content=\"Gorra: un elemento di incertezza che non deve diventare un pretesto per speculazioni sui mercati locali\" \/>\n<meta property=\"og:url\" content=\"https:\/\/www.confagricoltura.org\/piacenza\/dazi-americani-linchino-dei-numeri-alla-politica\/\" \/>\n<meta property=\"og:site_name\" content=\"Confagricoltura Piacenza\" \/>\n<meta property=\"article:published_time\" content=\"2025-04-07T14:31:33+00:00\" \/>\n<meta property=\"article:modified_time\" content=\"2025-04-16T14:33:08+00:00\" \/>\n<meta property=\"og:image\" content=\"https:\/\/www.confagricoltura.org\/piacenza\/wp-content\/uploads\/sites\/11\/2025\/02\/1_Umberto-Gorra-scaled.jpeg\" \/>\n\t<meta property=\"og:image:width\" content=\"1920\" \/>\n\t<meta property=\"og:image:height\" content=\"2560\" \/>\n\t<meta property=\"og:image:type\" content=\"image\/jpeg\" \/>\n<meta name=\"author\" content=\"confagricolturapiacenza\" \/>\n<meta name=\"twitter:card\" content=\"summary_large_image\" \/>\n<meta name=\"twitter:label1\" content=\"Scritto da\" \/>\n\t<meta name=\"twitter:data1\" content=\"confagricolturapiacenza\" \/>\n\t<meta name=\"twitter:label2\" content=\"Tempo di lettura stimato\" \/>\n\t<meta name=\"twitter:data2\" content=\"3 minuti\" \/>\n<script type=\"application\/ld+json\" class=\"yoast-schema-graph\">{\"@context\":\"https:\/\/schema.org\",\"@graph\":[{\"@type\":\"Article\",\"@id\":\"https:\/\/www.confagricoltura.org\/piacenza\/dazi-americani-linchino-dei-numeri-alla-politica\/#article\",\"isPartOf\":{\"@id\":\"https:\/\/www.confagricoltura.org\/piacenza\/dazi-americani-linchino-dei-numeri-alla-politica\/\"},\"author\":{\"name\":\"confagricolturapiacenza\",\"@id\":\"https:\/\/www.confagricoltura.org\/piacenza\/#\/schema\/person\/be5da25a3117fea4b3bfec9dba09b5e8\"},\"headline\":\"Dazi americani: l\u2019inchino dei numeri alla politica\",\"datePublished\":\"2025-04-07T14:31:33+00:00\",\"dateModified\":\"2025-04-16T14:33:08+00:00\",\"mainEntityOfPage\":{\"@id\":\"https:\/\/www.confagricoltura.org\/piacenza\/dazi-americani-linchino-dei-numeri-alla-politica\/\"},\"wordCount\":455,\"image\":{\"@id\":\"https:\/\/www.confagricoltura.org\/piacenza\/dazi-americani-linchino-dei-numeri-alla-politica\/#primaryimage\"},\"thumbnailUrl\":\"https:\/\/www.confagricoltura.org\/piacenza\/wp-content\/uploads\/sites\/11\/2025\/02\/1_Umberto-Gorra-scaled.jpeg\",\"articleSection\":[\"Eventi\",\"News\"],\"inLanguage\":\"it-IT\"},{\"@type\":\"WebPage\",\"@id\":\"https:\/\/www.confagricoltura.org\/piacenza\/dazi-americani-linchino-dei-numeri-alla-politica\/\",\"url\":\"https:\/\/www.confagricoltura.org\/piacenza\/dazi-americani-linchino-dei-numeri-alla-politica\/\",\"name\":\"Dazi americani: l\u2019inchino dei numeri alla politica - Confagricoltura Piacenza\",\"isPartOf\":{\"@id\":\"https:\/\/www.confagricoltura.org\/piacenza\/#website\"},\"primaryImageOfPage\":{\"@id\":\"https:\/\/www.confagricoltura.org\/piacenza\/dazi-americani-linchino-dei-numeri-alla-politica\/#primaryimage\"},\"image\":{\"@id\":\"https:\/\/www.confagricoltura.org\/piacenza\/dazi-americani-linchino-dei-numeri-alla-politica\/#primaryimage\"},\"thumbnailUrl\":\"https:\/\/www.confagricoltura.org\/piacenza\/wp-content\/uploads\/sites\/11\/2025\/02\/1_Umberto-Gorra-scaled.jpeg\",\"datePublished\":\"2025-04-07T14:31:33+00:00\",\"dateModified\":\"2025-04-16T14:33:08+00:00\",\"author\":{\"@id\":\"https:\/\/www.confagricoltura.org\/piacenza\/#\/schema\/person\/be5da25a3117fea4b3bfec9dba09b5e8\"},\"breadcrumb\":{\"@id\":\"https:\/\/www.confagricoltura.org\/piacenza\/dazi-americani-linchino-dei-numeri-alla-politica\/#breadcrumb\"},\"inLanguage\":\"it-IT\",\"potentialAction\":[{\"@type\":\"ReadAction\",\"target\":[\"https:\/\/www.confagricoltura.org\/piacenza\/dazi-americani-linchino-dei-numeri-alla-politica\/\"]}]},{\"@type\":\"ImageObject\",\"inLanguage\":\"it-IT\",\"@id\":\"https:\/\/www.confagricoltura.org\/piacenza\/dazi-americani-linchino-dei-numeri-alla-politica\/#primaryimage\",\"url\":\"https:\/\/www.confagricoltura.org\/piacenza\/wp-content\/uploads\/sites\/11\/2025\/02\/1_Umberto-Gorra-scaled.jpeg\",\"contentUrl\":\"https:\/\/www.confagricoltura.org\/piacenza\/wp-content\/uploads\/sites\/11\/2025\/02\/1_Umberto-Gorra-scaled.jpeg\",\"width\":1920,\"height\":2560},{\"@type\":\"BreadcrumbList\",\"@id\":\"https:\/\/www.confagricoltura.org\/piacenza\/dazi-americani-linchino-dei-numeri-alla-politica\/#breadcrumb\",\"itemListElement\":[{\"@type\":\"ListItem\",\"position\":1,\"name\":\"Home\",\"item\":\"https:\/\/www.confagricoltura.org\/piacenza\/\"},{\"@type\":\"ListItem\",\"position\":2,\"name\":\"Dazi americani: l\u2019inchino dei numeri alla politica\"}]},{\"@type\":\"WebSite\",\"@id\":\"https:\/\/www.confagricoltura.org\/piacenza\/#website\",\"url\":\"https:\/\/www.confagricoltura.org\/piacenza\/\",\"name\":\"Confagricoltura Piacenza\",\"description\":\"Dalla parte degli Agricoltori\",\"potentialAction\":[{\"@type\":\"SearchAction\",\"target\":{\"@type\":\"EntryPoint\",\"urlTemplate\":\"https:\/\/www.confagricoltura.org\/piacenza\/?s={search_term_string}\"},\"query-input\":{\"@type\":\"PropertyValueSpecification\",\"valueRequired\":true,\"valueName\":\"search_term_string\"}}],\"inLanguage\":\"it-IT\"},{\"@type\":\"Person\",\"@id\":\"https:\/\/www.confagricoltura.org\/piacenza\/#\/schema\/person\/be5da25a3117fea4b3bfec9dba09b5e8\",\"name\":\"confagricolturapiacenza\",\"image\":{\"@type\":\"ImageObject\",\"inLanguage\":\"it-IT\",\"@id\":\"https:\/\/www.confagricoltura.org\/piacenza\/#\/schema\/person\/image\/\",\"url\":\"https:\/\/secure.gravatar.com\/avatar\/9c5f111e417171581853bd0a3ff892ca?s=96&d=mm&r=g\",\"contentUrl\":\"https:\/\/secure.gravatar.com\/avatar\/9c5f111e417171581853bd0a3ff892ca?s=96&d=mm&r=g\",\"caption\":\"confagricolturapiacenza\"},\"url\":\"https:\/\/www.confagricoltura.org\/piacenza\/author\/confagricolturapiacenza\/\"}]}<\/script>\n<!-- \/ Yoast SEO plugin. -->","yoast_head_json":{"title":"Dazi americani: l\u2019inchino dei numeri alla politica - Confagricoltura Piacenza","robots":{"index":"index","follow":"follow","max-snippet":"max-snippet:-1","max-image-preview":"max-image-preview:large","max-video-preview":"max-video-preview:-1"},"canonical":"https:\/\/www.confagricoltura.org\/piacenza\/dazi-americani-linchino-dei-numeri-alla-politica\/","og_locale":"it_IT","og_type":"article","og_title":"Dazi americani: l\u2019inchino dei numeri alla politica - Confagricoltura Piacenza","og_description":"Gorra: un elemento di incertezza che non deve diventare un pretesto per speculazioni sui mercati locali","og_url":"https:\/\/www.confagricoltura.org\/piacenza\/dazi-americani-linchino-dei-numeri-alla-politica\/","og_site_name":"Confagricoltura Piacenza","article_published_time":"2025-04-07T14:31:33+00:00","article_modified_time":"2025-04-16T14:33:08+00:00","og_image":[{"width":1920,"height":2560,"url":"https:\/\/www.confagricoltura.org\/piacenza\/wp-content\/uploads\/sites\/11\/2025\/02\/1_Umberto-Gorra-scaled.jpeg","type":"image\/jpeg"}],"author":"confagricolturapiacenza","twitter_card":"summary_large_image","twitter_misc":{"Scritto da":"confagricolturapiacenza","Tempo di lettura stimato":"3 minuti"},"schema":{"@context":"https:\/\/schema.org","@graph":[{"@type":"Article","@id":"https:\/\/www.confagricoltura.org\/piacenza\/dazi-americani-linchino-dei-numeri-alla-politica\/#article","isPartOf":{"@id":"https:\/\/www.confagricoltura.org\/piacenza\/dazi-americani-linchino-dei-numeri-alla-politica\/"},"author":{"name":"confagricolturapiacenza","@id":"https:\/\/www.confagricoltura.org\/piacenza\/#\/schema\/person\/be5da25a3117fea4b3bfec9dba09b5e8"},"headline":"Dazi americani: l\u2019inchino dei numeri alla politica","datePublished":"2025-04-07T14:31:33+00:00","dateModified":"2025-04-16T14:33:08+00:00","mainEntityOfPage":{"@id":"https:\/\/www.confagricoltura.org\/piacenza\/dazi-americani-linchino-dei-numeri-alla-politica\/"},"wordCount":455,"image":{"@id":"https:\/\/www.confagricoltura.org\/piacenza\/dazi-americani-linchino-dei-numeri-alla-politica\/#primaryimage"},"thumbnailUrl":"https:\/\/www.confagricoltura.org\/piacenza\/wp-content\/uploads\/sites\/11\/2025\/02\/1_Umberto-Gorra-scaled.jpeg","articleSection":["Eventi","News"],"inLanguage":"it-IT"},{"@type":"WebPage","@id":"https:\/\/www.confagricoltura.org\/piacenza\/dazi-americani-linchino-dei-numeri-alla-politica\/","url":"https:\/\/www.confagricoltura.org\/piacenza\/dazi-americani-linchino-dei-numeri-alla-politica\/","name":"Dazi americani: l\u2019inchino dei numeri alla politica - Confagricoltura Piacenza","isPartOf":{"@id":"https:\/\/www.confagricoltura.org\/piacenza\/#website"},"primaryImageOfPage":{"@id":"https:\/\/www.confagricoltura.org\/piacenza\/dazi-americani-linchino-dei-numeri-alla-politica\/#primaryimage"},"image":{"@id":"https:\/\/www.confagricoltura.org\/piacenza\/dazi-americani-linchino-dei-numeri-alla-politica\/#primaryimage"},"thumbnailUrl":"https:\/\/www.confagricoltura.org\/piacenza\/wp-content\/uploads\/sites\/11\/2025\/02\/1_Umberto-Gorra-scaled.jpeg","datePublished":"2025-04-07T14:31:33+00:00","dateModified":"2025-04-16T14:33:08+00:00","author":{"@id":"https:\/\/www.confagricoltura.org\/piacenza\/#\/schema\/person\/be5da25a3117fea4b3bfec9dba09b5e8"},"breadcrumb":{"@id":"https:\/\/www.confagricoltura.org\/piacenza\/dazi-americani-linchino-dei-numeri-alla-politica\/#breadcrumb"},"inLanguage":"it-IT","potentialAction":[{"@type":"ReadAction","target":["https:\/\/www.confagricoltura.org\/piacenza\/dazi-americani-linchino-dei-numeri-alla-politica\/"]}]},{"@type":"ImageObject","inLanguage":"it-IT","@id":"https:\/\/www.confagricoltura.org\/piacenza\/dazi-americani-linchino-dei-numeri-alla-politica\/#primaryimage","url":"https:\/\/www.confagricoltura.org\/piacenza\/wp-content\/uploads\/sites\/11\/2025\/02\/1_Umberto-Gorra-scaled.jpeg","contentUrl":"https:\/\/www.confagricoltura.org\/piacenza\/wp-content\/uploads\/sites\/11\/2025\/02\/1_Umberto-Gorra-scaled.jpeg","width":1920,"height":2560},{"@type":"BreadcrumbList","@id":"https:\/\/www.confagricoltura.org\/piacenza\/dazi-americani-linchino-dei-numeri-alla-politica\/#breadcrumb","itemListElement":[{"@type":"ListItem","position":1,"name":"Home","item":"https:\/\/www.confagricoltura.org\/piacenza\/"},{"@type":"ListItem","position":2,"name":"Dazi americani: l\u2019inchino dei numeri alla politica"}]},{"@type":"WebSite","@id":"https:\/\/www.confagricoltura.org\/piacenza\/#website","url":"https:\/\/www.confagricoltura.org\/piacenza\/","name":"Confagricoltura Piacenza","description":"Dalla parte degli Agricoltori","potentialAction":[{"@type":"SearchAction","target":{"@type":"EntryPoint","urlTemplate":"https:\/\/www.confagricoltura.org\/piacenza\/?s={search_term_string}"},"query-input":{"@type":"PropertyValueSpecification","valueRequired":true,"valueName":"search_term_string"}}],"inLanguage":"it-IT"},{"@type":"Person","@id":"https:\/\/www.confagricoltura.org\/piacenza\/#\/schema\/person\/be5da25a3117fea4b3bfec9dba09b5e8","name":"confagricolturapiacenza","image":{"@type":"ImageObject","inLanguage":"it-IT","@id":"https:\/\/www.confagricoltura.org\/piacenza\/#\/schema\/person\/image\/","url":"https:\/\/secure.gravatar.com\/avatar\/9c5f111e417171581853bd0a3ff892ca?s=96&d=mm&r=g","contentUrl":"https:\/\/secure.gravatar.com\/avatar\/9c5f111e417171581853bd0a3ff892ca?s=96&d=mm&r=g","caption":"confagricolturapiacenza"},"url":"https:\/\/www.confagricoltura.org\/piacenza\/author\/confagricolturapiacenza\/"}]}},"_links":{"self":[{"href":"https:\/\/www.confagricoltura.org\/piacenza\/wp-json\/wp\/v2\/posts\/5010","targetHints":{"allow":["GET"]}}],"collection":[{"href":"https:\/\/www.confagricoltura.org\/piacenza\/wp-json\/wp\/v2\/posts"}],"about":[{"href":"https:\/\/www.confagricoltura.org\/piacenza\/wp-json\/wp\/v2\/types\/post"}],"author":[{"embeddable":true,"href":"https:\/\/www.confagricoltura.org\/piacenza\/wp-json\/wp\/v2\/users\/6"}],"replies":[{"embeddable":true,"href":"https:\/\/www.confagricoltura.org\/piacenza\/wp-json\/wp\/v2\/comments?post=5010"}],"version-history":[{"count":1,"href":"https:\/\/www.confagricoltura.org\/piacenza\/wp-json\/wp\/v2\/posts\/5010\/revisions"}],"predecessor-version":[{"id":5011,"href":"https:\/\/www.confagricoltura.org\/piacenza\/wp-json\/wp\/v2\/posts\/5010\/revisions\/5011"}],"wp:featuredmedia":[{"embeddable":true,"href":"https:\/\/www.confagricoltura.org\/piacenza\/wp-json\/wp\/v2\/media\/4935"}],"wp:attachment":[{"href":"https:\/\/www.confagricoltura.org\/piacenza\/wp-json\/wp\/v2\/media?parent=5010"}],"wp:term":[{"taxonomy":"category","embeddable":true,"href":"https:\/\/www.confagricoltura.org\/piacenza\/wp-json\/wp\/v2\/categories?post=5010"},{"taxonomy":"post_tag","embeddable":true,"href":"https:\/\/www.confagricoltura.org\/piacenza\/wp-json\/wp\/v2\/tags?post=5010"}],"curies":[{"name":"wp","href":"https:\/\/api.w.org\/{rel}","templated":true}]}}