{"id":5006,"date":"2025-04-03T16:28:51","date_gmt":"2025-04-03T14:28:51","guid":{"rendered":"https:\/\/www.confagricoltura.org\/piacenza\/?p=5006"},"modified":"2025-04-16T16:30:47","modified_gmt":"2025-04-16T14:30:47","slug":"caf-e-patronato-di-confagricoltura-sono-a-disposizione-di-tutti","status":"publish","type":"post","link":"https:\/\/www.confagricoltura.org\/piacenza\/caf-e-patronato-di-confagricoltura-sono-a-disposizione-di-tutti\/","title":{"rendered":"CAF E PATRONATO DI CONFAGRICOLTURA SONO A DISPOSIZIONE DI TUTTI"},"content":{"rendered":"<p>Tempo di dichiarazione redditi Modello 730 e Confagricoltura Piacenza invita tutti quanti necessitano a rivolgersi al suo Caf per la predisposizione e la presentazione della documentazione legata all\u2019adempimento.<\/p>\n<p>Gli sportelli del Caf di Confagricoltura sono presenti sia presso la sede centrale di Piacenza, in via Colombo, 35 al secondo piano del Palazzo dell\u2019Agricoltura, sia nelle sedi territoriali di Castel San Giovanni, Agazzano, Fiorenzuola, Monticelli, Cortemaggiore. Previo accordo con gli uffici, la documentazione pu\u00f2 essere recapitata anche presso gli uffici di Ponte dell\u2019Olio, Pianello e Lugagnano.<\/p>\n<p>Presso gli uffici di Confagricoltura Piacenza, oltre al Caf, ha sede anche il Patronato Enapa. Confagricoltura Piacenza, con i suoi enti collegati, \u00e8 cos\u00ec sempre al fianco delle imprese agricole e dei cittadini e offre un\u2019articolata gamma di servizi fruibili con una notevole semplificazione logistica e con risparmio di tempo per risolvere le diverse incombenze.<\/p>\n<p>Il Caf di Confagricoltura Piacenza e il patronato Enapa possono erogare assistenza e consulenza alla generalit\u00e0 dei cittadini.<\/p>\n<p>\u201cIl nostro Caf \u2013 spiega Michela Filippi, consulente fiscale di Confagricoltura Piacenza e responsabile Caf &#8211; \u00e8 a disposizione anche per il calcolo e il pagamento dell\u2019Imu, per il calcolo dell\u2019Isee e per l\u2019elaborazione dei modelli Red\u201d.<\/p>\n<p>\u201cIl Patronato Enapa\u00a0 &#8211; spiega Cristina Modenesi, responsabile provinciale del Patronato di Confagricoltura &#8211; offre assistenza nel riconoscimento di malattie professionali, pensioni e indennit\u00e0, assegni di vecchiaia, invalidit\u00e0, anzianit\u00e0, inabilit\u00e0; per ricostituzioni, maggiorazioni e supplementi pensione; per conteggi di reversibilit\u00e0 e assegno unico; iscrizioni e cancellazioni presso istituti previdenziali; per assistenza in tutte le prestazioni in materia di sicurezza sociale, d\u2019immigrazione ed emigrazione; per denunce di infortunio e domande di disoccupazione agricola\u201d.<\/p>\n<p>\u00c8 possibile prendere appuntamento con il Caf o il Patronato di Confagricoltura individuando, nella rete capillare degli uffici dislocati in provincia, quello pi\u00f9 comodo. Presso le sedi sono inoltre a disposizione elenchi e schede che possono agevolare nella preparazione di documenti limitando cos\u00ec il tempo da dover poi dedicare al disbrigo delle pratiche, nonostante il groviglio burocratico-normativo conseguente le varie leggi.<\/p>\n<p>\u201cConfagricoltura Piacenza \u2013 sottolineano Filippi e Modenesi &#8211; negli anni ha sviluppato una gamma di servizi per supportare l\u2019imprenditore agricolo nella relazione con la pubblica amministrazione. Per soddisfare i bisogni degli associati, in quanto cittadini, ormai da decenni, si \u00e8 dotata anche di un proprio Caf e del Patronato Enapa che sono anche a disposizione di tutti, senza alcun obbligo associativo o vincolo di indirizzo produttivo\u201d.<\/p>\n<p>Confagricoltura Piacenza ricorda infine la possibilit\u00e0 di devolvere il 5 per mille all\u2019onlus Senior L\u2019et\u00e0 della Saggezza: codice fiscale 97450610585. L\u2019onlus \u00e8 promossa dall\u2019Associazione Nazionale Pensionati di Confagricoltura ed \u00e8 stata costituita nel 2007 con la finalit\u00e0 di svolgere attivit\u00e0 nei campi dell\u2019assistenza sociale, socio-sanitaria e della tutela dei diritti civili.\u00a0 Senior l\u2019Et\u00e0 della Saggezza ha maturato negli anni una significativa esperienza filantropica. Grazie ai fondi provenienti dalle scelte del 5 per Mille Irpef e da alcune donazioni dirette, sono stati realizzati numerosi interventi umanitari e numerosi progetti socio-assistenziali-sanitari condivisi con le sedi territoriali di Confagricoltura. \u201cAnche a livello provinciale \u2013 ricordano le due funzionarie dell\u2019Associazione &#8211; sono stati raccolti fondi che sono confluiti in sostegni a realt\u00e0 con preziose finalit\u00e0 sociali che operano sul territorio e che quindi hanno ricadute positive dirette sulla comunit\u00e0 locale\u201d.<\/p>\n","protected":false},"excerpt":{"rendered":"<p>Filippi (responsabile Caf): dichiarazione dei redditi al via, invitiamo a prendere appuntamento con gli uffici.<\/p>\n","protected":false},"author":6,"featured_media":5007,"comment_status":"closed","ping_status":"closed","sticky":false,"template":"","format":"standard","meta":{"wp_mapbox_gl_js_media":[],"footnotes":""},"categories":[4,360],"tags":[],"class_list":["post-5006","post","type-post","status-publish","format-standard","has-post-thumbnail","hentry","category-news","category-norme-fiscali-burocratiche"],"yoast_head":"<!-- This site is optimized with the Yoast SEO plugin v26.8 - https:\/\/yoast.com\/product\/yoast-seo-wordpress\/ -->\n<title>CAF E PATRONATO DI CONFAGRICOLTURA SONO A DISPOSIZIONE DI TUTTI - Confagricoltura Piacenza<\/title>\n<meta name=\"robots\" content=\"index, follow, max-snippet:-1, max-image-preview:large, max-video-preview:-1\" \/>\n<link rel=\"canonical\" href=\"https:\/\/www.confagricoltura.org\/piacenza\/caf-e-patronato-di-confagricoltura-sono-a-disposizione-di-tutti\/\" \/>\n<meta property=\"og:locale\" content=\"it_IT\" \/>\n<meta property=\"og:type\" content=\"article\" \/>\n<meta property=\"og:title\" content=\"CAF E PATRONATO DI CONFAGRICOLTURA SONO A DISPOSIZIONE DI TUTTI - Confagricoltura Piacenza\" \/>\n<meta property=\"og:description\" content=\"Filippi (responsabile Caf): dichiarazione dei redditi al via, invitiamo a prendere appuntamento con gli uffici.\" \/>\n<meta property=\"og:url\" content=\"https:\/\/www.confagricoltura.org\/piacenza\/caf-e-patronato-di-confagricoltura-sono-a-disposizione-di-tutti\/\" \/>\n<meta property=\"og:site_name\" content=\"Confagricoltura Piacenza\" \/>\n<meta property=\"article:published_time\" content=\"2025-04-03T14:28:51+00:00\" \/>\n<meta property=\"article:modified_time\" content=\"2025-04-16T14:30:47+00:00\" \/>\n<meta property=\"og:image\" content=\"https:\/\/www.confagricoltura.org\/piacenza\/wp-content\/uploads\/sites\/11\/2025\/04\/Filippi-Modenesi-scaled.jpg\" \/>\n\t<meta property=\"og:image:width\" content=\"2560\" \/>\n\t<meta property=\"og:image:height\" content=\"1773\" \/>\n\t<meta property=\"og:image:type\" content=\"image\/jpeg\" \/>\n<meta name=\"author\" content=\"confagricolturapiacenza\" \/>\n<meta name=\"twitter:card\" content=\"summary_large_image\" \/>\n<meta name=\"twitter:label1\" content=\"Scritto da\" \/>\n\t<meta name=\"twitter:data1\" content=\"confagricolturapiacenza\" \/>\n\t<meta name=\"twitter:label2\" content=\"Tempo di lettura stimato\" \/>\n\t<meta name=\"twitter:data2\" content=\"3 minuti\" \/>\n<script type=\"application\/ld+json\" class=\"yoast-schema-graph\">{\"@context\":\"https:\/\/schema.org\",\"@graph\":[{\"@type\":\"Article\",\"@id\":\"https:\/\/www.confagricoltura.org\/piacenza\/caf-e-patronato-di-confagricoltura-sono-a-disposizione-di-tutti\/#article\",\"isPartOf\":{\"@id\":\"https:\/\/www.confagricoltura.org\/piacenza\/caf-e-patronato-di-confagricoltura-sono-a-disposizione-di-tutti\/\"},\"author\":{\"name\":\"confagricolturapiacenza\",\"@id\":\"https:\/\/www.confagricoltura.org\/piacenza\/#\/schema\/person\/be5da25a3117fea4b3bfec9dba09b5e8\"},\"headline\":\"CAF E PATRONATO DI CONFAGRICOLTURA SONO A DISPOSIZIONE DI TUTTI\",\"datePublished\":\"2025-04-03T14:28:51+00:00\",\"dateModified\":\"2025-04-16T14:30:47+00:00\",\"mainEntityOfPage\":{\"@id\":\"https:\/\/www.confagricoltura.org\/piacenza\/caf-e-patronato-di-confagricoltura-sono-a-disposizione-di-tutti\/\"},\"wordCount\":541,\"image\":{\"@id\":\"https:\/\/www.confagricoltura.org\/piacenza\/caf-e-patronato-di-confagricoltura-sono-a-disposizione-di-tutti\/#primaryimage\"},\"thumbnailUrl\":\"https:\/\/www.confagricoltura.org\/piacenza\/wp-content\/uploads\/sites\/11\/2025\/04\/Filippi-Modenesi-scaled.jpg\",\"articleSection\":[\"News\",\"Norme fiscali e burocratiche\"],\"inLanguage\":\"it-IT\"},{\"@type\":\"WebPage\",\"@id\":\"https:\/\/www.confagricoltura.org\/piacenza\/caf-e-patronato-di-confagricoltura-sono-a-disposizione-di-tutti\/\",\"url\":\"https:\/\/www.confagricoltura.org\/piacenza\/caf-e-patronato-di-confagricoltura-sono-a-disposizione-di-tutti\/\",\"name\":\"CAF E PATRONATO DI CONFAGRICOLTURA SONO A DISPOSIZIONE DI TUTTI - Confagricoltura Piacenza\",\"isPartOf\":{\"@id\":\"https:\/\/www.confagricoltura.org\/piacenza\/#website\"},\"primaryImageOfPage\":{\"@id\":\"https:\/\/www.confagricoltura.org\/piacenza\/caf-e-patronato-di-confagricoltura-sono-a-disposizione-di-tutti\/#primaryimage\"},\"image\":{\"@id\":\"https:\/\/www.confagricoltura.org\/piacenza\/caf-e-patronato-di-confagricoltura-sono-a-disposizione-di-tutti\/#primaryimage\"},\"thumbnailUrl\":\"https:\/\/www.confagricoltura.org\/piacenza\/wp-content\/uploads\/sites\/11\/2025\/04\/Filippi-Modenesi-scaled.jpg\",\"datePublished\":\"2025-04-03T14:28:51+00:00\",\"dateModified\":\"2025-04-16T14:30:47+00:00\",\"author\":{\"@id\":\"https:\/\/www.confagricoltura.org\/piacenza\/#\/schema\/person\/be5da25a3117fea4b3bfec9dba09b5e8\"},\"breadcrumb\":{\"@id\":\"https:\/\/www.confagricoltura.org\/piacenza\/caf-e-patronato-di-confagricoltura-sono-a-disposizione-di-tutti\/#breadcrumb\"},\"inLanguage\":\"it-IT\",\"potentialAction\":[{\"@type\":\"ReadAction\",\"target\":[\"https:\/\/www.confagricoltura.org\/piacenza\/caf-e-patronato-di-confagricoltura-sono-a-disposizione-di-tutti\/\"]}]},{\"@type\":\"ImageObject\",\"inLanguage\":\"it-IT\",\"@id\":\"https:\/\/www.confagricoltura.org\/piacenza\/caf-e-patronato-di-confagricoltura-sono-a-disposizione-di-tutti\/#primaryimage\",\"url\":\"https:\/\/www.confagricoltura.org\/piacenza\/wp-content\/uploads\/sites\/11\/2025\/04\/Filippi-Modenesi-scaled.jpg\",\"contentUrl\":\"https:\/\/www.confagricoltura.org\/piacenza\/wp-content\/uploads\/sites\/11\/2025\/04\/Filippi-Modenesi-scaled.jpg\",\"width\":2560,\"height\":1773},{\"@type\":\"BreadcrumbList\",\"@id\":\"https:\/\/www.confagricoltura.org\/piacenza\/caf-e-patronato-di-confagricoltura-sono-a-disposizione-di-tutti\/#breadcrumb\",\"itemListElement\":[{\"@type\":\"ListItem\",\"position\":1,\"name\":\"Home\",\"item\":\"https:\/\/www.confagricoltura.org\/piacenza\/\"},{\"@type\":\"ListItem\",\"position\":2,\"name\":\"CAF E PATRONATO DI CONFAGRICOLTURA SONO A DISPOSIZIONE DI TUTTI\"}]},{\"@type\":\"WebSite\",\"@id\":\"https:\/\/www.confagricoltura.org\/piacenza\/#website\",\"url\":\"https:\/\/www.confagricoltura.org\/piacenza\/\",\"name\":\"Confagricoltura Piacenza\",\"description\":\"Dalla parte degli Agricoltori\",\"potentialAction\":[{\"@type\":\"SearchAction\",\"target\":{\"@type\":\"EntryPoint\",\"urlTemplate\":\"https:\/\/www.confagricoltura.org\/piacenza\/?s={search_term_string}\"},\"query-input\":{\"@type\":\"PropertyValueSpecification\",\"valueRequired\":true,\"valueName\":\"search_term_string\"}}],\"inLanguage\":\"it-IT\"},{\"@type\":\"Person\",\"@id\":\"https:\/\/www.confagricoltura.org\/piacenza\/#\/schema\/person\/be5da25a3117fea4b3bfec9dba09b5e8\",\"name\":\"confagricolturapiacenza\",\"image\":{\"@type\":\"ImageObject\",\"inLanguage\":\"it-IT\",\"@id\":\"https:\/\/www.confagricoltura.org\/piacenza\/#\/schema\/person\/image\/\",\"url\":\"https:\/\/secure.gravatar.com\/avatar\/9c5f111e417171581853bd0a3ff892ca?s=96&d=mm&r=g\",\"contentUrl\":\"https:\/\/secure.gravatar.com\/avatar\/9c5f111e417171581853bd0a3ff892ca?s=96&d=mm&r=g\",\"caption\":\"confagricolturapiacenza\"},\"url\":\"https:\/\/www.confagricoltura.org\/piacenza\/author\/confagricolturapiacenza\/\"}]}<\/script>\n<!-- \/ Yoast SEO plugin. -->","yoast_head_json":{"title":"CAF E PATRONATO DI CONFAGRICOLTURA SONO A DISPOSIZIONE DI TUTTI - Confagricoltura Piacenza","robots":{"index":"index","follow":"follow","max-snippet":"max-snippet:-1","max-image-preview":"max-image-preview:large","max-video-preview":"max-video-preview:-1"},"canonical":"https:\/\/www.confagricoltura.org\/piacenza\/caf-e-patronato-di-confagricoltura-sono-a-disposizione-di-tutti\/","og_locale":"it_IT","og_type":"article","og_title":"CAF E PATRONATO DI CONFAGRICOLTURA SONO A DISPOSIZIONE DI TUTTI - Confagricoltura Piacenza","og_description":"Filippi (responsabile Caf): dichiarazione dei redditi al via, invitiamo a prendere appuntamento con gli uffici.","og_url":"https:\/\/www.confagricoltura.org\/piacenza\/caf-e-patronato-di-confagricoltura-sono-a-disposizione-di-tutti\/","og_site_name":"Confagricoltura Piacenza","article_published_time":"2025-04-03T14:28:51+00:00","article_modified_time":"2025-04-16T14:30:47+00:00","og_image":[{"width":2560,"height":1773,"url":"https:\/\/www.confagricoltura.org\/piacenza\/wp-content\/uploads\/sites\/11\/2025\/04\/Filippi-Modenesi-scaled.jpg","type":"image\/jpeg"}],"author":"confagricolturapiacenza","twitter_card":"summary_large_image","twitter_misc":{"Scritto da":"confagricolturapiacenza","Tempo di lettura stimato":"3 minuti"},"schema":{"@context":"https:\/\/schema.org","@graph":[{"@type":"Article","@id":"https:\/\/www.confagricoltura.org\/piacenza\/caf-e-patronato-di-confagricoltura-sono-a-disposizione-di-tutti\/#article","isPartOf":{"@id":"https:\/\/www.confagricoltura.org\/piacenza\/caf-e-patronato-di-confagricoltura-sono-a-disposizione-di-tutti\/"},"author":{"name":"confagricolturapiacenza","@id":"https:\/\/www.confagricoltura.org\/piacenza\/#\/schema\/person\/be5da25a3117fea4b3bfec9dba09b5e8"},"headline":"CAF E PATRONATO DI CONFAGRICOLTURA SONO A DISPOSIZIONE DI TUTTI","datePublished":"2025-04-03T14:28:51+00:00","dateModified":"2025-04-16T14:30:47+00:00","mainEntityOfPage":{"@id":"https:\/\/www.confagricoltura.org\/piacenza\/caf-e-patronato-di-confagricoltura-sono-a-disposizione-di-tutti\/"},"wordCount":541,"image":{"@id":"https:\/\/www.confagricoltura.org\/piacenza\/caf-e-patronato-di-confagricoltura-sono-a-disposizione-di-tutti\/#primaryimage"},"thumbnailUrl":"https:\/\/www.confagricoltura.org\/piacenza\/wp-content\/uploads\/sites\/11\/2025\/04\/Filippi-Modenesi-scaled.jpg","articleSection":["News","Norme fiscali e burocratiche"],"inLanguage":"it-IT"},{"@type":"WebPage","@id":"https:\/\/www.confagricoltura.org\/piacenza\/caf-e-patronato-di-confagricoltura-sono-a-disposizione-di-tutti\/","url":"https:\/\/www.confagricoltura.org\/piacenza\/caf-e-patronato-di-confagricoltura-sono-a-disposizione-di-tutti\/","name":"CAF E PATRONATO DI CONFAGRICOLTURA SONO A DISPOSIZIONE DI TUTTI - Confagricoltura Piacenza","isPartOf":{"@id":"https:\/\/www.confagricoltura.org\/piacenza\/#website"},"primaryImageOfPage":{"@id":"https:\/\/www.confagricoltura.org\/piacenza\/caf-e-patronato-di-confagricoltura-sono-a-disposizione-di-tutti\/#primaryimage"},"image":{"@id":"https:\/\/www.confagricoltura.org\/piacenza\/caf-e-patronato-di-confagricoltura-sono-a-disposizione-di-tutti\/#primaryimage"},"thumbnailUrl":"https:\/\/www.confagricoltura.org\/piacenza\/wp-content\/uploads\/sites\/11\/2025\/04\/Filippi-Modenesi-scaled.jpg","datePublished":"2025-04-03T14:28:51+00:00","dateModified":"2025-04-16T14:30:47+00:00","author":{"@id":"https:\/\/www.confagricoltura.org\/piacenza\/#\/schema\/person\/be5da25a3117fea4b3bfec9dba09b5e8"},"breadcrumb":{"@id":"https:\/\/www.confagricoltura.org\/piacenza\/caf-e-patronato-di-confagricoltura-sono-a-disposizione-di-tutti\/#breadcrumb"},"inLanguage":"it-IT","potentialAction":[{"@type":"ReadAction","target":["https:\/\/www.confagricoltura.org\/piacenza\/caf-e-patronato-di-confagricoltura-sono-a-disposizione-di-tutti\/"]}]},{"@type":"ImageObject","inLanguage":"it-IT","@id":"https:\/\/www.confagricoltura.org\/piacenza\/caf-e-patronato-di-confagricoltura-sono-a-disposizione-di-tutti\/#primaryimage","url":"https:\/\/www.confagricoltura.org\/piacenza\/wp-content\/uploads\/sites\/11\/2025\/04\/Filippi-Modenesi-scaled.jpg","contentUrl":"https:\/\/www.confagricoltura.org\/piacenza\/wp-content\/uploads\/sites\/11\/2025\/04\/Filippi-Modenesi-scaled.jpg","width":2560,"height":1773},{"@type":"BreadcrumbList","@id":"https:\/\/www.confagricoltura.org\/piacenza\/caf-e-patronato-di-confagricoltura-sono-a-disposizione-di-tutti\/#breadcrumb","itemListElement":[{"@type":"ListItem","position":1,"name":"Home","item":"https:\/\/www.confagricoltura.org\/piacenza\/"},{"@type":"ListItem","position":2,"name":"CAF E PATRONATO DI CONFAGRICOLTURA SONO A DISPOSIZIONE DI TUTTI"}]},{"@type":"WebSite","@id":"https:\/\/www.confagricoltura.org\/piacenza\/#website","url":"https:\/\/www.confagricoltura.org\/piacenza\/","name":"Confagricoltura Piacenza","description":"Dalla parte degli Agricoltori","potentialAction":[{"@type":"SearchAction","target":{"@type":"EntryPoint","urlTemplate":"https:\/\/www.confagricoltura.org\/piacenza\/?s={search_term_string}"},"query-input":{"@type":"PropertyValueSpecification","valueRequired":true,"valueName":"search_term_string"}}],"inLanguage":"it-IT"},{"@type":"Person","@id":"https:\/\/www.confagricoltura.org\/piacenza\/#\/schema\/person\/be5da25a3117fea4b3bfec9dba09b5e8","name":"confagricolturapiacenza","image":{"@type":"ImageObject","inLanguage":"it-IT","@id":"https:\/\/www.confagricoltura.org\/piacenza\/#\/schema\/person\/image\/","url":"https:\/\/secure.gravatar.com\/avatar\/9c5f111e417171581853bd0a3ff892ca?s=96&d=mm&r=g","contentUrl":"https:\/\/secure.gravatar.com\/avatar\/9c5f111e417171581853bd0a3ff892ca?s=96&d=mm&r=g","caption":"confagricolturapiacenza"},"url":"https:\/\/www.confagricoltura.org\/piacenza\/author\/confagricolturapiacenza\/"}]}},"_links":{"self":[{"href":"https:\/\/www.confagricoltura.org\/piacenza\/wp-json\/wp\/v2\/posts\/5006","targetHints":{"allow":["GET"]}}],"collection":[{"href":"https:\/\/www.confagricoltura.org\/piacenza\/wp-json\/wp\/v2\/posts"}],"about":[{"href":"https:\/\/www.confagricoltura.org\/piacenza\/wp-json\/wp\/v2\/types\/post"}],"author":[{"embeddable":true,"href":"https:\/\/www.confagricoltura.org\/piacenza\/wp-json\/wp\/v2\/users\/6"}],"replies":[{"embeddable":true,"href":"https:\/\/www.confagricoltura.org\/piacenza\/wp-json\/wp\/v2\/comments?post=5006"}],"version-history":[{"count":1,"href":"https:\/\/www.confagricoltura.org\/piacenza\/wp-json\/wp\/v2\/posts\/5006\/revisions"}],"predecessor-version":[{"id":5008,"href":"https:\/\/www.confagricoltura.org\/piacenza\/wp-json\/wp\/v2\/posts\/5006\/revisions\/5008"}],"wp:featuredmedia":[{"embeddable":true,"href":"https:\/\/www.confagricoltura.org\/piacenza\/wp-json\/wp\/v2\/media\/5007"}],"wp:attachment":[{"href":"https:\/\/www.confagricoltura.org\/piacenza\/wp-json\/wp\/v2\/media?parent=5006"}],"wp:term":[{"taxonomy":"category","embeddable":true,"href":"https:\/\/www.confagricoltura.org\/piacenza\/wp-json\/wp\/v2\/categories?post=5006"},{"taxonomy":"post_tag","embeddable":true,"href":"https:\/\/www.confagricoltura.org\/piacenza\/wp-json\/wp\/v2\/tags?post=5006"}],"curies":[{"name":"wp","href":"https:\/\/api.w.org\/{rel}","templated":true}]}}