{"id":5000,"date":"2025-03-31T16:23:25","date_gmt":"2025-03-31T14:23:25","guid":{"rendered":"https:\/\/www.confagricoltura.org\/piacenza\/?p=5000"},"modified":"2025-04-16T16:25:06","modified_gmt":"2025-04-16T14:25:06","slug":"casi-di-afta-epizootica-in-slovacchia-massima-allerta-per-gli-allevamenti-italiani","status":"publish","type":"post","link":"https:\/\/www.confagricoltura.org\/piacenza\/casi-di-afta-epizootica-in-slovacchia-massima-allerta-per-gli-allevamenti-italiani\/","title":{"rendered":"Casi di Afta epizootica in Slovacchia: massima allerta per gli allevamenti italiani"},"content":{"rendered":"<p>Il Chief Veterinary Officer slovacco ha confermato il 21 marzo la comparsa di tre focolai nel Paese, di cui uno ubicato nella zona di restrizione istituita per il focolaio in Ungheria.\u00a0 Gli altri due focolai si trovano situati in territorio slovacco lungo il Danubio.\u00a0 Di conseguenza, la Direzione Generale della Sanit\u00e0 Animale ha disposto il rintraccio di tutte le partite di animali sensibili all\u2019afta provenienti dalla Slovacchia, negli ultimi 30 giorni, e il controllo su tutte le successive partite di tali animali provenienti da tutto il territorio slovacco. Saranno gli Uffici Veterinari per gli Adempimenti Comunitari, per il tramite dei Servizi Veterinari localmente competenti, a disporre su tali partite il sequestro nei luoghi di prima destinazione, con controlli clinici e di laboratorio. Austria- Non potendo escludere la possibilit\u00e0 di un\u2019estensione dei focolai anche all\u2019Austria, confinante sia con l\u2019Ungheria che con la Slovacchia, gli UVAC predisporranno, per il tramite dei Servizi Veterinari localmente competenti, il sequestro nei luoghi di prima destinazione delle partite di animali aftoso-sensibili, provenienti dai Lander austriaci confinanti e l\u2019esecuzione sulle stesse di controlli clinici e di laboratorio. La notizia dei nuovi focolai si inserisce in un quadro che sta andando via via aggravandosi. A gennaio erano stati registrati i primi casi in Germania.<\/p>\n<p>\u201cL\u2019elevata morbilit\u00e0 della malattia ci pone in condizione di essere pi\u00f9 che allarmati e di chiedere la massima attenzione da subito\u201d \u2013 commenta Alfredo Lucchini presidente della sezione di prodotto lattiero-casearia e vicepresidente di Confagricoltura Piacenza.<\/p>\n<p>L\u2019afta epizootica \u00e8 una malattia acuta, caratterizzata da uno stato febbrile e dalla comparsa di afte, lesioni vescicolari a carico delle mucose e della cute di animali ungulati artiodattili domestici (suini, bovini, bufalini, ovini, caprini) e selvatici (cinghiali, ruminanti selvatici, cervi, ecc). La morbilit\u00e0 pu\u00f2 facilmente raggiungere il 100%, mentre la mortalit\u00e0 \u00e8 normalmente inferiore al 5% Il virus, diffuso con il materiale proveniente da vescicole, secrezioni ed escrezioni (spruzzi di latte, saliva, scolo nasale), \u00e8 in grado di persistere a lungo nell\u2019ambiente, creando condizioni favorevoli alla trasmissione diretta per via aerogena e indiretta. Il contagio indiretto pu\u00f2 avvenire in seguito a contatto con carcasse, organi, escrezioni di animali infetti, oggetti, animali contaminati, prodotti di origine animale, per inalazione di virus trasportato dal vento, attraverso interventi zooiatrici o per mezzo di animali portatori. A ci\u00f2 vanno aggiunti i pascoli, le stalle, i recinti degli animali, i residui di alimenti, i carri ferroviari, le automobili, gli autocarri, ecc. Anche l\u2019uomo pu\u00f2 essere veicolo di contagio accudendo gli animali o manipolando materiale infetto. Dalla fine degli anni \u201960, dopo l\u2019avvio della vaccinazione obbligatoria antiaftosa, i casi di afta negli allevamenti italiani sono stati sempre pi\u00f9 rari. in Italia l\u2019ultima epizoozia da virus, introdotta probabilmente con bovini provenienti dalla Croazia si \u00e8 verificata nel 1993. Va detto che in base all\u2019esperienza accumulata, \u00e8 possibile affermare che il rischio per la salute umana, come conseguenza del contatto diretto con animali infetti e dell\u2019assunzione di alimenti contaminati, \u00e8 praticamente nullo.<\/p>\n<p>\u201cLa malattia \u00e8 molto pericolosa per gli allevamenti \u2013 sottolinea Lucchini \u2013 che in caso di positivit\u00e0 vengono svuotati con l\u2019abbattimento massivo. Dobbiamo essere pronti, anche a distanza di anni in cui non c\u2019\u00e8 stato il bisogno, a mettere in campo da subito le procedure e i protocolli per schermare e proteggere il pi\u00f9 possibile i nostri capi.\u00a0 Chiediamo il massimo supporto delle autorit\u00e0 competenti, sia per la prevenzione e i controlli, sia nella gestione del rischio, con l\u2019attivazione di eventuali fondi assicurativi, nella malaugurata ipotesi che sia necessario attivare misure di sostegno per gli allevamenti colpiti da danni diretti o indiretti\u201d.\u00a0\u00a0 \u201cGli allevatori non possono affrontare l\u2019emergenza da soli \u2013 evidenzia Lucchini &#8211; dobbiamo tutelare gli allevamenti per proteggere le filiere zootecniche e dei prodotti agroalimentari che da esse dipendono\u201d. All\u2019inizio degli anni \u201990, fu sospesa la vaccinazione antiaftosa nell\u2019Unione Europea, in quanto la manipolazione di virus in laboratorio e l\u2019impiego dei vaccini non ben inattivati contribuivano al mantenimento del rischio di diffusione del virus aftoso. La strategia vaccinale fu sostituita dal tempestivo controllo dell\u2019insorgenza dei focolai, con conseguente abbattimento e distruzione degli animali.\u00a0 \u201cChiediamo che venga ripresa l\u2019attivit\u00e0 di ricerca vaccinale e pi\u00f9 in generale un riorientamento delle attivit\u00e0 di ricerca al fine di considerare queste priorit\u00e0. Nella protezione degli animali si realizza il primo assunto del loro benessere, ancor prima che nel rispetto di norme legate al grado di comfort o di agio. La salubrit\u00e0 del patrimonio zootecnico protegge anche l\u2019economia e la produttivit\u00e0 dell\u2019allevamento, oltre ad esercitare la tutela dell\u2019ambiente. Si immagini l\u2019impatto ambientale che pu\u00f2 avere lo svuotamento di un allevamento con la distruzione dei capi. Nell\u2019immediato, non vogliamo rivivere l\u2019attendismo verificatosi con la Psa per i suini. Dobbiamo essere tutti pronti \u2013 conclude &#8211; a gestire il mutato contesto di diffusione virale mettendo in atto da subito tutte le misure di tutela per avere il massimo grado di protezione sistemica\u201d.<\/p>\n","protected":false},"excerpt":{"rendered":"<p>Lucchini: \u00e8 una malattia estremamente infettiva, non ripercorriamo l\u2019attendismo verificatosi con la Psa <\/p>\n","protected":false},"author":6,"featured_media":3589,"comment_status":"closed","ping_status":"closed","sticky":false,"template":"","format":"standard","meta":{"wp_mapbox_gl_js_media":[],"footnotes":""},"categories":[4,13],"tags":[],"class_list":["post-5000","post","type-post","status-publish","format-standard","has-post-thumbnail","hentry","category-news","category-settore-bovino"],"yoast_head":"<!-- This site is optimized with the Yoast SEO plugin v26.8 - https:\/\/yoast.com\/product\/yoast-seo-wordpress\/ -->\n<title>Casi di Afta epizootica in Slovacchia: massima allerta per gli allevamenti italiani - Confagricoltura Piacenza<\/title>\n<meta name=\"robots\" content=\"index, follow, max-snippet:-1, max-image-preview:large, max-video-preview:-1\" \/>\n<link rel=\"canonical\" href=\"https:\/\/www.confagricoltura.org\/piacenza\/casi-di-afta-epizootica-in-slovacchia-massima-allerta-per-gli-allevamenti-italiani\/\" \/>\n<meta property=\"og:locale\" content=\"it_IT\" \/>\n<meta property=\"og:type\" content=\"article\" \/>\n<meta property=\"og:title\" content=\"Casi di Afta epizootica in Slovacchia: massima allerta per gli allevamenti italiani - Confagricoltura Piacenza\" \/>\n<meta property=\"og:description\" content=\"Lucchini: \u00e8 una malattia estremamente infettiva, non ripercorriamo l\u2019attendismo verificatosi con la Psa\" \/>\n<meta property=\"og:url\" content=\"https:\/\/www.confagricoltura.org\/piacenza\/casi-di-afta-epizootica-in-slovacchia-massima-allerta-per-gli-allevamenti-italiani\/\" \/>\n<meta property=\"og:site_name\" content=\"Confagricoltura Piacenza\" \/>\n<meta property=\"article:published_time\" content=\"2025-03-31T14:23:25+00:00\" \/>\n<meta property=\"article:modified_time\" content=\"2025-04-16T14:25:06+00:00\" \/>\n<meta property=\"og:image\" content=\"https:\/\/www.confagricoltura.org\/piacenza\/wp-content\/uploads\/sites\/11\/2022\/01\/Alfredo-Lucchini-scaled.jpg\" \/>\n\t<meta property=\"og:image:width\" content=\"1920\" \/>\n\t<meta property=\"og:image:height\" content=\"2560\" \/>\n\t<meta property=\"og:image:type\" content=\"image\/jpeg\" \/>\n<meta name=\"author\" content=\"confagricolturapiacenza\" \/>\n<meta name=\"twitter:card\" content=\"summary_large_image\" \/>\n<meta name=\"twitter:label1\" content=\"Scritto da\" \/>\n\t<meta name=\"twitter:data1\" content=\"confagricolturapiacenza\" \/>\n\t<meta name=\"twitter:label2\" content=\"Tempo di lettura stimato\" \/>\n\t<meta name=\"twitter:data2\" content=\"5 minuti\" \/>\n<script type=\"application\/ld+json\" class=\"yoast-schema-graph\">{\"@context\":\"https:\/\/schema.org\",\"@graph\":[{\"@type\":\"Article\",\"@id\":\"https:\/\/www.confagricoltura.org\/piacenza\/casi-di-afta-epizootica-in-slovacchia-massima-allerta-per-gli-allevamenti-italiani\/#article\",\"isPartOf\":{\"@id\":\"https:\/\/www.confagricoltura.org\/piacenza\/casi-di-afta-epizootica-in-slovacchia-massima-allerta-per-gli-allevamenti-italiani\/\"},\"author\":{\"name\":\"confagricolturapiacenza\",\"@id\":\"https:\/\/www.confagricoltura.org\/piacenza\/#\/schema\/person\/be5da25a3117fea4b3bfec9dba09b5e8\"},\"headline\":\"Casi di Afta epizootica in Slovacchia: massima allerta per gli allevamenti italiani\",\"datePublished\":\"2025-03-31T14:23:25+00:00\",\"dateModified\":\"2025-04-16T14:25:06+00:00\",\"mainEntityOfPage\":{\"@id\":\"https:\/\/www.confagricoltura.org\/piacenza\/casi-di-afta-epizootica-in-slovacchia-massima-allerta-per-gli-allevamenti-italiani\/\"},\"wordCount\":823,\"image\":{\"@id\":\"https:\/\/www.confagricoltura.org\/piacenza\/casi-di-afta-epizootica-in-slovacchia-massima-allerta-per-gli-allevamenti-italiani\/#primaryimage\"},\"thumbnailUrl\":\"https:\/\/www.confagricoltura.org\/piacenza\/wp-content\/uploads\/sites\/11\/2022\/01\/Alfredo-Lucchini-scaled.jpg\",\"articleSection\":[\"News\",\"Settore bovino\"],\"inLanguage\":\"it-IT\"},{\"@type\":\"WebPage\",\"@id\":\"https:\/\/www.confagricoltura.org\/piacenza\/casi-di-afta-epizootica-in-slovacchia-massima-allerta-per-gli-allevamenti-italiani\/\",\"url\":\"https:\/\/www.confagricoltura.org\/piacenza\/casi-di-afta-epizootica-in-slovacchia-massima-allerta-per-gli-allevamenti-italiani\/\",\"name\":\"Casi di Afta epizootica in Slovacchia: massima allerta per gli allevamenti italiani - Confagricoltura Piacenza\",\"isPartOf\":{\"@id\":\"https:\/\/www.confagricoltura.org\/piacenza\/#website\"},\"primaryImageOfPage\":{\"@id\":\"https:\/\/www.confagricoltura.org\/piacenza\/casi-di-afta-epizootica-in-slovacchia-massima-allerta-per-gli-allevamenti-italiani\/#primaryimage\"},\"image\":{\"@id\":\"https:\/\/www.confagricoltura.org\/piacenza\/casi-di-afta-epizootica-in-slovacchia-massima-allerta-per-gli-allevamenti-italiani\/#primaryimage\"},\"thumbnailUrl\":\"https:\/\/www.confagricoltura.org\/piacenza\/wp-content\/uploads\/sites\/11\/2022\/01\/Alfredo-Lucchini-scaled.jpg\",\"datePublished\":\"2025-03-31T14:23:25+00:00\",\"dateModified\":\"2025-04-16T14:25:06+00:00\",\"author\":{\"@id\":\"https:\/\/www.confagricoltura.org\/piacenza\/#\/schema\/person\/be5da25a3117fea4b3bfec9dba09b5e8\"},\"breadcrumb\":{\"@id\":\"https:\/\/www.confagricoltura.org\/piacenza\/casi-di-afta-epizootica-in-slovacchia-massima-allerta-per-gli-allevamenti-italiani\/#breadcrumb\"},\"inLanguage\":\"it-IT\",\"potentialAction\":[{\"@type\":\"ReadAction\",\"target\":[\"https:\/\/www.confagricoltura.org\/piacenza\/casi-di-afta-epizootica-in-slovacchia-massima-allerta-per-gli-allevamenti-italiani\/\"]}]},{\"@type\":\"ImageObject\",\"inLanguage\":\"it-IT\",\"@id\":\"https:\/\/www.confagricoltura.org\/piacenza\/casi-di-afta-epizootica-in-slovacchia-massima-allerta-per-gli-allevamenti-italiani\/#primaryimage\",\"url\":\"https:\/\/www.confagricoltura.org\/piacenza\/wp-content\/uploads\/sites\/11\/2022\/01\/Alfredo-Lucchini-scaled.jpg\",\"contentUrl\":\"https:\/\/www.confagricoltura.org\/piacenza\/wp-content\/uploads\/sites\/11\/2022\/01\/Alfredo-Lucchini-scaled.jpg\",\"width\":1920,\"height\":2560},{\"@type\":\"BreadcrumbList\",\"@id\":\"https:\/\/www.confagricoltura.org\/piacenza\/casi-di-afta-epizootica-in-slovacchia-massima-allerta-per-gli-allevamenti-italiani\/#breadcrumb\",\"itemListElement\":[{\"@type\":\"ListItem\",\"position\":1,\"name\":\"Home\",\"item\":\"https:\/\/www.confagricoltura.org\/piacenza\/\"},{\"@type\":\"ListItem\",\"position\":2,\"name\":\"Casi di Afta epizootica in Slovacchia: massima allerta per gli allevamenti italiani\"}]},{\"@type\":\"WebSite\",\"@id\":\"https:\/\/www.confagricoltura.org\/piacenza\/#website\",\"url\":\"https:\/\/www.confagricoltura.org\/piacenza\/\",\"name\":\"Confagricoltura Piacenza\",\"description\":\"Dalla parte degli Agricoltori\",\"potentialAction\":[{\"@type\":\"SearchAction\",\"target\":{\"@type\":\"EntryPoint\",\"urlTemplate\":\"https:\/\/www.confagricoltura.org\/piacenza\/?s={search_term_string}\"},\"query-input\":{\"@type\":\"PropertyValueSpecification\",\"valueRequired\":true,\"valueName\":\"search_term_string\"}}],\"inLanguage\":\"it-IT\"},{\"@type\":\"Person\",\"@id\":\"https:\/\/www.confagricoltura.org\/piacenza\/#\/schema\/person\/be5da25a3117fea4b3bfec9dba09b5e8\",\"name\":\"confagricolturapiacenza\",\"image\":{\"@type\":\"ImageObject\",\"inLanguage\":\"it-IT\",\"@id\":\"https:\/\/www.confagricoltura.org\/piacenza\/#\/schema\/person\/image\/\",\"url\":\"https:\/\/secure.gravatar.com\/avatar\/9c5f111e417171581853bd0a3ff892ca?s=96&d=mm&r=g\",\"contentUrl\":\"https:\/\/secure.gravatar.com\/avatar\/9c5f111e417171581853bd0a3ff892ca?s=96&d=mm&r=g\",\"caption\":\"confagricolturapiacenza\"},\"url\":\"https:\/\/www.confagricoltura.org\/piacenza\/author\/confagricolturapiacenza\/\"}]}<\/script>\n<!-- \/ Yoast SEO plugin. -->","yoast_head_json":{"title":"Casi di Afta epizootica in Slovacchia: massima allerta per gli allevamenti italiani - Confagricoltura Piacenza","robots":{"index":"index","follow":"follow","max-snippet":"max-snippet:-1","max-image-preview":"max-image-preview:large","max-video-preview":"max-video-preview:-1"},"canonical":"https:\/\/www.confagricoltura.org\/piacenza\/casi-di-afta-epizootica-in-slovacchia-massima-allerta-per-gli-allevamenti-italiani\/","og_locale":"it_IT","og_type":"article","og_title":"Casi di Afta epizootica in Slovacchia: massima allerta per gli allevamenti italiani - Confagricoltura Piacenza","og_description":"Lucchini: \u00e8 una malattia estremamente infettiva, non ripercorriamo l\u2019attendismo verificatosi con la Psa","og_url":"https:\/\/www.confagricoltura.org\/piacenza\/casi-di-afta-epizootica-in-slovacchia-massima-allerta-per-gli-allevamenti-italiani\/","og_site_name":"Confagricoltura Piacenza","article_published_time":"2025-03-31T14:23:25+00:00","article_modified_time":"2025-04-16T14:25:06+00:00","og_image":[{"width":1920,"height":2560,"url":"https:\/\/www.confagricoltura.org\/piacenza\/wp-content\/uploads\/sites\/11\/2022\/01\/Alfredo-Lucchini-scaled.jpg","type":"image\/jpeg"}],"author":"confagricolturapiacenza","twitter_card":"summary_large_image","twitter_misc":{"Scritto da":"confagricolturapiacenza","Tempo di lettura stimato":"5 minuti"},"schema":{"@context":"https:\/\/schema.org","@graph":[{"@type":"Article","@id":"https:\/\/www.confagricoltura.org\/piacenza\/casi-di-afta-epizootica-in-slovacchia-massima-allerta-per-gli-allevamenti-italiani\/#article","isPartOf":{"@id":"https:\/\/www.confagricoltura.org\/piacenza\/casi-di-afta-epizootica-in-slovacchia-massima-allerta-per-gli-allevamenti-italiani\/"},"author":{"name":"confagricolturapiacenza","@id":"https:\/\/www.confagricoltura.org\/piacenza\/#\/schema\/person\/be5da25a3117fea4b3bfec9dba09b5e8"},"headline":"Casi di Afta epizootica in Slovacchia: massima allerta per gli allevamenti italiani","datePublished":"2025-03-31T14:23:25+00:00","dateModified":"2025-04-16T14:25:06+00:00","mainEntityOfPage":{"@id":"https:\/\/www.confagricoltura.org\/piacenza\/casi-di-afta-epizootica-in-slovacchia-massima-allerta-per-gli-allevamenti-italiani\/"},"wordCount":823,"image":{"@id":"https:\/\/www.confagricoltura.org\/piacenza\/casi-di-afta-epizootica-in-slovacchia-massima-allerta-per-gli-allevamenti-italiani\/#primaryimage"},"thumbnailUrl":"https:\/\/www.confagricoltura.org\/piacenza\/wp-content\/uploads\/sites\/11\/2022\/01\/Alfredo-Lucchini-scaled.jpg","articleSection":["News","Settore bovino"],"inLanguage":"it-IT"},{"@type":"WebPage","@id":"https:\/\/www.confagricoltura.org\/piacenza\/casi-di-afta-epizootica-in-slovacchia-massima-allerta-per-gli-allevamenti-italiani\/","url":"https:\/\/www.confagricoltura.org\/piacenza\/casi-di-afta-epizootica-in-slovacchia-massima-allerta-per-gli-allevamenti-italiani\/","name":"Casi di Afta epizootica in Slovacchia: massima allerta per gli allevamenti italiani - Confagricoltura Piacenza","isPartOf":{"@id":"https:\/\/www.confagricoltura.org\/piacenza\/#website"},"primaryImageOfPage":{"@id":"https:\/\/www.confagricoltura.org\/piacenza\/casi-di-afta-epizootica-in-slovacchia-massima-allerta-per-gli-allevamenti-italiani\/#primaryimage"},"image":{"@id":"https:\/\/www.confagricoltura.org\/piacenza\/casi-di-afta-epizootica-in-slovacchia-massima-allerta-per-gli-allevamenti-italiani\/#primaryimage"},"thumbnailUrl":"https:\/\/www.confagricoltura.org\/piacenza\/wp-content\/uploads\/sites\/11\/2022\/01\/Alfredo-Lucchini-scaled.jpg","datePublished":"2025-03-31T14:23:25+00:00","dateModified":"2025-04-16T14:25:06+00:00","author":{"@id":"https:\/\/www.confagricoltura.org\/piacenza\/#\/schema\/person\/be5da25a3117fea4b3bfec9dba09b5e8"},"breadcrumb":{"@id":"https:\/\/www.confagricoltura.org\/piacenza\/casi-di-afta-epizootica-in-slovacchia-massima-allerta-per-gli-allevamenti-italiani\/#breadcrumb"},"inLanguage":"it-IT","potentialAction":[{"@type":"ReadAction","target":["https:\/\/www.confagricoltura.org\/piacenza\/casi-di-afta-epizootica-in-slovacchia-massima-allerta-per-gli-allevamenti-italiani\/"]}]},{"@type":"ImageObject","inLanguage":"it-IT","@id":"https:\/\/www.confagricoltura.org\/piacenza\/casi-di-afta-epizootica-in-slovacchia-massima-allerta-per-gli-allevamenti-italiani\/#primaryimage","url":"https:\/\/www.confagricoltura.org\/piacenza\/wp-content\/uploads\/sites\/11\/2022\/01\/Alfredo-Lucchini-scaled.jpg","contentUrl":"https:\/\/www.confagricoltura.org\/piacenza\/wp-content\/uploads\/sites\/11\/2022\/01\/Alfredo-Lucchini-scaled.jpg","width":1920,"height":2560},{"@type":"BreadcrumbList","@id":"https:\/\/www.confagricoltura.org\/piacenza\/casi-di-afta-epizootica-in-slovacchia-massima-allerta-per-gli-allevamenti-italiani\/#breadcrumb","itemListElement":[{"@type":"ListItem","position":1,"name":"Home","item":"https:\/\/www.confagricoltura.org\/piacenza\/"},{"@type":"ListItem","position":2,"name":"Casi di Afta epizootica in Slovacchia: massima allerta per gli allevamenti italiani"}]},{"@type":"WebSite","@id":"https:\/\/www.confagricoltura.org\/piacenza\/#website","url":"https:\/\/www.confagricoltura.org\/piacenza\/","name":"Confagricoltura Piacenza","description":"Dalla parte degli Agricoltori","potentialAction":[{"@type":"SearchAction","target":{"@type":"EntryPoint","urlTemplate":"https:\/\/www.confagricoltura.org\/piacenza\/?s={search_term_string}"},"query-input":{"@type":"PropertyValueSpecification","valueRequired":true,"valueName":"search_term_string"}}],"inLanguage":"it-IT"},{"@type":"Person","@id":"https:\/\/www.confagricoltura.org\/piacenza\/#\/schema\/person\/be5da25a3117fea4b3bfec9dba09b5e8","name":"confagricolturapiacenza","image":{"@type":"ImageObject","inLanguage":"it-IT","@id":"https:\/\/www.confagricoltura.org\/piacenza\/#\/schema\/person\/image\/","url":"https:\/\/secure.gravatar.com\/avatar\/9c5f111e417171581853bd0a3ff892ca?s=96&d=mm&r=g","contentUrl":"https:\/\/secure.gravatar.com\/avatar\/9c5f111e417171581853bd0a3ff892ca?s=96&d=mm&r=g","caption":"confagricolturapiacenza"},"url":"https:\/\/www.confagricoltura.org\/piacenza\/author\/confagricolturapiacenza\/"}]}},"_links":{"self":[{"href":"https:\/\/www.confagricoltura.org\/piacenza\/wp-json\/wp\/v2\/posts\/5000","targetHints":{"allow":["GET"]}}],"collection":[{"href":"https:\/\/www.confagricoltura.org\/piacenza\/wp-json\/wp\/v2\/posts"}],"about":[{"href":"https:\/\/www.confagricoltura.org\/piacenza\/wp-json\/wp\/v2\/types\/post"}],"author":[{"embeddable":true,"href":"https:\/\/www.confagricoltura.org\/piacenza\/wp-json\/wp\/v2\/users\/6"}],"replies":[{"embeddable":true,"href":"https:\/\/www.confagricoltura.org\/piacenza\/wp-json\/wp\/v2\/comments?post=5000"}],"version-history":[{"count":1,"href":"https:\/\/www.confagricoltura.org\/piacenza\/wp-json\/wp\/v2\/posts\/5000\/revisions"}],"predecessor-version":[{"id":5001,"href":"https:\/\/www.confagricoltura.org\/piacenza\/wp-json\/wp\/v2\/posts\/5000\/revisions\/5001"}],"wp:featuredmedia":[{"embeddable":true,"href":"https:\/\/www.confagricoltura.org\/piacenza\/wp-json\/wp\/v2\/media\/3589"}],"wp:attachment":[{"href":"https:\/\/www.confagricoltura.org\/piacenza\/wp-json\/wp\/v2\/media?parent=5000"}],"wp:term":[{"taxonomy":"category","embeddable":true,"href":"https:\/\/www.confagricoltura.org\/piacenza\/wp-json\/wp\/v2\/categories?post=5000"},{"taxonomy":"post_tag","embeddable":true,"href":"https:\/\/www.confagricoltura.org\/piacenza\/wp-json\/wp\/v2\/tags?post=5000"}],"curies":[{"name":"wp","href":"https:\/\/api.w.org\/{rel}","templated":true}]}}