{"id":4995,"date":"2025-03-27T16:17:41","date_gmt":"2025-03-27T15:17:41","guid":{"rendered":"https:\/\/www.confagricoltura.org\/piacenza\/?p=4995"},"modified":"2025-04-16T16:19:31","modified_gmt":"2025-04-16T14:19:31","slug":"nuova-pac-gli-agricoltori-chiedono-al-primo-posto-la-produttivita-agricola","status":"publish","type":"post","link":"https:\/\/www.confagricoltura.org\/piacenza\/nuova-pac-gli-agricoltori-chiedono-al-primo-posto-la-produttivita-agricola\/","title":{"rendered":"Nuova Pac: gli agricoltori chiedono al primo posto la produttivit\u00e0 agricola"},"content":{"rendered":"<p>Il dibattito sulla nuova PAC si inserisce in un contesto europeo di grande fermento. La necessit\u00e0 di un\u2019agricoltura pi\u00f9 produttiva e competitiva si scontra con le sfide legate alla sostenibilit\u00e0 e ai costi di produzione. La posizione di Confagricoltura \u00e8 chiara: un&#8217;agricoltura che sia in grado di garantire sicurezza alimentare ai cittadini e redditi agli agricoltori, avvalendosi degli strumenti offerti dalla scienza e dalla tecnologia.<\/p>\n<p>Sul tema \u00e8 intervenuto anche il presidente di Confagricoltura, Massimiliano Giansanti, durante l&#8217;evento &#8220;Agricoltura \u00c8&#8221; a Roma: &#8220;Nel documento presentato dal Commissario all&#8217;Agricoltura e allo Sviluppo Rurale, Christophe Hansen, ci sono elementi che aspettavamo da troppo tempo. Primo fra tutti la tutela della produttivit\u00e0. Per dare concretezza alle richieste degli agricoltori occorrono modelli agricoli innovativi che consentano agli agricoltori di accedere ai frutti della ricerca e della scienza, alle risorse digitali e alla tecnologia&#8221;.<\/p>\n<p>Giansanti ha ribadito l&#8217;importanza di mantenere una PAC forte e adeguatamente finanziata: &#8220;Diciamo no al Fondo Unico europeo e s\u00ec a un&#8217;agricoltura che dia garanzie pi\u00f9 alte in termini di sviluppo, approvvigionamenti, stabilit\u00e0 dei mercati e prezzi equi ai consumatori\u201d.<\/p>\n<p>\u201cIl tema della sicurezza alimentare \u00e8 cruciale nel nuovo assetto della PAC \u2013 commenta Umberto Gorra, presidente di Confagricoltura Piacenza \u2013 Giansanti che, in quanto presidente del Copa, \u00e8 l\u2019interlocutore del Commissario Hansen in rappresentanza di tutti gli imprenditori agricoli europei, ha sottolineato come la garanzia di un approvvigionamento stabile per i cittadini europei debba essere la priorit\u00e0 assoluta. L&#8217;impalcatura dell&#8217;attuale Politica Agricola Comunitaria sar\u00e0 la base di partenza della nuova PAC.\u00a0 Questo, potenzialmente \u00e8 un difetto perch\u00e9 vorremmo pi\u00f9 coraggio nella semplificazione. Oggi ci sono troppe misure che si concretizzano in una miriade di bandi talvolta con l\u2019effetto di polverizzare e disperdere a pioggia risorse che conseguentemente perdono di efficacia. Nella Pac molte risorse sono e saranno destinate a preservare le risorse naturali, la cui tutela essendo il nostro bene primario \u00e8 certamente anche di nostro interesse, ma per migliorare bisogna rifocalizzare il mercato, perch\u00e9 mai come oggi dobbiamo garantire sicurezza alimentare ai cittadini europei&#8221;.<\/p>\n<p>Un concetto, quello della sicurezza alimentare, che affonda le radici gi\u00e0 nel Trattato di Roma, costitutivo dell&#8217;Unione Europea e di cui qualche giorno fa si \u00e8 celebrato l\u2019anniversario della firma.<\/p>\n<p>&#8220;Dobbiamo tornare a garantire sicurezza alimentare in uno scenario difficile \u2013 evidenzia Gorra &#8211; dove chi oggi dispone del prodotto fa le condizioni di mercato. Altro punto fondamentale, strettamente legato alla questione \u2013 prosegue il presidente degli agricoltori &#8211; e su cui si concentra l&#8217;azione di Confagricoltura, riguarda l&#8217;utilizzo delle Tecniche di Evoluzione Assistita (TEA), che potrebbero rappresentare una svolta per la sostenibilit\u00e0 e la produttivit\u00e0 agricola. Occorre permettere agli agricoltori di avere accesso agli strumenti della ricerca e dell&#8217;innovazione, compresi quelli legati al miglioramento genetico delle colture\u201d.<\/p>\n<p>Dal Consiglio Agrifish del 24 marzo 2025 emerge un chiaro sostegno alla nuova visione della Politica Agricola Comune (PAC) delineata dal Commissario Hansen. Il documento &#8220;Una visione per l&#8217;agricoltura e l&#8217;alimentazione &#8211; Realizzare insieme un settore agricolo e alimentare dell&#8217;Ue attrattivo per le generazioni future&#8221; segna un cambiamento di paradigma nelle politiche europee, riaffermando la centralit\u00e0 della sovranit\u00e0 alimentare e della produttivit\u00e0 del settore primario.<\/p>\n<p>Si spera che l\u2019attesa semplificazione della PAC si spera possa rappresentare un passo avanti, ma per Confagricoltura serve un cambiamento pi\u00f9 profondo e strutturale. &#8220;Ci aspettiamo \u2013 ha detto il presidente Giansanti &#8211; un bilancio per l&#8217;agricoltura UE ambizioso. L&#8217;accesso al mercato diventa sempre pi\u00f9 complesso &#8220;.<\/p>\n<p>&#8220;Le imprese agricole stanno sostenendo costi sempre pi\u00f9 elevati \u2013 conclude il presidente piacentino Umberto Gorra &#8211; soprattutto sul fronte energetico. Non possiamo lasciare indietro le aziende agricole: occorre caratterizzare maggiormente la politica agricola con strumenti che permettano agli agricoltori di essere pi\u00f9 performanti &#8220;.<\/p>\n","protected":false},"excerpt":{"rendered":"<p>Gorra (Confagricoltura Piacenza): fondamentale garantire la sicurezza alimentare e l&#8217;uso delle TEA<\/p>\n","protected":false},"author":6,"featured_media":4935,"comment_status":"closed","ping_status":"closed","sticky":false,"template":"","format":"standard","meta":{"wp_mapbox_gl_js_media":[],"footnotes":""},"categories":[21,4],"tags":[],"class_list":["post-4995","post","type-post","status-publish","format-standard","has-post-thumbnail","hentry","category-eventi","category-news"],"yoast_head":"<!-- This site is optimized with the Yoast SEO plugin v26.8 - https:\/\/yoast.com\/product\/yoast-seo-wordpress\/ -->\n<title>Nuova Pac: gli agricoltori chiedono al primo posto la produttivit\u00e0 agricola - Confagricoltura Piacenza<\/title>\n<meta name=\"robots\" content=\"index, follow, max-snippet:-1, max-image-preview:large, max-video-preview:-1\" \/>\n<link rel=\"canonical\" href=\"https:\/\/www.confagricoltura.org\/piacenza\/nuova-pac-gli-agricoltori-chiedono-al-primo-posto-la-produttivita-agricola\/\" \/>\n<meta property=\"og:locale\" content=\"it_IT\" \/>\n<meta property=\"og:type\" content=\"article\" \/>\n<meta property=\"og:title\" content=\"Nuova Pac: gli agricoltori chiedono al primo posto la produttivit\u00e0 agricola - Confagricoltura Piacenza\" \/>\n<meta property=\"og:description\" content=\"Gorra (Confagricoltura Piacenza): fondamentale garantire la sicurezza alimentare e l&#039;uso delle TEA\" \/>\n<meta property=\"og:url\" content=\"https:\/\/www.confagricoltura.org\/piacenza\/nuova-pac-gli-agricoltori-chiedono-al-primo-posto-la-produttivita-agricola\/\" \/>\n<meta property=\"og:site_name\" content=\"Confagricoltura Piacenza\" \/>\n<meta property=\"article:published_time\" content=\"2025-03-27T15:17:41+00:00\" \/>\n<meta property=\"article:modified_time\" content=\"2025-04-16T14:19:31+00:00\" \/>\n<meta property=\"og:image\" content=\"https:\/\/www.confagricoltura.org\/piacenza\/wp-content\/uploads\/sites\/11\/2025\/02\/1_Umberto-Gorra-scaled.jpeg\" \/>\n\t<meta property=\"og:image:width\" content=\"1920\" \/>\n\t<meta property=\"og:image:height\" content=\"2560\" \/>\n\t<meta property=\"og:image:type\" content=\"image\/jpeg\" \/>\n<meta name=\"author\" content=\"confagricolturapiacenza\" \/>\n<meta name=\"twitter:card\" content=\"summary_large_image\" \/>\n<meta name=\"twitter:label1\" content=\"Scritto da\" \/>\n\t<meta name=\"twitter:data1\" content=\"confagricolturapiacenza\" \/>\n\t<meta name=\"twitter:label2\" content=\"Tempo di lettura stimato\" \/>\n\t<meta name=\"twitter:data2\" content=\"4 minuti\" \/>\n<script type=\"application\/ld+json\" class=\"yoast-schema-graph\">{\"@context\":\"https:\/\/schema.org\",\"@graph\":[{\"@type\":\"Article\",\"@id\":\"https:\/\/www.confagricoltura.org\/piacenza\/nuova-pac-gli-agricoltori-chiedono-al-primo-posto-la-produttivita-agricola\/#article\",\"isPartOf\":{\"@id\":\"https:\/\/www.confagricoltura.org\/piacenza\/nuova-pac-gli-agricoltori-chiedono-al-primo-posto-la-produttivita-agricola\/\"},\"author\":{\"name\":\"confagricolturapiacenza\",\"@id\":\"https:\/\/www.confagricoltura.org\/piacenza\/#\/schema\/person\/be5da25a3117fea4b3bfec9dba09b5e8\"},\"headline\":\"Nuova Pac: gli agricoltori chiedono al primo posto la produttivit\u00e0 agricola\",\"datePublished\":\"2025-03-27T15:17:41+00:00\",\"dateModified\":\"2025-04-16T14:19:31+00:00\",\"mainEntityOfPage\":{\"@id\":\"https:\/\/www.confagricoltura.org\/piacenza\/nuova-pac-gli-agricoltori-chiedono-al-primo-posto-la-produttivita-agricola\/\"},\"wordCount\":624,\"image\":{\"@id\":\"https:\/\/www.confagricoltura.org\/piacenza\/nuova-pac-gli-agricoltori-chiedono-al-primo-posto-la-produttivita-agricola\/#primaryimage\"},\"thumbnailUrl\":\"https:\/\/www.confagricoltura.org\/piacenza\/wp-content\/uploads\/sites\/11\/2025\/02\/1_Umberto-Gorra-scaled.jpeg\",\"articleSection\":[\"Eventi\",\"News\"],\"inLanguage\":\"it-IT\"},{\"@type\":\"WebPage\",\"@id\":\"https:\/\/www.confagricoltura.org\/piacenza\/nuova-pac-gli-agricoltori-chiedono-al-primo-posto-la-produttivita-agricola\/\",\"url\":\"https:\/\/www.confagricoltura.org\/piacenza\/nuova-pac-gli-agricoltori-chiedono-al-primo-posto-la-produttivita-agricola\/\",\"name\":\"Nuova Pac: gli agricoltori chiedono al primo posto la produttivit\u00e0 agricola - Confagricoltura Piacenza\",\"isPartOf\":{\"@id\":\"https:\/\/www.confagricoltura.org\/piacenza\/#website\"},\"primaryImageOfPage\":{\"@id\":\"https:\/\/www.confagricoltura.org\/piacenza\/nuova-pac-gli-agricoltori-chiedono-al-primo-posto-la-produttivita-agricola\/#primaryimage\"},\"image\":{\"@id\":\"https:\/\/www.confagricoltura.org\/piacenza\/nuova-pac-gli-agricoltori-chiedono-al-primo-posto-la-produttivita-agricola\/#primaryimage\"},\"thumbnailUrl\":\"https:\/\/www.confagricoltura.org\/piacenza\/wp-content\/uploads\/sites\/11\/2025\/02\/1_Umberto-Gorra-scaled.jpeg\",\"datePublished\":\"2025-03-27T15:17:41+00:00\",\"dateModified\":\"2025-04-16T14:19:31+00:00\",\"author\":{\"@id\":\"https:\/\/www.confagricoltura.org\/piacenza\/#\/schema\/person\/be5da25a3117fea4b3bfec9dba09b5e8\"},\"breadcrumb\":{\"@id\":\"https:\/\/www.confagricoltura.org\/piacenza\/nuova-pac-gli-agricoltori-chiedono-al-primo-posto-la-produttivita-agricola\/#breadcrumb\"},\"inLanguage\":\"it-IT\",\"potentialAction\":[{\"@type\":\"ReadAction\",\"target\":[\"https:\/\/www.confagricoltura.org\/piacenza\/nuova-pac-gli-agricoltori-chiedono-al-primo-posto-la-produttivita-agricola\/\"]}]},{\"@type\":\"ImageObject\",\"inLanguage\":\"it-IT\",\"@id\":\"https:\/\/www.confagricoltura.org\/piacenza\/nuova-pac-gli-agricoltori-chiedono-al-primo-posto-la-produttivita-agricola\/#primaryimage\",\"url\":\"https:\/\/www.confagricoltura.org\/piacenza\/wp-content\/uploads\/sites\/11\/2025\/02\/1_Umberto-Gorra-scaled.jpeg\",\"contentUrl\":\"https:\/\/www.confagricoltura.org\/piacenza\/wp-content\/uploads\/sites\/11\/2025\/02\/1_Umberto-Gorra-scaled.jpeg\",\"width\":1920,\"height\":2560},{\"@type\":\"BreadcrumbList\",\"@id\":\"https:\/\/www.confagricoltura.org\/piacenza\/nuova-pac-gli-agricoltori-chiedono-al-primo-posto-la-produttivita-agricola\/#breadcrumb\",\"itemListElement\":[{\"@type\":\"ListItem\",\"position\":1,\"name\":\"Home\",\"item\":\"https:\/\/www.confagricoltura.org\/piacenza\/\"},{\"@type\":\"ListItem\",\"position\":2,\"name\":\"Nuova Pac: gli agricoltori chiedono al primo posto la produttivit\u00e0 agricola\"}]},{\"@type\":\"WebSite\",\"@id\":\"https:\/\/www.confagricoltura.org\/piacenza\/#website\",\"url\":\"https:\/\/www.confagricoltura.org\/piacenza\/\",\"name\":\"Confagricoltura Piacenza\",\"description\":\"Dalla parte degli Agricoltori\",\"potentialAction\":[{\"@type\":\"SearchAction\",\"target\":{\"@type\":\"EntryPoint\",\"urlTemplate\":\"https:\/\/www.confagricoltura.org\/piacenza\/?s={search_term_string}\"},\"query-input\":{\"@type\":\"PropertyValueSpecification\",\"valueRequired\":true,\"valueName\":\"search_term_string\"}}],\"inLanguage\":\"it-IT\"},{\"@type\":\"Person\",\"@id\":\"https:\/\/www.confagricoltura.org\/piacenza\/#\/schema\/person\/be5da25a3117fea4b3bfec9dba09b5e8\",\"name\":\"confagricolturapiacenza\",\"image\":{\"@type\":\"ImageObject\",\"inLanguage\":\"it-IT\",\"@id\":\"https:\/\/www.confagricoltura.org\/piacenza\/#\/schema\/person\/image\/\",\"url\":\"https:\/\/secure.gravatar.com\/avatar\/9c5f111e417171581853bd0a3ff892ca?s=96&d=mm&r=g\",\"contentUrl\":\"https:\/\/secure.gravatar.com\/avatar\/9c5f111e417171581853bd0a3ff892ca?s=96&d=mm&r=g\",\"caption\":\"confagricolturapiacenza\"},\"url\":\"https:\/\/www.confagricoltura.org\/piacenza\/author\/confagricolturapiacenza\/\"}]}<\/script>\n<!-- \/ Yoast SEO plugin. -->","yoast_head_json":{"title":"Nuova Pac: gli agricoltori chiedono al primo posto la produttivit\u00e0 agricola - Confagricoltura Piacenza","robots":{"index":"index","follow":"follow","max-snippet":"max-snippet:-1","max-image-preview":"max-image-preview:large","max-video-preview":"max-video-preview:-1"},"canonical":"https:\/\/www.confagricoltura.org\/piacenza\/nuova-pac-gli-agricoltori-chiedono-al-primo-posto-la-produttivita-agricola\/","og_locale":"it_IT","og_type":"article","og_title":"Nuova Pac: gli agricoltori chiedono al primo posto la produttivit\u00e0 agricola - Confagricoltura Piacenza","og_description":"Gorra (Confagricoltura Piacenza): fondamentale garantire la sicurezza alimentare e l'uso delle TEA","og_url":"https:\/\/www.confagricoltura.org\/piacenza\/nuova-pac-gli-agricoltori-chiedono-al-primo-posto-la-produttivita-agricola\/","og_site_name":"Confagricoltura Piacenza","article_published_time":"2025-03-27T15:17:41+00:00","article_modified_time":"2025-04-16T14:19:31+00:00","og_image":[{"width":1920,"height":2560,"url":"https:\/\/www.confagricoltura.org\/piacenza\/wp-content\/uploads\/sites\/11\/2025\/02\/1_Umberto-Gorra-scaled.jpeg","type":"image\/jpeg"}],"author":"confagricolturapiacenza","twitter_card":"summary_large_image","twitter_misc":{"Scritto da":"confagricolturapiacenza","Tempo di lettura stimato":"4 minuti"},"schema":{"@context":"https:\/\/schema.org","@graph":[{"@type":"Article","@id":"https:\/\/www.confagricoltura.org\/piacenza\/nuova-pac-gli-agricoltori-chiedono-al-primo-posto-la-produttivita-agricola\/#article","isPartOf":{"@id":"https:\/\/www.confagricoltura.org\/piacenza\/nuova-pac-gli-agricoltori-chiedono-al-primo-posto-la-produttivita-agricola\/"},"author":{"name":"confagricolturapiacenza","@id":"https:\/\/www.confagricoltura.org\/piacenza\/#\/schema\/person\/be5da25a3117fea4b3bfec9dba09b5e8"},"headline":"Nuova Pac: gli agricoltori chiedono al primo posto la produttivit\u00e0 agricola","datePublished":"2025-03-27T15:17:41+00:00","dateModified":"2025-04-16T14:19:31+00:00","mainEntityOfPage":{"@id":"https:\/\/www.confagricoltura.org\/piacenza\/nuova-pac-gli-agricoltori-chiedono-al-primo-posto-la-produttivita-agricola\/"},"wordCount":624,"image":{"@id":"https:\/\/www.confagricoltura.org\/piacenza\/nuova-pac-gli-agricoltori-chiedono-al-primo-posto-la-produttivita-agricola\/#primaryimage"},"thumbnailUrl":"https:\/\/www.confagricoltura.org\/piacenza\/wp-content\/uploads\/sites\/11\/2025\/02\/1_Umberto-Gorra-scaled.jpeg","articleSection":["Eventi","News"],"inLanguage":"it-IT"},{"@type":"WebPage","@id":"https:\/\/www.confagricoltura.org\/piacenza\/nuova-pac-gli-agricoltori-chiedono-al-primo-posto-la-produttivita-agricola\/","url":"https:\/\/www.confagricoltura.org\/piacenza\/nuova-pac-gli-agricoltori-chiedono-al-primo-posto-la-produttivita-agricola\/","name":"Nuova Pac: gli agricoltori chiedono al primo posto la produttivit\u00e0 agricola - Confagricoltura Piacenza","isPartOf":{"@id":"https:\/\/www.confagricoltura.org\/piacenza\/#website"},"primaryImageOfPage":{"@id":"https:\/\/www.confagricoltura.org\/piacenza\/nuova-pac-gli-agricoltori-chiedono-al-primo-posto-la-produttivita-agricola\/#primaryimage"},"image":{"@id":"https:\/\/www.confagricoltura.org\/piacenza\/nuova-pac-gli-agricoltori-chiedono-al-primo-posto-la-produttivita-agricola\/#primaryimage"},"thumbnailUrl":"https:\/\/www.confagricoltura.org\/piacenza\/wp-content\/uploads\/sites\/11\/2025\/02\/1_Umberto-Gorra-scaled.jpeg","datePublished":"2025-03-27T15:17:41+00:00","dateModified":"2025-04-16T14:19:31+00:00","author":{"@id":"https:\/\/www.confagricoltura.org\/piacenza\/#\/schema\/person\/be5da25a3117fea4b3bfec9dba09b5e8"},"breadcrumb":{"@id":"https:\/\/www.confagricoltura.org\/piacenza\/nuova-pac-gli-agricoltori-chiedono-al-primo-posto-la-produttivita-agricola\/#breadcrumb"},"inLanguage":"it-IT","potentialAction":[{"@type":"ReadAction","target":["https:\/\/www.confagricoltura.org\/piacenza\/nuova-pac-gli-agricoltori-chiedono-al-primo-posto-la-produttivita-agricola\/"]}]},{"@type":"ImageObject","inLanguage":"it-IT","@id":"https:\/\/www.confagricoltura.org\/piacenza\/nuova-pac-gli-agricoltori-chiedono-al-primo-posto-la-produttivita-agricola\/#primaryimage","url":"https:\/\/www.confagricoltura.org\/piacenza\/wp-content\/uploads\/sites\/11\/2025\/02\/1_Umberto-Gorra-scaled.jpeg","contentUrl":"https:\/\/www.confagricoltura.org\/piacenza\/wp-content\/uploads\/sites\/11\/2025\/02\/1_Umberto-Gorra-scaled.jpeg","width":1920,"height":2560},{"@type":"BreadcrumbList","@id":"https:\/\/www.confagricoltura.org\/piacenza\/nuova-pac-gli-agricoltori-chiedono-al-primo-posto-la-produttivita-agricola\/#breadcrumb","itemListElement":[{"@type":"ListItem","position":1,"name":"Home","item":"https:\/\/www.confagricoltura.org\/piacenza\/"},{"@type":"ListItem","position":2,"name":"Nuova Pac: gli agricoltori chiedono al primo posto la produttivit\u00e0 agricola"}]},{"@type":"WebSite","@id":"https:\/\/www.confagricoltura.org\/piacenza\/#website","url":"https:\/\/www.confagricoltura.org\/piacenza\/","name":"Confagricoltura Piacenza","description":"Dalla parte degli Agricoltori","potentialAction":[{"@type":"SearchAction","target":{"@type":"EntryPoint","urlTemplate":"https:\/\/www.confagricoltura.org\/piacenza\/?s={search_term_string}"},"query-input":{"@type":"PropertyValueSpecification","valueRequired":true,"valueName":"search_term_string"}}],"inLanguage":"it-IT"},{"@type":"Person","@id":"https:\/\/www.confagricoltura.org\/piacenza\/#\/schema\/person\/be5da25a3117fea4b3bfec9dba09b5e8","name":"confagricolturapiacenza","image":{"@type":"ImageObject","inLanguage":"it-IT","@id":"https:\/\/www.confagricoltura.org\/piacenza\/#\/schema\/person\/image\/","url":"https:\/\/secure.gravatar.com\/avatar\/9c5f111e417171581853bd0a3ff892ca?s=96&d=mm&r=g","contentUrl":"https:\/\/secure.gravatar.com\/avatar\/9c5f111e417171581853bd0a3ff892ca?s=96&d=mm&r=g","caption":"confagricolturapiacenza"},"url":"https:\/\/www.confagricoltura.org\/piacenza\/author\/confagricolturapiacenza\/"}]}},"_links":{"self":[{"href":"https:\/\/www.confagricoltura.org\/piacenza\/wp-json\/wp\/v2\/posts\/4995","targetHints":{"allow":["GET"]}}],"collection":[{"href":"https:\/\/www.confagricoltura.org\/piacenza\/wp-json\/wp\/v2\/posts"}],"about":[{"href":"https:\/\/www.confagricoltura.org\/piacenza\/wp-json\/wp\/v2\/types\/post"}],"author":[{"embeddable":true,"href":"https:\/\/www.confagricoltura.org\/piacenza\/wp-json\/wp\/v2\/users\/6"}],"replies":[{"embeddable":true,"href":"https:\/\/www.confagricoltura.org\/piacenza\/wp-json\/wp\/v2\/comments?post=4995"}],"version-history":[{"count":1,"href":"https:\/\/www.confagricoltura.org\/piacenza\/wp-json\/wp\/v2\/posts\/4995\/revisions"}],"predecessor-version":[{"id":4996,"href":"https:\/\/www.confagricoltura.org\/piacenza\/wp-json\/wp\/v2\/posts\/4995\/revisions\/4996"}],"wp:featuredmedia":[{"embeddable":true,"href":"https:\/\/www.confagricoltura.org\/piacenza\/wp-json\/wp\/v2\/media\/4935"}],"wp:attachment":[{"href":"https:\/\/www.confagricoltura.org\/piacenza\/wp-json\/wp\/v2\/media?parent=4995"}],"wp:term":[{"taxonomy":"category","embeddable":true,"href":"https:\/\/www.confagricoltura.org\/piacenza\/wp-json\/wp\/v2\/categories?post=4995"},{"taxonomy":"post_tag","embeddable":true,"href":"https:\/\/www.confagricoltura.org\/piacenza\/wp-json\/wp\/v2\/tags?post=4995"}],"curies":[{"name":"wp","href":"https:\/\/api.w.org\/{rel}","templated":true}]}}