{"id":4983,"date":"2025-03-06T09:53:17","date_gmt":"2025-03-06T08:53:17","guid":{"rendered":"https:\/\/www.confagricoltura.org\/piacenza\/?p=4983"},"modified":"2025-03-07T10:33:44","modified_gmt":"2025-03-07T09:33:44","slug":"i-giovani-di-confagricoltura-anga-di-piacenza-fanno-il-punto-sulla-pac-presente-e-futura","status":"publish","type":"post","link":"https:\/\/www.confagricoltura.org\/piacenza\/i-giovani-di-confagricoltura-anga-di-piacenza-fanno-il-punto-sulla-pac-presente-e-futura\/","title":{"rendered":"I Giovani di Confagricoltura &#8211; Anga di Piacenza fanno il punto sulla Pac, presente e futura"},"content":{"rendered":"<p>Si \u00e8 tenuto nei giorni scorsi un incontro riservato ai Giovani di Confagricoltura ANGA- sezione di Piacenza- dedicato a un aggiornamento sulla Pac ai fini della domanda unica 2025 e a una prima analisi dei documenti di indirizzo presentati dalla Commissione Europea che andranno a costituire le fondamenta della nuova Pac 2028-2034.<\/p>\n<p>\u201cSono contento della buona partecipazione a questo incontro &#8211; ha esordito Filippo Losi, presidente di Anga Piacenza di fronte ad una sala gremita &#8211; si tratta di un\u2019iniziativa riservata ai giovani imprenditori associati ad Anga. L\u2019associazione sta crescendo in numero di associati e in iniziative, significa che il nostro impegno \u00e8 apprezzato e che le proposte sono ritenute utili da parte dei giovani imprenditori agricoli. A questo seguiranno altri appuntamenti\u201d. L\u2019incontro ha fatto il punto sulla mini-riforma della Pac in essere e sulle ultime novit\u00e0. \u201cAvremmo voluto una semplificazione decisamente pi\u00f9 radicale \u2013 ha commentato Losi &#8211; invece vediamo che da riforma in riforma si va sempre e comunque verso maggiori gradi di complessit\u00e0. L\u2019aspetto pi\u00f9 positivo delle semplificazioni introdotte recentemente \u00e8 la possibilit\u00e0 di optare per la diversificazione in luogo della rotazione, ma ci piace poco tutta l\u2019impalcatura degli eco-schemi che di fatto si traduce in un taglio al sostegno di base. Per il futuro speriamo in una forte semplificazione\u201d.<\/p>\n<p>Durante l\u2019incontro sono stati condivisi dati elaborati da Agrea sulla Pac 2023 in raffronto con i dati 2022.\u00a0 Il saldo negativo del numero di aziende che in Emilia &#8211; Romagna non hanno presentato Domanda unica \u00e8 di 857 imprese. 18.348 sono le aziende che hanno percepito un incremento del premio e 18256 quelle che invece hanno subito un decremento, ma il saldo complessivo \u00e8 negativo, con una minore distribuzione di risorse pari a circa 40 milioni di euro. Nel territorio piacentino il taglio degli importi totali relativi alla domanda unica (annualit\u00e0 2023 su 2022) supera gli 8 milioni di euro, pari al -19%.<\/p>\n<p>\u201cDalla vecchia programmazione a quella attuale perdiamo ricchezza sul territorio \u2013 commenta Losi \u2013. Se da un lato \u00e8 sempre pi\u00f9 difficile ottenere sostegni, auspichiamo almeno che l\u2019impostazione sia quella di renderci pi\u00f9 leggeri dai vincoli dal punto di vista operativo e pratico. Il sottotitolo del documento \u201cVisione per l\u2019agricoltura e il cibo\u201d presentato dalla Commissione Ue \u00e8 proprio \u201cModellare insieme un settore agricolo e agroalimentare attraente per le generazioni future\u201d. Se l\u2019obiettivo \u00e8 rendere l\u2019agricoltura competitiva e attraente per le giovani generazioni, noi giovani denunciamo che i troppi vincoli, oggi, deprimono questa possibilit\u00e0\u201d.<\/p>\n<p>L\u2019incontro si \u00e8 concluso con un approfondimento sul quaderno di campagna e il dibattito sui temi affrontati con quesiti specifici dei partecipanti a cui ha risposto la responsabile dei Servizi Tecnici Susanna Franzini.<\/p>\n","protected":false},"excerpt":{"rendered":"<p>Filippo Losi: una semplificazione sostanziale renderebbe il settore pi\u00f9 attrattivo per i giovani<\/p>\n","protected":false},"author":6,"featured_media":4984,"comment_status":"closed","ping_status":"closed","sticky":false,"template":"","format":"standard","meta":{"wp_mapbox_gl_js_media":[],"footnotes":""},"categories":[21,4],"tags":[],"class_list":["post-4983","post","type-post","status-publish","format-standard","has-post-thumbnail","hentry","category-eventi","category-news"],"yoast_head":"<!-- This site is optimized with the Yoast SEO plugin v26.8 - https:\/\/yoast.com\/product\/yoast-seo-wordpress\/ -->\n<title>I Giovani di Confagricoltura - Anga di Piacenza fanno il punto sulla Pac, presente e futura - Confagricoltura Piacenza<\/title>\n<meta name=\"robots\" content=\"index, follow, max-snippet:-1, max-image-preview:large, max-video-preview:-1\" \/>\n<link rel=\"canonical\" href=\"https:\/\/www.confagricoltura.org\/piacenza\/i-giovani-di-confagricoltura-anga-di-piacenza-fanno-il-punto-sulla-pac-presente-e-futura\/\" \/>\n<meta property=\"og:locale\" content=\"it_IT\" \/>\n<meta property=\"og:type\" content=\"article\" \/>\n<meta property=\"og:title\" content=\"I Giovani di Confagricoltura - Anga di Piacenza fanno il punto sulla Pac, presente e futura - Confagricoltura Piacenza\" \/>\n<meta property=\"og:description\" content=\"Filippo Losi: una semplificazione sostanziale renderebbe il settore pi\u00f9 attrattivo per i giovani\" \/>\n<meta property=\"og:url\" content=\"https:\/\/www.confagricoltura.org\/piacenza\/i-giovani-di-confagricoltura-anga-di-piacenza-fanno-il-punto-sulla-pac-presente-e-futura\/\" \/>\n<meta property=\"og:site_name\" content=\"Confagricoltura Piacenza\" \/>\n<meta property=\"article:published_time\" content=\"2025-03-06T08:53:17+00:00\" \/>\n<meta property=\"article:modified_time\" content=\"2025-03-07T09:33:44+00:00\" \/>\n<meta property=\"og:image\" content=\"https:\/\/www.confagricoltura.org\/piacenza\/wp-content\/uploads\/sites\/11\/2025\/03\/Anga-26-febbraio.jpeg\" \/>\n\t<meta property=\"og:image:width\" content=\"2048\" \/>\n\t<meta property=\"og:image:height\" content=\"1536\" \/>\n\t<meta property=\"og:image:type\" content=\"image\/jpeg\" \/>\n<meta name=\"author\" content=\"confagricolturapiacenza\" \/>\n<meta name=\"twitter:card\" content=\"summary_large_image\" \/>\n<meta name=\"twitter:label1\" content=\"Scritto da\" \/>\n\t<meta name=\"twitter:data1\" content=\"confagricolturapiacenza\" \/>\n\t<meta name=\"twitter:label2\" content=\"Tempo di lettura stimato\" \/>\n\t<meta name=\"twitter:data2\" content=\"3 minuti\" \/>\n<script type=\"application\/ld+json\" class=\"yoast-schema-graph\">{\"@context\":\"https:\/\/schema.org\",\"@graph\":[{\"@type\":\"Article\",\"@id\":\"https:\/\/www.confagricoltura.org\/piacenza\/i-giovani-di-confagricoltura-anga-di-piacenza-fanno-il-punto-sulla-pac-presente-e-futura\/#article\",\"isPartOf\":{\"@id\":\"https:\/\/www.confagricoltura.org\/piacenza\/i-giovani-di-confagricoltura-anga-di-piacenza-fanno-il-punto-sulla-pac-presente-e-futura\/\"},\"author\":{\"name\":\"confagricolturapiacenza\",\"@id\":\"https:\/\/www.confagricoltura.org\/piacenza\/#\/schema\/person\/be5da25a3117fea4b3bfec9dba09b5e8\"},\"headline\":\"I Giovani di Confagricoltura &#8211; Anga di Piacenza fanno il punto sulla Pac, presente e futura\",\"datePublished\":\"2025-03-06T08:53:17+00:00\",\"dateModified\":\"2025-03-07T09:33:44+00:00\",\"mainEntityOfPage\":{\"@id\":\"https:\/\/www.confagricoltura.org\/piacenza\/i-giovani-di-confagricoltura-anga-di-piacenza-fanno-il-punto-sulla-pac-presente-e-futura\/\"},\"wordCount\":448,\"image\":{\"@id\":\"https:\/\/www.confagricoltura.org\/piacenza\/i-giovani-di-confagricoltura-anga-di-piacenza-fanno-il-punto-sulla-pac-presente-e-futura\/#primaryimage\"},\"thumbnailUrl\":\"https:\/\/www.confagricoltura.org\/piacenza\/wp-content\/uploads\/sites\/11\/2025\/03\/Anga-26-febbraio.jpeg\",\"articleSection\":[\"Eventi\",\"News\"],\"inLanguage\":\"it-IT\"},{\"@type\":\"WebPage\",\"@id\":\"https:\/\/www.confagricoltura.org\/piacenza\/i-giovani-di-confagricoltura-anga-di-piacenza-fanno-il-punto-sulla-pac-presente-e-futura\/\",\"url\":\"https:\/\/www.confagricoltura.org\/piacenza\/i-giovani-di-confagricoltura-anga-di-piacenza-fanno-il-punto-sulla-pac-presente-e-futura\/\",\"name\":\"I Giovani di Confagricoltura - Anga di Piacenza fanno il punto sulla Pac, presente e futura - Confagricoltura Piacenza\",\"isPartOf\":{\"@id\":\"https:\/\/www.confagricoltura.org\/piacenza\/#website\"},\"primaryImageOfPage\":{\"@id\":\"https:\/\/www.confagricoltura.org\/piacenza\/i-giovani-di-confagricoltura-anga-di-piacenza-fanno-il-punto-sulla-pac-presente-e-futura\/#primaryimage\"},\"image\":{\"@id\":\"https:\/\/www.confagricoltura.org\/piacenza\/i-giovani-di-confagricoltura-anga-di-piacenza-fanno-il-punto-sulla-pac-presente-e-futura\/#primaryimage\"},\"thumbnailUrl\":\"https:\/\/www.confagricoltura.org\/piacenza\/wp-content\/uploads\/sites\/11\/2025\/03\/Anga-26-febbraio.jpeg\",\"datePublished\":\"2025-03-06T08:53:17+00:00\",\"dateModified\":\"2025-03-07T09:33:44+00:00\",\"author\":{\"@id\":\"https:\/\/www.confagricoltura.org\/piacenza\/#\/schema\/person\/be5da25a3117fea4b3bfec9dba09b5e8\"},\"breadcrumb\":{\"@id\":\"https:\/\/www.confagricoltura.org\/piacenza\/i-giovani-di-confagricoltura-anga-di-piacenza-fanno-il-punto-sulla-pac-presente-e-futura\/#breadcrumb\"},\"inLanguage\":\"it-IT\",\"potentialAction\":[{\"@type\":\"ReadAction\",\"target\":[\"https:\/\/www.confagricoltura.org\/piacenza\/i-giovani-di-confagricoltura-anga-di-piacenza-fanno-il-punto-sulla-pac-presente-e-futura\/\"]}]},{\"@type\":\"ImageObject\",\"inLanguage\":\"it-IT\",\"@id\":\"https:\/\/www.confagricoltura.org\/piacenza\/i-giovani-di-confagricoltura-anga-di-piacenza-fanno-il-punto-sulla-pac-presente-e-futura\/#primaryimage\",\"url\":\"https:\/\/www.confagricoltura.org\/piacenza\/wp-content\/uploads\/sites\/11\/2025\/03\/Anga-26-febbraio.jpeg\",\"contentUrl\":\"https:\/\/www.confagricoltura.org\/piacenza\/wp-content\/uploads\/sites\/11\/2025\/03\/Anga-26-febbraio.jpeg\",\"width\":2048,\"height\":1536},{\"@type\":\"BreadcrumbList\",\"@id\":\"https:\/\/www.confagricoltura.org\/piacenza\/i-giovani-di-confagricoltura-anga-di-piacenza-fanno-il-punto-sulla-pac-presente-e-futura\/#breadcrumb\",\"itemListElement\":[{\"@type\":\"ListItem\",\"position\":1,\"name\":\"Home\",\"item\":\"https:\/\/www.confagricoltura.org\/piacenza\/\"},{\"@type\":\"ListItem\",\"position\":2,\"name\":\"I Giovani di Confagricoltura &#8211; Anga di Piacenza fanno il punto sulla Pac, presente e futura\"}]},{\"@type\":\"WebSite\",\"@id\":\"https:\/\/www.confagricoltura.org\/piacenza\/#website\",\"url\":\"https:\/\/www.confagricoltura.org\/piacenza\/\",\"name\":\"Confagricoltura Piacenza\",\"description\":\"Dalla parte degli Agricoltori\",\"potentialAction\":[{\"@type\":\"SearchAction\",\"target\":{\"@type\":\"EntryPoint\",\"urlTemplate\":\"https:\/\/www.confagricoltura.org\/piacenza\/?s={search_term_string}\"},\"query-input\":{\"@type\":\"PropertyValueSpecification\",\"valueRequired\":true,\"valueName\":\"search_term_string\"}}],\"inLanguage\":\"it-IT\"},{\"@type\":\"Person\",\"@id\":\"https:\/\/www.confagricoltura.org\/piacenza\/#\/schema\/person\/be5da25a3117fea4b3bfec9dba09b5e8\",\"name\":\"confagricolturapiacenza\",\"image\":{\"@type\":\"ImageObject\",\"inLanguage\":\"it-IT\",\"@id\":\"https:\/\/www.confagricoltura.org\/piacenza\/#\/schema\/person\/image\/\",\"url\":\"https:\/\/secure.gravatar.com\/avatar\/9c5f111e417171581853bd0a3ff892ca?s=96&d=mm&r=g\",\"contentUrl\":\"https:\/\/secure.gravatar.com\/avatar\/9c5f111e417171581853bd0a3ff892ca?s=96&d=mm&r=g\",\"caption\":\"confagricolturapiacenza\"},\"url\":\"https:\/\/www.confagricoltura.org\/piacenza\/author\/confagricolturapiacenza\/\"}]}<\/script>\n<!-- \/ Yoast SEO plugin. -->","yoast_head_json":{"title":"I Giovani di Confagricoltura - Anga di Piacenza fanno il punto sulla Pac, presente e futura - Confagricoltura Piacenza","robots":{"index":"index","follow":"follow","max-snippet":"max-snippet:-1","max-image-preview":"max-image-preview:large","max-video-preview":"max-video-preview:-1"},"canonical":"https:\/\/www.confagricoltura.org\/piacenza\/i-giovani-di-confagricoltura-anga-di-piacenza-fanno-il-punto-sulla-pac-presente-e-futura\/","og_locale":"it_IT","og_type":"article","og_title":"I Giovani di Confagricoltura - Anga di Piacenza fanno il punto sulla Pac, presente e futura - Confagricoltura Piacenza","og_description":"Filippo Losi: una semplificazione sostanziale renderebbe il settore pi\u00f9 attrattivo per i giovani","og_url":"https:\/\/www.confagricoltura.org\/piacenza\/i-giovani-di-confagricoltura-anga-di-piacenza-fanno-il-punto-sulla-pac-presente-e-futura\/","og_site_name":"Confagricoltura Piacenza","article_published_time":"2025-03-06T08:53:17+00:00","article_modified_time":"2025-03-07T09:33:44+00:00","og_image":[{"width":2048,"height":1536,"url":"https:\/\/www.confagricoltura.org\/piacenza\/wp-content\/uploads\/sites\/11\/2025\/03\/Anga-26-febbraio.jpeg","type":"image\/jpeg"}],"author":"confagricolturapiacenza","twitter_card":"summary_large_image","twitter_misc":{"Scritto da":"confagricolturapiacenza","Tempo di lettura stimato":"3 minuti"},"schema":{"@context":"https:\/\/schema.org","@graph":[{"@type":"Article","@id":"https:\/\/www.confagricoltura.org\/piacenza\/i-giovani-di-confagricoltura-anga-di-piacenza-fanno-il-punto-sulla-pac-presente-e-futura\/#article","isPartOf":{"@id":"https:\/\/www.confagricoltura.org\/piacenza\/i-giovani-di-confagricoltura-anga-di-piacenza-fanno-il-punto-sulla-pac-presente-e-futura\/"},"author":{"name":"confagricolturapiacenza","@id":"https:\/\/www.confagricoltura.org\/piacenza\/#\/schema\/person\/be5da25a3117fea4b3bfec9dba09b5e8"},"headline":"I Giovani di Confagricoltura &#8211; Anga di Piacenza fanno il punto sulla Pac, presente e futura","datePublished":"2025-03-06T08:53:17+00:00","dateModified":"2025-03-07T09:33:44+00:00","mainEntityOfPage":{"@id":"https:\/\/www.confagricoltura.org\/piacenza\/i-giovani-di-confagricoltura-anga-di-piacenza-fanno-il-punto-sulla-pac-presente-e-futura\/"},"wordCount":448,"image":{"@id":"https:\/\/www.confagricoltura.org\/piacenza\/i-giovani-di-confagricoltura-anga-di-piacenza-fanno-il-punto-sulla-pac-presente-e-futura\/#primaryimage"},"thumbnailUrl":"https:\/\/www.confagricoltura.org\/piacenza\/wp-content\/uploads\/sites\/11\/2025\/03\/Anga-26-febbraio.jpeg","articleSection":["Eventi","News"],"inLanguage":"it-IT"},{"@type":"WebPage","@id":"https:\/\/www.confagricoltura.org\/piacenza\/i-giovani-di-confagricoltura-anga-di-piacenza-fanno-il-punto-sulla-pac-presente-e-futura\/","url":"https:\/\/www.confagricoltura.org\/piacenza\/i-giovani-di-confagricoltura-anga-di-piacenza-fanno-il-punto-sulla-pac-presente-e-futura\/","name":"I Giovani di Confagricoltura - Anga di Piacenza fanno il punto sulla Pac, presente e futura - Confagricoltura Piacenza","isPartOf":{"@id":"https:\/\/www.confagricoltura.org\/piacenza\/#website"},"primaryImageOfPage":{"@id":"https:\/\/www.confagricoltura.org\/piacenza\/i-giovani-di-confagricoltura-anga-di-piacenza-fanno-il-punto-sulla-pac-presente-e-futura\/#primaryimage"},"image":{"@id":"https:\/\/www.confagricoltura.org\/piacenza\/i-giovani-di-confagricoltura-anga-di-piacenza-fanno-il-punto-sulla-pac-presente-e-futura\/#primaryimage"},"thumbnailUrl":"https:\/\/www.confagricoltura.org\/piacenza\/wp-content\/uploads\/sites\/11\/2025\/03\/Anga-26-febbraio.jpeg","datePublished":"2025-03-06T08:53:17+00:00","dateModified":"2025-03-07T09:33:44+00:00","author":{"@id":"https:\/\/www.confagricoltura.org\/piacenza\/#\/schema\/person\/be5da25a3117fea4b3bfec9dba09b5e8"},"breadcrumb":{"@id":"https:\/\/www.confagricoltura.org\/piacenza\/i-giovani-di-confagricoltura-anga-di-piacenza-fanno-il-punto-sulla-pac-presente-e-futura\/#breadcrumb"},"inLanguage":"it-IT","potentialAction":[{"@type":"ReadAction","target":["https:\/\/www.confagricoltura.org\/piacenza\/i-giovani-di-confagricoltura-anga-di-piacenza-fanno-il-punto-sulla-pac-presente-e-futura\/"]}]},{"@type":"ImageObject","inLanguage":"it-IT","@id":"https:\/\/www.confagricoltura.org\/piacenza\/i-giovani-di-confagricoltura-anga-di-piacenza-fanno-il-punto-sulla-pac-presente-e-futura\/#primaryimage","url":"https:\/\/www.confagricoltura.org\/piacenza\/wp-content\/uploads\/sites\/11\/2025\/03\/Anga-26-febbraio.jpeg","contentUrl":"https:\/\/www.confagricoltura.org\/piacenza\/wp-content\/uploads\/sites\/11\/2025\/03\/Anga-26-febbraio.jpeg","width":2048,"height":1536},{"@type":"BreadcrumbList","@id":"https:\/\/www.confagricoltura.org\/piacenza\/i-giovani-di-confagricoltura-anga-di-piacenza-fanno-il-punto-sulla-pac-presente-e-futura\/#breadcrumb","itemListElement":[{"@type":"ListItem","position":1,"name":"Home","item":"https:\/\/www.confagricoltura.org\/piacenza\/"},{"@type":"ListItem","position":2,"name":"I Giovani di Confagricoltura &#8211; Anga di Piacenza fanno il punto sulla Pac, presente e futura"}]},{"@type":"WebSite","@id":"https:\/\/www.confagricoltura.org\/piacenza\/#website","url":"https:\/\/www.confagricoltura.org\/piacenza\/","name":"Confagricoltura Piacenza","description":"Dalla parte degli Agricoltori","potentialAction":[{"@type":"SearchAction","target":{"@type":"EntryPoint","urlTemplate":"https:\/\/www.confagricoltura.org\/piacenza\/?s={search_term_string}"},"query-input":{"@type":"PropertyValueSpecification","valueRequired":true,"valueName":"search_term_string"}}],"inLanguage":"it-IT"},{"@type":"Person","@id":"https:\/\/www.confagricoltura.org\/piacenza\/#\/schema\/person\/be5da25a3117fea4b3bfec9dba09b5e8","name":"confagricolturapiacenza","image":{"@type":"ImageObject","inLanguage":"it-IT","@id":"https:\/\/www.confagricoltura.org\/piacenza\/#\/schema\/person\/image\/","url":"https:\/\/secure.gravatar.com\/avatar\/9c5f111e417171581853bd0a3ff892ca?s=96&d=mm&r=g","contentUrl":"https:\/\/secure.gravatar.com\/avatar\/9c5f111e417171581853bd0a3ff892ca?s=96&d=mm&r=g","caption":"confagricolturapiacenza"},"url":"https:\/\/www.confagricoltura.org\/piacenza\/author\/confagricolturapiacenza\/"}]}},"_links":{"self":[{"href":"https:\/\/www.confagricoltura.org\/piacenza\/wp-json\/wp\/v2\/posts\/4983","targetHints":{"allow":["GET"]}}],"collection":[{"href":"https:\/\/www.confagricoltura.org\/piacenza\/wp-json\/wp\/v2\/posts"}],"about":[{"href":"https:\/\/www.confagricoltura.org\/piacenza\/wp-json\/wp\/v2\/types\/post"}],"author":[{"embeddable":true,"href":"https:\/\/www.confagricoltura.org\/piacenza\/wp-json\/wp\/v2\/users\/6"}],"replies":[{"embeddable":true,"href":"https:\/\/www.confagricoltura.org\/piacenza\/wp-json\/wp\/v2\/comments?post=4983"}],"version-history":[{"count":1,"href":"https:\/\/www.confagricoltura.org\/piacenza\/wp-json\/wp\/v2\/posts\/4983\/revisions"}],"predecessor-version":[{"id":4985,"href":"https:\/\/www.confagricoltura.org\/piacenza\/wp-json\/wp\/v2\/posts\/4983\/revisions\/4985"}],"wp:featuredmedia":[{"embeddable":true,"href":"https:\/\/www.confagricoltura.org\/piacenza\/wp-json\/wp\/v2\/media\/4984"}],"wp:attachment":[{"href":"https:\/\/www.confagricoltura.org\/piacenza\/wp-json\/wp\/v2\/media?parent=4983"}],"wp:term":[{"taxonomy":"category","embeddable":true,"href":"https:\/\/www.confagricoltura.org\/piacenza\/wp-json\/wp\/v2\/categories?post=4983"},{"taxonomy":"post_tag","embeddable":true,"href":"https:\/\/www.confagricoltura.org\/piacenza\/wp-json\/wp\/v2\/tags?post=4983"}],"curies":[{"name":"wp","href":"https:\/\/api.w.org\/{rel}","templated":true}]}}