{"id":4972,"date":"2025-02-28T12:19:52","date_gmt":"2025-02-28T11:19:52","guid":{"rendered":"https:\/\/www.confagricoltura.org\/piacenza\/?p=4972"},"modified":"2025-03-06T12:21:13","modified_gmt":"2025-03-06T11:21:13","slug":"le-aziende-agrituristiche-di-confagricoltura-insieme-per-condividere-convenzioni-e-progetti","status":"publish","type":"post","link":"https:\/\/www.confagricoltura.org\/piacenza\/le-aziende-agrituristiche-di-confagricoltura-insieme-per-condividere-convenzioni-e-progetti\/","title":{"rendered":"Le aziende agrituristiche di Confagricoltura insieme per condividere convenzioni e progetti"},"content":{"rendered":"<p>Agriturist Piacenza ha riunito i propri associati nei giorni scorsi per condividere lo stato di avanzamento dei progetti comuni e mettere a valore i diversi accordi sottoscritti, con partner territoriali e non solo, per poter permettere alle aziende agrituristiche di Agriturist di usufruire di moderni strumenti. \u201cFare rete \u00e8 sempre la metodologia migliore\u201d \u2013 commenta la coordinatrice piacentina di Agriturist Piacenza, Giovanna Montesissa. \u201cCi siamo ritrovati perch\u00e9 Agriturist Piacenza offre una serie di possibilit\u00e0 che \u00e8 bene condividere per poter lavorare tutti pi\u00f9 agevolmente. Oggi, chi si associa pu\u00f2 acquistare in convenzione un gestionale per le prenotazioni delle camere che dialoga anche con la parte ristorativa e di registrazione contabile. Un valido supporto per le nostre aziende, che sono piccole ma estremamente complesse perch\u00e9 hanno tante tipologie di attivit\u00e0, come attivit\u00e0 connesse dell\u2019impresa agricola, che resta quella principale.\u00a0 Non \u00e8 semplice da gestire, per questo abbiamo chiesto e ottenuto di poter avere software dedicati a prezzi convenzionati\u201d. Tanti altri i vantaggi di associarsi: dalla classica convenzione con i servizi di lavanderia, al portale condiviso di promozione territoriale.<\/p>\n<p>L\u2019incontro \u00e8 stato l\u2019occasione per fare il punto anche su una serie di questioni operative, quali la comune difficolt\u00e0 di reperire manodopera, le nuove strategie di mercato per rimanere al passo con i tempi, i nuovi adempimenti. In particolare si \u00e8 ricordato l\u2019obbligo di possedere ed esporre CIN e CIR.<\/p>\n<p>\u201cL\u2019introduzione del Codice Identificativo Nazionale (CIN) rappresenta una svolta importante per la regolamentazione del settore ricettivo in Italia, inclusi gli agriturismi. Questo codice \u00e8 stato concepito con l\u2019obiettivo di contrastare l\u2019abusivismo e di migliorare la trasparenza nel mercato delle locazioni turistiche \u2013 spiega Montesissa &#8211; l\u2019adozione del CIN certifica che l\u2019agriturismo \u00e8 registrato ufficialmente, in regola con tutte le normative locali e fiscali. Questo non solo contribuisce a contrastare la concorrenza sleale, ma aumenta anche la credibilit\u00e0 della struttura agli occhi dei potenziali ospiti. L\u2019obbligo di possedere il CIN vale per tutti, anche per coloro che gi\u00e0 posseggono il codice identificativo di riferimento (CIR) regionale. Non ultimo, bisogna esporre questi codici in modo visibile\u201d.<\/p>\n<p>\u201cAbbiamo in essere progetti a cui teniamo parecchio \u2013 prosegue Montesissa \u2013 due su tutti: \u201cPedalando con gusto\u201d: un\u2019iniziativa che collega pi\u00f9 agriturismi e bellezze del territorio, unendo l\u2019attivit\u00e0 fisica in bicicletta alle degustazioni. I nostri agriturismi hanno attivato la possibilit\u00e0, per chi vuole, anche di prenotare e-bike per poter percorrere tratti pi\u00f9 lunghi alla scoperta del nostro bellissimo territorio e del nostro buon cibo. Faremo pi\u00f9 edizioni con percorsi diversi, \u00e8 un progetto davvero entusiasmante. Molti di noi hanno anche aderito alla convenzione con l\u2019associazione La Cura del Bosco che realizza percorsi di immersione nella natura e nel bosco e attivit\u00e0 rigenerative. Quale contesto \u00e8 pi\u00f9 adatto delle nostre aziende che per definizione sono nella natura?\u201d<\/p>\n<p>Oggi Agriturist Piacenza, l\u2019Associazione degli agriturismi di Confagricoltura raggruppa nella nostra provincia una quarantina di agriturismi, ma altre attivit\u00e0 si stanno affacciando con connotazioni specifiche e con una ricchezza di proposte che va da chi si \u00e8 specializzato ad accogliere famiglie con bambini a chi ha scelto di proporre contesti un po\u2019 esclusivi. \u201cSiamo diversi \u2013 conclude Montesissa \u2013 ciascuno merita di essere conosciuto e valorizzato per le proprie specificit\u00e0, il fattore comune \u00e8 il legame inscindibile con il nostro territorio e con il nostro cibo che viene dalle nostre aziende, insieme possiamo promuovere tutto questo e, sempre insieme, possiamo farci conoscere, portare pi\u00f9 persone ad apprezzare le forme di turismo lento che proponiamo. Invito chi si sta affacciando allo sviluppo di un\u2019attivit\u00e0 agrituristica o anche i pochi che sono gi\u00e0 operativi e che ancora non si sono associati, ad aderire ad Agriturist, \u00e8 utile e interessante\u201d.<\/p>\n","protected":false},"excerpt":{"rendered":"<p>Montesissa (Agriturist Piacenza): associarsi permette di usare strumenti e pacchetti dedicati <\/p>\n","protected":false},"author":6,"featured_media":4973,"comment_status":"closed","ping_status":"closed","sticky":false,"template":"","format":"standard","meta":{"wp_mapbox_gl_js_media":[],"footnotes":""},"categories":[21,4],"tags":[],"class_list":["post-4972","post","type-post","status-publish","format-standard","has-post-thumbnail","hentry","category-eventi","category-news"],"yoast_head":"<!-- This site is optimized with the Yoast SEO plugin v26.8 - https:\/\/yoast.com\/product\/yoast-seo-wordpress\/ -->\n<title>Le aziende agrituristiche di Confagricoltura insieme per condividere convenzioni e progetti - Confagricoltura Piacenza<\/title>\n<meta name=\"robots\" content=\"index, follow, max-snippet:-1, max-image-preview:large, max-video-preview:-1\" \/>\n<link rel=\"canonical\" href=\"https:\/\/www.confagricoltura.org\/piacenza\/le-aziende-agrituristiche-di-confagricoltura-insieme-per-condividere-convenzioni-e-progetti\/\" \/>\n<meta property=\"og:locale\" content=\"it_IT\" \/>\n<meta property=\"og:type\" content=\"article\" \/>\n<meta property=\"og:title\" content=\"Le aziende agrituristiche di Confagricoltura insieme per condividere convenzioni e progetti - Confagricoltura Piacenza\" \/>\n<meta property=\"og:description\" content=\"Montesissa (Agriturist Piacenza): associarsi permette di usare strumenti e pacchetti dedicati\" \/>\n<meta property=\"og:url\" content=\"https:\/\/www.confagricoltura.org\/piacenza\/le-aziende-agrituristiche-di-confagricoltura-insieme-per-condividere-convenzioni-e-progetti\/\" \/>\n<meta property=\"og:site_name\" content=\"Confagricoltura Piacenza\" \/>\n<meta property=\"article:published_time\" content=\"2025-02-28T11:19:52+00:00\" \/>\n<meta property=\"article:modified_time\" content=\"2025-03-06T11:21:13+00:00\" \/>\n<meta property=\"og:image\" content=\"https:\/\/www.confagricoltura.org\/piacenza\/wp-content\/uploads\/sites\/11\/2025\/03\/Incontro-Agriturist2.jpeg\" \/>\n\t<meta property=\"og:image:width\" content=\"2048\" \/>\n\t<meta property=\"og:image:height\" content=\"1536\" \/>\n\t<meta property=\"og:image:type\" content=\"image\/jpeg\" \/>\n<meta name=\"author\" content=\"confagricolturapiacenza\" \/>\n<meta name=\"twitter:card\" content=\"summary_large_image\" \/>\n<meta name=\"twitter:label1\" content=\"Scritto da\" \/>\n\t<meta name=\"twitter:data1\" content=\"confagricolturapiacenza\" \/>\n\t<meta name=\"twitter:label2\" content=\"Tempo di lettura stimato\" \/>\n\t<meta name=\"twitter:data2\" content=\"4 minuti\" \/>\n<script type=\"application\/ld+json\" class=\"yoast-schema-graph\">{\"@context\":\"https:\/\/schema.org\",\"@graph\":[{\"@type\":\"Article\",\"@id\":\"https:\/\/www.confagricoltura.org\/piacenza\/le-aziende-agrituristiche-di-confagricoltura-insieme-per-condividere-convenzioni-e-progetti\/#article\",\"isPartOf\":{\"@id\":\"https:\/\/www.confagricoltura.org\/piacenza\/le-aziende-agrituristiche-di-confagricoltura-insieme-per-condividere-convenzioni-e-progetti\/\"},\"author\":{\"name\":\"confagricolturapiacenza\",\"@id\":\"https:\/\/www.confagricoltura.org\/piacenza\/#\/schema\/person\/be5da25a3117fea4b3bfec9dba09b5e8\"},\"headline\":\"Le aziende agrituristiche di Confagricoltura insieme per condividere convenzioni e progetti\",\"datePublished\":\"2025-02-28T11:19:52+00:00\",\"dateModified\":\"2025-03-06T11:21:13+00:00\",\"mainEntityOfPage\":{\"@id\":\"https:\/\/www.confagricoltura.org\/piacenza\/le-aziende-agrituristiche-di-confagricoltura-insieme-per-condividere-convenzioni-e-progetti\/\"},\"wordCount\":613,\"image\":{\"@id\":\"https:\/\/www.confagricoltura.org\/piacenza\/le-aziende-agrituristiche-di-confagricoltura-insieme-per-condividere-convenzioni-e-progetti\/#primaryimage\"},\"thumbnailUrl\":\"https:\/\/www.confagricoltura.org\/piacenza\/wp-content\/uploads\/sites\/11\/2025\/03\/Incontro-Agriturist2.jpeg\",\"articleSection\":[\"Eventi\",\"News\"],\"inLanguage\":\"it-IT\"},{\"@type\":\"WebPage\",\"@id\":\"https:\/\/www.confagricoltura.org\/piacenza\/le-aziende-agrituristiche-di-confagricoltura-insieme-per-condividere-convenzioni-e-progetti\/\",\"url\":\"https:\/\/www.confagricoltura.org\/piacenza\/le-aziende-agrituristiche-di-confagricoltura-insieme-per-condividere-convenzioni-e-progetti\/\",\"name\":\"Le aziende agrituristiche di Confagricoltura insieme per condividere convenzioni e progetti - Confagricoltura Piacenza\",\"isPartOf\":{\"@id\":\"https:\/\/www.confagricoltura.org\/piacenza\/#website\"},\"primaryImageOfPage\":{\"@id\":\"https:\/\/www.confagricoltura.org\/piacenza\/le-aziende-agrituristiche-di-confagricoltura-insieme-per-condividere-convenzioni-e-progetti\/#primaryimage\"},\"image\":{\"@id\":\"https:\/\/www.confagricoltura.org\/piacenza\/le-aziende-agrituristiche-di-confagricoltura-insieme-per-condividere-convenzioni-e-progetti\/#primaryimage\"},\"thumbnailUrl\":\"https:\/\/www.confagricoltura.org\/piacenza\/wp-content\/uploads\/sites\/11\/2025\/03\/Incontro-Agriturist2.jpeg\",\"datePublished\":\"2025-02-28T11:19:52+00:00\",\"dateModified\":\"2025-03-06T11:21:13+00:00\",\"author\":{\"@id\":\"https:\/\/www.confagricoltura.org\/piacenza\/#\/schema\/person\/be5da25a3117fea4b3bfec9dba09b5e8\"},\"breadcrumb\":{\"@id\":\"https:\/\/www.confagricoltura.org\/piacenza\/le-aziende-agrituristiche-di-confagricoltura-insieme-per-condividere-convenzioni-e-progetti\/#breadcrumb\"},\"inLanguage\":\"it-IT\",\"potentialAction\":[{\"@type\":\"ReadAction\",\"target\":[\"https:\/\/www.confagricoltura.org\/piacenza\/le-aziende-agrituristiche-di-confagricoltura-insieme-per-condividere-convenzioni-e-progetti\/\"]}]},{\"@type\":\"ImageObject\",\"inLanguage\":\"it-IT\",\"@id\":\"https:\/\/www.confagricoltura.org\/piacenza\/le-aziende-agrituristiche-di-confagricoltura-insieme-per-condividere-convenzioni-e-progetti\/#primaryimage\",\"url\":\"https:\/\/www.confagricoltura.org\/piacenza\/wp-content\/uploads\/sites\/11\/2025\/03\/Incontro-Agriturist2.jpeg\",\"contentUrl\":\"https:\/\/www.confagricoltura.org\/piacenza\/wp-content\/uploads\/sites\/11\/2025\/03\/Incontro-Agriturist2.jpeg\",\"width\":2048,\"height\":1536},{\"@type\":\"BreadcrumbList\",\"@id\":\"https:\/\/www.confagricoltura.org\/piacenza\/le-aziende-agrituristiche-di-confagricoltura-insieme-per-condividere-convenzioni-e-progetti\/#breadcrumb\",\"itemListElement\":[{\"@type\":\"ListItem\",\"position\":1,\"name\":\"Home\",\"item\":\"https:\/\/www.confagricoltura.org\/piacenza\/\"},{\"@type\":\"ListItem\",\"position\":2,\"name\":\"Le aziende agrituristiche di Confagricoltura insieme per condividere convenzioni e progetti\"}]},{\"@type\":\"WebSite\",\"@id\":\"https:\/\/www.confagricoltura.org\/piacenza\/#website\",\"url\":\"https:\/\/www.confagricoltura.org\/piacenza\/\",\"name\":\"Confagricoltura Piacenza\",\"description\":\"Dalla parte degli Agricoltori\",\"potentialAction\":[{\"@type\":\"SearchAction\",\"target\":{\"@type\":\"EntryPoint\",\"urlTemplate\":\"https:\/\/www.confagricoltura.org\/piacenza\/?s={search_term_string}\"},\"query-input\":{\"@type\":\"PropertyValueSpecification\",\"valueRequired\":true,\"valueName\":\"search_term_string\"}}],\"inLanguage\":\"it-IT\"},{\"@type\":\"Person\",\"@id\":\"https:\/\/www.confagricoltura.org\/piacenza\/#\/schema\/person\/be5da25a3117fea4b3bfec9dba09b5e8\",\"name\":\"confagricolturapiacenza\",\"image\":{\"@type\":\"ImageObject\",\"inLanguage\":\"it-IT\",\"@id\":\"https:\/\/www.confagricoltura.org\/piacenza\/#\/schema\/person\/image\/\",\"url\":\"https:\/\/secure.gravatar.com\/avatar\/9c5f111e417171581853bd0a3ff892ca?s=96&d=mm&r=g\",\"contentUrl\":\"https:\/\/secure.gravatar.com\/avatar\/9c5f111e417171581853bd0a3ff892ca?s=96&d=mm&r=g\",\"caption\":\"confagricolturapiacenza\"},\"url\":\"https:\/\/www.confagricoltura.org\/piacenza\/author\/confagricolturapiacenza\/\"}]}<\/script>\n<!-- \/ Yoast SEO plugin. -->","yoast_head_json":{"title":"Le aziende agrituristiche di Confagricoltura insieme per condividere convenzioni e progetti - Confagricoltura Piacenza","robots":{"index":"index","follow":"follow","max-snippet":"max-snippet:-1","max-image-preview":"max-image-preview:large","max-video-preview":"max-video-preview:-1"},"canonical":"https:\/\/www.confagricoltura.org\/piacenza\/le-aziende-agrituristiche-di-confagricoltura-insieme-per-condividere-convenzioni-e-progetti\/","og_locale":"it_IT","og_type":"article","og_title":"Le aziende agrituristiche di Confagricoltura insieme per condividere convenzioni e progetti - Confagricoltura Piacenza","og_description":"Montesissa (Agriturist Piacenza): associarsi permette di usare strumenti e pacchetti dedicati","og_url":"https:\/\/www.confagricoltura.org\/piacenza\/le-aziende-agrituristiche-di-confagricoltura-insieme-per-condividere-convenzioni-e-progetti\/","og_site_name":"Confagricoltura Piacenza","article_published_time":"2025-02-28T11:19:52+00:00","article_modified_time":"2025-03-06T11:21:13+00:00","og_image":[{"width":2048,"height":1536,"url":"https:\/\/www.confagricoltura.org\/piacenza\/wp-content\/uploads\/sites\/11\/2025\/03\/Incontro-Agriturist2.jpeg","type":"image\/jpeg"}],"author":"confagricolturapiacenza","twitter_card":"summary_large_image","twitter_misc":{"Scritto da":"confagricolturapiacenza","Tempo di lettura stimato":"4 minuti"},"schema":{"@context":"https:\/\/schema.org","@graph":[{"@type":"Article","@id":"https:\/\/www.confagricoltura.org\/piacenza\/le-aziende-agrituristiche-di-confagricoltura-insieme-per-condividere-convenzioni-e-progetti\/#article","isPartOf":{"@id":"https:\/\/www.confagricoltura.org\/piacenza\/le-aziende-agrituristiche-di-confagricoltura-insieme-per-condividere-convenzioni-e-progetti\/"},"author":{"name":"confagricolturapiacenza","@id":"https:\/\/www.confagricoltura.org\/piacenza\/#\/schema\/person\/be5da25a3117fea4b3bfec9dba09b5e8"},"headline":"Le aziende agrituristiche di Confagricoltura insieme per condividere convenzioni e progetti","datePublished":"2025-02-28T11:19:52+00:00","dateModified":"2025-03-06T11:21:13+00:00","mainEntityOfPage":{"@id":"https:\/\/www.confagricoltura.org\/piacenza\/le-aziende-agrituristiche-di-confagricoltura-insieme-per-condividere-convenzioni-e-progetti\/"},"wordCount":613,"image":{"@id":"https:\/\/www.confagricoltura.org\/piacenza\/le-aziende-agrituristiche-di-confagricoltura-insieme-per-condividere-convenzioni-e-progetti\/#primaryimage"},"thumbnailUrl":"https:\/\/www.confagricoltura.org\/piacenza\/wp-content\/uploads\/sites\/11\/2025\/03\/Incontro-Agriturist2.jpeg","articleSection":["Eventi","News"],"inLanguage":"it-IT"},{"@type":"WebPage","@id":"https:\/\/www.confagricoltura.org\/piacenza\/le-aziende-agrituristiche-di-confagricoltura-insieme-per-condividere-convenzioni-e-progetti\/","url":"https:\/\/www.confagricoltura.org\/piacenza\/le-aziende-agrituristiche-di-confagricoltura-insieme-per-condividere-convenzioni-e-progetti\/","name":"Le aziende agrituristiche di Confagricoltura insieme per condividere convenzioni e progetti - Confagricoltura Piacenza","isPartOf":{"@id":"https:\/\/www.confagricoltura.org\/piacenza\/#website"},"primaryImageOfPage":{"@id":"https:\/\/www.confagricoltura.org\/piacenza\/le-aziende-agrituristiche-di-confagricoltura-insieme-per-condividere-convenzioni-e-progetti\/#primaryimage"},"image":{"@id":"https:\/\/www.confagricoltura.org\/piacenza\/le-aziende-agrituristiche-di-confagricoltura-insieme-per-condividere-convenzioni-e-progetti\/#primaryimage"},"thumbnailUrl":"https:\/\/www.confagricoltura.org\/piacenza\/wp-content\/uploads\/sites\/11\/2025\/03\/Incontro-Agriturist2.jpeg","datePublished":"2025-02-28T11:19:52+00:00","dateModified":"2025-03-06T11:21:13+00:00","author":{"@id":"https:\/\/www.confagricoltura.org\/piacenza\/#\/schema\/person\/be5da25a3117fea4b3bfec9dba09b5e8"},"breadcrumb":{"@id":"https:\/\/www.confagricoltura.org\/piacenza\/le-aziende-agrituristiche-di-confagricoltura-insieme-per-condividere-convenzioni-e-progetti\/#breadcrumb"},"inLanguage":"it-IT","potentialAction":[{"@type":"ReadAction","target":["https:\/\/www.confagricoltura.org\/piacenza\/le-aziende-agrituristiche-di-confagricoltura-insieme-per-condividere-convenzioni-e-progetti\/"]}]},{"@type":"ImageObject","inLanguage":"it-IT","@id":"https:\/\/www.confagricoltura.org\/piacenza\/le-aziende-agrituristiche-di-confagricoltura-insieme-per-condividere-convenzioni-e-progetti\/#primaryimage","url":"https:\/\/www.confagricoltura.org\/piacenza\/wp-content\/uploads\/sites\/11\/2025\/03\/Incontro-Agriturist2.jpeg","contentUrl":"https:\/\/www.confagricoltura.org\/piacenza\/wp-content\/uploads\/sites\/11\/2025\/03\/Incontro-Agriturist2.jpeg","width":2048,"height":1536},{"@type":"BreadcrumbList","@id":"https:\/\/www.confagricoltura.org\/piacenza\/le-aziende-agrituristiche-di-confagricoltura-insieme-per-condividere-convenzioni-e-progetti\/#breadcrumb","itemListElement":[{"@type":"ListItem","position":1,"name":"Home","item":"https:\/\/www.confagricoltura.org\/piacenza\/"},{"@type":"ListItem","position":2,"name":"Le aziende agrituristiche di Confagricoltura insieme per condividere convenzioni e progetti"}]},{"@type":"WebSite","@id":"https:\/\/www.confagricoltura.org\/piacenza\/#website","url":"https:\/\/www.confagricoltura.org\/piacenza\/","name":"Confagricoltura Piacenza","description":"Dalla parte degli Agricoltori","potentialAction":[{"@type":"SearchAction","target":{"@type":"EntryPoint","urlTemplate":"https:\/\/www.confagricoltura.org\/piacenza\/?s={search_term_string}"},"query-input":{"@type":"PropertyValueSpecification","valueRequired":true,"valueName":"search_term_string"}}],"inLanguage":"it-IT"},{"@type":"Person","@id":"https:\/\/www.confagricoltura.org\/piacenza\/#\/schema\/person\/be5da25a3117fea4b3bfec9dba09b5e8","name":"confagricolturapiacenza","image":{"@type":"ImageObject","inLanguage":"it-IT","@id":"https:\/\/www.confagricoltura.org\/piacenza\/#\/schema\/person\/image\/","url":"https:\/\/secure.gravatar.com\/avatar\/9c5f111e417171581853bd0a3ff892ca?s=96&d=mm&r=g","contentUrl":"https:\/\/secure.gravatar.com\/avatar\/9c5f111e417171581853bd0a3ff892ca?s=96&d=mm&r=g","caption":"confagricolturapiacenza"},"url":"https:\/\/www.confagricoltura.org\/piacenza\/author\/confagricolturapiacenza\/"}]}},"_links":{"self":[{"href":"https:\/\/www.confagricoltura.org\/piacenza\/wp-json\/wp\/v2\/posts\/4972","targetHints":{"allow":["GET"]}}],"collection":[{"href":"https:\/\/www.confagricoltura.org\/piacenza\/wp-json\/wp\/v2\/posts"}],"about":[{"href":"https:\/\/www.confagricoltura.org\/piacenza\/wp-json\/wp\/v2\/types\/post"}],"author":[{"embeddable":true,"href":"https:\/\/www.confagricoltura.org\/piacenza\/wp-json\/wp\/v2\/users\/6"}],"replies":[{"embeddable":true,"href":"https:\/\/www.confagricoltura.org\/piacenza\/wp-json\/wp\/v2\/comments?post=4972"}],"version-history":[{"count":1,"href":"https:\/\/www.confagricoltura.org\/piacenza\/wp-json\/wp\/v2\/posts\/4972\/revisions"}],"predecessor-version":[{"id":4974,"href":"https:\/\/www.confagricoltura.org\/piacenza\/wp-json\/wp\/v2\/posts\/4972\/revisions\/4974"}],"wp:featuredmedia":[{"embeddable":true,"href":"https:\/\/www.confagricoltura.org\/piacenza\/wp-json\/wp\/v2\/media\/4973"}],"wp:attachment":[{"href":"https:\/\/www.confagricoltura.org\/piacenza\/wp-json\/wp\/v2\/media?parent=4972"}],"wp:term":[{"taxonomy":"category","embeddable":true,"href":"https:\/\/www.confagricoltura.org\/piacenza\/wp-json\/wp\/v2\/categories?post=4972"},{"taxonomy":"post_tag","embeddable":true,"href":"https:\/\/www.confagricoltura.org\/piacenza\/wp-json\/wp\/v2\/tags?post=4972"}],"curies":[{"name":"wp","href":"https:\/\/api.w.org\/{rel}","templated":true}]}}