{"id":4970,"date":"2025-02-27T12:16:14","date_gmt":"2025-02-27T11:16:14","guid":{"rendered":"https:\/\/www.confagricoltura.org\/piacenza\/?p=4970"},"modified":"2025-03-06T12:17:30","modified_gmt":"2025-03-06T11:17:30","slug":"in-arrivo-i-pagamenti-per-i-danni-indiretti-da-psa","status":"publish","type":"post","link":"https:\/\/www.confagricoltura.org\/piacenza\/in-arrivo-i-pagamenti-per-i-danni-indiretti-da-psa\/","title":{"rendered":"In arrivo i pagamenti per i danni indiretti da Psa"},"content":{"rendered":"<p>Confagricoltura Piacenza rende noto che \u00e8 stata emanata il 25 febbraio l\u2019attesa circolare Agea indicante le modalit\u00e0 di attuazione del decreto Masaf (N. 77412 del 19 febbraio 2025) che stanzia 10 milioni di euro di intervento a sostegno delle aziende suinicole che hanno subito danni indiretti a seguito delle misure sanitarie di contenimento dei focolai di Peste Suina Africana nel periodo dal primo dicembre al 31 ottobre 2024.<\/p>\n<p>\u201cBeneficiarie \u2013 spiega Susanna Franzini responsabile dei Servizi Tecnici di Confagricoltura Piacenza \u2013 sono le piccole-medio imprese del settore della produzione primaria della filiera suinicola, situate sia all\u2019interno che all\u2019esterno delle zone di restrizione sanitaria e colpite dalle restrizioni sulla movimentazione degli animali e sulla commercializzazione dei prodotti derivati nel periodo individuato.\u00a0 Le tipologie di allevamento ammesse sono: allevamenti di scrofe da riproduzione a ciclo aperto, allevamenti di scrofe da riproduzione a ciclo chiuso e allevamenti da ingrasso (comprensivi di allevamenti da svezzamento e magronaggio).<\/p>\n<p>Una tabella allegata al decreto dettaglia indennizzi per classe di suino e tipologia di danno quantificati prendendo a riferimento i valori medi per ogni categoria di suini da vita e da riproduzione con la media dei costi standard pubblicati da ISMEA e le quotazioni della CUN pubblicate dalla Borsa Merci Telematica.<\/p>\n<p>\u201cGli Interventi ammessi \u2013 dettaglia Franzini &#8211; riguardano il deprezzamento dei riproduttori, dei suinetti, dei suini di allevamento e da macello per vendita anticipata o differita degli animali o per svalutazione del prodotto a causa della provenienza da allevamenti ricadenti in zone soggette a restrizione sanitaria; la mancata produzione per l\u2019interruzione della riproduzione delle scrofe; il prolungamento del vuoto sanitario; i costi di produzione per blocco movimentazione\u201d.<\/p>\n<p>Il sostegno \u00e8 determinato fino ad un massimo del 100% del danno totale sub\u00ecto dai beneficiari, calcolato, per ciascuna fattispecie e pu\u00f2 essere cumulato con altri aiuti di Stato o dell\u2019Unione europea, purch\u00e9 riguardi costi ammissibili diversi e solo se il cumulo non comporta il superamento del 100% dell\u2019intensit\u00e0 di aiuto.<\/p>\n<p>\u201cPer evitare il rischio di sovrapposizioni di contributo &#8211; precisa Franzini &#8211; l\u2019Organismo pagatore effettuer\u00e0 d\u2019ufficio controlli incrociati. Le risorse sono plafonate, quindi parallelamente, per la determinazione dell\u2019importo massimo di sostegno, occorrer\u00e0 attendere i dati relativamente alle domande ammissibili all\u2019aiuto\u201d.<\/p>\n<p>\u201cLe domande, recanti l\u2019indicazione di tutti gli elementi previsti dal Decreto Ministeriale dovranno essere presentate, presso l\u2019Organismo pagatore competente territorialmente, in base alla sede legale dell\u2019impresa, entro e non oltre il 28 marzo 2025, con modalit\u00e0 stabilite da ciascun Organismo pagatore \u2013 spiega Franzini &#8211; siamo dunque in attea delle istruzioni operative di Agrea per procedere a stretto giro\u201d.<\/p>\n<p>La circolare invita gli Organismi pagatori a procedere all\u2019erogazione degli anticipi, possibilmente entro il 18 aprile 2025 e terminata la fase istruttoria, ad effettuare il pagamento del saldo spettante a ciascun richiedente avente diritto a partire dal 16 maggio 2025.<\/p>\n<p>\u201cProcederemo a contattare le imprese non appena sar\u00e0 emanata la circolare operativa Agrea che ci permetter\u00e0 di presentare le domande. Stanti le difficolt\u00e0 delle imprese, auspichiamo &#8211; conclude Franzini \u2013 che la liquidazione delle istanze avvenga in tempi brevi\u201d.<\/p>\n","protected":false},"excerpt":{"rendered":"<p>Franzini (Confagricoltura Piacenza): domande entro il 28 marzo.<\/p>\n","protected":false},"author":6,"featured_media":4892,"comment_status":"closed","ping_status":"closed","sticky":false,"template":"","format":"standard","meta":{"wp_mapbox_gl_js_media":[],"footnotes":""},"categories":[11,4],"tags":[],"class_list":["post-4970","post","type-post","status-publish","format-standard","has-post-thumbnail","hentry","category-finanziamenti-bandi","category-news"],"yoast_head":"<!-- This site is optimized with the Yoast SEO plugin v26.8 - https:\/\/yoast.com\/product\/yoast-seo-wordpress\/ -->\n<title>In arrivo i pagamenti per i danni indiretti da Psa - Confagricoltura Piacenza<\/title>\n<meta name=\"robots\" content=\"index, follow, max-snippet:-1, max-image-preview:large, max-video-preview:-1\" \/>\n<link rel=\"canonical\" href=\"https:\/\/www.confagricoltura.org\/piacenza\/in-arrivo-i-pagamenti-per-i-danni-indiretti-da-psa\/\" \/>\n<meta property=\"og:locale\" content=\"it_IT\" \/>\n<meta property=\"og:type\" content=\"article\" \/>\n<meta property=\"og:title\" content=\"In arrivo i pagamenti per i danni indiretti da Psa - Confagricoltura Piacenza\" \/>\n<meta property=\"og:description\" content=\"Franzini (Confagricoltura Piacenza): domande entro il 28 marzo.\" \/>\n<meta property=\"og:url\" content=\"https:\/\/www.confagricoltura.org\/piacenza\/in-arrivo-i-pagamenti-per-i-danni-indiretti-da-psa\/\" \/>\n<meta property=\"og:site_name\" content=\"Confagricoltura Piacenza\" \/>\n<meta property=\"article:published_time\" content=\"2025-02-27T11:16:14+00:00\" \/>\n<meta property=\"article:modified_time\" content=\"2025-03-06T11:17:30+00:00\" \/>\n<meta property=\"og:image\" content=\"https:\/\/www.confagricoltura.org\/piacenza\/wp-content\/uploads\/sites\/11\/2025\/02\/a_Susanna-Franzini-2023.jpg\" \/>\n\t<meta property=\"og:image:width\" content=\"2021\" \/>\n\t<meta property=\"og:image:height\" content=\"1631\" \/>\n\t<meta property=\"og:image:type\" content=\"image\/jpeg\" \/>\n<meta name=\"author\" content=\"confagricolturapiacenza\" \/>\n<meta name=\"twitter:card\" content=\"summary_large_image\" \/>\n<meta name=\"twitter:label1\" content=\"Scritto da\" \/>\n\t<meta name=\"twitter:data1\" content=\"confagricolturapiacenza\" \/>\n\t<meta name=\"twitter:label2\" content=\"Tempo di lettura stimato\" \/>\n\t<meta name=\"twitter:data2\" content=\"3 minuti\" \/>\n<script type=\"application\/ld+json\" class=\"yoast-schema-graph\">{\"@context\":\"https:\/\/schema.org\",\"@graph\":[{\"@type\":\"Article\",\"@id\":\"https:\/\/www.confagricoltura.org\/piacenza\/in-arrivo-i-pagamenti-per-i-danni-indiretti-da-psa\/#article\",\"isPartOf\":{\"@id\":\"https:\/\/www.confagricoltura.org\/piacenza\/in-arrivo-i-pagamenti-per-i-danni-indiretti-da-psa\/\"},\"author\":{\"name\":\"confagricolturapiacenza\",\"@id\":\"https:\/\/www.confagricoltura.org\/piacenza\/#\/schema\/person\/be5da25a3117fea4b3bfec9dba09b5e8\"},\"headline\":\"In arrivo i pagamenti per i danni indiretti da Psa\",\"datePublished\":\"2025-02-27T11:16:14+00:00\",\"dateModified\":\"2025-03-06T11:17:30+00:00\",\"mainEntityOfPage\":{\"@id\":\"https:\/\/www.confagricoltura.org\/piacenza\/in-arrivo-i-pagamenti-per-i-danni-indiretti-da-psa\/\"},\"wordCount\":503,\"image\":{\"@id\":\"https:\/\/www.confagricoltura.org\/piacenza\/in-arrivo-i-pagamenti-per-i-danni-indiretti-da-psa\/#primaryimage\"},\"thumbnailUrl\":\"https:\/\/www.confagricoltura.org\/piacenza\/wp-content\/uploads\/sites\/11\/2025\/02\/a_Susanna-Franzini-2023.jpg\",\"articleSection\":[\"Finanziamenti e bandi\",\"News\"],\"inLanguage\":\"it-IT\"},{\"@type\":\"WebPage\",\"@id\":\"https:\/\/www.confagricoltura.org\/piacenza\/in-arrivo-i-pagamenti-per-i-danni-indiretti-da-psa\/\",\"url\":\"https:\/\/www.confagricoltura.org\/piacenza\/in-arrivo-i-pagamenti-per-i-danni-indiretti-da-psa\/\",\"name\":\"In arrivo i pagamenti per i danni indiretti da Psa - Confagricoltura Piacenza\",\"isPartOf\":{\"@id\":\"https:\/\/www.confagricoltura.org\/piacenza\/#website\"},\"primaryImageOfPage\":{\"@id\":\"https:\/\/www.confagricoltura.org\/piacenza\/in-arrivo-i-pagamenti-per-i-danni-indiretti-da-psa\/#primaryimage\"},\"image\":{\"@id\":\"https:\/\/www.confagricoltura.org\/piacenza\/in-arrivo-i-pagamenti-per-i-danni-indiretti-da-psa\/#primaryimage\"},\"thumbnailUrl\":\"https:\/\/www.confagricoltura.org\/piacenza\/wp-content\/uploads\/sites\/11\/2025\/02\/a_Susanna-Franzini-2023.jpg\",\"datePublished\":\"2025-02-27T11:16:14+00:00\",\"dateModified\":\"2025-03-06T11:17:30+00:00\",\"author\":{\"@id\":\"https:\/\/www.confagricoltura.org\/piacenza\/#\/schema\/person\/be5da25a3117fea4b3bfec9dba09b5e8\"},\"breadcrumb\":{\"@id\":\"https:\/\/www.confagricoltura.org\/piacenza\/in-arrivo-i-pagamenti-per-i-danni-indiretti-da-psa\/#breadcrumb\"},\"inLanguage\":\"it-IT\",\"potentialAction\":[{\"@type\":\"ReadAction\",\"target\":[\"https:\/\/www.confagricoltura.org\/piacenza\/in-arrivo-i-pagamenti-per-i-danni-indiretti-da-psa\/\"]}]},{\"@type\":\"ImageObject\",\"inLanguage\":\"it-IT\",\"@id\":\"https:\/\/www.confagricoltura.org\/piacenza\/in-arrivo-i-pagamenti-per-i-danni-indiretti-da-psa\/#primaryimage\",\"url\":\"https:\/\/www.confagricoltura.org\/piacenza\/wp-content\/uploads\/sites\/11\/2025\/02\/a_Susanna-Franzini-2023.jpg\",\"contentUrl\":\"https:\/\/www.confagricoltura.org\/piacenza\/wp-content\/uploads\/sites\/11\/2025\/02\/a_Susanna-Franzini-2023.jpg\",\"width\":2021,\"height\":1631},{\"@type\":\"BreadcrumbList\",\"@id\":\"https:\/\/www.confagricoltura.org\/piacenza\/in-arrivo-i-pagamenti-per-i-danni-indiretti-da-psa\/#breadcrumb\",\"itemListElement\":[{\"@type\":\"ListItem\",\"position\":1,\"name\":\"Home\",\"item\":\"https:\/\/www.confagricoltura.org\/piacenza\/\"},{\"@type\":\"ListItem\",\"position\":2,\"name\":\"In arrivo i pagamenti per i danni indiretti da Psa\"}]},{\"@type\":\"WebSite\",\"@id\":\"https:\/\/www.confagricoltura.org\/piacenza\/#website\",\"url\":\"https:\/\/www.confagricoltura.org\/piacenza\/\",\"name\":\"Confagricoltura Piacenza\",\"description\":\"Dalla parte degli Agricoltori\",\"potentialAction\":[{\"@type\":\"SearchAction\",\"target\":{\"@type\":\"EntryPoint\",\"urlTemplate\":\"https:\/\/www.confagricoltura.org\/piacenza\/?s={search_term_string}\"},\"query-input\":{\"@type\":\"PropertyValueSpecification\",\"valueRequired\":true,\"valueName\":\"search_term_string\"}}],\"inLanguage\":\"it-IT\"},{\"@type\":\"Person\",\"@id\":\"https:\/\/www.confagricoltura.org\/piacenza\/#\/schema\/person\/be5da25a3117fea4b3bfec9dba09b5e8\",\"name\":\"confagricolturapiacenza\",\"image\":{\"@type\":\"ImageObject\",\"inLanguage\":\"it-IT\",\"@id\":\"https:\/\/www.confagricoltura.org\/piacenza\/#\/schema\/person\/image\/\",\"url\":\"https:\/\/secure.gravatar.com\/avatar\/9c5f111e417171581853bd0a3ff892ca?s=96&d=mm&r=g\",\"contentUrl\":\"https:\/\/secure.gravatar.com\/avatar\/9c5f111e417171581853bd0a3ff892ca?s=96&d=mm&r=g\",\"caption\":\"confagricolturapiacenza\"},\"url\":\"https:\/\/www.confagricoltura.org\/piacenza\/author\/confagricolturapiacenza\/\"}]}<\/script>\n<!-- \/ Yoast SEO plugin. -->","yoast_head_json":{"title":"In arrivo i pagamenti per i danni indiretti da Psa - Confagricoltura Piacenza","robots":{"index":"index","follow":"follow","max-snippet":"max-snippet:-1","max-image-preview":"max-image-preview:large","max-video-preview":"max-video-preview:-1"},"canonical":"https:\/\/www.confagricoltura.org\/piacenza\/in-arrivo-i-pagamenti-per-i-danni-indiretti-da-psa\/","og_locale":"it_IT","og_type":"article","og_title":"In arrivo i pagamenti per i danni indiretti da Psa - Confagricoltura Piacenza","og_description":"Franzini (Confagricoltura Piacenza): domande entro il 28 marzo.","og_url":"https:\/\/www.confagricoltura.org\/piacenza\/in-arrivo-i-pagamenti-per-i-danni-indiretti-da-psa\/","og_site_name":"Confagricoltura Piacenza","article_published_time":"2025-02-27T11:16:14+00:00","article_modified_time":"2025-03-06T11:17:30+00:00","og_image":[{"width":2021,"height":1631,"url":"https:\/\/www.confagricoltura.org\/piacenza\/wp-content\/uploads\/sites\/11\/2025\/02\/a_Susanna-Franzini-2023.jpg","type":"image\/jpeg"}],"author":"confagricolturapiacenza","twitter_card":"summary_large_image","twitter_misc":{"Scritto da":"confagricolturapiacenza","Tempo di lettura stimato":"3 minuti"},"schema":{"@context":"https:\/\/schema.org","@graph":[{"@type":"Article","@id":"https:\/\/www.confagricoltura.org\/piacenza\/in-arrivo-i-pagamenti-per-i-danni-indiretti-da-psa\/#article","isPartOf":{"@id":"https:\/\/www.confagricoltura.org\/piacenza\/in-arrivo-i-pagamenti-per-i-danni-indiretti-da-psa\/"},"author":{"name":"confagricolturapiacenza","@id":"https:\/\/www.confagricoltura.org\/piacenza\/#\/schema\/person\/be5da25a3117fea4b3bfec9dba09b5e8"},"headline":"In arrivo i pagamenti per i danni indiretti da Psa","datePublished":"2025-02-27T11:16:14+00:00","dateModified":"2025-03-06T11:17:30+00:00","mainEntityOfPage":{"@id":"https:\/\/www.confagricoltura.org\/piacenza\/in-arrivo-i-pagamenti-per-i-danni-indiretti-da-psa\/"},"wordCount":503,"image":{"@id":"https:\/\/www.confagricoltura.org\/piacenza\/in-arrivo-i-pagamenti-per-i-danni-indiretti-da-psa\/#primaryimage"},"thumbnailUrl":"https:\/\/www.confagricoltura.org\/piacenza\/wp-content\/uploads\/sites\/11\/2025\/02\/a_Susanna-Franzini-2023.jpg","articleSection":["Finanziamenti e bandi","News"],"inLanguage":"it-IT"},{"@type":"WebPage","@id":"https:\/\/www.confagricoltura.org\/piacenza\/in-arrivo-i-pagamenti-per-i-danni-indiretti-da-psa\/","url":"https:\/\/www.confagricoltura.org\/piacenza\/in-arrivo-i-pagamenti-per-i-danni-indiretti-da-psa\/","name":"In arrivo i pagamenti per i danni indiretti da Psa - Confagricoltura Piacenza","isPartOf":{"@id":"https:\/\/www.confagricoltura.org\/piacenza\/#website"},"primaryImageOfPage":{"@id":"https:\/\/www.confagricoltura.org\/piacenza\/in-arrivo-i-pagamenti-per-i-danni-indiretti-da-psa\/#primaryimage"},"image":{"@id":"https:\/\/www.confagricoltura.org\/piacenza\/in-arrivo-i-pagamenti-per-i-danni-indiretti-da-psa\/#primaryimage"},"thumbnailUrl":"https:\/\/www.confagricoltura.org\/piacenza\/wp-content\/uploads\/sites\/11\/2025\/02\/a_Susanna-Franzini-2023.jpg","datePublished":"2025-02-27T11:16:14+00:00","dateModified":"2025-03-06T11:17:30+00:00","author":{"@id":"https:\/\/www.confagricoltura.org\/piacenza\/#\/schema\/person\/be5da25a3117fea4b3bfec9dba09b5e8"},"breadcrumb":{"@id":"https:\/\/www.confagricoltura.org\/piacenza\/in-arrivo-i-pagamenti-per-i-danni-indiretti-da-psa\/#breadcrumb"},"inLanguage":"it-IT","potentialAction":[{"@type":"ReadAction","target":["https:\/\/www.confagricoltura.org\/piacenza\/in-arrivo-i-pagamenti-per-i-danni-indiretti-da-psa\/"]}]},{"@type":"ImageObject","inLanguage":"it-IT","@id":"https:\/\/www.confagricoltura.org\/piacenza\/in-arrivo-i-pagamenti-per-i-danni-indiretti-da-psa\/#primaryimage","url":"https:\/\/www.confagricoltura.org\/piacenza\/wp-content\/uploads\/sites\/11\/2025\/02\/a_Susanna-Franzini-2023.jpg","contentUrl":"https:\/\/www.confagricoltura.org\/piacenza\/wp-content\/uploads\/sites\/11\/2025\/02\/a_Susanna-Franzini-2023.jpg","width":2021,"height":1631},{"@type":"BreadcrumbList","@id":"https:\/\/www.confagricoltura.org\/piacenza\/in-arrivo-i-pagamenti-per-i-danni-indiretti-da-psa\/#breadcrumb","itemListElement":[{"@type":"ListItem","position":1,"name":"Home","item":"https:\/\/www.confagricoltura.org\/piacenza\/"},{"@type":"ListItem","position":2,"name":"In arrivo i pagamenti per i danni indiretti da Psa"}]},{"@type":"WebSite","@id":"https:\/\/www.confagricoltura.org\/piacenza\/#website","url":"https:\/\/www.confagricoltura.org\/piacenza\/","name":"Confagricoltura Piacenza","description":"Dalla parte degli Agricoltori","potentialAction":[{"@type":"SearchAction","target":{"@type":"EntryPoint","urlTemplate":"https:\/\/www.confagricoltura.org\/piacenza\/?s={search_term_string}"},"query-input":{"@type":"PropertyValueSpecification","valueRequired":true,"valueName":"search_term_string"}}],"inLanguage":"it-IT"},{"@type":"Person","@id":"https:\/\/www.confagricoltura.org\/piacenza\/#\/schema\/person\/be5da25a3117fea4b3bfec9dba09b5e8","name":"confagricolturapiacenza","image":{"@type":"ImageObject","inLanguage":"it-IT","@id":"https:\/\/www.confagricoltura.org\/piacenza\/#\/schema\/person\/image\/","url":"https:\/\/secure.gravatar.com\/avatar\/9c5f111e417171581853bd0a3ff892ca?s=96&d=mm&r=g","contentUrl":"https:\/\/secure.gravatar.com\/avatar\/9c5f111e417171581853bd0a3ff892ca?s=96&d=mm&r=g","caption":"confagricolturapiacenza"},"url":"https:\/\/www.confagricoltura.org\/piacenza\/author\/confagricolturapiacenza\/"}]}},"_links":{"self":[{"href":"https:\/\/www.confagricoltura.org\/piacenza\/wp-json\/wp\/v2\/posts\/4970","targetHints":{"allow":["GET"]}}],"collection":[{"href":"https:\/\/www.confagricoltura.org\/piacenza\/wp-json\/wp\/v2\/posts"}],"about":[{"href":"https:\/\/www.confagricoltura.org\/piacenza\/wp-json\/wp\/v2\/types\/post"}],"author":[{"embeddable":true,"href":"https:\/\/www.confagricoltura.org\/piacenza\/wp-json\/wp\/v2\/users\/6"}],"replies":[{"embeddable":true,"href":"https:\/\/www.confagricoltura.org\/piacenza\/wp-json\/wp\/v2\/comments?post=4970"}],"version-history":[{"count":1,"href":"https:\/\/www.confagricoltura.org\/piacenza\/wp-json\/wp\/v2\/posts\/4970\/revisions"}],"predecessor-version":[{"id":4971,"href":"https:\/\/www.confagricoltura.org\/piacenza\/wp-json\/wp\/v2\/posts\/4970\/revisions\/4971"}],"wp:featuredmedia":[{"embeddable":true,"href":"https:\/\/www.confagricoltura.org\/piacenza\/wp-json\/wp\/v2\/media\/4892"}],"wp:attachment":[{"href":"https:\/\/www.confagricoltura.org\/piacenza\/wp-json\/wp\/v2\/media?parent=4970"}],"wp:term":[{"taxonomy":"category","embeddable":true,"href":"https:\/\/www.confagricoltura.org\/piacenza\/wp-json\/wp\/v2\/categories?post=4970"},{"taxonomy":"post_tag","embeddable":true,"href":"https:\/\/www.confagricoltura.org\/piacenza\/wp-json\/wp\/v2\/tags?post=4970"}],"curies":[{"name":"wp","href":"https:\/\/api.w.org\/{rel}","templated":true}]}}