{"id":4961,"date":"2025-02-20T12:16:59","date_gmt":"2025-02-20T11:16:59","guid":{"rendered":"https:\/\/www.confagricoltura.org\/piacenza\/?p=4961"},"modified":"2025-02-20T12:16:59","modified_gmt":"2025-02-20T11:16:59","slug":"manca-manodopera-ma-lavorare-in-agricoltura-e-una-possibilita-preziosa","status":"publish","type":"post","link":"https:\/\/www.confagricoltura.org\/piacenza\/manca-manodopera-ma-lavorare-in-agricoltura-e-una-possibilita-preziosa\/","title":{"rendered":"Manca manodopera, ma lavorare in agricoltura \u00e8 una possibilit\u00e0 preziosa"},"content":{"rendered":"<p>Reperimento della manodopera, formazione delle maestranze, attrattivit\u00e0 del settore primario per i giovani: sono questi punti principali della riunione del consiglio direttivo dei Giovani di Confagricoltura Anga di Piacenza che si \u00e8 tenuta nei giorni scorsi.<\/p>\n<p>\u201cIl problema della manodopera &#8211; evidenzia il presidente di Anga Piacenza Filippo Losi &#8211; \u00e8 molto pesante e sentito perch\u00e9 diventa difficile fare investimenti, allargare la maglia ponderale se non si pu\u00f2 contare sul supporto di collaboratori formati. Il nostro mestiere, da tempo, non \u00e8 pi\u00f9 semplicemente legato alla manualit\u00e0 nei campi. Al netto di alcuni profili base che possono essere impiegati durante i picchi lavorativi e che comunque si fa fatica a trovare, le aziende necessitano di personale con competenze specifiche che oggi non si reperiscono sul mercato. Anga vorrebbe poter contare su un patto tra giovani per formare queste persone investendo su di loro, ma diventa difficile individuarle. Oggi il settore non \u00e8 abbastanza attrattivo \u2013 spiega Losi &#8211; uno dei problemi concerne la normativa del lavoro, che mal si sposa con quelle che sono le caratteristiche del comparto primario: ad esempio, molti ragazzi che lavorano stagionalmente in agricoltura beneficiano della disoccupazione agricola per i momenti di fermo in campagna, anche se collaborano con le nostre aziende per pi\u00f9 anni gli istituti di credito, vedendo una situazione lavorativa frammentata, non riconoscono la stabilit\u00e0 del lavoro e questo diventa un ostacolo allo sviluppo di piani personali e di vita. La conseguenza \u00e8 che molti ragazzi decidono di investire il loro futuro in altri settori. Anche per quanto riguarda i profili di base ci sono problematiche, perch\u00e9 la manodopera straniera spesso ha bisogno di supporti: non comprende la lingua e non \u00e8 in grado di muoversi autonomamente sul territorio. I giovani imprenditori che vogliono sviluppare le aziende si trovano cos\u00ec di fronte ai problemi specifici dell\u2019impresa a cui si aggiungono queste criticit\u00e0, che sono di fatto criticit\u00e0 sociali per risolvere le quali occorrerebbe quantomeno un percorso che coinvolga anche altri attori\u201d.<\/p>\n<p>Durante il Consiglio si \u00e8 inoltre parlato di Europa, delle politiche green che continuano a limitare le potenzialit\u00e0 dell&#8217;agricoltura, soprattutto per quanto riguarda le produzioni rendendole imprese poco competitive. \u201cLe continue e progressive esclusioni all\u2019impiego dei principi attivi, soprattutto nei diserbi \u2013 precisa Losi &#8211; costituiscono una problematica comune a quasi tutte le colture e peggiorano anno dopo anno una situazione che ci vede ormai incapaci di controllare le infestazioni da malerbe, in certi casi con danni che si protraggono per anni. Occorrono quanto prima nuove molecole o nuove tecniche\u201d. In ultima analisi si sono passati in rassegna i bandi aperti di interesse per i giovani, in particolare il cosiddetto Pacchetto Giovani: strumenti ben noti e fondamentali per aiutare i giovani ad insediarsi in azienda o a crearne una nuova. Concludendo, in tema di formazione, sono stati passati in rassegna alcuni temi che saranno a breve oggetto di seminari specifici per i giovani imprenditori. \u201cIl nostro mestiere \u00e8 bellissimo &#8211; conclude Losi &#8211; dobbiamo fare s\u00ec che possa essere pi\u00f9 attrattivo per le giovani generazioni. In agricoltura si pu\u00f2 avere un futuro e si pu\u00f2 pensare ad un domani migliore di oggi. Il nostro mestiere conserva ancora quella progettualit\u00e0 positiva che le nuove generazioni oggi vanno cercando, spesso senza risposta\u201d.<\/p>\n","protected":false},"excerpt":{"rendered":"<p>Consiglio direttivo dei giovani di Confagricoltura Anga di Piacenza per condividere e programmare<\/p>\n","protected":false},"author":6,"featured_media":4962,"comment_status":"closed","ping_status":"closed","sticky":false,"template":"","format":"standard","meta":{"wp_mapbox_gl_js_media":[],"footnotes":""},"categories":[21,4],"tags":[],"class_list":["post-4961","post","type-post","status-publish","format-standard","has-post-thumbnail","hentry","category-eventi","category-news"],"yoast_head":"<!-- This site is optimized with the Yoast SEO plugin v26.8 - https:\/\/yoast.com\/product\/yoast-seo-wordpress\/ -->\n<title>Manca manodopera, ma lavorare in agricoltura \u00e8 una possibilit\u00e0 preziosa - Confagricoltura Piacenza<\/title>\n<meta name=\"robots\" content=\"index, follow, max-snippet:-1, max-image-preview:large, max-video-preview:-1\" \/>\n<link rel=\"canonical\" href=\"https:\/\/www.confagricoltura.org\/piacenza\/manca-manodopera-ma-lavorare-in-agricoltura-e-una-possibilita-preziosa\/\" \/>\n<meta property=\"og:locale\" content=\"it_IT\" \/>\n<meta property=\"og:type\" content=\"article\" \/>\n<meta property=\"og:title\" content=\"Manca manodopera, ma lavorare in agricoltura \u00e8 una possibilit\u00e0 preziosa - Confagricoltura Piacenza\" \/>\n<meta property=\"og:description\" content=\"Consiglio direttivo dei giovani di Confagricoltura Anga di Piacenza per condividere e programmare\" \/>\n<meta property=\"og:url\" content=\"https:\/\/www.confagricoltura.org\/piacenza\/manca-manodopera-ma-lavorare-in-agricoltura-e-una-possibilita-preziosa\/\" \/>\n<meta property=\"og:site_name\" content=\"Confagricoltura Piacenza\" \/>\n<meta property=\"article:published_time\" content=\"2025-02-20T11:16:59+00:00\" \/>\n<meta property=\"og:image\" content=\"https:\/\/www.confagricoltura.org\/piacenza\/wp-content\/uploads\/sites\/11\/2025\/02\/anga-consiglio.jpg\" \/>\n\t<meta property=\"og:image:width\" content=\"2048\" \/>\n\t<meta property=\"og:image:height\" content=\"1536\" \/>\n\t<meta property=\"og:image:type\" content=\"image\/jpeg\" \/>\n<meta name=\"author\" content=\"confagricolturapiacenza\" \/>\n<meta name=\"twitter:card\" content=\"summary_large_image\" \/>\n<meta name=\"twitter:label1\" content=\"Scritto da\" \/>\n\t<meta name=\"twitter:data1\" content=\"confagricolturapiacenza\" \/>\n\t<meta name=\"twitter:label2\" content=\"Tempo di lettura stimato\" \/>\n\t<meta name=\"twitter:data2\" content=\"4 minuti\" \/>\n<script type=\"application\/ld+json\" class=\"yoast-schema-graph\">{\"@context\":\"https:\/\/schema.org\",\"@graph\":[{\"@type\":\"Article\",\"@id\":\"https:\/\/www.confagricoltura.org\/piacenza\/manca-manodopera-ma-lavorare-in-agricoltura-e-una-possibilita-preziosa\/#article\",\"isPartOf\":{\"@id\":\"https:\/\/www.confagricoltura.org\/piacenza\/manca-manodopera-ma-lavorare-in-agricoltura-e-una-possibilita-preziosa\/\"},\"author\":{\"name\":\"confagricolturapiacenza\",\"@id\":\"https:\/\/www.confagricoltura.org\/piacenza\/#\/schema\/person\/be5da25a3117fea4b3bfec9dba09b5e8\"},\"headline\":\"Manca manodopera, ma lavorare in agricoltura \u00e8 una possibilit\u00e0 preziosa\",\"datePublished\":\"2025-02-20T11:16:59+00:00\",\"mainEntityOfPage\":{\"@id\":\"https:\/\/www.confagricoltura.org\/piacenza\/manca-manodopera-ma-lavorare-in-agricoltura-e-una-possibilita-preziosa\/\"},\"wordCount\":539,\"image\":{\"@id\":\"https:\/\/www.confagricoltura.org\/piacenza\/manca-manodopera-ma-lavorare-in-agricoltura-e-una-possibilita-preziosa\/#primaryimage\"},\"thumbnailUrl\":\"https:\/\/www.confagricoltura.org\/piacenza\/wp-content\/uploads\/sites\/11\/2025\/02\/anga-consiglio.jpg\",\"articleSection\":[\"Eventi\",\"News\"],\"inLanguage\":\"it-IT\"},{\"@type\":\"WebPage\",\"@id\":\"https:\/\/www.confagricoltura.org\/piacenza\/manca-manodopera-ma-lavorare-in-agricoltura-e-una-possibilita-preziosa\/\",\"url\":\"https:\/\/www.confagricoltura.org\/piacenza\/manca-manodopera-ma-lavorare-in-agricoltura-e-una-possibilita-preziosa\/\",\"name\":\"Manca manodopera, ma lavorare in agricoltura \u00e8 una possibilit\u00e0 preziosa - Confagricoltura Piacenza\",\"isPartOf\":{\"@id\":\"https:\/\/www.confagricoltura.org\/piacenza\/#website\"},\"primaryImageOfPage\":{\"@id\":\"https:\/\/www.confagricoltura.org\/piacenza\/manca-manodopera-ma-lavorare-in-agricoltura-e-una-possibilita-preziosa\/#primaryimage\"},\"image\":{\"@id\":\"https:\/\/www.confagricoltura.org\/piacenza\/manca-manodopera-ma-lavorare-in-agricoltura-e-una-possibilita-preziosa\/#primaryimage\"},\"thumbnailUrl\":\"https:\/\/www.confagricoltura.org\/piacenza\/wp-content\/uploads\/sites\/11\/2025\/02\/anga-consiglio.jpg\",\"datePublished\":\"2025-02-20T11:16:59+00:00\",\"author\":{\"@id\":\"https:\/\/www.confagricoltura.org\/piacenza\/#\/schema\/person\/be5da25a3117fea4b3bfec9dba09b5e8\"},\"breadcrumb\":{\"@id\":\"https:\/\/www.confagricoltura.org\/piacenza\/manca-manodopera-ma-lavorare-in-agricoltura-e-una-possibilita-preziosa\/#breadcrumb\"},\"inLanguage\":\"it-IT\",\"potentialAction\":[{\"@type\":\"ReadAction\",\"target\":[\"https:\/\/www.confagricoltura.org\/piacenza\/manca-manodopera-ma-lavorare-in-agricoltura-e-una-possibilita-preziosa\/\"]}]},{\"@type\":\"ImageObject\",\"inLanguage\":\"it-IT\",\"@id\":\"https:\/\/www.confagricoltura.org\/piacenza\/manca-manodopera-ma-lavorare-in-agricoltura-e-una-possibilita-preziosa\/#primaryimage\",\"url\":\"https:\/\/www.confagricoltura.org\/piacenza\/wp-content\/uploads\/sites\/11\/2025\/02\/anga-consiglio.jpg\",\"contentUrl\":\"https:\/\/www.confagricoltura.org\/piacenza\/wp-content\/uploads\/sites\/11\/2025\/02\/anga-consiglio.jpg\",\"width\":2048,\"height\":1536},{\"@type\":\"BreadcrumbList\",\"@id\":\"https:\/\/www.confagricoltura.org\/piacenza\/manca-manodopera-ma-lavorare-in-agricoltura-e-una-possibilita-preziosa\/#breadcrumb\",\"itemListElement\":[{\"@type\":\"ListItem\",\"position\":1,\"name\":\"Home\",\"item\":\"https:\/\/www.confagricoltura.org\/piacenza\/\"},{\"@type\":\"ListItem\",\"position\":2,\"name\":\"Manca manodopera, ma lavorare in agricoltura \u00e8 una possibilit\u00e0 preziosa\"}]},{\"@type\":\"WebSite\",\"@id\":\"https:\/\/www.confagricoltura.org\/piacenza\/#website\",\"url\":\"https:\/\/www.confagricoltura.org\/piacenza\/\",\"name\":\"Confagricoltura Piacenza\",\"description\":\"Dalla parte degli Agricoltori\",\"potentialAction\":[{\"@type\":\"SearchAction\",\"target\":{\"@type\":\"EntryPoint\",\"urlTemplate\":\"https:\/\/www.confagricoltura.org\/piacenza\/?s={search_term_string}\"},\"query-input\":{\"@type\":\"PropertyValueSpecification\",\"valueRequired\":true,\"valueName\":\"search_term_string\"}}],\"inLanguage\":\"it-IT\"},{\"@type\":\"Person\",\"@id\":\"https:\/\/www.confagricoltura.org\/piacenza\/#\/schema\/person\/be5da25a3117fea4b3bfec9dba09b5e8\",\"name\":\"confagricolturapiacenza\",\"image\":{\"@type\":\"ImageObject\",\"inLanguage\":\"it-IT\",\"@id\":\"https:\/\/www.confagricoltura.org\/piacenza\/#\/schema\/person\/image\/\",\"url\":\"https:\/\/secure.gravatar.com\/avatar\/9c5f111e417171581853bd0a3ff892ca?s=96&d=mm&r=g\",\"contentUrl\":\"https:\/\/secure.gravatar.com\/avatar\/9c5f111e417171581853bd0a3ff892ca?s=96&d=mm&r=g\",\"caption\":\"confagricolturapiacenza\"},\"url\":\"https:\/\/www.confagricoltura.org\/piacenza\/author\/confagricolturapiacenza\/\"}]}<\/script>\n<!-- \/ Yoast SEO plugin. -->","yoast_head_json":{"title":"Manca manodopera, ma lavorare in agricoltura \u00e8 una possibilit\u00e0 preziosa - Confagricoltura Piacenza","robots":{"index":"index","follow":"follow","max-snippet":"max-snippet:-1","max-image-preview":"max-image-preview:large","max-video-preview":"max-video-preview:-1"},"canonical":"https:\/\/www.confagricoltura.org\/piacenza\/manca-manodopera-ma-lavorare-in-agricoltura-e-una-possibilita-preziosa\/","og_locale":"it_IT","og_type":"article","og_title":"Manca manodopera, ma lavorare in agricoltura \u00e8 una possibilit\u00e0 preziosa - Confagricoltura Piacenza","og_description":"Consiglio direttivo dei giovani di Confagricoltura Anga di Piacenza per condividere e programmare","og_url":"https:\/\/www.confagricoltura.org\/piacenza\/manca-manodopera-ma-lavorare-in-agricoltura-e-una-possibilita-preziosa\/","og_site_name":"Confagricoltura Piacenza","article_published_time":"2025-02-20T11:16:59+00:00","og_image":[{"width":2048,"height":1536,"url":"https:\/\/www.confagricoltura.org\/piacenza\/wp-content\/uploads\/sites\/11\/2025\/02\/anga-consiglio.jpg","type":"image\/jpeg"}],"author":"confagricolturapiacenza","twitter_card":"summary_large_image","twitter_misc":{"Scritto da":"confagricolturapiacenza","Tempo di lettura stimato":"4 minuti"},"schema":{"@context":"https:\/\/schema.org","@graph":[{"@type":"Article","@id":"https:\/\/www.confagricoltura.org\/piacenza\/manca-manodopera-ma-lavorare-in-agricoltura-e-una-possibilita-preziosa\/#article","isPartOf":{"@id":"https:\/\/www.confagricoltura.org\/piacenza\/manca-manodopera-ma-lavorare-in-agricoltura-e-una-possibilita-preziosa\/"},"author":{"name":"confagricolturapiacenza","@id":"https:\/\/www.confagricoltura.org\/piacenza\/#\/schema\/person\/be5da25a3117fea4b3bfec9dba09b5e8"},"headline":"Manca manodopera, ma lavorare in agricoltura \u00e8 una possibilit\u00e0 preziosa","datePublished":"2025-02-20T11:16:59+00:00","mainEntityOfPage":{"@id":"https:\/\/www.confagricoltura.org\/piacenza\/manca-manodopera-ma-lavorare-in-agricoltura-e-una-possibilita-preziosa\/"},"wordCount":539,"image":{"@id":"https:\/\/www.confagricoltura.org\/piacenza\/manca-manodopera-ma-lavorare-in-agricoltura-e-una-possibilita-preziosa\/#primaryimage"},"thumbnailUrl":"https:\/\/www.confagricoltura.org\/piacenza\/wp-content\/uploads\/sites\/11\/2025\/02\/anga-consiglio.jpg","articleSection":["Eventi","News"],"inLanguage":"it-IT"},{"@type":"WebPage","@id":"https:\/\/www.confagricoltura.org\/piacenza\/manca-manodopera-ma-lavorare-in-agricoltura-e-una-possibilita-preziosa\/","url":"https:\/\/www.confagricoltura.org\/piacenza\/manca-manodopera-ma-lavorare-in-agricoltura-e-una-possibilita-preziosa\/","name":"Manca manodopera, ma lavorare in agricoltura \u00e8 una possibilit\u00e0 preziosa - Confagricoltura Piacenza","isPartOf":{"@id":"https:\/\/www.confagricoltura.org\/piacenza\/#website"},"primaryImageOfPage":{"@id":"https:\/\/www.confagricoltura.org\/piacenza\/manca-manodopera-ma-lavorare-in-agricoltura-e-una-possibilita-preziosa\/#primaryimage"},"image":{"@id":"https:\/\/www.confagricoltura.org\/piacenza\/manca-manodopera-ma-lavorare-in-agricoltura-e-una-possibilita-preziosa\/#primaryimage"},"thumbnailUrl":"https:\/\/www.confagricoltura.org\/piacenza\/wp-content\/uploads\/sites\/11\/2025\/02\/anga-consiglio.jpg","datePublished":"2025-02-20T11:16:59+00:00","author":{"@id":"https:\/\/www.confagricoltura.org\/piacenza\/#\/schema\/person\/be5da25a3117fea4b3bfec9dba09b5e8"},"breadcrumb":{"@id":"https:\/\/www.confagricoltura.org\/piacenza\/manca-manodopera-ma-lavorare-in-agricoltura-e-una-possibilita-preziosa\/#breadcrumb"},"inLanguage":"it-IT","potentialAction":[{"@type":"ReadAction","target":["https:\/\/www.confagricoltura.org\/piacenza\/manca-manodopera-ma-lavorare-in-agricoltura-e-una-possibilita-preziosa\/"]}]},{"@type":"ImageObject","inLanguage":"it-IT","@id":"https:\/\/www.confagricoltura.org\/piacenza\/manca-manodopera-ma-lavorare-in-agricoltura-e-una-possibilita-preziosa\/#primaryimage","url":"https:\/\/www.confagricoltura.org\/piacenza\/wp-content\/uploads\/sites\/11\/2025\/02\/anga-consiglio.jpg","contentUrl":"https:\/\/www.confagricoltura.org\/piacenza\/wp-content\/uploads\/sites\/11\/2025\/02\/anga-consiglio.jpg","width":2048,"height":1536},{"@type":"BreadcrumbList","@id":"https:\/\/www.confagricoltura.org\/piacenza\/manca-manodopera-ma-lavorare-in-agricoltura-e-una-possibilita-preziosa\/#breadcrumb","itemListElement":[{"@type":"ListItem","position":1,"name":"Home","item":"https:\/\/www.confagricoltura.org\/piacenza\/"},{"@type":"ListItem","position":2,"name":"Manca manodopera, ma lavorare in agricoltura \u00e8 una possibilit\u00e0 preziosa"}]},{"@type":"WebSite","@id":"https:\/\/www.confagricoltura.org\/piacenza\/#website","url":"https:\/\/www.confagricoltura.org\/piacenza\/","name":"Confagricoltura Piacenza","description":"Dalla parte degli Agricoltori","potentialAction":[{"@type":"SearchAction","target":{"@type":"EntryPoint","urlTemplate":"https:\/\/www.confagricoltura.org\/piacenza\/?s={search_term_string}"},"query-input":{"@type":"PropertyValueSpecification","valueRequired":true,"valueName":"search_term_string"}}],"inLanguage":"it-IT"},{"@type":"Person","@id":"https:\/\/www.confagricoltura.org\/piacenza\/#\/schema\/person\/be5da25a3117fea4b3bfec9dba09b5e8","name":"confagricolturapiacenza","image":{"@type":"ImageObject","inLanguage":"it-IT","@id":"https:\/\/www.confagricoltura.org\/piacenza\/#\/schema\/person\/image\/","url":"https:\/\/secure.gravatar.com\/avatar\/9c5f111e417171581853bd0a3ff892ca?s=96&d=mm&r=g","contentUrl":"https:\/\/secure.gravatar.com\/avatar\/9c5f111e417171581853bd0a3ff892ca?s=96&d=mm&r=g","caption":"confagricolturapiacenza"},"url":"https:\/\/www.confagricoltura.org\/piacenza\/author\/confagricolturapiacenza\/"}]}},"_links":{"self":[{"href":"https:\/\/www.confagricoltura.org\/piacenza\/wp-json\/wp\/v2\/posts\/4961","targetHints":{"allow":["GET"]}}],"collection":[{"href":"https:\/\/www.confagricoltura.org\/piacenza\/wp-json\/wp\/v2\/posts"}],"about":[{"href":"https:\/\/www.confagricoltura.org\/piacenza\/wp-json\/wp\/v2\/types\/post"}],"author":[{"embeddable":true,"href":"https:\/\/www.confagricoltura.org\/piacenza\/wp-json\/wp\/v2\/users\/6"}],"replies":[{"embeddable":true,"href":"https:\/\/www.confagricoltura.org\/piacenza\/wp-json\/wp\/v2\/comments?post=4961"}],"version-history":[{"count":1,"href":"https:\/\/www.confagricoltura.org\/piacenza\/wp-json\/wp\/v2\/posts\/4961\/revisions"}],"predecessor-version":[{"id":4963,"href":"https:\/\/www.confagricoltura.org\/piacenza\/wp-json\/wp\/v2\/posts\/4961\/revisions\/4963"}],"wp:featuredmedia":[{"embeddable":true,"href":"https:\/\/www.confagricoltura.org\/piacenza\/wp-json\/wp\/v2\/media\/4962"}],"wp:attachment":[{"href":"https:\/\/www.confagricoltura.org\/piacenza\/wp-json\/wp\/v2\/media?parent=4961"}],"wp:term":[{"taxonomy":"category","embeddable":true,"href":"https:\/\/www.confagricoltura.org\/piacenza\/wp-json\/wp\/v2\/categories?post=4961"},{"taxonomy":"post_tag","embeddable":true,"href":"https:\/\/www.confagricoltura.org\/piacenza\/wp-json\/wp\/v2\/tags?post=4961"}],"curies":[{"name":"wp","href":"https:\/\/api.w.org\/{rel}","templated":true}]}}