{"id":4956,"date":"2025-02-17T10:44:20","date_gmt":"2025-02-17T09:44:20","guid":{"rendered":"https:\/\/www.confagricoltura.org\/piacenza\/?p=4956"},"modified":"2025-02-19T10:47:25","modified_gmt":"2025-02-19T09:47:25","slug":"pomodoro-da-industria-la-sezione-di-prodotto-di-confagricoltura-piacenza-si-e-riunita-in-forma-allargata","status":"publish","type":"post","link":"https:\/\/www.confagricoltura.org\/piacenza\/pomodoro-da-industria-la-sezione-di-prodotto-di-confagricoltura-piacenza-si-e-riunita-in-forma-allargata\/","title":{"rendered":"Pomodoro da industria: la sezione di prodotto di Confagricoltura Piacenza si \u00e8 riunita in forma allargata"},"content":{"rendered":"<p>La Sezione di Prodotto Pomodoro da Industria di Confagricoltura Piacenza si \u00e8 riunita, nei giorni scorsi, in forma allargata a tutti i soci produttori di pomodoro nella nuova Sala Visconti al palazzo dell\u2019Agricoltura di Piacenza.<\/p>\n<p>Diversi gli intervenuti per discutere della programmazione della nuova campagna alla luce dell\u2019accordo quadro per il comparto sottoscritto il 28 gennaio scorso.<\/p>\n<p>Il prezzo di riferimento per la campagna 2025 \u2013 si ricorda &#8211; sar\u00e0 142.5 euro\/tonnellata, pi\u00f9 una scaletta qualit\u00e0 migliorata, che potrebbe valere fino a un massimo di 2.5 euro \/tonnellata. \u201cReputiamo l\u2019accordo positivo \u2013 ha sottolineato il presidente della Sezione di Prodotto Pomodoro da Industria provinciale e regionale di Confagricoltura, Giovanni Lambertini &#8211; soprattutto per i tempi stretti con cui \u00e8 stato concluso, con un prezzo di riferimento buono, almeno ai nastri di partenza, e non secondariamente per la positiva inversione di tendenza degli adeguamenti della scaletta qualit\u00e0, in cui si tornati a parlare di premialit\u00e0 e non di penalit\u00e0\u201d.<\/p>\n<p>\u201cI presupposti per una buona campagna ci sono e sono costruiti su una ragionevolezza dimostrata da tutte le parti coinvolte nella trattativa per il bene del settore \u2013 ha commentato il presidente di Confagricoltura Piacenza Umberto Gorra \u2013 Le Op si sono mosse unite, con coerenza e questo ha premiato. Ora si tratta di procedere con trasparenza, seguendo la programmazione e le tempistiche indicate dalle Op. Le quotazioni sono quelle che il mercato poteva riconoscere, una volta tanto il nostro accordo far\u00e0 da apripista senza venir fortemente influenzato dalle quotazioni di riferimento in Spagna e in California, come ultimamente accadeva\u201d.<\/p>\n<p>Diversi i temi toccati nella discussione: dall\u2019attrattivit\u00e0 della coltura, ai costi di investimento in campo che arrivano a toccare i 10.000 euro ad ettaro. Ai costi energetici, molto pi\u00f9 alti nel nostro Paese rispetto a quelli spagnoli. Ai contratti d\u2019affitto che rilevano un forte interesse per la coltura negli areali a noi prossimi. Ai principi attivi. Quest\u2019ultimo tema ha, in particolar modo, stimolato riflessioni. Le normative di matrice ambientalista hanno portato a crociate contro gli agrofarmaci e al susseguirsi di restrizioni nell\u2019impiego di principi attivi in campo. Dalla fase di studio, una nuova molecola compie un percorso che richiede anni per arrivare alla commercializzazione. Gli investimenti iniziali sono disincentivati dalle difficolt\u00e0 di ottenere le autorizzazioni all\u2019impiego oltre che dalla prospettiva incerta della permanenza delle autorizzazioni nel tempo, cos\u00ec le colture in campo rischiano di non avere a disposizione nuove difese. Questo potrebbe minare gli standard di eccellenza del nostro pomodoro da industria e sottoporre la filiera a rischi perch\u00e9 mancanze di prodotto potrebbero essere colmate con beni di importazione realizzati con standard pi\u00f9 bassi e con impatti ambientali ben pi\u00f9 elevati. Una strategia miope e in fruttuosa dunque, quella della guerra agli agrofarmaci, quando la professionalit\u00e0 e la precisione di un\u2019agricoltura avanzata come la nostra garantiscono un impiego razionale di tutti i fattori produttivi, agrofarmaci in primis.<\/p>\n<p>\u201cAuspichiamo che vengano messe a disposizione nuove molecole \u2013 ha sottolineato la Sezione \u2013 o nuove variet\u00e0 e nuovi macchinari. C\u2019\u00e8 molto interesse per le Tea, le nuove tecnologie di selezione varietale, ma le prospettive di sviluppo e di innovazione tecnologica non sono oggi in grado di dare una risposta immediata\u201d.<\/p>\n<p>In conclusione, si \u00e8 tornati a parlare proprio di cosa accadr\u00e0 in campo. \u201cDopo un\u2019annata in cui abbiamo registrato un fatturato ridotto del 30% &#8211; ha ricordato Lambertini \u2013 \u00e8 chiaro che c\u2019\u00e8 una certa spinta produttiva, sostenuta anche dalle industrie che hanno ridotto gli stock a causa dell\u2019ultima pessima campagna. Gli ordini delle piantine sono stati effettuati \u2013 ha concluso \u2013 serve ragionevolezza per una coltura che non ammette errori, proprio per i costi che si sostengono nel portarla a termine. Ricordiamo che la campagna di raccolta si sviluppa su una decina di settimane e che la capacit\u00e0 di trasformazione delle industrie del bacino \u00e8 nota e definita. La raccomandazione \u00e8 di non prevedere troppe superfici a pomodoro come secondo prodotto rischiando di arrivare a fine campagna in balia delle bizze del tempo con un capitale in campo\u201d.<\/p>\n","protected":false},"excerpt":{"rendered":"<p>Lambertini: molta attenzione ai secondi prodotti. Gorra: la programmazione deve essere in stretto raccordo con le Op.<\/p>\n","protected":false},"author":6,"featured_media":4957,"comment_status":"closed","ping_status":"closed","sticky":false,"template":"","format":"standard","meta":{"wp_mapbox_gl_js_media":[],"footnotes":""},"categories":[4,343],"tags":[],"class_list":["post-4956","post","type-post","status-publish","format-standard","has-post-thumbnail","hentry","category-news","category-settore-pomodoro-da-industria"],"yoast_head":"<!-- This site is optimized with the Yoast SEO plugin v26.8 - https:\/\/yoast.com\/product\/yoast-seo-wordpress\/ -->\n<title>Pomodoro da industria: la sezione di prodotto di Confagricoltura Piacenza si \u00e8 riunita in forma allargata - Confagricoltura Piacenza<\/title>\n<meta name=\"robots\" content=\"index, follow, max-snippet:-1, max-image-preview:large, max-video-preview:-1\" \/>\n<link rel=\"canonical\" href=\"https:\/\/www.confagricoltura.org\/piacenza\/pomodoro-da-industria-la-sezione-di-prodotto-di-confagricoltura-piacenza-si-e-riunita-in-forma-allargata\/\" \/>\n<meta property=\"og:locale\" content=\"it_IT\" \/>\n<meta property=\"og:type\" content=\"article\" \/>\n<meta property=\"og:title\" content=\"Pomodoro da industria: la sezione di prodotto di Confagricoltura Piacenza si \u00e8 riunita in forma allargata - Confagricoltura Piacenza\" \/>\n<meta property=\"og:description\" content=\"Lambertini: molta attenzione ai secondi prodotti. Gorra: la programmazione deve essere in stretto raccordo con le Op.\" \/>\n<meta property=\"og:url\" content=\"https:\/\/www.confagricoltura.org\/piacenza\/pomodoro-da-industria-la-sezione-di-prodotto-di-confagricoltura-piacenza-si-e-riunita-in-forma-allargata\/\" \/>\n<meta property=\"og:site_name\" content=\"Confagricoltura Piacenza\" \/>\n<meta property=\"article:published_time\" content=\"2025-02-17T09:44:20+00:00\" \/>\n<meta property=\"article:modified_time\" content=\"2025-02-19T09:47:25+00:00\" \/>\n<meta property=\"og:image\" content=\"https:\/\/www.confagricoltura.org\/piacenza\/wp-content\/uploads\/sites\/11\/2025\/02\/Lambertini-Gorra-scaled.jpg\" \/>\n\t<meta property=\"og:image:width\" content=\"2560\" \/>\n\t<meta property=\"og:image:height\" content=\"1920\" \/>\n\t<meta property=\"og:image:type\" content=\"image\/jpeg\" \/>\n<meta name=\"author\" content=\"confagricolturapiacenza\" \/>\n<meta name=\"twitter:card\" content=\"summary_large_image\" \/>\n<meta name=\"twitter:label1\" content=\"Scritto da\" \/>\n\t<meta name=\"twitter:data1\" content=\"confagricolturapiacenza\" \/>\n\t<meta name=\"twitter:label2\" content=\"Tempo di lettura stimato\" \/>\n\t<meta name=\"twitter:data2\" content=\"4 minuti\" \/>\n<script type=\"application\/ld+json\" class=\"yoast-schema-graph\">{\"@context\":\"https:\/\/schema.org\",\"@graph\":[{\"@type\":\"Article\",\"@id\":\"https:\/\/www.confagricoltura.org\/piacenza\/pomodoro-da-industria-la-sezione-di-prodotto-di-confagricoltura-piacenza-si-e-riunita-in-forma-allargata\/#article\",\"isPartOf\":{\"@id\":\"https:\/\/www.confagricoltura.org\/piacenza\/pomodoro-da-industria-la-sezione-di-prodotto-di-confagricoltura-piacenza-si-e-riunita-in-forma-allargata\/\"},\"author\":{\"name\":\"confagricolturapiacenza\",\"@id\":\"https:\/\/www.confagricoltura.org\/piacenza\/#\/schema\/person\/be5da25a3117fea4b3bfec9dba09b5e8\"},\"headline\":\"Pomodoro da industria: la sezione di prodotto di Confagricoltura Piacenza si \u00e8 riunita in forma allargata\",\"datePublished\":\"2025-02-17T09:44:20+00:00\",\"dateModified\":\"2025-02-19T09:47:25+00:00\",\"mainEntityOfPage\":{\"@id\":\"https:\/\/www.confagricoltura.org\/piacenza\/pomodoro-da-industria-la-sezione-di-prodotto-di-confagricoltura-piacenza-si-e-riunita-in-forma-allargata\/\"},\"wordCount\":671,\"image\":{\"@id\":\"https:\/\/www.confagricoltura.org\/piacenza\/pomodoro-da-industria-la-sezione-di-prodotto-di-confagricoltura-piacenza-si-e-riunita-in-forma-allargata\/#primaryimage\"},\"thumbnailUrl\":\"https:\/\/www.confagricoltura.org\/piacenza\/wp-content\/uploads\/sites\/11\/2025\/02\/Lambertini-Gorra-scaled.jpg\",\"articleSection\":[\"News\",\"Settore Pomodoro da industria\"],\"inLanguage\":\"it-IT\"},{\"@type\":\"WebPage\",\"@id\":\"https:\/\/www.confagricoltura.org\/piacenza\/pomodoro-da-industria-la-sezione-di-prodotto-di-confagricoltura-piacenza-si-e-riunita-in-forma-allargata\/\",\"url\":\"https:\/\/www.confagricoltura.org\/piacenza\/pomodoro-da-industria-la-sezione-di-prodotto-di-confagricoltura-piacenza-si-e-riunita-in-forma-allargata\/\",\"name\":\"Pomodoro da industria: la sezione di prodotto di Confagricoltura Piacenza si \u00e8 riunita in forma allargata - Confagricoltura Piacenza\",\"isPartOf\":{\"@id\":\"https:\/\/www.confagricoltura.org\/piacenza\/#website\"},\"primaryImageOfPage\":{\"@id\":\"https:\/\/www.confagricoltura.org\/piacenza\/pomodoro-da-industria-la-sezione-di-prodotto-di-confagricoltura-piacenza-si-e-riunita-in-forma-allargata\/#primaryimage\"},\"image\":{\"@id\":\"https:\/\/www.confagricoltura.org\/piacenza\/pomodoro-da-industria-la-sezione-di-prodotto-di-confagricoltura-piacenza-si-e-riunita-in-forma-allargata\/#primaryimage\"},\"thumbnailUrl\":\"https:\/\/www.confagricoltura.org\/piacenza\/wp-content\/uploads\/sites\/11\/2025\/02\/Lambertini-Gorra-scaled.jpg\",\"datePublished\":\"2025-02-17T09:44:20+00:00\",\"dateModified\":\"2025-02-19T09:47:25+00:00\",\"author\":{\"@id\":\"https:\/\/www.confagricoltura.org\/piacenza\/#\/schema\/person\/be5da25a3117fea4b3bfec9dba09b5e8\"},\"breadcrumb\":{\"@id\":\"https:\/\/www.confagricoltura.org\/piacenza\/pomodoro-da-industria-la-sezione-di-prodotto-di-confagricoltura-piacenza-si-e-riunita-in-forma-allargata\/#breadcrumb\"},\"inLanguage\":\"it-IT\",\"potentialAction\":[{\"@type\":\"ReadAction\",\"target\":[\"https:\/\/www.confagricoltura.org\/piacenza\/pomodoro-da-industria-la-sezione-di-prodotto-di-confagricoltura-piacenza-si-e-riunita-in-forma-allargata\/\"]}]},{\"@type\":\"ImageObject\",\"inLanguage\":\"it-IT\",\"@id\":\"https:\/\/www.confagricoltura.org\/piacenza\/pomodoro-da-industria-la-sezione-di-prodotto-di-confagricoltura-piacenza-si-e-riunita-in-forma-allargata\/#primaryimage\",\"url\":\"https:\/\/www.confagricoltura.org\/piacenza\/wp-content\/uploads\/sites\/11\/2025\/02\/Lambertini-Gorra-scaled.jpg\",\"contentUrl\":\"https:\/\/www.confagricoltura.org\/piacenza\/wp-content\/uploads\/sites\/11\/2025\/02\/Lambertini-Gorra-scaled.jpg\",\"width\":2560,\"height\":1920},{\"@type\":\"BreadcrumbList\",\"@id\":\"https:\/\/www.confagricoltura.org\/piacenza\/pomodoro-da-industria-la-sezione-di-prodotto-di-confagricoltura-piacenza-si-e-riunita-in-forma-allargata\/#breadcrumb\",\"itemListElement\":[{\"@type\":\"ListItem\",\"position\":1,\"name\":\"Home\",\"item\":\"https:\/\/www.confagricoltura.org\/piacenza\/\"},{\"@type\":\"ListItem\",\"position\":2,\"name\":\"Pomodoro da industria: la sezione di prodotto di Confagricoltura Piacenza si \u00e8 riunita in forma allargata\"}]},{\"@type\":\"WebSite\",\"@id\":\"https:\/\/www.confagricoltura.org\/piacenza\/#website\",\"url\":\"https:\/\/www.confagricoltura.org\/piacenza\/\",\"name\":\"Confagricoltura Piacenza\",\"description\":\"Dalla parte degli Agricoltori\",\"potentialAction\":[{\"@type\":\"SearchAction\",\"target\":{\"@type\":\"EntryPoint\",\"urlTemplate\":\"https:\/\/www.confagricoltura.org\/piacenza\/?s={search_term_string}\"},\"query-input\":{\"@type\":\"PropertyValueSpecification\",\"valueRequired\":true,\"valueName\":\"search_term_string\"}}],\"inLanguage\":\"it-IT\"},{\"@type\":\"Person\",\"@id\":\"https:\/\/www.confagricoltura.org\/piacenza\/#\/schema\/person\/be5da25a3117fea4b3bfec9dba09b5e8\",\"name\":\"confagricolturapiacenza\",\"image\":{\"@type\":\"ImageObject\",\"inLanguage\":\"it-IT\",\"@id\":\"https:\/\/www.confagricoltura.org\/piacenza\/#\/schema\/person\/image\/\",\"url\":\"https:\/\/secure.gravatar.com\/avatar\/9c5f111e417171581853bd0a3ff892ca?s=96&d=mm&r=g\",\"contentUrl\":\"https:\/\/secure.gravatar.com\/avatar\/9c5f111e417171581853bd0a3ff892ca?s=96&d=mm&r=g\",\"caption\":\"confagricolturapiacenza\"},\"url\":\"https:\/\/www.confagricoltura.org\/piacenza\/author\/confagricolturapiacenza\/\"}]}<\/script>\n<!-- \/ Yoast SEO plugin. -->","yoast_head_json":{"title":"Pomodoro da industria: la sezione di prodotto di Confagricoltura Piacenza si \u00e8 riunita in forma allargata - Confagricoltura Piacenza","robots":{"index":"index","follow":"follow","max-snippet":"max-snippet:-1","max-image-preview":"max-image-preview:large","max-video-preview":"max-video-preview:-1"},"canonical":"https:\/\/www.confagricoltura.org\/piacenza\/pomodoro-da-industria-la-sezione-di-prodotto-di-confagricoltura-piacenza-si-e-riunita-in-forma-allargata\/","og_locale":"it_IT","og_type":"article","og_title":"Pomodoro da industria: la sezione di prodotto di Confagricoltura Piacenza si \u00e8 riunita in forma allargata - Confagricoltura Piacenza","og_description":"Lambertini: molta attenzione ai secondi prodotti. Gorra: la programmazione deve essere in stretto raccordo con le Op.","og_url":"https:\/\/www.confagricoltura.org\/piacenza\/pomodoro-da-industria-la-sezione-di-prodotto-di-confagricoltura-piacenza-si-e-riunita-in-forma-allargata\/","og_site_name":"Confagricoltura Piacenza","article_published_time":"2025-02-17T09:44:20+00:00","article_modified_time":"2025-02-19T09:47:25+00:00","og_image":[{"width":2560,"height":1920,"url":"https:\/\/www.confagricoltura.org\/piacenza\/wp-content\/uploads\/sites\/11\/2025\/02\/Lambertini-Gorra-scaled.jpg","type":"image\/jpeg"}],"author":"confagricolturapiacenza","twitter_card":"summary_large_image","twitter_misc":{"Scritto da":"confagricolturapiacenza","Tempo di lettura stimato":"4 minuti"},"schema":{"@context":"https:\/\/schema.org","@graph":[{"@type":"Article","@id":"https:\/\/www.confagricoltura.org\/piacenza\/pomodoro-da-industria-la-sezione-di-prodotto-di-confagricoltura-piacenza-si-e-riunita-in-forma-allargata\/#article","isPartOf":{"@id":"https:\/\/www.confagricoltura.org\/piacenza\/pomodoro-da-industria-la-sezione-di-prodotto-di-confagricoltura-piacenza-si-e-riunita-in-forma-allargata\/"},"author":{"name":"confagricolturapiacenza","@id":"https:\/\/www.confagricoltura.org\/piacenza\/#\/schema\/person\/be5da25a3117fea4b3bfec9dba09b5e8"},"headline":"Pomodoro da industria: la sezione di prodotto di Confagricoltura Piacenza si \u00e8 riunita in forma allargata","datePublished":"2025-02-17T09:44:20+00:00","dateModified":"2025-02-19T09:47:25+00:00","mainEntityOfPage":{"@id":"https:\/\/www.confagricoltura.org\/piacenza\/pomodoro-da-industria-la-sezione-di-prodotto-di-confagricoltura-piacenza-si-e-riunita-in-forma-allargata\/"},"wordCount":671,"image":{"@id":"https:\/\/www.confagricoltura.org\/piacenza\/pomodoro-da-industria-la-sezione-di-prodotto-di-confagricoltura-piacenza-si-e-riunita-in-forma-allargata\/#primaryimage"},"thumbnailUrl":"https:\/\/www.confagricoltura.org\/piacenza\/wp-content\/uploads\/sites\/11\/2025\/02\/Lambertini-Gorra-scaled.jpg","articleSection":["News","Settore Pomodoro da industria"],"inLanguage":"it-IT"},{"@type":"WebPage","@id":"https:\/\/www.confagricoltura.org\/piacenza\/pomodoro-da-industria-la-sezione-di-prodotto-di-confagricoltura-piacenza-si-e-riunita-in-forma-allargata\/","url":"https:\/\/www.confagricoltura.org\/piacenza\/pomodoro-da-industria-la-sezione-di-prodotto-di-confagricoltura-piacenza-si-e-riunita-in-forma-allargata\/","name":"Pomodoro da industria: la sezione di prodotto di Confagricoltura Piacenza si \u00e8 riunita in forma allargata - Confagricoltura Piacenza","isPartOf":{"@id":"https:\/\/www.confagricoltura.org\/piacenza\/#website"},"primaryImageOfPage":{"@id":"https:\/\/www.confagricoltura.org\/piacenza\/pomodoro-da-industria-la-sezione-di-prodotto-di-confagricoltura-piacenza-si-e-riunita-in-forma-allargata\/#primaryimage"},"image":{"@id":"https:\/\/www.confagricoltura.org\/piacenza\/pomodoro-da-industria-la-sezione-di-prodotto-di-confagricoltura-piacenza-si-e-riunita-in-forma-allargata\/#primaryimage"},"thumbnailUrl":"https:\/\/www.confagricoltura.org\/piacenza\/wp-content\/uploads\/sites\/11\/2025\/02\/Lambertini-Gorra-scaled.jpg","datePublished":"2025-02-17T09:44:20+00:00","dateModified":"2025-02-19T09:47:25+00:00","author":{"@id":"https:\/\/www.confagricoltura.org\/piacenza\/#\/schema\/person\/be5da25a3117fea4b3bfec9dba09b5e8"},"breadcrumb":{"@id":"https:\/\/www.confagricoltura.org\/piacenza\/pomodoro-da-industria-la-sezione-di-prodotto-di-confagricoltura-piacenza-si-e-riunita-in-forma-allargata\/#breadcrumb"},"inLanguage":"it-IT","potentialAction":[{"@type":"ReadAction","target":["https:\/\/www.confagricoltura.org\/piacenza\/pomodoro-da-industria-la-sezione-di-prodotto-di-confagricoltura-piacenza-si-e-riunita-in-forma-allargata\/"]}]},{"@type":"ImageObject","inLanguage":"it-IT","@id":"https:\/\/www.confagricoltura.org\/piacenza\/pomodoro-da-industria-la-sezione-di-prodotto-di-confagricoltura-piacenza-si-e-riunita-in-forma-allargata\/#primaryimage","url":"https:\/\/www.confagricoltura.org\/piacenza\/wp-content\/uploads\/sites\/11\/2025\/02\/Lambertini-Gorra-scaled.jpg","contentUrl":"https:\/\/www.confagricoltura.org\/piacenza\/wp-content\/uploads\/sites\/11\/2025\/02\/Lambertini-Gorra-scaled.jpg","width":2560,"height":1920},{"@type":"BreadcrumbList","@id":"https:\/\/www.confagricoltura.org\/piacenza\/pomodoro-da-industria-la-sezione-di-prodotto-di-confagricoltura-piacenza-si-e-riunita-in-forma-allargata\/#breadcrumb","itemListElement":[{"@type":"ListItem","position":1,"name":"Home","item":"https:\/\/www.confagricoltura.org\/piacenza\/"},{"@type":"ListItem","position":2,"name":"Pomodoro da industria: la sezione di prodotto di Confagricoltura Piacenza si \u00e8 riunita in forma allargata"}]},{"@type":"WebSite","@id":"https:\/\/www.confagricoltura.org\/piacenza\/#website","url":"https:\/\/www.confagricoltura.org\/piacenza\/","name":"Confagricoltura Piacenza","description":"Dalla parte degli Agricoltori","potentialAction":[{"@type":"SearchAction","target":{"@type":"EntryPoint","urlTemplate":"https:\/\/www.confagricoltura.org\/piacenza\/?s={search_term_string}"},"query-input":{"@type":"PropertyValueSpecification","valueRequired":true,"valueName":"search_term_string"}}],"inLanguage":"it-IT"},{"@type":"Person","@id":"https:\/\/www.confagricoltura.org\/piacenza\/#\/schema\/person\/be5da25a3117fea4b3bfec9dba09b5e8","name":"confagricolturapiacenza","image":{"@type":"ImageObject","inLanguage":"it-IT","@id":"https:\/\/www.confagricoltura.org\/piacenza\/#\/schema\/person\/image\/","url":"https:\/\/secure.gravatar.com\/avatar\/9c5f111e417171581853bd0a3ff892ca?s=96&d=mm&r=g","contentUrl":"https:\/\/secure.gravatar.com\/avatar\/9c5f111e417171581853bd0a3ff892ca?s=96&d=mm&r=g","caption":"confagricolturapiacenza"},"url":"https:\/\/www.confagricoltura.org\/piacenza\/author\/confagricolturapiacenza\/"}]}},"_links":{"self":[{"href":"https:\/\/www.confagricoltura.org\/piacenza\/wp-json\/wp\/v2\/posts\/4956","targetHints":{"allow":["GET"]}}],"collection":[{"href":"https:\/\/www.confagricoltura.org\/piacenza\/wp-json\/wp\/v2\/posts"}],"about":[{"href":"https:\/\/www.confagricoltura.org\/piacenza\/wp-json\/wp\/v2\/types\/post"}],"author":[{"embeddable":true,"href":"https:\/\/www.confagricoltura.org\/piacenza\/wp-json\/wp\/v2\/users\/6"}],"replies":[{"embeddable":true,"href":"https:\/\/www.confagricoltura.org\/piacenza\/wp-json\/wp\/v2\/comments?post=4956"}],"version-history":[{"count":1,"href":"https:\/\/www.confagricoltura.org\/piacenza\/wp-json\/wp\/v2\/posts\/4956\/revisions"}],"predecessor-version":[{"id":4958,"href":"https:\/\/www.confagricoltura.org\/piacenza\/wp-json\/wp\/v2\/posts\/4956\/revisions\/4958"}],"wp:featuredmedia":[{"embeddable":true,"href":"https:\/\/www.confagricoltura.org\/piacenza\/wp-json\/wp\/v2\/media\/4957"}],"wp:attachment":[{"href":"https:\/\/www.confagricoltura.org\/piacenza\/wp-json\/wp\/v2\/media?parent=4956"}],"wp:term":[{"taxonomy":"category","embeddable":true,"href":"https:\/\/www.confagricoltura.org\/piacenza\/wp-json\/wp\/v2\/categories?post=4956"},{"taxonomy":"post_tag","embeddable":true,"href":"https:\/\/www.confagricoltura.org\/piacenza\/wp-json\/wp\/v2\/tags?post=4956"}],"curies":[{"name":"wp","href":"https:\/\/api.w.org\/{rel}","templated":true}]}}