{"id":4931,"date":"2025-01-29T10:00:03","date_gmt":"2025-01-29T09:00:03","guid":{"rendered":"https:\/\/www.confagricoltura.org\/piacenza\/?p=4931"},"modified":"2025-02-19T10:03:56","modified_gmt":"2025-02-19T09:03:56","slug":"pagamenti-dellue-alle-lobby-ambientaliste-linchiesta-fa-rumore","status":"publish","type":"post","link":"https:\/\/www.confagricoltura.org\/piacenza\/pagamenti-dellue-alle-lobby-ambientaliste-linchiesta-fa-rumore\/","title":{"rendered":"Pagamenti dell\u2019Ue alle Lobby ambientaliste: l\u2019inchiesta fa rumore"},"content":{"rendered":"<p>L&#8217;Ue avrebbe &#8220;pagato segretamente gruppi ambientalisti per promuovere i piani verdi dell&#8217;ex commissario Frans Timmermans&#8221;.\u00a0 Lo rivela un&#8217;inchiesta del quotidiano olandese De Telegraaf che cita contratti riservati, tra cui uno da 700mila euro &#8220;per orientare il dibattito sull&#8217;agricoltura&#8221;. &#8220;Per anni la Commissione Ue ha sovvenzionato&#8221; lobby ecologiste per &#8220;fare pressioni a favore&#8221; del Green deal: &#8220;Alle organizzazioni &#8211; denuncia il Telegraaf &#8211; sono stati addirittura assegnati obiettivi per risultati concreti di lobbying presso eurodeputati e Paesi membri&#8221;. Stando al quotidiano olandese, Bruxelles avrebbe &#8220;utilizzato denaro da un fondo per sussidi climatici e ambientali da miliardi di euro&#8221; per finanziare una &#8220;lobby ombra&#8221; al fine di portare le politiche green in cima all&#8217;agenda europea. Tra gli esempi riportati nell&#8217;inchiesta vi \u00e8 una campagna a favore della contestata Nature Restoration Law, fortemente voluta da Timmermans, e che sarebbe stata &#8220;promossa da un&#8217;organizzazione coordinata di 185 associazioni ambientaliste&#8221;.<\/p>\n<p>Il presidente di Confagricoltura Piacenza Umberto Gorra commenta: \u201cCome ha dichiarato il presidente nazionale Massimiliano Giansanti &#8211; che ricopre anche il ruolo di presidente del Copa, l&#8217;organizzazione europea degli agricoltori -, speriamo, nell&#8217;interesse generale, che la Commissione europea e la sua presidente Ursula von der Leyen facciano chiarezza al pi\u00f9 presto. Ci esprimeremo pi\u00f9 duramente se risulter\u00e0 che Timmermans ha effettivamente utilizzato fondi pubblici quando non avrebbe potuto farlo&#8221;.<\/p>\n<p>Certo \u00e8 \u2013 commenta Confagricoltura Piacenza &#8211; che da anni gli agricoltori combattono contro una presunzione di colpevolezza costantemente pendente sul loro operato che li vede ingiustificatamente quali inquinatori. \u201cNon c\u2019\u00e8 alcuna attivit\u00e0 produttiva che sia a impatto zero \u2013 spiega Gorra \u2013 ma quella agricola \u00e8 l\u2019attivit\u00e0 economica che impatta meno, perch\u00e9 condotta in simbiosi con la natura e in grado, con pratiche virtuose, di dare un contributo positivo alla tutela dell\u2019ambiente. Siamo stati contrari al Green Deal sin dalla prima ora denunciandone l\u2019impostazione ideologica e l\u2019irragionevolezza, soprattutto se riferita a neanche a un decimo della popolazione mondiale e a un territorio ancor meno rilevante percentualmente, mentre il resto del mondo continua a non adottare politiche minimamente similari e cosi ideologiche in materia ambientale. Grazie alla follia &#8220;green&#8221; le imprese europee sono state costrette a sostenere costi di produzione enormi rispetto ai competitor extra Ue\u201d.<\/p>\n<p>Confagricoltura Piacenza torna a citare lo studio realizzato dai ricercatori olandesi della Wageningen University &amp; Research che aveva stimato un calo di produzione dal 10 al 20% come effetto dell\u2019applicazione del Green Deal sull\u2019agricoltura europea.<\/p>\n<p>\u201cQuesta impostazione non fa che renderci pi\u00f9 dipendenti dai Paesi terzi che non rispettano certo i nostri standard produttivi e dunque uccide la competitivit\u00e0 delle nostre aziende e in parallelo fa anche aumentare le emissioni a livello globale. Vanno definite normative che incentivino la competitivit\u00e0 dell&#8217;agricoltura europea.\u00a0 Gli agricoltori devono vedere riconosciuta la loro azione strategica. Servono incentivi e non sussidi, a tal fine \u00e8 necessario un budget pi\u00f9 ampio per l&#8217;agricoltura (quello attuale rappresenta meno dell&#8217;1% della somma dei PIL degli Stati membri). Bisogna fare di pi\u00f9 e meglio, a partire dal radicale stralcio delle norme di matrice ideologico-ambientalista, a maggior ragione se inquinate sin dalla loro genesi da interessi poco chiari\u201d.<\/p>\n","protected":false},"excerpt":{"rendered":"<p>Gorra (Confagricoltura Piacenza): da tempo denunciamo che la svolta green ideologica danneggia l\u2019ambiente e deprime la produttivit\u00e0<\/p>\n","protected":false},"author":6,"featured_media":4932,"comment_status":"closed","ping_status":"closed","sticky":false,"template":"","format":"standard","meta":{"wp_mapbox_gl_js_media":[],"footnotes":""},"categories":[21,4],"tags":[],"class_list":["post-4931","post","type-post","status-publish","format-standard","has-post-thumbnail","hentry","category-eventi","category-news"],"yoast_head":"<!-- This site is optimized with the Yoast SEO plugin v26.8 - https:\/\/yoast.com\/product\/yoast-seo-wordpress\/ -->\n<title>Pagamenti dell\u2019Ue alle Lobby ambientaliste: l\u2019inchiesta fa rumore - Confagricoltura Piacenza<\/title>\n<meta name=\"robots\" content=\"index, follow, max-snippet:-1, max-image-preview:large, max-video-preview:-1\" \/>\n<link rel=\"canonical\" href=\"https:\/\/www.confagricoltura.org\/piacenza\/pagamenti-dellue-alle-lobby-ambientaliste-linchiesta-fa-rumore\/\" \/>\n<meta property=\"og:locale\" content=\"it_IT\" \/>\n<meta property=\"og:type\" content=\"article\" \/>\n<meta property=\"og:title\" content=\"Pagamenti dell\u2019Ue alle Lobby ambientaliste: l\u2019inchiesta fa rumore - Confagricoltura Piacenza\" \/>\n<meta property=\"og:description\" content=\"Gorra (Confagricoltura Piacenza): da tempo denunciamo che la svolta green ideologica danneggia l\u2019ambiente e deprime la produttivit\u00e0\" \/>\n<meta property=\"og:url\" content=\"https:\/\/www.confagricoltura.org\/piacenza\/pagamenti-dellue-alle-lobby-ambientaliste-linchiesta-fa-rumore\/\" \/>\n<meta property=\"og:site_name\" content=\"Confagricoltura Piacenza\" \/>\n<meta property=\"article:published_time\" content=\"2025-01-29T09:00:03+00:00\" \/>\n<meta property=\"article:modified_time\" content=\"2025-02-19T09:03:56+00:00\" \/>\n<meta property=\"og:image\" content=\"https:\/\/www.confagricoltura.org\/piacenza\/wp-content\/uploads\/sites\/11\/2025\/02\/A_Umberto-Gorra-.jpg\" \/>\n\t<meta property=\"og:image:width\" content=\"2048\" \/>\n\t<meta property=\"og:image:height\" content=\"1536\" \/>\n\t<meta property=\"og:image:type\" content=\"image\/jpeg\" \/>\n<meta name=\"author\" content=\"confagricolturapiacenza\" \/>\n<meta name=\"twitter:card\" content=\"summary_large_image\" \/>\n<meta name=\"twitter:label1\" content=\"Scritto da\" \/>\n\t<meta name=\"twitter:data1\" content=\"confagricolturapiacenza\" \/>\n\t<meta name=\"twitter:label2\" content=\"Tempo di lettura stimato\" \/>\n\t<meta name=\"twitter:data2\" content=\"3 minuti\" \/>\n<script type=\"application\/ld+json\" class=\"yoast-schema-graph\">{\"@context\":\"https:\/\/schema.org\",\"@graph\":[{\"@type\":\"Article\",\"@id\":\"https:\/\/www.confagricoltura.org\/piacenza\/pagamenti-dellue-alle-lobby-ambientaliste-linchiesta-fa-rumore\/#article\",\"isPartOf\":{\"@id\":\"https:\/\/www.confagricoltura.org\/piacenza\/pagamenti-dellue-alle-lobby-ambientaliste-linchiesta-fa-rumore\/\"},\"author\":{\"name\":\"confagricolturapiacenza\",\"@id\":\"https:\/\/www.confagricoltura.org\/piacenza\/#\/schema\/person\/be5da25a3117fea4b3bfec9dba09b5e8\"},\"headline\":\"Pagamenti dell\u2019Ue alle Lobby ambientaliste: l\u2019inchiesta fa rumore\",\"datePublished\":\"2025-01-29T09:00:03+00:00\",\"dateModified\":\"2025-02-19T09:03:56+00:00\",\"mainEntityOfPage\":{\"@id\":\"https:\/\/www.confagricoltura.org\/piacenza\/pagamenti-dellue-alle-lobby-ambientaliste-linchiesta-fa-rumore\/\"},\"wordCount\":525,\"image\":{\"@id\":\"https:\/\/www.confagricoltura.org\/piacenza\/pagamenti-dellue-alle-lobby-ambientaliste-linchiesta-fa-rumore\/#primaryimage\"},\"thumbnailUrl\":\"https:\/\/www.confagricoltura.org\/piacenza\/wp-content\/uploads\/sites\/11\/2025\/02\/A_Umberto-Gorra-.jpg\",\"articleSection\":[\"Eventi\",\"News\"],\"inLanguage\":\"it-IT\"},{\"@type\":\"WebPage\",\"@id\":\"https:\/\/www.confagricoltura.org\/piacenza\/pagamenti-dellue-alle-lobby-ambientaliste-linchiesta-fa-rumore\/\",\"url\":\"https:\/\/www.confagricoltura.org\/piacenza\/pagamenti-dellue-alle-lobby-ambientaliste-linchiesta-fa-rumore\/\",\"name\":\"Pagamenti dell\u2019Ue alle Lobby ambientaliste: l\u2019inchiesta fa rumore - Confagricoltura Piacenza\",\"isPartOf\":{\"@id\":\"https:\/\/www.confagricoltura.org\/piacenza\/#website\"},\"primaryImageOfPage\":{\"@id\":\"https:\/\/www.confagricoltura.org\/piacenza\/pagamenti-dellue-alle-lobby-ambientaliste-linchiesta-fa-rumore\/#primaryimage\"},\"image\":{\"@id\":\"https:\/\/www.confagricoltura.org\/piacenza\/pagamenti-dellue-alle-lobby-ambientaliste-linchiesta-fa-rumore\/#primaryimage\"},\"thumbnailUrl\":\"https:\/\/www.confagricoltura.org\/piacenza\/wp-content\/uploads\/sites\/11\/2025\/02\/A_Umberto-Gorra-.jpg\",\"datePublished\":\"2025-01-29T09:00:03+00:00\",\"dateModified\":\"2025-02-19T09:03:56+00:00\",\"author\":{\"@id\":\"https:\/\/www.confagricoltura.org\/piacenza\/#\/schema\/person\/be5da25a3117fea4b3bfec9dba09b5e8\"},\"breadcrumb\":{\"@id\":\"https:\/\/www.confagricoltura.org\/piacenza\/pagamenti-dellue-alle-lobby-ambientaliste-linchiesta-fa-rumore\/#breadcrumb\"},\"inLanguage\":\"it-IT\",\"potentialAction\":[{\"@type\":\"ReadAction\",\"target\":[\"https:\/\/www.confagricoltura.org\/piacenza\/pagamenti-dellue-alle-lobby-ambientaliste-linchiesta-fa-rumore\/\"]}]},{\"@type\":\"ImageObject\",\"inLanguage\":\"it-IT\",\"@id\":\"https:\/\/www.confagricoltura.org\/piacenza\/pagamenti-dellue-alle-lobby-ambientaliste-linchiesta-fa-rumore\/#primaryimage\",\"url\":\"https:\/\/www.confagricoltura.org\/piacenza\/wp-content\/uploads\/sites\/11\/2025\/02\/A_Umberto-Gorra-.jpg\",\"contentUrl\":\"https:\/\/www.confagricoltura.org\/piacenza\/wp-content\/uploads\/sites\/11\/2025\/02\/A_Umberto-Gorra-.jpg\",\"width\":2048,\"height\":1536},{\"@type\":\"BreadcrumbList\",\"@id\":\"https:\/\/www.confagricoltura.org\/piacenza\/pagamenti-dellue-alle-lobby-ambientaliste-linchiesta-fa-rumore\/#breadcrumb\",\"itemListElement\":[{\"@type\":\"ListItem\",\"position\":1,\"name\":\"Home\",\"item\":\"https:\/\/www.confagricoltura.org\/piacenza\/\"},{\"@type\":\"ListItem\",\"position\":2,\"name\":\"Pagamenti dell\u2019Ue alle Lobby ambientaliste: l\u2019inchiesta fa rumore\"}]},{\"@type\":\"WebSite\",\"@id\":\"https:\/\/www.confagricoltura.org\/piacenza\/#website\",\"url\":\"https:\/\/www.confagricoltura.org\/piacenza\/\",\"name\":\"Confagricoltura Piacenza\",\"description\":\"Dalla parte degli Agricoltori\",\"potentialAction\":[{\"@type\":\"SearchAction\",\"target\":{\"@type\":\"EntryPoint\",\"urlTemplate\":\"https:\/\/www.confagricoltura.org\/piacenza\/?s={search_term_string}\"},\"query-input\":{\"@type\":\"PropertyValueSpecification\",\"valueRequired\":true,\"valueName\":\"search_term_string\"}}],\"inLanguage\":\"it-IT\"},{\"@type\":\"Person\",\"@id\":\"https:\/\/www.confagricoltura.org\/piacenza\/#\/schema\/person\/be5da25a3117fea4b3bfec9dba09b5e8\",\"name\":\"confagricolturapiacenza\",\"image\":{\"@type\":\"ImageObject\",\"inLanguage\":\"it-IT\",\"@id\":\"https:\/\/www.confagricoltura.org\/piacenza\/#\/schema\/person\/image\/\",\"url\":\"https:\/\/secure.gravatar.com\/avatar\/9c5f111e417171581853bd0a3ff892ca?s=96&d=mm&r=g\",\"contentUrl\":\"https:\/\/secure.gravatar.com\/avatar\/9c5f111e417171581853bd0a3ff892ca?s=96&d=mm&r=g\",\"caption\":\"confagricolturapiacenza\"},\"url\":\"https:\/\/www.confagricoltura.org\/piacenza\/author\/confagricolturapiacenza\/\"}]}<\/script>\n<!-- \/ Yoast SEO plugin. -->","yoast_head_json":{"title":"Pagamenti dell\u2019Ue alle Lobby ambientaliste: l\u2019inchiesta fa rumore - Confagricoltura Piacenza","robots":{"index":"index","follow":"follow","max-snippet":"max-snippet:-1","max-image-preview":"max-image-preview:large","max-video-preview":"max-video-preview:-1"},"canonical":"https:\/\/www.confagricoltura.org\/piacenza\/pagamenti-dellue-alle-lobby-ambientaliste-linchiesta-fa-rumore\/","og_locale":"it_IT","og_type":"article","og_title":"Pagamenti dell\u2019Ue alle Lobby ambientaliste: l\u2019inchiesta fa rumore - Confagricoltura Piacenza","og_description":"Gorra (Confagricoltura Piacenza): da tempo denunciamo che la svolta green ideologica danneggia l\u2019ambiente e deprime la produttivit\u00e0","og_url":"https:\/\/www.confagricoltura.org\/piacenza\/pagamenti-dellue-alle-lobby-ambientaliste-linchiesta-fa-rumore\/","og_site_name":"Confagricoltura Piacenza","article_published_time":"2025-01-29T09:00:03+00:00","article_modified_time":"2025-02-19T09:03:56+00:00","og_image":[{"width":2048,"height":1536,"url":"https:\/\/www.confagricoltura.org\/piacenza\/wp-content\/uploads\/sites\/11\/2025\/02\/A_Umberto-Gorra-.jpg","type":"image\/jpeg"}],"author":"confagricolturapiacenza","twitter_card":"summary_large_image","twitter_misc":{"Scritto da":"confagricolturapiacenza","Tempo di lettura stimato":"3 minuti"},"schema":{"@context":"https:\/\/schema.org","@graph":[{"@type":"Article","@id":"https:\/\/www.confagricoltura.org\/piacenza\/pagamenti-dellue-alle-lobby-ambientaliste-linchiesta-fa-rumore\/#article","isPartOf":{"@id":"https:\/\/www.confagricoltura.org\/piacenza\/pagamenti-dellue-alle-lobby-ambientaliste-linchiesta-fa-rumore\/"},"author":{"name":"confagricolturapiacenza","@id":"https:\/\/www.confagricoltura.org\/piacenza\/#\/schema\/person\/be5da25a3117fea4b3bfec9dba09b5e8"},"headline":"Pagamenti dell\u2019Ue alle Lobby ambientaliste: l\u2019inchiesta fa rumore","datePublished":"2025-01-29T09:00:03+00:00","dateModified":"2025-02-19T09:03:56+00:00","mainEntityOfPage":{"@id":"https:\/\/www.confagricoltura.org\/piacenza\/pagamenti-dellue-alle-lobby-ambientaliste-linchiesta-fa-rumore\/"},"wordCount":525,"image":{"@id":"https:\/\/www.confagricoltura.org\/piacenza\/pagamenti-dellue-alle-lobby-ambientaliste-linchiesta-fa-rumore\/#primaryimage"},"thumbnailUrl":"https:\/\/www.confagricoltura.org\/piacenza\/wp-content\/uploads\/sites\/11\/2025\/02\/A_Umberto-Gorra-.jpg","articleSection":["Eventi","News"],"inLanguage":"it-IT"},{"@type":"WebPage","@id":"https:\/\/www.confagricoltura.org\/piacenza\/pagamenti-dellue-alle-lobby-ambientaliste-linchiesta-fa-rumore\/","url":"https:\/\/www.confagricoltura.org\/piacenza\/pagamenti-dellue-alle-lobby-ambientaliste-linchiesta-fa-rumore\/","name":"Pagamenti dell\u2019Ue alle Lobby ambientaliste: l\u2019inchiesta fa rumore - Confagricoltura Piacenza","isPartOf":{"@id":"https:\/\/www.confagricoltura.org\/piacenza\/#website"},"primaryImageOfPage":{"@id":"https:\/\/www.confagricoltura.org\/piacenza\/pagamenti-dellue-alle-lobby-ambientaliste-linchiesta-fa-rumore\/#primaryimage"},"image":{"@id":"https:\/\/www.confagricoltura.org\/piacenza\/pagamenti-dellue-alle-lobby-ambientaliste-linchiesta-fa-rumore\/#primaryimage"},"thumbnailUrl":"https:\/\/www.confagricoltura.org\/piacenza\/wp-content\/uploads\/sites\/11\/2025\/02\/A_Umberto-Gorra-.jpg","datePublished":"2025-01-29T09:00:03+00:00","dateModified":"2025-02-19T09:03:56+00:00","author":{"@id":"https:\/\/www.confagricoltura.org\/piacenza\/#\/schema\/person\/be5da25a3117fea4b3bfec9dba09b5e8"},"breadcrumb":{"@id":"https:\/\/www.confagricoltura.org\/piacenza\/pagamenti-dellue-alle-lobby-ambientaliste-linchiesta-fa-rumore\/#breadcrumb"},"inLanguage":"it-IT","potentialAction":[{"@type":"ReadAction","target":["https:\/\/www.confagricoltura.org\/piacenza\/pagamenti-dellue-alle-lobby-ambientaliste-linchiesta-fa-rumore\/"]}]},{"@type":"ImageObject","inLanguage":"it-IT","@id":"https:\/\/www.confagricoltura.org\/piacenza\/pagamenti-dellue-alle-lobby-ambientaliste-linchiesta-fa-rumore\/#primaryimage","url":"https:\/\/www.confagricoltura.org\/piacenza\/wp-content\/uploads\/sites\/11\/2025\/02\/A_Umberto-Gorra-.jpg","contentUrl":"https:\/\/www.confagricoltura.org\/piacenza\/wp-content\/uploads\/sites\/11\/2025\/02\/A_Umberto-Gorra-.jpg","width":2048,"height":1536},{"@type":"BreadcrumbList","@id":"https:\/\/www.confagricoltura.org\/piacenza\/pagamenti-dellue-alle-lobby-ambientaliste-linchiesta-fa-rumore\/#breadcrumb","itemListElement":[{"@type":"ListItem","position":1,"name":"Home","item":"https:\/\/www.confagricoltura.org\/piacenza\/"},{"@type":"ListItem","position":2,"name":"Pagamenti dell\u2019Ue alle Lobby ambientaliste: l\u2019inchiesta fa rumore"}]},{"@type":"WebSite","@id":"https:\/\/www.confagricoltura.org\/piacenza\/#website","url":"https:\/\/www.confagricoltura.org\/piacenza\/","name":"Confagricoltura Piacenza","description":"Dalla parte degli Agricoltori","potentialAction":[{"@type":"SearchAction","target":{"@type":"EntryPoint","urlTemplate":"https:\/\/www.confagricoltura.org\/piacenza\/?s={search_term_string}"},"query-input":{"@type":"PropertyValueSpecification","valueRequired":true,"valueName":"search_term_string"}}],"inLanguage":"it-IT"},{"@type":"Person","@id":"https:\/\/www.confagricoltura.org\/piacenza\/#\/schema\/person\/be5da25a3117fea4b3bfec9dba09b5e8","name":"confagricolturapiacenza","image":{"@type":"ImageObject","inLanguage":"it-IT","@id":"https:\/\/www.confagricoltura.org\/piacenza\/#\/schema\/person\/image\/","url":"https:\/\/secure.gravatar.com\/avatar\/9c5f111e417171581853bd0a3ff892ca?s=96&d=mm&r=g","contentUrl":"https:\/\/secure.gravatar.com\/avatar\/9c5f111e417171581853bd0a3ff892ca?s=96&d=mm&r=g","caption":"confagricolturapiacenza"},"url":"https:\/\/www.confagricoltura.org\/piacenza\/author\/confagricolturapiacenza\/"}]}},"_links":{"self":[{"href":"https:\/\/www.confagricoltura.org\/piacenza\/wp-json\/wp\/v2\/posts\/4931","targetHints":{"allow":["GET"]}}],"collection":[{"href":"https:\/\/www.confagricoltura.org\/piacenza\/wp-json\/wp\/v2\/posts"}],"about":[{"href":"https:\/\/www.confagricoltura.org\/piacenza\/wp-json\/wp\/v2\/types\/post"}],"author":[{"embeddable":true,"href":"https:\/\/www.confagricoltura.org\/piacenza\/wp-json\/wp\/v2\/users\/6"}],"replies":[{"embeddable":true,"href":"https:\/\/www.confagricoltura.org\/piacenza\/wp-json\/wp\/v2\/comments?post=4931"}],"version-history":[{"count":1,"href":"https:\/\/www.confagricoltura.org\/piacenza\/wp-json\/wp\/v2\/posts\/4931\/revisions"}],"predecessor-version":[{"id":4933,"href":"https:\/\/www.confagricoltura.org\/piacenza\/wp-json\/wp\/v2\/posts\/4931\/revisions\/4933"}],"wp:featuredmedia":[{"embeddable":true,"href":"https:\/\/www.confagricoltura.org\/piacenza\/wp-json\/wp\/v2\/media\/4932"}],"wp:attachment":[{"href":"https:\/\/www.confagricoltura.org\/piacenza\/wp-json\/wp\/v2\/media?parent=4931"}],"wp:term":[{"taxonomy":"category","embeddable":true,"href":"https:\/\/www.confagricoltura.org\/piacenza\/wp-json\/wp\/v2\/categories?post=4931"},{"taxonomy":"post_tag","embeddable":true,"href":"https:\/\/www.confagricoltura.org\/piacenza\/wp-json\/wp\/v2\/tags?post=4931"}],"curies":[{"name":"wp","href":"https:\/\/api.w.org\/{rel}","templated":true}]}}