{"id":4923,"date":"2025-01-27T17:25:39","date_gmt":"2025-01-27T16:25:39","guid":{"rendered":"https:\/\/www.confagricoltura.org\/piacenza\/?p=4923"},"modified":"2025-02-18T17:28:06","modified_gmt":"2025-02-18T16:28:06","slug":"frisitali-e-pienamente-operativa-plauso-della-sezione-di-prodotto-lattiero-casearia-di-confagricoltura-piacenza","status":"publish","type":"post","link":"https:\/\/www.confagricoltura.org\/piacenza\/frisitali-e-pienamente-operativa-plauso-della-sezione-di-prodotto-lattiero-casearia-di-confagricoltura-piacenza\/","title":{"rendered":"FrisItalI \u00e8 pienamente operativa: plauso della Sezione di Prodotto Lattiero-Casearia di Confagricoltura Piacenza"},"content":{"rendered":"<p>La sezione di prodotto Lattiero Casearia di Confagricoltura Piacenza si \u00e8 riunita luned\u00ec 20 gennaio in forma allargata e ha visto la partecipazione di numerosi allevatori. All\u2019ordine del giorno temi di assoluto interesse, primo tra tutti un aggiornamento sulle attivit\u00e0 Fris.Ital.I, L\u2019Associazione Nazionale Allevatori di Frisona Italiana Indipendente. Ospite collegato Fabio Curto, vicepresidente dell\u2019associazione che era gi\u00e0 stato a Piacenza quando Fris.Ital.I (era il 2018) muoveva i primi passi.<\/p>\n<p>\u201cFris.Ital.I oggi \u00e8 pienamente operativa \u2013 ha spiegato Curto &#8211; con Decreto Ministeriale del 23 settembre 2021 l\u2019Associazione \u00e8 stata riconosciuta \u201cEnte selezionatore\u201d ai fini della registrazione certificata delle genealogie e della realizzazione di un programma genetico per la razza Frisona. Il nuovo Libro Genealogico \u00e8 pronto. Oggi chi decide di associarsi e far gestire da Fris,Ital.I i dati del proprio libro genealogico, come hanno gi\u00e0 fatto alcune centinaia di allevatori, pu\u00f2 farlo in tutta sicurezza, certo di non perdere lo storico dei suoi dati. Non solo, l\u2019associazione si caratterizza per l\u2019offerta di una serie di servizi innovativi. Abbiamo investito sul fare rete con altre associazioni allevatoriali di razza con cui collaboriamo mettendo a valore il know how delle risorse umane in modo da poter offrire supporti all\u2019avanguardia con formule efficienti, snelle e competitive\u201d.<\/p>\n<p>Gli allevatori che scelgono Fris,Ital.I per la tenuta del libro genealogico sono liberi di mantenere i controlli funzionali in capo a chi gi\u00e0 li svolge senza che venga modificato nulla, oppure prevedere anche per quel frangente nuove soluzioni che la tecnologia prospetta. \u201cSiamo in un contesto di massima libert\u00e0 \u2013 ha sottolineato Curto \u2013 e abbiamo ben chiaro che i servizi erogati devono rispondere alle esigenze delle aziende, su quelle vanno modulate le strutture e non il contrario\u201d.<\/p>\n<p>Tra i servizi offerti da Fris,Ital.I \u00e8 di rilievo la consulenza per il miglioramento genetico della mandria, basata sulla valutazione genomica che oltre a verificare la paternit\u00e0 degli animali evidenzia le varianti proteiche e le eventuali anomalie genetiche con i sistemi in grado di dare risultati in tempi rapidi\u201d. La valutazione genomica viene effettuata su base statunitense elaborata da CDCB con la popolazione di riferimento maschile e femminile pi\u00f9 ampia al mondo. Oltre a questa, pu\u00f2 essere fornita una valutazione su base canadese, molto dettagliata per i caratteri morfologici e i caratteri complessivi di sanit\u00e0 e salute. \u201cA breve elaboreremo anche un indice nostro, il parametro statunitense \u00e8 tuttavia un riscontro alle esigenze delle aziende dato che sta diventando uno standard mondiale preso a riferimento anche dalle riviste di settore. Un altro aspetto rilevante \u2013 ha precisato Curto \u2013 \u00e8 che gli allevatori restano proprietari del genotipo\u201d.<\/p>\n<p>\u201cIndipendenza, competenza e innovazione \u2013 ha commentato Alfredo Lucchini presidente della Sezione di prodotto &#8211; sono caratteristiche distintive. Accertato e verificato che i dati storici degli allevamenti non vanno persi, che \u00e8 persino possibile mantenere l\u2019assetto attuale dei controlli funzionali, ritengo che aderire a questa associazione sia un cambiamento in ottica della libert\u00e0 di scelta che caratterizza la nostra associazione e il nostro spirito imprenditoriale. Per questo \u2013 ha concluso \u2013 invito gli allevatori a valutare attentamente la possibilit\u00e0\u201d.<\/p>\n<p>A seguire \u00e8 intervenuta Susanna Franzini, responsabile dei Servizi Tecnici che ha illustrato alcuni bandi a valere sul Psr di particolare interesse per gli allevamenti che intendono realizzare piani di sviluppo, o mettere in campo azioni, per migliorare il benessere animale. \u201cI bandi presentati al momento &#8211; commenta Lucchini \u2013 vedono un plafond di risorse scarse e una complessit\u00e0 nel raggiungimento degli obiettivi, come nell\u2019elaborazione delle domande, che \u00e8 cresciuta in modo esponenziale. Altri bandi sono attesi, anche se tardano ad arrivare, auspichiamo che abbiano risorse congrue agli investimenti che le aziende sono chiamate a sostenere\u201d. In conclusione il presidente di Sezione ha fatto una sintesi della situazione dei mercati. \u201cMercati in generale tonici \u2013 ha concluso &#8211; a cui si uniscono i numeri positivi sull\u2019export dei formaggi a pasta dura. Restano pesanti distinzioni in termini di remunerativit\u00e0 tra il latte che viene conferito a Grana e il latte destinato ad altri prodotti. A Piacenza il 90% del latte \u00e8 destinato alla filiera del Grana Padano, ma la peculiarit\u00e0 del comprensorio locale \u00e8 che gran parte di questo latte viene venduto direttamente dai produttori di latte alle industrie private. Una posizione che non trova rappresentanza negli organi di governance del Consorzio di tutela\u201d.<\/p>\n","protected":false},"excerpt":{"rendered":"<p>L\u2019Associazione Nazionale Allevatori di Frisona Italiana Indipendente ha un proprio libro genealogico e offre servizi innovativi e competitivi<\/p>\n","protected":false},"author":6,"featured_media":4924,"comment_status":"closed","ping_status":"closed","sticky":false,"template":"","format":"standard","meta":{"wp_mapbox_gl_js_media":[],"footnotes":""},"categories":[4,15],"tags":[559],"class_list":["post-4923","post","type-post","status-publish","format-standard","has-post-thumbnail","hentry","category-news","category-settore-lattiero-caseario","tag-frisitali"],"yoast_head":"<!-- This site is optimized with the Yoast SEO plugin v26.8 - https:\/\/yoast.com\/product\/yoast-seo-wordpress\/ -->\n<title>FrisItalI \u00e8 pienamente operativa: plauso della Sezione di Prodotto Lattiero-Casearia di Confagricoltura Piacenza - Confagricoltura Piacenza<\/title>\n<meta name=\"robots\" content=\"index, follow, max-snippet:-1, max-image-preview:large, max-video-preview:-1\" \/>\n<link rel=\"canonical\" href=\"https:\/\/www.confagricoltura.org\/piacenza\/frisitali-e-pienamente-operativa-plauso-della-sezione-di-prodotto-lattiero-casearia-di-confagricoltura-piacenza\/\" \/>\n<meta property=\"og:locale\" content=\"it_IT\" \/>\n<meta property=\"og:type\" content=\"article\" \/>\n<meta property=\"og:title\" content=\"FrisItalI \u00e8 pienamente operativa: plauso della Sezione di Prodotto Lattiero-Casearia di Confagricoltura Piacenza - Confagricoltura Piacenza\" \/>\n<meta property=\"og:description\" content=\"L\u2019Associazione Nazionale Allevatori di Frisona Italiana Indipendente ha un proprio libro genealogico e offre servizi innovativi e competitivi\" \/>\n<meta property=\"og:url\" content=\"https:\/\/www.confagricoltura.org\/piacenza\/frisitali-e-pienamente-operativa-plauso-della-sezione-di-prodotto-lattiero-casearia-di-confagricoltura-piacenza\/\" \/>\n<meta property=\"og:site_name\" content=\"Confagricoltura Piacenza\" \/>\n<meta property=\"article:published_time\" content=\"2025-01-27T16:25:39+00:00\" \/>\n<meta property=\"article:modified_time\" content=\"2025-02-18T16:28:06+00:00\" \/>\n<meta property=\"og:image\" content=\"https:\/\/www.confagricoltura.org\/piacenza\/wp-content\/uploads\/sites\/11\/2025\/02\/A_Intervento-Lucchini.jpg\" \/>\n\t<meta property=\"og:image:width\" content=\"817\" \/>\n\t<meta property=\"og:image:height\" content=\"613\" \/>\n\t<meta property=\"og:image:type\" content=\"image\/jpeg\" \/>\n<meta name=\"author\" content=\"confagricolturapiacenza\" \/>\n<meta name=\"twitter:card\" content=\"summary_large_image\" \/>\n<meta name=\"twitter:label1\" content=\"Scritto da\" \/>\n\t<meta name=\"twitter:data1\" content=\"confagricolturapiacenza\" \/>\n\t<meta name=\"twitter:label2\" content=\"Tempo di lettura stimato\" \/>\n\t<meta name=\"twitter:data2\" content=\"4 minuti\" \/>\n<script type=\"application\/ld+json\" class=\"yoast-schema-graph\">{\"@context\":\"https:\/\/schema.org\",\"@graph\":[{\"@type\":\"Article\",\"@id\":\"https:\/\/www.confagricoltura.org\/piacenza\/frisitali-e-pienamente-operativa-plauso-della-sezione-di-prodotto-lattiero-casearia-di-confagricoltura-piacenza\/#article\",\"isPartOf\":{\"@id\":\"https:\/\/www.confagricoltura.org\/piacenza\/frisitali-e-pienamente-operativa-plauso-della-sezione-di-prodotto-lattiero-casearia-di-confagricoltura-piacenza\/\"},\"author\":{\"name\":\"confagricolturapiacenza\",\"@id\":\"https:\/\/www.confagricoltura.org\/piacenza\/#\/schema\/person\/be5da25a3117fea4b3bfec9dba09b5e8\"},\"headline\":\"FrisItalI \u00e8 pienamente operativa: plauso della Sezione di Prodotto Lattiero-Casearia di Confagricoltura Piacenza\",\"datePublished\":\"2025-01-27T16:25:39+00:00\",\"dateModified\":\"2025-02-18T16:28:06+00:00\",\"mainEntityOfPage\":{\"@id\":\"https:\/\/www.confagricoltura.org\/piacenza\/frisitali-e-pienamente-operativa-plauso-della-sezione-di-prodotto-lattiero-casearia-di-confagricoltura-piacenza\/\"},\"wordCount\":717,\"image\":{\"@id\":\"https:\/\/www.confagricoltura.org\/piacenza\/frisitali-e-pienamente-operativa-plauso-della-sezione-di-prodotto-lattiero-casearia-di-confagricoltura-piacenza\/#primaryimage\"},\"thumbnailUrl\":\"https:\/\/www.confagricoltura.org\/piacenza\/wp-content\/uploads\/sites\/11\/2025\/02\/A_Intervento-Lucchini.jpg\",\"keywords\":[\"frisitali\"],\"articleSection\":[\"News\",\"Settore lattiero-caseario\"],\"inLanguage\":\"it-IT\"},{\"@type\":\"WebPage\",\"@id\":\"https:\/\/www.confagricoltura.org\/piacenza\/frisitali-e-pienamente-operativa-plauso-della-sezione-di-prodotto-lattiero-casearia-di-confagricoltura-piacenza\/\",\"url\":\"https:\/\/www.confagricoltura.org\/piacenza\/frisitali-e-pienamente-operativa-plauso-della-sezione-di-prodotto-lattiero-casearia-di-confagricoltura-piacenza\/\",\"name\":\"FrisItalI \u00e8 pienamente operativa: plauso della Sezione di Prodotto Lattiero-Casearia di Confagricoltura Piacenza - Confagricoltura Piacenza\",\"isPartOf\":{\"@id\":\"https:\/\/www.confagricoltura.org\/piacenza\/#website\"},\"primaryImageOfPage\":{\"@id\":\"https:\/\/www.confagricoltura.org\/piacenza\/frisitali-e-pienamente-operativa-plauso-della-sezione-di-prodotto-lattiero-casearia-di-confagricoltura-piacenza\/#primaryimage\"},\"image\":{\"@id\":\"https:\/\/www.confagricoltura.org\/piacenza\/frisitali-e-pienamente-operativa-plauso-della-sezione-di-prodotto-lattiero-casearia-di-confagricoltura-piacenza\/#primaryimage\"},\"thumbnailUrl\":\"https:\/\/www.confagricoltura.org\/piacenza\/wp-content\/uploads\/sites\/11\/2025\/02\/A_Intervento-Lucchini.jpg\",\"datePublished\":\"2025-01-27T16:25:39+00:00\",\"dateModified\":\"2025-02-18T16:28:06+00:00\",\"author\":{\"@id\":\"https:\/\/www.confagricoltura.org\/piacenza\/#\/schema\/person\/be5da25a3117fea4b3bfec9dba09b5e8\"},\"breadcrumb\":{\"@id\":\"https:\/\/www.confagricoltura.org\/piacenza\/frisitali-e-pienamente-operativa-plauso-della-sezione-di-prodotto-lattiero-casearia-di-confagricoltura-piacenza\/#breadcrumb\"},\"inLanguage\":\"it-IT\",\"potentialAction\":[{\"@type\":\"ReadAction\",\"target\":[\"https:\/\/www.confagricoltura.org\/piacenza\/frisitali-e-pienamente-operativa-plauso-della-sezione-di-prodotto-lattiero-casearia-di-confagricoltura-piacenza\/\"]}]},{\"@type\":\"ImageObject\",\"inLanguage\":\"it-IT\",\"@id\":\"https:\/\/www.confagricoltura.org\/piacenza\/frisitali-e-pienamente-operativa-plauso-della-sezione-di-prodotto-lattiero-casearia-di-confagricoltura-piacenza\/#primaryimage\",\"url\":\"https:\/\/www.confagricoltura.org\/piacenza\/wp-content\/uploads\/sites\/11\/2025\/02\/A_Intervento-Lucchini.jpg\",\"contentUrl\":\"https:\/\/www.confagricoltura.org\/piacenza\/wp-content\/uploads\/sites\/11\/2025\/02\/A_Intervento-Lucchini.jpg\",\"width\":817,\"height\":613},{\"@type\":\"BreadcrumbList\",\"@id\":\"https:\/\/www.confagricoltura.org\/piacenza\/frisitali-e-pienamente-operativa-plauso-della-sezione-di-prodotto-lattiero-casearia-di-confagricoltura-piacenza\/#breadcrumb\",\"itemListElement\":[{\"@type\":\"ListItem\",\"position\":1,\"name\":\"Home\",\"item\":\"https:\/\/www.confagricoltura.org\/piacenza\/\"},{\"@type\":\"ListItem\",\"position\":2,\"name\":\"FrisItalI \u00e8 pienamente operativa: plauso della Sezione di Prodotto Lattiero-Casearia di Confagricoltura Piacenza\"}]},{\"@type\":\"WebSite\",\"@id\":\"https:\/\/www.confagricoltura.org\/piacenza\/#website\",\"url\":\"https:\/\/www.confagricoltura.org\/piacenza\/\",\"name\":\"Confagricoltura Piacenza\",\"description\":\"Dalla parte degli Agricoltori\",\"potentialAction\":[{\"@type\":\"SearchAction\",\"target\":{\"@type\":\"EntryPoint\",\"urlTemplate\":\"https:\/\/www.confagricoltura.org\/piacenza\/?s={search_term_string}\"},\"query-input\":{\"@type\":\"PropertyValueSpecification\",\"valueRequired\":true,\"valueName\":\"search_term_string\"}}],\"inLanguage\":\"it-IT\"},{\"@type\":\"Person\",\"@id\":\"https:\/\/www.confagricoltura.org\/piacenza\/#\/schema\/person\/be5da25a3117fea4b3bfec9dba09b5e8\",\"name\":\"confagricolturapiacenza\",\"image\":{\"@type\":\"ImageObject\",\"inLanguage\":\"it-IT\",\"@id\":\"https:\/\/www.confagricoltura.org\/piacenza\/#\/schema\/person\/image\/\",\"url\":\"https:\/\/secure.gravatar.com\/avatar\/9c5f111e417171581853bd0a3ff892ca?s=96&d=mm&r=g\",\"contentUrl\":\"https:\/\/secure.gravatar.com\/avatar\/9c5f111e417171581853bd0a3ff892ca?s=96&d=mm&r=g\",\"caption\":\"confagricolturapiacenza\"},\"url\":\"https:\/\/www.confagricoltura.org\/piacenza\/author\/confagricolturapiacenza\/\"}]}<\/script>\n<!-- \/ Yoast SEO plugin. -->","yoast_head_json":{"title":"FrisItalI \u00e8 pienamente operativa: plauso della Sezione di Prodotto Lattiero-Casearia di Confagricoltura Piacenza - Confagricoltura Piacenza","robots":{"index":"index","follow":"follow","max-snippet":"max-snippet:-1","max-image-preview":"max-image-preview:large","max-video-preview":"max-video-preview:-1"},"canonical":"https:\/\/www.confagricoltura.org\/piacenza\/frisitali-e-pienamente-operativa-plauso-della-sezione-di-prodotto-lattiero-casearia-di-confagricoltura-piacenza\/","og_locale":"it_IT","og_type":"article","og_title":"FrisItalI \u00e8 pienamente operativa: plauso della Sezione di Prodotto Lattiero-Casearia di Confagricoltura Piacenza - Confagricoltura Piacenza","og_description":"L\u2019Associazione Nazionale Allevatori di Frisona Italiana Indipendente ha un proprio libro genealogico e offre servizi innovativi e competitivi","og_url":"https:\/\/www.confagricoltura.org\/piacenza\/frisitali-e-pienamente-operativa-plauso-della-sezione-di-prodotto-lattiero-casearia-di-confagricoltura-piacenza\/","og_site_name":"Confagricoltura Piacenza","article_published_time":"2025-01-27T16:25:39+00:00","article_modified_time":"2025-02-18T16:28:06+00:00","og_image":[{"width":817,"height":613,"url":"https:\/\/www.confagricoltura.org\/piacenza\/wp-content\/uploads\/sites\/11\/2025\/02\/A_Intervento-Lucchini.jpg","type":"image\/jpeg"}],"author":"confagricolturapiacenza","twitter_card":"summary_large_image","twitter_misc":{"Scritto da":"confagricolturapiacenza","Tempo di lettura stimato":"4 minuti"},"schema":{"@context":"https:\/\/schema.org","@graph":[{"@type":"Article","@id":"https:\/\/www.confagricoltura.org\/piacenza\/frisitali-e-pienamente-operativa-plauso-della-sezione-di-prodotto-lattiero-casearia-di-confagricoltura-piacenza\/#article","isPartOf":{"@id":"https:\/\/www.confagricoltura.org\/piacenza\/frisitali-e-pienamente-operativa-plauso-della-sezione-di-prodotto-lattiero-casearia-di-confagricoltura-piacenza\/"},"author":{"name":"confagricolturapiacenza","@id":"https:\/\/www.confagricoltura.org\/piacenza\/#\/schema\/person\/be5da25a3117fea4b3bfec9dba09b5e8"},"headline":"FrisItalI \u00e8 pienamente operativa: plauso della Sezione di Prodotto Lattiero-Casearia di Confagricoltura Piacenza","datePublished":"2025-01-27T16:25:39+00:00","dateModified":"2025-02-18T16:28:06+00:00","mainEntityOfPage":{"@id":"https:\/\/www.confagricoltura.org\/piacenza\/frisitali-e-pienamente-operativa-plauso-della-sezione-di-prodotto-lattiero-casearia-di-confagricoltura-piacenza\/"},"wordCount":717,"image":{"@id":"https:\/\/www.confagricoltura.org\/piacenza\/frisitali-e-pienamente-operativa-plauso-della-sezione-di-prodotto-lattiero-casearia-di-confagricoltura-piacenza\/#primaryimage"},"thumbnailUrl":"https:\/\/www.confagricoltura.org\/piacenza\/wp-content\/uploads\/sites\/11\/2025\/02\/A_Intervento-Lucchini.jpg","keywords":["frisitali"],"articleSection":["News","Settore lattiero-caseario"],"inLanguage":"it-IT"},{"@type":"WebPage","@id":"https:\/\/www.confagricoltura.org\/piacenza\/frisitali-e-pienamente-operativa-plauso-della-sezione-di-prodotto-lattiero-casearia-di-confagricoltura-piacenza\/","url":"https:\/\/www.confagricoltura.org\/piacenza\/frisitali-e-pienamente-operativa-plauso-della-sezione-di-prodotto-lattiero-casearia-di-confagricoltura-piacenza\/","name":"FrisItalI \u00e8 pienamente operativa: plauso della Sezione di Prodotto Lattiero-Casearia di Confagricoltura Piacenza - Confagricoltura Piacenza","isPartOf":{"@id":"https:\/\/www.confagricoltura.org\/piacenza\/#website"},"primaryImageOfPage":{"@id":"https:\/\/www.confagricoltura.org\/piacenza\/frisitali-e-pienamente-operativa-plauso-della-sezione-di-prodotto-lattiero-casearia-di-confagricoltura-piacenza\/#primaryimage"},"image":{"@id":"https:\/\/www.confagricoltura.org\/piacenza\/frisitali-e-pienamente-operativa-plauso-della-sezione-di-prodotto-lattiero-casearia-di-confagricoltura-piacenza\/#primaryimage"},"thumbnailUrl":"https:\/\/www.confagricoltura.org\/piacenza\/wp-content\/uploads\/sites\/11\/2025\/02\/A_Intervento-Lucchini.jpg","datePublished":"2025-01-27T16:25:39+00:00","dateModified":"2025-02-18T16:28:06+00:00","author":{"@id":"https:\/\/www.confagricoltura.org\/piacenza\/#\/schema\/person\/be5da25a3117fea4b3bfec9dba09b5e8"},"breadcrumb":{"@id":"https:\/\/www.confagricoltura.org\/piacenza\/frisitali-e-pienamente-operativa-plauso-della-sezione-di-prodotto-lattiero-casearia-di-confagricoltura-piacenza\/#breadcrumb"},"inLanguage":"it-IT","potentialAction":[{"@type":"ReadAction","target":["https:\/\/www.confagricoltura.org\/piacenza\/frisitali-e-pienamente-operativa-plauso-della-sezione-di-prodotto-lattiero-casearia-di-confagricoltura-piacenza\/"]}]},{"@type":"ImageObject","inLanguage":"it-IT","@id":"https:\/\/www.confagricoltura.org\/piacenza\/frisitali-e-pienamente-operativa-plauso-della-sezione-di-prodotto-lattiero-casearia-di-confagricoltura-piacenza\/#primaryimage","url":"https:\/\/www.confagricoltura.org\/piacenza\/wp-content\/uploads\/sites\/11\/2025\/02\/A_Intervento-Lucchini.jpg","contentUrl":"https:\/\/www.confagricoltura.org\/piacenza\/wp-content\/uploads\/sites\/11\/2025\/02\/A_Intervento-Lucchini.jpg","width":817,"height":613},{"@type":"BreadcrumbList","@id":"https:\/\/www.confagricoltura.org\/piacenza\/frisitali-e-pienamente-operativa-plauso-della-sezione-di-prodotto-lattiero-casearia-di-confagricoltura-piacenza\/#breadcrumb","itemListElement":[{"@type":"ListItem","position":1,"name":"Home","item":"https:\/\/www.confagricoltura.org\/piacenza\/"},{"@type":"ListItem","position":2,"name":"FrisItalI \u00e8 pienamente operativa: plauso della Sezione di Prodotto Lattiero-Casearia di Confagricoltura Piacenza"}]},{"@type":"WebSite","@id":"https:\/\/www.confagricoltura.org\/piacenza\/#website","url":"https:\/\/www.confagricoltura.org\/piacenza\/","name":"Confagricoltura Piacenza","description":"Dalla parte degli Agricoltori","potentialAction":[{"@type":"SearchAction","target":{"@type":"EntryPoint","urlTemplate":"https:\/\/www.confagricoltura.org\/piacenza\/?s={search_term_string}"},"query-input":{"@type":"PropertyValueSpecification","valueRequired":true,"valueName":"search_term_string"}}],"inLanguage":"it-IT"},{"@type":"Person","@id":"https:\/\/www.confagricoltura.org\/piacenza\/#\/schema\/person\/be5da25a3117fea4b3bfec9dba09b5e8","name":"confagricolturapiacenza","image":{"@type":"ImageObject","inLanguage":"it-IT","@id":"https:\/\/www.confagricoltura.org\/piacenza\/#\/schema\/person\/image\/","url":"https:\/\/secure.gravatar.com\/avatar\/9c5f111e417171581853bd0a3ff892ca?s=96&d=mm&r=g","contentUrl":"https:\/\/secure.gravatar.com\/avatar\/9c5f111e417171581853bd0a3ff892ca?s=96&d=mm&r=g","caption":"confagricolturapiacenza"},"url":"https:\/\/www.confagricoltura.org\/piacenza\/author\/confagricolturapiacenza\/"}]}},"_links":{"self":[{"href":"https:\/\/www.confagricoltura.org\/piacenza\/wp-json\/wp\/v2\/posts\/4923","targetHints":{"allow":["GET"]}}],"collection":[{"href":"https:\/\/www.confagricoltura.org\/piacenza\/wp-json\/wp\/v2\/posts"}],"about":[{"href":"https:\/\/www.confagricoltura.org\/piacenza\/wp-json\/wp\/v2\/types\/post"}],"author":[{"embeddable":true,"href":"https:\/\/www.confagricoltura.org\/piacenza\/wp-json\/wp\/v2\/users\/6"}],"replies":[{"embeddable":true,"href":"https:\/\/www.confagricoltura.org\/piacenza\/wp-json\/wp\/v2\/comments?post=4923"}],"version-history":[{"count":1,"href":"https:\/\/www.confagricoltura.org\/piacenza\/wp-json\/wp\/v2\/posts\/4923\/revisions"}],"predecessor-version":[{"id":4925,"href":"https:\/\/www.confagricoltura.org\/piacenza\/wp-json\/wp\/v2\/posts\/4923\/revisions\/4925"}],"wp:featuredmedia":[{"embeddable":true,"href":"https:\/\/www.confagricoltura.org\/piacenza\/wp-json\/wp\/v2\/media\/4924"}],"wp:attachment":[{"href":"https:\/\/www.confagricoltura.org\/piacenza\/wp-json\/wp\/v2\/media?parent=4923"}],"wp:term":[{"taxonomy":"category","embeddable":true,"href":"https:\/\/www.confagricoltura.org\/piacenza\/wp-json\/wp\/v2\/categories?post=4923"},{"taxonomy":"post_tag","embeddable":true,"href":"https:\/\/www.confagricoltura.org\/piacenza\/wp-json\/wp\/v2\/tags?post=4923"}],"curies":[{"name":"wp","href":"https:\/\/api.w.org\/{rel}","templated":true}]}}