{"id":4921,"date":"2025-01-23T17:23:28","date_gmt":"2025-01-23T16:23:28","guid":{"rendered":"https:\/\/www.confagricoltura.org\/piacenza\/?p=4921"},"modified":"2025-02-18T17:25:07","modified_gmt":"2025-02-18T16:25:07","slug":"il-cordoglio-di-confagricoltura-piacenza-per-la-scomparsa-di-donatella-ronconi","status":"publish","type":"post","link":"https:\/\/www.confagricoltura.org\/piacenza\/il-cordoglio-di-confagricoltura-piacenza-per-la-scomparsa-di-donatella-ronconi\/","title":{"rendered":"Il Cordoglio di Confagricoltura Piacenza per la scomparsa di Donatella Ronconi"},"content":{"rendered":"<p>Confagricoltura Piacenza esprime profondo cordoglio per la scomparsa di Donatella Ronconi, presidente di Editoriale Libert\u00e0 e della Fondazione Ronconi-Prati.<\/p>\n<p>\u00c8 un giorno triste per tutta la comunit\u00e0 piacentina &#8211; sottolinea l\u2019associazione degli imprenditori agricoli -. Siamo riconoscenti alla Presidente per la sua instancabile opera nel campo della comunicazione, per il forte messaggio di indipendenza di cui si \u00e8 sempre fatta portatrice come editrice, imprenditrice e come donna. Mancher\u00e0 tanto.<\/p>\n<p>\u201cHa saputo guidare con grande lungimiranza e sapienza il gruppo Libert\u00e0 &#8211; sottolinea il presidente Umberto Gorra \u2013 Sempre proiettata verso l\u2019innovazione, ha parimenti lavorato affinch\u00e9 il suo gruppo editoriale potesse essere, oltre che punto di riferimento dell\u2019informazione, anche l\u2019ambito privilegiato del dibattito e del dialogo sullo sviluppo del territorio, dando voce alle diverse anime di questo stesso territorio che lei adorava per la sua ricchezza e per la sua poliedricit\u00e0. Esprimiamo la nostra vicinanza alla sua famiglia, al gruppo editoriale Libert\u00e0 e alla Fondazione Ronconi-Prati, a cui vanno le pi\u00f9 sentite condoglianze\u201d.<\/p>\n","protected":false},"excerpt":{"rendered":"<p>Confagricoltura Piacenza esprime profondo cordoglio per la scomparsa di Donatella Ronconi, presidente di Editoriale Libert\u00e0 e della Fondazione Ronconi-Prati.<\/p>\n","protected":false},"author":6,"featured_media":4735,"comment_status":"closed","ping_status":"closed","sticky":false,"template":"","format":"standard","meta":{"wp_mapbox_gl_js_media":[],"footnotes":""},"categories":[21,4],"tags":[],"class_list":["post-4921","post","type-post","status-publish","format-standard","has-post-thumbnail","hentry","category-eventi","category-news"],"yoast_head":"<!-- This site is optimized with the Yoast SEO plugin v26.8 - https:\/\/yoast.com\/product\/yoast-seo-wordpress\/ -->\n<title>Il Cordoglio di Confagricoltura Piacenza per la scomparsa di Donatella Ronconi - Confagricoltura Piacenza<\/title>\n<meta name=\"robots\" content=\"index, follow, max-snippet:-1, max-image-preview:large, max-video-preview:-1\" \/>\n<link rel=\"canonical\" href=\"https:\/\/www.confagricoltura.org\/piacenza\/il-cordoglio-di-confagricoltura-piacenza-per-la-scomparsa-di-donatella-ronconi\/\" \/>\n<meta property=\"og:locale\" content=\"it_IT\" \/>\n<meta property=\"og:type\" content=\"article\" \/>\n<meta property=\"og:title\" content=\"Il Cordoglio di Confagricoltura Piacenza per la scomparsa di Donatella Ronconi - Confagricoltura Piacenza\" \/>\n<meta property=\"og:description\" content=\"Confagricoltura Piacenza esprime profondo cordoglio per la scomparsa di Donatella Ronconi, presidente di Editoriale Libert\u00e0 e della Fondazione Ronconi-Prati.\" \/>\n<meta property=\"og:url\" content=\"https:\/\/www.confagricoltura.org\/piacenza\/il-cordoglio-di-confagricoltura-piacenza-per-la-scomparsa-di-donatella-ronconi\/\" \/>\n<meta property=\"og:site_name\" content=\"Confagricoltura Piacenza\" \/>\n<meta property=\"article:published_time\" content=\"2025-01-23T16:23:28+00:00\" \/>\n<meta property=\"article:modified_time\" content=\"2025-02-18T16:25:07+00:00\" \/>\n<meta property=\"og:image\" content=\"https:\/\/www.confagricoltura.org\/piacenza\/wp-content\/uploads\/sites\/11\/2024\/09\/fiocco-lutto.jpg\" \/>\n\t<meta property=\"og:image:width\" content=\"1200\" \/>\n\t<meta property=\"og:image:height\" content=\"1200\" \/>\n\t<meta property=\"og:image:type\" content=\"image\/jpeg\" \/>\n<meta name=\"author\" content=\"confagricolturapiacenza\" \/>\n<meta name=\"twitter:card\" content=\"summary_large_image\" \/>\n<meta name=\"twitter:label1\" content=\"Scritto da\" \/>\n\t<meta name=\"twitter:data1\" content=\"confagricolturapiacenza\" \/>\n\t<meta name=\"twitter:label2\" content=\"Tempo di lettura stimato\" \/>\n\t<meta name=\"twitter:data2\" content=\"2 minuti\" \/>\n<script type=\"application\/ld+json\" class=\"yoast-schema-graph\">{\"@context\":\"https:\/\/schema.org\",\"@graph\":[{\"@type\":\"Article\",\"@id\":\"https:\/\/www.confagricoltura.org\/piacenza\/il-cordoglio-di-confagricoltura-piacenza-per-la-scomparsa-di-donatella-ronconi\/#article\",\"isPartOf\":{\"@id\":\"https:\/\/www.confagricoltura.org\/piacenza\/il-cordoglio-di-confagricoltura-piacenza-per-la-scomparsa-di-donatella-ronconi\/\"},\"author\":{\"name\":\"confagricolturapiacenza\",\"@id\":\"https:\/\/www.confagricoltura.org\/piacenza\/#\/schema\/person\/be5da25a3117fea4b3bfec9dba09b5e8\"},\"headline\":\"Il Cordoglio di Confagricoltura Piacenza per la scomparsa di Donatella Ronconi\",\"datePublished\":\"2025-01-23T16:23:28+00:00\",\"dateModified\":\"2025-02-18T16:25:07+00:00\",\"mainEntityOfPage\":{\"@id\":\"https:\/\/www.confagricoltura.org\/piacenza\/il-cordoglio-di-confagricoltura-piacenza-per-la-scomparsa-di-donatella-ronconi\/\"},\"wordCount\":174,\"image\":{\"@id\":\"https:\/\/www.confagricoltura.org\/piacenza\/il-cordoglio-di-confagricoltura-piacenza-per-la-scomparsa-di-donatella-ronconi\/#primaryimage\"},\"thumbnailUrl\":\"https:\/\/www.confagricoltura.org\/piacenza\/wp-content\/uploads\/sites\/11\/2024\/09\/fiocco-lutto.jpg\",\"articleSection\":[\"Eventi\",\"News\"],\"inLanguage\":\"it-IT\"},{\"@type\":\"WebPage\",\"@id\":\"https:\/\/www.confagricoltura.org\/piacenza\/il-cordoglio-di-confagricoltura-piacenza-per-la-scomparsa-di-donatella-ronconi\/\",\"url\":\"https:\/\/www.confagricoltura.org\/piacenza\/il-cordoglio-di-confagricoltura-piacenza-per-la-scomparsa-di-donatella-ronconi\/\",\"name\":\"Il Cordoglio di Confagricoltura Piacenza per la scomparsa di Donatella Ronconi - Confagricoltura Piacenza\",\"isPartOf\":{\"@id\":\"https:\/\/www.confagricoltura.org\/piacenza\/#website\"},\"primaryImageOfPage\":{\"@id\":\"https:\/\/www.confagricoltura.org\/piacenza\/il-cordoglio-di-confagricoltura-piacenza-per-la-scomparsa-di-donatella-ronconi\/#primaryimage\"},\"image\":{\"@id\":\"https:\/\/www.confagricoltura.org\/piacenza\/il-cordoglio-di-confagricoltura-piacenza-per-la-scomparsa-di-donatella-ronconi\/#primaryimage\"},\"thumbnailUrl\":\"https:\/\/www.confagricoltura.org\/piacenza\/wp-content\/uploads\/sites\/11\/2024\/09\/fiocco-lutto.jpg\",\"datePublished\":\"2025-01-23T16:23:28+00:00\",\"dateModified\":\"2025-02-18T16:25:07+00:00\",\"author\":{\"@id\":\"https:\/\/www.confagricoltura.org\/piacenza\/#\/schema\/person\/be5da25a3117fea4b3bfec9dba09b5e8\"},\"breadcrumb\":{\"@id\":\"https:\/\/www.confagricoltura.org\/piacenza\/il-cordoglio-di-confagricoltura-piacenza-per-la-scomparsa-di-donatella-ronconi\/#breadcrumb\"},\"inLanguage\":\"it-IT\",\"potentialAction\":[{\"@type\":\"ReadAction\",\"target\":[\"https:\/\/www.confagricoltura.org\/piacenza\/il-cordoglio-di-confagricoltura-piacenza-per-la-scomparsa-di-donatella-ronconi\/\"]}]},{\"@type\":\"ImageObject\",\"inLanguage\":\"it-IT\",\"@id\":\"https:\/\/www.confagricoltura.org\/piacenza\/il-cordoglio-di-confagricoltura-piacenza-per-la-scomparsa-di-donatella-ronconi\/#primaryimage\",\"url\":\"https:\/\/www.confagricoltura.org\/piacenza\/wp-content\/uploads\/sites\/11\/2024\/09\/fiocco-lutto.jpg\",\"contentUrl\":\"https:\/\/www.confagricoltura.org\/piacenza\/wp-content\/uploads\/sites\/11\/2024\/09\/fiocco-lutto.jpg\",\"width\":1200,\"height\":1200},{\"@type\":\"BreadcrumbList\",\"@id\":\"https:\/\/www.confagricoltura.org\/piacenza\/il-cordoglio-di-confagricoltura-piacenza-per-la-scomparsa-di-donatella-ronconi\/#breadcrumb\",\"itemListElement\":[{\"@type\":\"ListItem\",\"position\":1,\"name\":\"Home\",\"item\":\"https:\/\/www.confagricoltura.org\/piacenza\/\"},{\"@type\":\"ListItem\",\"position\":2,\"name\":\"Il Cordoglio di Confagricoltura Piacenza per la scomparsa di Donatella Ronconi\"}]},{\"@type\":\"WebSite\",\"@id\":\"https:\/\/www.confagricoltura.org\/piacenza\/#website\",\"url\":\"https:\/\/www.confagricoltura.org\/piacenza\/\",\"name\":\"Confagricoltura Piacenza\",\"description\":\"Dalla parte degli Agricoltori\",\"potentialAction\":[{\"@type\":\"SearchAction\",\"target\":{\"@type\":\"EntryPoint\",\"urlTemplate\":\"https:\/\/www.confagricoltura.org\/piacenza\/?s={search_term_string}\"},\"query-input\":{\"@type\":\"PropertyValueSpecification\",\"valueRequired\":true,\"valueName\":\"search_term_string\"}}],\"inLanguage\":\"it-IT\"},{\"@type\":\"Person\",\"@id\":\"https:\/\/www.confagricoltura.org\/piacenza\/#\/schema\/person\/be5da25a3117fea4b3bfec9dba09b5e8\",\"name\":\"confagricolturapiacenza\",\"image\":{\"@type\":\"ImageObject\",\"inLanguage\":\"it-IT\",\"@id\":\"https:\/\/www.confagricoltura.org\/piacenza\/#\/schema\/person\/image\/\",\"url\":\"https:\/\/secure.gravatar.com\/avatar\/9c5f111e417171581853bd0a3ff892ca?s=96&d=mm&r=g\",\"contentUrl\":\"https:\/\/secure.gravatar.com\/avatar\/9c5f111e417171581853bd0a3ff892ca?s=96&d=mm&r=g\",\"caption\":\"confagricolturapiacenza\"},\"url\":\"https:\/\/www.confagricoltura.org\/piacenza\/author\/confagricolturapiacenza\/\"}]}<\/script>\n<!-- \/ Yoast SEO plugin. -->","yoast_head_json":{"title":"Il Cordoglio di Confagricoltura Piacenza per la scomparsa di Donatella Ronconi - Confagricoltura Piacenza","robots":{"index":"index","follow":"follow","max-snippet":"max-snippet:-1","max-image-preview":"max-image-preview:large","max-video-preview":"max-video-preview:-1"},"canonical":"https:\/\/www.confagricoltura.org\/piacenza\/il-cordoglio-di-confagricoltura-piacenza-per-la-scomparsa-di-donatella-ronconi\/","og_locale":"it_IT","og_type":"article","og_title":"Il Cordoglio di Confagricoltura Piacenza per la scomparsa di Donatella Ronconi - Confagricoltura Piacenza","og_description":"Confagricoltura Piacenza esprime profondo cordoglio per la scomparsa di Donatella Ronconi, presidente di Editoriale Libert\u00e0 e della Fondazione Ronconi-Prati.","og_url":"https:\/\/www.confagricoltura.org\/piacenza\/il-cordoglio-di-confagricoltura-piacenza-per-la-scomparsa-di-donatella-ronconi\/","og_site_name":"Confagricoltura Piacenza","article_published_time":"2025-01-23T16:23:28+00:00","article_modified_time":"2025-02-18T16:25:07+00:00","og_image":[{"width":1200,"height":1200,"url":"https:\/\/www.confagricoltura.org\/piacenza\/wp-content\/uploads\/sites\/11\/2024\/09\/fiocco-lutto.jpg","type":"image\/jpeg"}],"author":"confagricolturapiacenza","twitter_card":"summary_large_image","twitter_misc":{"Scritto da":"confagricolturapiacenza","Tempo di lettura stimato":"2 minuti"},"schema":{"@context":"https:\/\/schema.org","@graph":[{"@type":"Article","@id":"https:\/\/www.confagricoltura.org\/piacenza\/il-cordoglio-di-confagricoltura-piacenza-per-la-scomparsa-di-donatella-ronconi\/#article","isPartOf":{"@id":"https:\/\/www.confagricoltura.org\/piacenza\/il-cordoglio-di-confagricoltura-piacenza-per-la-scomparsa-di-donatella-ronconi\/"},"author":{"name":"confagricolturapiacenza","@id":"https:\/\/www.confagricoltura.org\/piacenza\/#\/schema\/person\/be5da25a3117fea4b3bfec9dba09b5e8"},"headline":"Il Cordoglio di Confagricoltura Piacenza per la scomparsa di Donatella Ronconi","datePublished":"2025-01-23T16:23:28+00:00","dateModified":"2025-02-18T16:25:07+00:00","mainEntityOfPage":{"@id":"https:\/\/www.confagricoltura.org\/piacenza\/il-cordoglio-di-confagricoltura-piacenza-per-la-scomparsa-di-donatella-ronconi\/"},"wordCount":174,"image":{"@id":"https:\/\/www.confagricoltura.org\/piacenza\/il-cordoglio-di-confagricoltura-piacenza-per-la-scomparsa-di-donatella-ronconi\/#primaryimage"},"thumbnailUrl":"https:\/\/www.confagricoltura.org\/piacenza\/wp-content\/uploads\/sites\/11\/2024\/09\/fiocco-lutto.jpg","articleSection":["Eventi","News"],"inLanguage":"it-IT"},{"@type":"WebPage","@id":"https:\/\/www.confagricoltura.org\/piacenza\/il-cordoglio-di-confagricoltura-piacenza-per-la-scomparsa-di-donatella-ronconi\/","url":"https:\/\/www.confagricoltura.org\/piacenza\/il-cordoglio-di-confagricoltura-piacenza-per-la-scomparsa-di-donatella-ronconi\/","name":"Il Cordoglio di Confagricoltura Piacenza per la scomparsa di Donatella Ronconi - Confagricoltura Piacenza","isPartOf":{"@id":"https:\/\/www.confagricoltura.org\/piacenza\/#website"},"primaryImageOfPage":{"@id":"https:\/\/www.confagricoltura.org\/piacenza\/il-cordoglio-di-confagricoltura-piacenza-per-la-scomparsa-di-donatella-ronconi\/#primaryimage"},"image":{"@id":"https:\/\/www.confagricoltura.org\/piacenza\/il-cordoglio-di-confagricoltura-piacenza-per-la-scomparsa-di-donatella-ronconi\/#primaryimage"},"thumbnailUrl":"https:\/\/www.confagricoltura.org\/piacenza\/wp-content\/uploads\/sites\/11\/2024\/09\/fiocco-lutto.jpg","datePublished":"2025-01-23T16:23:28+00:00","dateModified":"2025-02-18T16:25:07+00:00","author":{"@id":"https:\/\/www.confagricoltura.org\/piacenza\/#\/schema\/person\/be5da25a3117fea4b3bfec9dba09b5e8"},"breadcrumb":{"@id":"https:\/\/www.confagricoltura.org\/piacenza\/il-cordoglio-di-confagricoltura-piacenza-per-la-scomparsa-di-donatella-ronconi\/#breadcrumb"},"inLanguage":"it-IT","potentialAction":[{"@type":"ReadAction","target":["https:\/\/www.confagricoltura.org\/piacenza\/il-cordoglio-di-confagricoltura-piacenza-per-la-scomparsa-di-donatella-ronconi\/"]}]},{"@type":"ImageObject","inLanguage":"it-IT","@id":"https:\/\/www.confagricoltura.org\/piacenza\/il-cordoglio-di-confagricoltura-piacenza-per-la-scomparsa-di-donatella-ronconi\/#primaryimage","url":"https:\/\/www.confagricoltura.org\/piacenza\/wp-content\/uploads\/sites\/11\/2024\/09\/fiocco-lutto.jpg","contentUrl":"https:\/\/www.confagricoltura.org\/piacenza\/wp-content\/uploads\/sites\/11\/2024\/09\/fiocco-lutto.jpg","width":1200,"height":1200},{"@type":"BreadcrumbList","@id":"https:\/\/www.confagricoltura.org\/piacenza\/il-cordoglio-di-confagricoltura-piacenza-per-la-scomparsa-di-donatella-ronconi\/#breadcrumb","itemListElement":[{"@type":"ListItem","position":1,"name":"Home","item":"https:\/\/www.confagricoltura.org\/piacenza\/"},{"@type":"ListItem","position":2,"name":"Il Cordoglio di Confagricoltura Piacenza per la scomparsa di Donatella Ronconi"}]},{"@type":"WebSite","@id":"https:\/\/www.confagricoltura.org\/piacenza\/#website","url":"https:\/\/www.confagricoltura.org\/piacenza\/","name":"Confagricoltura Piacenza","description":"Dalla parte degli Agricoltori","potentialAction":[{"@type":"SearchAction","target":{"@type":"EntryPoint","urlTemplate":"https:\/\/www.confagricoltura.org\/piacenza\/?s={search_term_string}"},"query-input":{"@type":"PropertyValueSpecification","valueRequired":true,"valueName":"search_term_string"}}],"inLanguage":"it-IT"},{"@type":"Person","@id":"https:\/\/www.confagricoltura.org\/piacenza\/#\/schema\/person\/be5da25a3117fea4b3bfec9dba09b5e8","name":"confagricolturapiacenza","image":{"@type":"ImageObject","inLanguage":"it-IT","@id":"https:\/\/www.confagricoltura.org\/piacenza\/#\/schema\/person\/image\/","url":"https:\/\/secure.gravatar.com\/avatar\/9c5f111e417171581853bd0a3ff892ca?s=96&d=mm&r=g","contentUrl":"https:\/\/secure.gravatar.com\/avatar\/9c5f111e417171581853bd0a3ff892ca?s=96&d=mm&r=g","caption":"confagricolturapiacenza"},"url":"https:\/\/www.confagricoltura.org\/piacenza\/author\/confagricolturapiacenza\/"}]}},"_links":{"self":[{"href":"https:\/\/www.confagricoltura.org\/piacenza\/wp-json\/wp\/v2\/posts\/4921","targetHints":{"allow":["GET"]}}],"collection":[{"href":"https:\/\/www.confagricoltura.org\/piacenza\/wp-json\/wp\/v2\/posts"}],"about":[{"href":"https:\/\/www.confagricoltura.org\/piacenza\/wp-json\/wp\/v2\/types\/post"}],"author":[{"embeddable":true,"href":"https:\/\/www.confagricoltura.org\/piacenza\/wp-json\/wp\/v2\/users\/6"}],"replies":[{"embeddable":true,"href":"https:\/\/www.confagricoltura.org\/piacenza\/wp-json\/wp\/v2\/comments?post=4921"}],"version-history":[{"count":1,"href":"https:\/\/www.confagricoltura.org\/piacenza\/wp-json\/wp\/v2\/posts\/4921\/revisions"}],"predecessor-version":[{"id":4922,"href":"https:\/\/www.confagricoltura.org\/piacenza\/wp-json\/wp\/v2\/posts\/4921\/revisions\/4922"}],"wp:featuredmedia":[{"embeddable":true,"href":"https:\/\/www.confagricoltura.org\/piacenza\/wp-json\/wp\/v2\/media\/4735"}],"wp:attachment":[{"href":"https:\/\/www.confagricoltura.org\/piacenza\/wp-json\/wp\/v2\/media?parent=4921"}],"wp:term":[{"taxonomy":"category","embeddable":true,"href":"https:\/\/www.confagricoltura.org\/piacenza\/wp-json\/wp\/v2\/categories?post=4921"},{"taxonomy":"post_tag","embeddable":true,"href":"https:\/\/www.confagricoltura.org\/piacenza\/wp-json\/wp\/v2\/tags?post=4921"}],"curies":[{"name":"wp","href":"https:\/\/api.w.org\/{rel}","templated":true}]}}