{"id":4916,"date":"2025-01-20T17:18:19","date_gmt":"2025-01-20T16:18:19","guid":{"rendered":"https:\/\/www.confagricoltura.org\/piacenza\/?p=4916"},"modified":"2025-02-18T17:19:50","modified_gmt":"2025-02-18T16:19:50","slug":"confagricoltura-piacenza-al-via-i-corsi-per-la-sicurezza-sul-lavoro-3","status":"publish","type":"post","link":"https:\/\/www.confagricoltura.org\/piacenza\/confagricoltura-piacenza-al-via-i-corsi-per-la-sicurezza-sul-lavoro-3\/","title":{"rendered":"Confagricoltura Piacenza: al via i corsi per la sicurezza sul Lavoro"},"content":{"rendered":"<p>Si terranno nel mese di febbraio i corsi dedicati ai profili per la sicurezza sul lavoro che Confagricoltura Piacenza organizza da diversi anni nel periodo invernale quali: addetto antincendio, addetto primo soccorso e responsabile del servizio prevenzione e protezione. \u201cLe iniziative in partenza \u2013 spiega Marco Casagrande direttore dell\u2019associazione &#8211; sono realizzate in collaborazione con il Centro di Formazione Vittorio Tadini. Abbiamo avviato un nuovo percorso con l\u2019intento di migliorare l\u2019efficienza e anche le possibilit\u00e0 di fruizione\u201d. Questi corsi sono obbligatori e al contempo importanti per contribuire ulteriormente a diffondere la cultura della sicurezza sul lavoro. Gli attestati di frequenza \u2013 ricorda Confagricoltura Piacenza &#8211; devono essere esibiti prontamente in caso di controllo. \u201cProprio per agevolare gli associati \u2013 prosegue Casagrande &#8211; \u00e8 stato sviluppato un sistema che consente agli uffici di collegarsi direttamente con il database del Centro e di monitorare la situazione delle iscrizioni ai corsi, accelerando, in caso di controllo, anche la possibilit\u00e0 di emissione dei duplicati degli attestati. Per fare che ci\u00f2 sia possibile \u00e8 necessario procedere alle iscrizioni attraverso gli uffici di Confagricoltura oppure chiedere agli uffici stessi il codice da indicare nel campo note delle iscrizioni online sul sito del Centro\u201d. Senza questo codice l\u2019iscrizione \u00e8 comunque valida, ma non \u00e8 possibile tracciare l\u2019appartenenza, sembra un tecnicismo, ma \u00e8 importante proprio ai fini della rapidit\u00e0 della risposta in caso di una richiesta di verifica. Un altro vantaggio competitivo che il Centro fornisce \u00e8, nei casi in cui la normativa lo consente, la possibilit\u00e0 di scegliere la modalit\u00e0 di fruizione: in presenza recandosi presso la sede a Gariga di Podenzano, oppure on line, comodamente da remoto, attraverso un link che traccia la frequenza. \u201cRiprendiamo dunque \u2013 conclude Casagrande \u2013 la collaborazione con un centro che \u00e8 una realt\u00e0 storica e un punto di riferimento per il settore agricolo, nella convinzione di poter migliorare il servizio per i nostri associati e li invitiamo a iscriversi\u201d. I corsi saranno realizzati nella fascia pomeridiana o serale, le date di dettaglio saranno calendarizzate al momento della formazione del gruppo di partecipanti.<\/p>\n<p>\u201cNon possiamo che essere contenti della collaborazione avviata \u2013 aggiunge Massimiliano Gobbi direttore del Centro di Formazione \u2013 \u00e8 nelle radici storiche del nostro Centro di formazione fare squadra con tutti gli attori del settore primario a supporto del sistema agricolo e del nostro territorio\u201d.<\/p>\n","protected":false},"excerpt":{"rendered":"<p>Partnership con il Centro di Formazione Tadini: iscrizioni tracciate on line e possibilit\u00e0 di scegliere se seguire in presenza o da remoto<\/p>\n","protected":false},"author":6,"featured_media":4027,"comment_status":"closed","ping_status":"closed","sticky":false,"template":"","format":"standard","meta":{"wp_mapbox_gl_js_media":[],"footnotes":""},"categories":[21,344],"tags":[],"class_list":["post-4916","post","type-post","status-publish","format-standard","has-post-thumbnail","hentry","category-eventi","category-formazione-e-lavoro"],"yoast_head":"<!-- This site is optimized with the Yoast SEO plugin v26.8 - https:\/\/yoast.com\/product\/yoast-seo-wordpress\/ -->\n<title>Confagricoltura Piacenza: al via i corsi per la sicurezza sul Lavoro - Confagricoltura Piacenza<\/title>\n<meta name=\"robots\" content=\"index, follow, max-snippet:-1, max-image-preview:large, max-video-preview:-1\" \/>\n<link rel=\"canonical\" href=\"https:\/\/www.confagricoltura.org\/piacenza\/confagricoltura-piacenza-al-via-i-corsi-per-la-sicurezza-sul-lavoro-3\/\" \/>\n<meta property=\"og:locale\" content=\"it_IT\" \/>\n<meta property=\"og:type\" content=\"article\" \/>\n<meta property=\"og:title\" content=\"Confagricoltura Piacenza: al via i corsi per la sicurezza sul Lavoro - Confagricoltura Piacenza\" \/>\n<meta property=\"og:description\" content=\"Partnership con il Centro di Formazione Tadini: iscrizioni tracciate on line e possibilit\u00e0 di scegliere se seguire in presenza o da remoto\" \/>\n<meta property=\"og:url\" content=\"https:\/\/www.confagricoltura.org\/piacenza\/confagricoltura-piacenza-al-via-i-corsi-per-la-sicurezza-sul-lavoro-3\/\" \/>\n<meta property=\"og:site_name\" content=\"Confagricoltura Piacenza\" \/>\n<meta property=\"article:published_time\" content=\"2025-01-20T16:18:19+00:00\" \/>\n<meta property=\"article:modified_time\" content=\"2025-02-18T16:19:50+00:00\" \/>\n<meta property=\"og:image\" content=\"https:\/\/www.confagricoltura.org\/piacenza\/wp-content\/uploads\/sites\/11\/2022\/12\/sicurezza.jpg\" \/>\n\t<meta property=\"og:image:width\" content=\"1157\" \/>\n\t<meta property=\"og:image:height\" content=\"772\" \/>\n\t<meta property=\"og:image:type\" content=\"image\/jpeg\" \/>\n<meta name=\"author\" content=\"confagricolturapiacenza\" \/>\n<meta name=\"twitter:card\" content=\"summary_large_image\" \/>\n<meta name=\"twitter:label1\" content=\"Scritto da\" \/>\n\t<meta name=\"twitter:data1\" content=\"confagricolturapiacenza\" \/>\n\t<meta name=\"twitter:label2\" content=\"Tempo di lettura stimato\" \/>\n\t<meta name=\"twitter:data2\" content=\"3 minuti\" \/>\n<script type=\"application\/ld+json\" class=\"yoast-schema-graph\">{\"@context\":\"https:\/\/schema.org\",\"@graph\":[{\"@type\":\"Article\",\"@id\":\"https:\/\/www.confagricoltura.org\/piacenza\/confagricoltura-piacenza-al-via-i-corsi-per-la-sicurezza-sul-lavoro-3\/#article\",\"isPartOf\":{\"@id\":\"https:\/\/www.confagricoltura.org\/piacenza\/confagricoltura-piacenza-al-via-i-corsi-per-la-sicurezza-sul-lavoro-3\/\"},\"author\":{\"name\":\"confagricolturapiacenza\",\"@id\":\"https:\/\/www.confagricoltura.org\/piacenza\/#\/schema\/person\/be5da25a3117fea4b3bfec9dba09b5e8\"},\"headline\":\"Confagricoltura Piacenza: al via i corsi per la sicurezza sul Lavoro\",\"datePublished\":\"2025-01-20T16:18:19+00:00\",\"dateModified\":\"2025-02-18T16:19:50+00:00\",\"mainEntityOfPage\":{\"@id\":\"https:\/\/www.confagricoltura.org\/piacenza\/confagricoltura-piacenza-al-via-i-corsi-per-la-sicurezza-sul-lavoro-3\/\"},\"wordCount\":388,\"image\":{\"@id\":\"https:\/\/www.confagricoltura.org\/piacenza\/confagricoltura-piacenza-al-via-i-corsi-per-la-sicurezza-sul-lavoro-3\/#primaryimage\"},\"thumbnailUrl\":\"https:\/\/www.confagricoltura.org\/piacenza\/wp-content\/uploads\/sites\/11\/2022\/12\/sicurezza.jpg\",\"articleSection\":[\"Eventi\",\"Formazione e lavoro\"],\"inLanguage\":\"it-IT\"},{\"@type\":\"WebPage\",\"@id\":\"https:\/\/www.confagricoltura.org\/piacenza\/confagricoltura-piacenza-al-via-i-corsi-per-la-sicurezza-sul-lavoro-3\/\",\"url\":\"https:\/\/www.confagricoltura.org\/piacenza\/confagricoltura-piacenza-al-via-i-corsi-per-la-sicurezza-sul-lavoro-3\/\",\"name\":\"Confagricoltura Piacenza: al via i corsi per la sicurezza sul Lavoro - Confagricoltura Piacenza\",\"isPartOf\":{\"@id\":\"https:\/\/www.confagricoltura.org\/piacenza\/#website\"},\"primaryImageOfPage\":{\"@id\":\"https:\/\/www.confagricoltura.org\/piacenza\/confagricoltura-piacenza-al-via-i-corsi-per-la-sicurezza-sul-lavoro-3\/#primaryimage\"},\"image\":{\"@id\":\"https:\/\/www.confagricoltura.org\/piacenza\/confagricoltura-piacenza-al-via-i-corsi-per-la-sicurezza-sul-lavoro-3\/#primaryimage\"},\"thumbnailUrl\":\"https:\/\/www.confagricoltura.org\/piacenza\/wp-content\/uploads\/sites\/11\/2022\/12\/sicurezza.jpg\",\"datePublished\":\"2025-01-20T16:18:19+00:00\",\"dateModified\":\"2025-02-18T16:19:50+00:00\",\"author\":{\"@id\":\"https:\/\/www.confagricoltura.org\/piacenza\/#\/schema\/person\/be5da25a3117fea4b3bfec9dba09b5e8\"},\"breadcrumb\":{\"@id\":\"https:\/\/www.confagricoltura.org\/piacenza\/confagricoltura-piacenza-al-via-i-corsi-per-la-sicurezza-sul-lavoro-3\/#breadcrumb\"},\"inLanguage\":\"it-IT\",\"potentialAction\":[{\"@type\":\"ReadAction\",\"target\":[\"https:\/\/www.confagricoltura.org\/piacenza\/confagricoltura-piacenza-al-via-i-corsi-per-la-sicurezza-sul-lavoro-3\/\"]}]},{\"@type\":\"ImageObject\",\"inLanguage\":\"it-IT\",\"@id\":\"https:\/\/www.confagricoltura.org\/piacenza\/confagricoltura-piacenza-al-via-i-corsi-per-la-sicurezza-sul-lavoro-3\/#primaryimage\",\"url\":\"https:\/\/www.confagricoltura.org\/piacenza\/wp-content\/uploads\/sites\/11\/2022\/12\/sicurezza.jpg\",\"contentUrl\":\"https:\/\/www.confagricoltura.org\/piacenza\/wp-content\/uploads\/sites\/11\/2022\/12\/sicurezza.jpg\",\"width\":1157,\"height\":772},{\"@type\":\"BreadcrumbList\",\"@id\":\"https:\/\/www.confagricoltura.org\/piacenza\/confagricoltura-piacenza-al-via-i-corsi-per-la-sicurezza-sul-lavoro-3\/#breadcrumb\",\"itemListElement\":[{\"@type\":\"ListItem\",\"position\":1,\"name\":\"Home\",\"item\":\"https:\/\/www.confagricoltura.org\/piacenza\/\"},{\"@type\":\"ListItem\",\"position\":2,\"name\":\"Confagricoltura Piacenza: al via i corsi per la sicurezza sul Lavoro\"}]},{\"@type\":\"WebSite\",\"@id\":\"https:\/\/www.confagricoltura.org\/piacenza\/#website\",\"url\":\"https:\/\/www.confagricoltura.org\/piacenza\/\",\"name\":\"Confagricoltura Piacenza\",\"description\":\"Dalla parte degli Agricoltori\",\"potentialAction\":[{\"@type\":\"SearchAction\",\"target\":{\"@type\":\"EntryPoint\",\"urlTemplate\":\"https:\/\/www.confagricoltura.org\/piacenza\/?s={search_term_string}\"},\"query-input\":{\"@type\":\"PropertyValueSpecification\",\"valueRequired\":true,\"valueName\":\"search_term_string\"}}],\"inLanguage\":\"it-IT\"},{\"@type\":\"Person\",\"@id\":\"https:\/\/www.confagricoltura.org\/piacenza\/#\/schema\/person\/be5da25a3117fea4b3bfec9dba09b5e8\",\"name\":\"confagricolturapiacenza\",\"image\":{\"@type\":\"ImageObject\",\"inLanguage\":\"it-IT\",\"@id\":\"https:\/\/www.confagricoltura.org\/piacenza\/#\/schema\/person\/image\/\",\"url\":\"https:\/\/secure.gravatar.com\/avatar\/9c5f111e417171581853bd0a3ff892ca?s=96&d=mm&r=g\",\"contentUrl\":\"https:\/\/secure.gravatar.com\/avatar\/9c5f111e417171581853bd0a3ff892ca?s=96&d=mm&r=g\",\"caption\":\"confagricolturapiacenza\"},\"url\":\"https:\/\/www.confagricoltura.org\/piacenza\/author\/confagricolturapiacenza\/\"}]}<\/script>\n<!-- \/ Yoast SEO plugin. -->","yoast_head_json":{"title":"Confagricoltura Piacenza: al via i corsi per la sicurezza sul Lavoro - Confagricoltura Piacenza","robots":{"index":"index","follow":"follow","max-snippet":"max-snippet:-1","max-image-preview":"max-image-preview:large","max-video-preview":"max-video-preview:-1"},"canonical":"https:\/\/www.confagricoltura.org\/piacenza\/confagricoltura-piacenza-al-via-i-corsi-per-la-sicurezza-sul-lavoro-3\/","og_locale":"it_IT","og_type":"article","og_title":"Confagricoltura Piacenza: al via i corsi per la sicurezza sul Lavoro - Confagricoltura Piacenza","og_description":"Partnership con il Centro di Formazione Tadini: iscrizioni tracciate on line e possibilit\u00e0 di scegliere se seguire in presenza o da remoto","og_url":"https:\/\/www.confagricoltura.org\/piacenza\/confagricoltura-piacenza-al-via-i-corsi-per-la-sicurezza-sul-lavoro-3\/","og_site_name":"Confagricoltura Piacenza","article_published_time":"2025-01-20T16:18:19+00:00","article_modified_time":"2025-02-18T16:19:50+00:00","og_image":[{"width":1157,"height":772,"url":"https:\/\/www.confagricoltura.org\/piacenza\/wp-content\/uploads\/sites\/11\/2022\/12\/sicurezza.jpg","type":"image\/jpeg"}],"author":"confagricolturapiacenza","twitter_card":"summary_large_image","twitter_misc":{"Scritto da":"confagricolturapiacenza","Tempo di lettura stimato":"3 minuti"},"schema":{"@context":"https:\/\/schema.org","@graph":[{"@type":"Article","@id":"https:\/\/www.confagricoltura.org\/piacenza\/confagricoltura-piacenza-al-via-i-corsi-per-la-sicurezza-sul-lavoro-3\/#article","isPartOf":{"@id":"https:\/\/www.confagricoltura.org\/piacenza\/confagricoltura-piacenza-al-via-i-corsi-per-la-sicurezza-sul-lavoro-3\/"},"author":{"name":"confagricolturapiacenza","@id":"https:\/\/www.confagricoltura.org\/piacenza\/#\/schema\/person\/be5da25a3117fea4b3bfec9dba09b5e8"},"headline":"Confagricoltura Piacenza: al via i corsi per la sicurezza sul Lavoro","datePublished":"2025-01-20T16:18:19+00:00","dateModified":"2025-02-18T16:19:50+00:00","mainEntityOfPage":{"@id":"https:\/\/www.confagricoltura.org\/piacenza\/confagricoltura-piacenza-al-via-i-corsi-per-la-sicurezza-sul-lavoro-3\/"},"wordCount":388,"image":{"@id":"https:\/\/www.confagricoltura.org\/piacenza\/confagricoltura-piacenza-al-via-i-corsi-per-la-sicurezza-sul-lavoro-3\/#primaryimage"},"thumbnailUrl":"https:\/\/www.confagricoltura.org\/piacenza\/wp-content\/uploads\/sites\/11\/2022\/12\/sicurezza.jpg","articleSection":["Eventi","Formazione e lavoro"],"inLanguage":"it-IT"},{"@type":"WebPage","@id":"https:\/\/www.confagricoltura.org\/piacenza\/confagricoltura-piacenza-al-via-i-corsi-per-la-sicurezza-sul-lavoro-3\/","url":"https:\/\/www.confagricoltura.org\/piacenza\/confagricoltura-piacenza-al-via-i-corsi-per-la-sicurezza-sul-lavoro-3\/","name":"Confagricoltura Piacenza: al via i corsi per la sicurezza sul Lavoro - Confagricoltura Piacenza","isPartOf":{"@id":"https:\/\/www.confagricoltura.org\/piacenza\/#website"},"primaryImageOfPage":{"@id":"https:\/\/www.confagricoltura.org\/piacenza\/confagricoltura-piacenza-al-via-i-corsi-per-la-sicurezza-sul-lavoro-3\/#primaryimage"},"image":{"@id":"https:\/\/www.confagricoltura.org\/piacenza\/confagricoltura-piacenza-al-via-i-corsi-per-la-sicurezza-sul-lavoro-3\/#primaryimage"},"thumbnailUrl":"https:\/\/www.confagricoltura.org\/piacenza\/wp-content\/uploads\/sites\/11\/2022\/12\/sicurezza.jpg","datePublished":"2025-01-20T16:18:19+00:00","dateModified":"2025-02-18T16:19:50+00:00","author":{"@id":"https:\/\/www.confagricoltura.org\/piacenza\/#\/schema\/person\/be5da25a3117fea4b3bfec9dba09b5e8"},"breadcrumb":{"@id":"https:\/\/www.confagricoltura.org\/piacenza\/confagricoltura-piacenza-al-via-i-corsi-per-la-sicurezza-sul-lavoro-3\/#breadcrumb"},"inLanguage":"it-IT","potentialAction":[{"@type":"ReadAction","target":["https:\/\/www.confagricoltura.org\/piacenza\/confagricoltura-piacenza-al-via-i-corsi-per-la-sicurezza-sul-lavoro-3\/"]}]},{"@type":"ImageObject","inLanguage":"it-IT","@id":"https:\/\/www.confagricoltura.org\/piacenza\/confagricoltura-piacenza-al-via-i-corsi-per-la-sicurezza-sul-lavoro-3\/#primaryimage","url":"https:\/\/www.confagricoltura.org\/piacenza\/wp-content\/uploads\/sites\/11\/2022\/12\/sicurezza.jpg","contentUrl":"https:\/\/www.confagricoltura.org\/piacenza\/wp-content\/uploads\/sites\/11\/2022\/12\/sicurezza.jpg","width":1157,"height":772},{"@type":"BreadcrumbList","@id":"https:\/\/www.confagricoltura.org\/piacenza\/confagricoltura-piacenza-al-via-i-corsi-per-la-sicurezza-sul-lavoro-3\/#breadcrumb","itemListElement":[{"@type":"ListItem","position":1,"name":"Home","item":"https:\/\/www.confagricoltura.org\/piacenza\/"},{"@type":"ListItem","position":2,"name":"Confagricoltura Piacenza: al via i corsi per la sicurezza sul Lavoro"}]},{"@type":"WebSite","@id":"https:\/\/www.confagricoltura.org\/piacenza\/#website","url":"https:\/\/www.confagricoltura.org\/piacenza\/","name":"Confagricoltura Piacenza","description":"Dalla parte degli Agricoltori","potentialAction":[{"@type":"SearchAction","target":{"@type":"EntryPoint","urlTemplate":"https:\/\/www.confagricoltura.org\/piacenza\/?s={search_term_string}"},"query-input":{"@type":"PropertyValueSpecification","valueRequired":true,"valueName":"search_term_string"}}],"inLanguage":"it-IT"},{"@type":"Person","@id":"https:\/\/www.confagricoltura.org\/piacenza\/#\/schema\/person\/be5da25a3117fea4b3bfec9dba09b5e8","name":"confagricolturapiacenza","image":{"@type":"ImageObject","inLanguage":"it-IT","@id":"https:\/\/www.confagricoltura.org\/piacenza\/#\/schema\/person\/image\/","url":"https:\/\/secure.gravatar.com\/avatar\/9c5f111e417171581853bd0a3ff892ca?s=96&d=mm&r=g","contentUrl":"https:\/\/secure.gravatar.com\/avatar\/9c5f111e417171581853bd0a3ff892ca?s=96&d=mm&r=g","caption":"confagricolturapiacenza"},"url":"https:\/\/www.confagricoltura.org\/piacenza\/author\/confagricolturapiacenza\/"}]}},"_links":{"self":[{"href":"https:\/\/www.confagricoltura.org\/piacenza\/wp-json\/wp\/v2\/posts\/4916","targetHints":{"allow":["GET"]}}],"collection":[{"href":"https:\/\/www.confagricoltura.org\/piacenza\/wp-json\/wp\/v2\/posts"}],"about":[{"href":"https:\/\/www.confagricoltura.org\/piacenza\/wp-json\/wp\/v2\/types\/post"}],"author":[{"embeddable":true,"href":"https:\/\/www.confagricoltura.org\/piacenza\/wp-json\/wp\/v2\/users\/6"}],"replies":[{"embeddable":true,"href":"https:\/\/www.confagricoltura.org\/piacenza\/wp-json\/wp\/v2\/comments?post=4916"}],"version-history":[{"count":1,"href":"https:\/\/www.confagricoltura.org\/piacenza\/wp-json\/wp\/v2\/posts\/4916\/revisions"}],"predecessor-version":[{"id":4917,"href":"https:\/\/www.confagricoltura.org\/piacenza\/wp-json\/wp\/v2\/posts\/4916\/revisions\/4917"}],"wp:featuredmedia":[{"embeddable":true,"href":"https:\/\/www.confagricoltura.org\/piacenza\/wp-json\/wp\/v2\/media\/4027"}],"wp:attachment":[{"href":"https:\/\/www.confagricoltura.org\/piacenza\/wp-json\/wp\/v2\/media?parent=4916"}],"wp:term":[{"taxonomy":"category","embeddable":true,"href":"https:\/\/www.confagricoltura.org\/piacenza\/wp-json\/wp\/v2\/categories?post=4916"},{"taxonomy":"post_tag","embeddable":true,"href":"https:\/\/www.confagricoltura.org\/piacenza\/wp-json\/wp\/v2\/tags?post=4916"}],"curies":[{"name":"wp","href":"https:\/\/api.w.org\/{rel}","templated":true}]}}