{"id":4907,"date":"2025-01-15T16:51:17","date_gmt":"2025-01-15T15:51:17","guid":{"rendered":"https:\/\/www.confagricoltura.org\/piacenza\/?p=4907"},"modified":"2025-02-18T16:58:25","modified_gmt":"2025-02-18T15:58:25","slug":"enapa-piacenza-patronato-di-confagricoltura-domande-di-disoccupazione-agricola-entro-il-31-marzo","status":"publish","type":"post","link":"https:\/\/www.confagricoltura.org\/piacenza\/enapa-piacenza-patronato-di-confagricoltura-domande-di-disoccupazione-agricola-entro-il-31-marzo\/","title":{"rendered":"Enapa Piacenza (Patronato di Confagricoltura): domande di disoccupazione agricola entro il 31 marzo"},"content":{"rendered":"<p>IL patronato Enapa di Confagricoltura Piacenza ricorda che dal primo gennaio \u00e8 possibile presentare domanda per la disoccupazione agricola.<\/p>\n<p>\u201cLa domanda di indennit\u00e0 di disoccupazione agricola deve essere presentata entro il 31 marzo dell\u2019anno successivo a quello in cui si \u00e8 verificata la disoccupazione\u201d \u2013 spiega la responsabile provinciale di Enapa, Cristina Modenesi.<\/p>\n<p>L\u2019indennit\u00e0 di disoccupazione \u2013 ricorda Confagricoltura Piacenza &#8211;\u00a0 spetta ai lavoratori agricoli che: siano iscritti negli elenchi nominativi dei lavoratori agricoli dipendenti, per l\u2019anno cui si riferisce la domanda o che abbiano un rapporto di lavoro agricolo a tempo indeterminato solo per una parte dell\u2019anno di competenza della prestazione dando luogo, cos\u00ec, a eventuali periodi di mancata occupazione al di fuori del contratto di lavoro; abbiano almeno due anni di anzianit\u00e0 nell\u2019assicurazione contro la disoccupazione involontaria (mediante l\u2019iscrizione negli elenchi agricoli, ovvero lavoro agricolo con qualifica OTI per almeno due anni civili antecedenti la domanda o, in alternativa, con l\u2019iscrizione negli elenchi, ovvero lavoro agricolo con qualifica OTI, per l\u2019anno di competenza della prestazione e l\u2019accreditamento di un contributo contro la disoccupazione involontaria per attivit\u00e0 dipendente non agricola precedente al biennio di riferimento della prestazione); abbiano almeno 102 contributi giornalieri nel biennio costituito dall\u2019anno cui si riferisce l\u2019indennit\u00e0 e dall\u2019anno precedente (tale requisito pu\u00f2 essere perfezionato mediante il cumulo con la contribuzione relativa ad attivit\u00e0 dipendente non agricola purch\u00e9 l\u2019attivit\u00e0 agricola sia prevalente nell\u2019anno o nel biennio di riferimento). Possono essere utilizzati, per raggiungere i 102 contributi, anche quelli figurativi relativi a periodi di maternit\u00e0 obbligatoria e di congedo parentale, compresi nel biennio utile.<\/p>\n<p>\u201cL\u2019indennit\u00e0 \u2013 ricorda Modenesi \u2013 spetta nella misura del 40% della retribuzione di riferimento.\u201d.<\/p>\n<p>L\u2019indennit\u00e0 \u00e8 corrisposta per il numero di giornate di iscrizione negli elenchi nominativi, e comunque per un numero massimo di giornate pari a 182 all\u2019anno. Sono valutati anche i periodi di lavoro dipendente svolti in altri settori, purch\u00e9 l\u2019attivit\u00e0 agricola sia prevalente nell\u2019anno o nel biennio cui si riferisce la domanda.<\/p>\n<p>\u201cPer le persone disoccupate che non hanno i requisiti per la disoccupazione agricola \u2013 informa il patronato Enapa \u2013 \u00e8 possibile rivolgersi al patronato per verificare se si ha diritto all&#8217;indennit\u00e0 mensile di disoccupazione NASpI<\/p>\n<p>Cristina Modenesi richiama l\u2019attenzione su una comunicazione importante per i percettori di NAspI: \u201cChi \u00e8 gi\u00e0 percettore dell&#8217;indennit\u00e0 mensile di disoccupazione NASpI \u00e8 tenuto a dichiarare il reddito annuo presunto per il 2025, anche se pari a zero, entro il 31 gennaio 2025. Il mancato invio del modulo o la presenza di informazioni incomplete o errate comporta la sospensione dell\u2019erogazione della prestazione spettante. La comunicazione pu\u00f2 essere inviata anche mediante il nostro patronato.<\/p>\n<p>\u201cPer maggiori informazioni \u2013 conclude Modenesi \u2013 i nostri uffici, dislocati in diversi comuni della provincia, sono a disposizione\u201d.<\/p>\n<p>&nbsp;<\/p>\n<p>Sedi territoriali del patronato Enapa:<\/p>\n<p>&nbsp;<\/p>\n<p><strong>PIACENZA Via Colombo, 35 \u2013\u00a0 tel. 0523 596715\/33<\/strong><\/p>\n<p><strong>CASTEL SAN GIOVANNI Via F.lli Bandiera,28\/B \u2013 tel.0523 882538<\/strong><\/p>\n<p><strong>FIORENZUOLA D\u2019ARDA Via Calestani, 3\/E \u2013\u00a0 tel. 0523 981162\/6<\/strong><\/p>\n<p><strong>MONTICELLI Via Martiri della Libert\u00e0, 91 \u2013 tel. 0523 827237<\/strong><\/p>\n<p><strong>AGAZZANO Via XXV Aprile 19 \u2013 tel. 0523 975489<\/strong><\/p>\n<p><strong>CORTEMAGGIORE Via XX Settembre, 6 \u2013 tel. 0523 839764<\/strong><\/p>\n<p><strong>PIANELLO VAL TIDONE Largo dal Verme, 25 \u2013 tel. 0523.1861142<\/strong><\/p>\n<p>Fotografia di Cristina Modenesi \u2013 responsabile provinciale del patronato di Confagricoltura Enapa.<\/p>\n","protected":false},"excerpt":{"rendered":"<p>Modenesi: chi \u00e8 percettore dell\u2019indennit\u00e0 mensile di disoccupazione, deve comunicare il reddito presunto del 2025 entro il 31 gennaio pena decadimento del diritto<\/p>\n","protected":false},"author":6,"featured_media":4908,"comment_status":"closed","ping_status":"closed","sticky":false,"template":"","format":"standard","meta":{"wp_mapbox_gl_js_media":[],"footnotes":""},"categories":[21,4],"tags":[],"class_list":["post-4907","post","type-post","status-publish","format-standard","has-post-thumbnail","hentry","category-eventi","category-news"],"yoast_head":"<!-- This site is optimized with the Yoast SEO plugin v26.8 - https:\/\/yoast.com\/product\/yoast-seo-wordpress\/ -->\n<title>Enapa Piacenza (Patronato di Confagricoltura): domande di disoccupazione agricola entro il 31 marzo - Confagricoltura Piacenza<\/title>\n<meta name=\"robots\" content=\"index, follow, max-snippet:-1, max-image-preview:large, max-video-preview:-1\" \/>\n<link rel=\"canonical\" href=\"https:\/\/www.confagricoltura.org\/piacenza\/enapa-piacenza-patronato-di-confagricoltura-domande-di-disoccupazione-agricola-entro-il-31-marzo\/\" \/>\n<meta property=\"og:locale\" content=\"it_IT\" \/>\n<meta property=\"og:type\" content=\"article\" \/>\n<meta property=\"og:title\" content=\"Enapa Piacenza (Patronato di Confagricoltura): domande di disoccupazione agricola entro il 31 marzo - Confagricoltura Piacenza\" \/>\n<meta property=\"og:description\" content=\"Modenesi: chi \u00e8 percettore dell\u2019indennit\u00e0 mensile di disoccupazione, deve comunicare il reddito presunto del 2025 entro il 31 gennaio pena decadimento del diritto\" \/>\n<meta property=\"og:url\" content=\"https:\/\/www.confagricoltura.org\/piacenza\/enapa-piacenza-patronato-di-confagricoltura-domande-di-disoccupazione-agricola-entro-il-31-marzo\/\" \/>\n<meta property=\"og:site_name\" content=\"Confagricoltura Piacenza\" \/>\n<meta property=\"article:published_time\" content=\"2025-01-15T15:51:17+00:00\" \/>\n<meta property=\"article:modified_time\" content=\"2025-02-18T15:58:25+00:00\" \/>\n<meta property=\"og:image\" content=\"https:\/\/www.confagricoltura.org\/piacenza\/wp-content\/uploads\/sites\/11\/2025\/02\/a_Cristina-Modenesi-scaled.jpg\" \/>\n\t<meta property=\"og:image:width\" content=\"2560\" \/>\n\t<meta property=\"og:image:height\" content=\"2100\" \/>\n\t<meta property=\"og:image:type\" content=\"image\/jpeg\" \/>\n<meta name=\"author\" content=\"confagricolturapiacenza\" \/>\n<meta name=\"twitter:card\" content=\"summary_large_image\" \/>\n<meta name=\"twitter:label1\" content=\"Scritto da\" \/>\n\t<meta name=\"twitter:data1\" content=\"confagricolturapiacenza\" \/>\n\t<meta name=\"twitter:label2\" content=\"Tempo di lettura stimato\" \/>\n\t<meta name=\"twitter:data2\" content=\"3 minuti\" \/>\n<script type=\"application\/ld+json\" class=\"yoast-schema-graph\">{\"@context\":\"https:\/\/schema.org\",\"@graph\":[{\"@type\":\"Article\",\"@id\":\"https:\/\/www.confagricoltura.org\/piacenza\/enapa-piacenza-patronato-di-confagricoltura-domande-di-disoccupazione-agricola-entro-il-31-marzo\/#article\",\"isPartOf\":{\"@id\":\"https:\/\/www.confagricoltura.org\/piacenza\/enapa-piacenza-patronato-di-confagricoltura-domande-di-disoccupazione-agricola-entro-il-31-marzo\/\"},\"author\":{\"name\":\"confagricolturapiacenza\",\"@id\":\"https:\/\/www.confagricoltura.org\/piacenza\/#\/schema\/person\/be5da25a3117fea4b3bfec9dba09b5e8\"},\"headline\":\"Enapa Piacenza (Patronato di Confagricoltura): domande di disoccupazione agricola entro il 31 marzo\",\"datePublished\":\"2025-01-15T15:51:17+00:00\",\"dateModified\":\"2025-02-18T15:58:25+00:00\",\"mainEntityOfPage\":{\"@id\":\"https:\/\/www.confagricoltura.org\/piacenza\/enapa-piacenza-patronato-di-confagricoltura-domande-di-disoccupazione-agricola-entro-il-31-marzo\/\"},\"wordCount\":523,\"image\":{\"@id\":\"https:\/\/www.confagricoltura.org\/piacenza\/enapa-piacenza-patronato-di-confagricoltura-domande-di-disoccupazione-agricola-entro-il-31-marzo\/#primaryimage\"},\"thumbnailUrl\":\"https:\/\/www.confagricoltura.org\/piacenza\/wp-content\/uploads\/sites\/11\/2025\/02\/a_Cristina-Modenesi-scaled.jpg\",\"articleSection\":[\"Eventi\",\"News\"],\"inLanguage\":\"it-IT\"},{\"@type\":\"WebPage\",\"@id\":\"https:\/\/www.confagricoltura.org\/piacenza\/enapa-piacenza-patronato-di-confagricoltura-domande-di-disoccupazione-agricola-entro-il-31-marzo\/\",\"url\":\"https:\/\/www.confagricoltura.org\/piacenza\/enapa-piacenza-patronato-di-confagricoltura-domande-di-disoccupazione-agricola-entro-il-31-marzo\/\",\"name\":\"Enapa Piacenza (Patronato di Confagricoltura): domande di disoccupazione agricola entro il 31 marzo - Confagricoltura Piacenza\",\"isPartOf\":{\"@id\":\"https:\/\/www.confagricoltura.org\/piacenza\/#website\"},\"primaryImageOfPage\":{\"@id\":\"https:\/\/www.confagricoltura.org\/piacenza\/enapa-piacenza-patronato-di-confagricoltura-domande-di-disoccupazione-agricola-entro-il-31-marzo\/#primaryimage\"},\"image\":{\"@id\":\"https:\/\/www.confagricoltura.org\/piacenza\/enapa-piacenza-patronato-di-confagricoltura-domande-di-disoccupazione-agricola-entro-il-31-marzo\/#primaryimage\"},\"thumbnailUrl\":\"https:\/\/www.confagricoltura.org\/piacenza\/wp-content\/uploads\/sites\/11\/2025\/02\/a_Cristina-Modenesi-scaled.jpg\",\"datePublished\":\"2025-01-15T15:51:17+00:00\",\"dateModified\":\"2025-02-18T15:58:25+00:00\",\"author\":{\"@id\":\"https:\/\/www.confagricoltura.org\/piacenza\/#\/schema\/person\/be5da25a3117fea4b3bfec9dba09b5e8\"},\"breadcrumb\":{\"@id\":\"https:\/\/www.confagricoltura.org\/piacenza\/enapa-piacenza-patronato-di-confagricoltura-domande-di-disoccupazione-agricola-entro-il-31-marzo\/#breadcrumb\"},\"inLanguage\":\"it-IT\",\"potentialAction\":[{\"@type\":\"ReadAction\",\"target\":[\"https:\/\/www.confagricoltura.org\/piacenza\/enapa-piacenza-patronato-di-confagricoltura-domande-di-disoccupazione-agricola-entro-il-31-marzo\/\"]}]},{\"@type\":\"ImageObject\",\"inLanguage\":\"it-IT\",\"@id\":\"https:\/\/www.confagricoltura.org\/piacenza\/enapa-piacenza-patronato-di-confagricoltura-domande-di-disoccupazione-agricola-entro-il-31-marzo\/#primaryimage\",\"url\":\"https:\/\/www.confagricoltura.org\/piacenza\/wp-content\/uploads\/sites\/11\/2025\/02\/a_Cristina-Modenesi-scaled.jpg\",\"contentUrl\":\"https:\/\/www.confagricoltura.org\/piacenza\/wp-content\/uploads\/sites\/11\/2025\/02\/a_Cristina-Modenesi-scaled.jpg\",\"width\":2560,\"height\":2100},{\"@type\":\"BreadcrumbList\",\"@id\":\"https:\/\/www.confagricoltura.org\/piacenza\/enapa-piacenza-patronato-di-confagricoltura-domande-di-disoccupazione-agricola-entro-il-31-marzo\/#breadcrumb\",\"itemListElement\":[{\"@type\":\"ListItem\",\"position\":1,\"name\":\"Home\",\"item\":\"https:\/\/www.confagricoltura.org\/piacenza\/\"},{\"@type\":\"ListItem\",\"position\":2,\"name\":\"Enapa Piacenza (Patronato di Confagricoltura): domande di disoccupazione agricola entro il 31 marzo\"}]},{\"@type\":\"WebSite\",\"@id\":\"https:\/\/www.confagricoltura.org\/piacenza\/#website\",\"url\":\"https:\/\/www.confagricoltura.org\/piacenza\/\",\"name\":\"Confagricoltura Piacenza\",\"description\":\"Dalla parte degli Agricoltori\",\"potentialAction\":[{\"@type\":\"SearchAction\",\"target\":{\"@type\":\"EntryPoint\",\"urlTemplate\":\"https:\/\/www.confagricoltura.org\/piacenza\/?s={search_term_string}\"},\"query-input\":{\"@type\":\"PropertyValueSpecification\",\"valueRequired\":true,\"valueName\":\"search_term_string\"}}],\"inLanguage\":\"it-IT\"},{\"@type\":\"Person\",\"@id\":\"https:\/\/www.confagricoltura.org\/piacenza\/#\/schema\/person\/be5da25a3117fea4b3bfec9dba09b5e8\",\"name\":\"confagricolturapiacenza\",\"image\":{\"@type\":\"ImageObject\",\"inLanguage\":\"it-IT\",\"@id\":\"https:\/\/www.confagricoltura.org\/piacenza\/#\/schema\/person\/image\/\",\"url\":\"https:\/\/secure.gravatar.com\/avatar\/9c5f111e417171581853bd0a3ff892ca?s=96&d=mm&r=g\",\"contentUrl\":\"https:\/\/secure.gravatar.com\/avatar\/9c5f111e417171581853bd0a3ff892ca?s=96&d=mm&r=g\",\"caption\":\"confagricolturapiacenza\"},\"url\":\"https:\/\/www.confagricoltura.org\/piacenza\/author\/confagricolturapiacenza\/\"}]}<\/script>\n<!-- \/ Yoast SEO plugin. -->","yoast_head_json":{"title":"Enapa Piacenza (Patronato di Confagricoltura): domande di disoccupazione agricola entro il 31 marzo - Confagricoltura Piacenza","robots":{"index":"index","follow":"follow","max-snippet":"max-snippet:-1","max-image-preview":"max-image-preview:large","max-video-preview":"max-video-preview:-1"},"canonical":"https:\/\/www.confagricoltura.org\/piacenza\/enapa-piacenza-patronato-di-confagricoltura-domande-di-disoccupazione-agricola-entro-il-31-marzo\/","og_locale":"it_IT","og_type":"article","og_title":"Enapa Piacenza (Patronato di Confagricoltura): domande di disoccupazione agricola entro il 31 marzo - Confagricoltura Piacenza","og_description":"Modenesi: chi \u00e8 percettore dell\u2019indennit\u00e0 mensile di disoccupazione, deve comunicare il reddito presunto del 2025 entro il 31 gennaio pena decadimento del diritto","og_url":"https:\/\/www.confagricoltura.org\/piacenza\/enapa-piacenza-patronato-di-confagricoltura-domande-di-disoccupazione-agricola-entro-il-31-marzo\/","og_site_name":"Confagricoltura Piacenza","article_published_time":"2025-01-15T15:51:17+00:00","article_modified_time":"2025-02-18T15:58:25+00:00","og_image":[{"width":2560,"height":2100,"url":"https:\/\/www.confagricoltura.org\/piacenza\/wp-content\/uploads\/sites\/11\/2025\/02\/a_Cristina-Modenesi-scaled.jpg","type":"image\/jpeg"}],"author":"confagricolturapiacenza","twitter_card":"summary_large_image","twitter_misc":{"Scritto da":"confagricolturapiacenza","Tempo di lettura stimato":"3 minuti"},"schema":{"@context":"https:\/\/schema.org","@graph":[{"@type":"Article","@id":"https:\/\/www.confagricoltura.org\/piacenza\/enapa-piacenza-patronato-di-confagricoltura-domande-di-disoccupazione-agricola-entro-il-31-marzo\/#article","isPartOf":{"@id":"https:\/\/www.confagricoltura.org\/piacenza\/enapa-piacenza-patronato-di-confagricoltura-domande-di-disoccupazione-agricola-entro-il-31-marzo\/"},"author":{"name":"confagricolturapiacenza","@id":"https:\/\/www.confagricoltura.org\/piacenza\/#\/schema\/person\/be5da25a3117fea4b3bfec9dba09b5e8"},"headline":"Enapa Piacenza (Patronato di Confagricoltura): domande di disoccupazione agricola entro il 31 marzo","datePublished":"2025-01-15T15:51:17+00:00","dateModified":"2025-02-18T15:58:25+00:00","mainEntityOfPage":{"@id":"https:\/\/www.confagricoltura.org\/piacenza\/enapa-piacenza-patronato-di-confagricoltura-domande-di-disoccupazione-agricola-entro-il-31-marzo\/"},"wordCount":523,"image":{"@id":"https:\/\/www.confagricoltura.org\/piacenza\/enapa-piacenza-patronato-di-confagricoltura-domande-di-disoccupazione-agricola-entro-il-31-marzo\/#primaryimage"},"thumbnailUrl":"https:\/\/www.confagricoltura.org\/piacenza\/wp-content\/uploads\/sites\/11\/2025\/02\/a_Cristina-Modenesi-scaled.jpg","articleSection":["Eventi","News"],"inLanguage":"it-IT"},{"@type":"WebPage","@id":"https:\/\/www.confagricoltura.org\/piacenza\/enapa-piacenza-patronato-di-confagricoltura-domande-di-disoccupazione-agricola-entro-il-31-marzo\/","url":"https:\/\/www.confagricoltura.org\/piacenza\/enapa-piacenza-patronato-di-confagricoltura-domande-di-disoccupazione-agricola-entro-il-31-marzo\/","name":"Enapa Piacenza (Patronato di Confagricoltura): domande di disoccupazione agricola entro il 31 marzo - Confagricoltura Piacenza","isPartOf":{"@id":"https:\/\/www.confagricoltura.org\/piacenza\/#website"},"primaryImageOfPage":{"@id":"https:\/\/www.confagricoltura.org\/piacenza\/enapa-piacenza-patronato-di-confagricoltura-domande-di-disoccupazione-agricola-entro-il-31-marzo\/#primaryimage"},"image":{"@id":"https:\/\/www.confagricoltura.org\/piacenza\/enapa-piacenza-patronato-di-confagricoltura-domande-di-disoccupazione-agricola-entro-il-31-marzo\/#primaryimage"},"thumbnailUrl":"https:\/\/www.confagricoltura.org\/piacenza\/wp-content\/uploads\/sites\/11\/2025\/02\/a_Cristina-Modenesi-scaled.jpg","datePublished":"2025-01-15T15:51:17+00:00","dateModified":"2025-02-18T15:58:25+00:00","author":{"@id":"https:\/\/www.confagricoltura.org\/piacenza\/#\/schema\/person\/be5da25a3117fea4b3bfec9dba09b5e8"},"breadcrumb":{"@id":"https:\/\/www.confagricoltura.org\/piacenza\/enapa-piacenza-patronato-di-confagricoltura-domande-di-disoccupazione-agricola-entro-il-31-marzo\/#breadcrumb"},"inLanguage":"it-IT","potentialAction":[{"@type":"ReadAction","target":["https:\/\/www.confagricoltura.org\/piacenza\/enapa-piacenza-patronato-di-confagricoltura-domande-di-disoccupazione-agricola-entro-il-31-marzo\/"]}]},{"@type":"ImageObject","inLanguage":"it-IT","@id":"https:\/\/www.confagricoltura.org\/piacenza\/enapa-piacenza-patronato-di-confagricoltura-domande-di-disoccupazione-agricola-entro-il-31-marzo\/#primaryimage","url":"https:\/\/www.confagricoltura.org\/piacenza\/wp-content\/uploads\/sites\/11\/2025\/02\/a_Cristina-Modenesi-scaled.jpg","contentUrl":"https:\/\/www.confagricoltura.org\/piacenza\/wp-content\/uploads\/sites\/11\/2025\/02\/a_Cristina-Modenesi-scaled.jpg","width":2560,"height":2100},{"@type":"BreadcrumbList","@id":"https:\/\/www.confagricoltura.org\/piacenza\/enapa-piacenza-patronato-di-confagricoltura-domande-di-disoccupazione-agricola-entro-il-31-marzo\/#breadcrumb","itemListElement":[{"@type":"ListItem","position":1,"name":"Home","item":"https:\/\/www.confagricoltura.org\/piacenza\/"},{"@type":"ListItem","position":2,"name":"Enapa Piacenza (Patronato di Confagricoltura): domande di disoccupazione agricola entro il 31 marzo"}]},{"@type":"WebSite","@id":"https:\/\/www.confagricoltura.org\/piacenza\/#website","url":"https:\/\/www.confagricoltura.org\/piacenza\/","name":"Confagricoltura Piacenza","description":"Dalla parte degli Agricoltori","potentialAction":[{"@type":"SearchAction","target":{"@type":"EntryPoint","urlTemplate":"https:\/\/www.confagricoltura.org\/piacenza\/?s={search_term_string}"},"query-input":{"@type":"PropertyValueSpecification","valueRequired":true,"valueName":"search_term_string"}}],"inLanguage":"it-IT"},{"@type":"Person","@id":"https:\/\/www.confagricoltura.org\/piacenza\/#\/schema\/person\/be5da25a3117fea4b3bfec9dba09b5e8","name":"confagricolturapiacenza","image":{"@type":"ImageObject","inLanguage":"it-IT","@id":"https:\/\/www.confagricoltura.org\/piacenza\/#\/schema\/person\/image\/","url":"https:\/\/secure.gravatar.com\/avatar\/9c5f111e417171581853bd0a3ff892ca?s=96&d=mm&r=g","contentUrl":"https:\/\/secure.gravatar.com\/avatar\/9c5f111e417171581853bd0a3ff892ca?s=96&d=mm&r=g","caption":"confagricolturapiacenza"},"url":"https:\/\/www.confagricoltura.org\/piacenza\/author\/confagricolturapiacenza\/"}]}},"_links":{"self":[{"href":"https:\/\/www.confagricoltura.org\/piacenza\/wp-json\/wp\/v2\/posts\/4907","targetHints":{"allow":["GET"]}}],"collection":[{"href":"https:\/\/www.confagricoltura.org\/piacenza\/wp-json\/wp\/v2\/posts"}],"about":[{"href":"https:\/\/www.confagricoltura.org\/piacenza\/wp-json\/wp\/v2\/types\/post"}],"author":[{"embeddable":true,"href":"https:\/\/www.confagricoltura.org\/piacenza\/wp-json\/wp\/v2\/users\/6"}],"replies":[{"embeddable":true,"href":"https:\/\/www.confagricoltura.org\/piacenza\/wp-json\/wp\/v2\/comments?post=4907"}],"version-history":[{"count":1,"href":"https:\/\/www.confagricoltura.org\/piacenza\/wp-json\/wp\/v2\/posts\/4907\/revisions"}],"predecessor-version":[{"id":4909,"href":"https:\/\/www.confagricoltura.org\/piacenza\/wp-json\/wp\/v2\/posts\/4907\/revisions\/4909"}],"wp:featuredmedia":[{"embeddable":true,"href":"https:\/\/www.confagricoltura.org\/piacenza\/wp-json\/wp\/v2\/media\/4908"}],"wp:attachment":[{"href":"https:\/\/www.confagricoltura.org\/piacenza\/wp-json\/wp\/v2\/media?parent=4907"}],"wp:term":[{"taxonomy":"category","embeddable":true,"href":"https:\/\/www.confagricoltura.org\/piacenza\/wp-json\/wp\/v2\/categories?post=4907"},{"taxonomy":"post_tag","embeddable":true,"href":"https:\/\/www.confagricoltura.org\/piacenza\/wp-json\/wp\/v2\/tags?post=4907"}],"curies":[{"name":"wp","href":"https:\/\/api.w.org\/{rel}","templated":true}]}}