{"id":4885,"date":"2024-12-23T15:08:01","date_gmt":"2024-12-23T14:08:01","guid":{"rendered":"https:\/\/www.confagricoltura.org\/piacenza\/?p=4885"},"modified":"2025-02-18T15:12:22","modified_gmt":"2025-02-18T14:12:22","slug":"piano-transizione-5-0-in-agricoltura-unopportunita-da-cogliere","status":"publish","type":"post","link":"https:\/\/www.confagricoltura.org\/piacenza\/piano-transizione-5-0-in-agricoltura-unopportunita-da-cogliere\/","title":{"rendered":"Piano transizione 5.0 in agricoltura: un\u2019opportunit\u00e0 da cogliere"},"content":{"rendered":"<p>I giovani di Confagricoltura Anga sezione di Piacenza hanno organizzato nei giorni scorsi un incontro tecnico di sul Piano Transizione 5.0 in agricoltura che ha visto, dopo i saluti del presidente di Confagricoltura Piacenza Umberto Gorra, l\u2019introduzione ai lavori da parte del presidente di Anga Piacenza Filippo Losi il quale, di fronte a una sala Bertonazzi gremita, ha invitato i giovani ad associarsi e a partecipare attivamente ad Anga \u201cperch\u00e9 \u00e8 dalle idee e dalle esigenze di chi partecipa che nascono convegni come quello di oggi, argomento che ci interessa parecchio ma sul quale c&#8217;\u00e8 ancora molta confusione. Anga sta puntando molto su formazione ed informazione, ne abbiamo tutti un forte bisogno, soprattutto visti i nuovi e continui cambiamenti che ci vengono imposti, avremo tanti argomenti di cui parlare, come il quaderno di campagna elettronico. Abbiamo in programma, per il nuovo anno, un convegno focalizzato su temi economici, partendo dalla consapevolezza che gli agricoltori spesso lavorano senza fare attivit\u00e0 di bilancio. Partiremo da questo incontro \u2013 ha proseguito Losi &#8211; per imparare a farlo, anche perch\u00e9 in azienda l\u2019attivit\u00e0 pratica deve essere sempre pi\u00f9 affiancata da una gestione manageriale. Vedo anche tanti appesantimenti inutili, alcuni sono la conseguenza di una visione sbagliata del nostro settore.\u00a0 Siamo considerati un settore fortemente inquinante e sono contrario a questa idea perch\u00e9 di pari passo con la Next generation Eeu si continua ad insinuare che chi ci ha preceduto, i nostri genitori, ci abbiano compromesso il futuro rovinando l&#8217;ecosistema, ecco questo non \u00e8 affatto vero, l&#8217;agricoltura vive e lavora da sempre grazie alla perfetta collaborazione tra uomo e natura e nessuno di noi la rovinerebbe, men che meno i nostri padri. Mi sembra pi\u00f9 che altro che si voglia a tutti i costi portare l&#8217;agricoltura italiana ad essere un&#8217;attrazione turistica. Combattiamo due visioni del nostro settore, entrambe false: sia l\u2019immagine di un\u2019attivit\u00e0 inquinante e irrispettosa della natura, sia quella bucolica e idealizzata che ci vorrebbe ancora veder lavorare con il bue e l\u2019asinello. Noi ci battiamo perch\u00e9 vogliamo l\u2019agricoltura moderna che utilizza tutti gli strumenti per produrre di pi\u00f9 usando meno le risorse. \u00c8 una logica basilare della buona gestione di qualunque attivit\u00e0. Iniziative come quella di oggi, che valutano le varie possibilit\u00e0, servono a migliorarci come imprese. Ringrazio i relatori e tutti voi\u201d.<\/p>\n<p>Per meglio supportare i propri associati anche nelle valutazioni prettamente tecniche che la misura prevede, Confagricoltura Piacenza ha attivato una partnership con lo studio Green Solution.<\/p>\n<p>\u201cL&#8217;Industria 5.0 rappresenta una nuova possibilit\u00e0 andando oltre l&#8217;Industria 4.0 e pone l&#8217;accento \u2013 ha spiegato Stefania Trenchi titolare dello studio Green Solution &#8211; sull\u2019interazione tra l&#8217;uomo e la macchina, combinando la tecnologia avanzata con l&#8217;intelligenza umana e il benessere sociale. Applicata al settore agricolo, l&#8217;Industria 5.0 punta a ottimizzare la produzione agricola misurando il risparmio energetico\u201d. L\u2019esperta ha illustrato alcuni casi pratici che, calcoli alla mano, dimostrano come un nuovo macchinario o nuove attrezzature possano ridurre il dispendio di energia e le emissioni. \u00c8 su questi calcoli che si misura il beneficio ottenibile dalla misura. Le percentuali di risparmio energetico possono essere calcolate sulla struttura o sul processo produttivo e consentono di arrivare ad un contributo massimo del 45% sotto forma di detrazione fiscale per progetti fino a 2.5 milioni di investimento. \u201cPer dimostrare l\u2019efficienza di nuovo mezzo agricolo, \u00e8 necessario calcolare il risparmio energetico in TEP annuo, ossia in energia primaria espressa in Tonnellate Equivalenti di Petrolio comparando i consumi del mezzo tradizionale con quello innovativo. Il calcolo ottenuto permette di andare a verificare il risparmio energetico. Stiamo gi\u00e0 caricando le domande sul portale del Gse \u2013 ha spiegato Trenchi \u2013 e nel giro di 5 giorni otteniamo risposta circa l\u2019ammissibilit\u00e0\u201d.<\/p>\n<p>Gli aspetti pi\u00f9 prettamente fiscali sono stati approfonditi dalla Responsabile Fiscale di Confagricoltura Piacenza, Michela Filippi. \u201c\u00c8 possibile prevedere la cumulabilit\u00e0 con altre misure \u2013 ha detto Filippi \u2013 ma invitiamo a valutare attentamente ciascun caso per evitare di incorrere in spiacevoli non conformit\u00e0 che possono comportare il recupero del beneficio ottenuto. Gli investimenti effettuati con la misura Transizione 5.0 richiedono anche la relazione di un revisore dei conti, abilitazione che possiedo, dunque anche in questo l\u2019Associazione pu\u00f2 seguirvi a 360\u00b0\u201d. Ai due interventi sono seguite diverse domande concrete da parte dei presenti con grande soddisfazione di tutti i partecipanti.<\/p>\n","protected":false},"excerpt":{"rendered":"<p>Oltre 70 partecipanti all\u2019incontro tecnico di Anga Piacenza con tante domande pratiche <\/p>\n","protected":false},"author":6,"featured_media":4886,"comment_status":"closed","ping_status":"closed","sticky":false,"template":"","format":"standard","meta":{"wp_mapbox_gl_js_media":[],"footnotes":""},"categories":[21,4],"tags":[445],"class_list":["post-4885","post","type-post","status-publish","format-standard","has-post-thumbnail","hentry","category-eventi","category-news","tag-anga"],"yoast_head":"<!-- This site is optimized with the Yoast SEO plugin v26.8 - https:\/\/yoast.com\/product\/yoast-seo-wordpress\/ -->\n<title>Piano transizione 5.0 in agricoltura: un\u2019opportunit\u00e0 da cogliere - Confagricoltura Piacenza<\/title>\n<meta name=\"robots\" content=\"index, follow, max-snippet:-1, max-image-preview:large, max-video-preview:-1\" \/>\n<link rel=\"canonical\" href=\"https:\/\/www.confagricoltura.org\/piacenza\/piano-transizione-5-0-in-agricoltura-unopportunita-da-cogliere\/\" \/>\n<meta property=\"og:locale\" content=\"it_IT\" \/>\n<meta property=\"og:type\" content=\"article\" \/>\n<meta property=\"og:title\" content=\"Piano transizione 5.0 in agricoltura: un\u2019opportunit\u00e0 da cogliere - Confagricoltura Piacenza\" \/>\n<meta property=\"og:description\" content=\"Oltre 70 partecipanti all\u2019incontro tecnico di Anga Piacenza con tante domande pratiche\" \/>\n<meta property=\"og:url\" content=\"https:\/\/www.confagricoltura.org\/piacenza\/piano-transizione-5-0-in-agricoltura-unopportunita-da-cogliere\/\" \/>\n<meta property=\"og:site_name\" content=\"Confagricoltura Piacenza\" \/>\n<meta property=\"article:published_time\" content=\"2024-12-23T14:08:01+00:00\" \/>\n<meta property=\"article:modified_time\" content=\"2025-02-18T14:12:22+00:00\" \/>\n<meta property=\"og:image\" content=\"https:\/\/www.confagricoltura.org\/piacenza\/wp-content\/uploads\/sites\/11\/2025\/02\/Filippi-Gherardi-Trenchi-Losi.jpg\" \/>\n\t<meta property=\"og:image:width\" content=\"2480\" \/>\n\t<meta property=\"og:image:height\" content=\"1996\" \/>\n\t<meta property=\"og:image:type\" content=\"image\/jpeg\" \/>\n<meta name=\"author\" content=\"confagricolturapiacenza\" \/>\n<meta name=\"twitter:card\" content=\"summary_large_image\" \/>\n<meta name=\"twitter:label1\" content=\"Scritto da\" \/>\n\t<meta name=\"twitter:data1\" content=\"confagricolturapiacenza\" \/>\n\t<meta name=\"twitter:label2\" content=\"Tempo di lettura stimato\" \/>\n\t<meta name=\"twitter:data2\" content=\"4 minuti\" \/>\n<script type=\"application\/ld+json\" class=\"yoast-schema-graph\">{\"@context\":\"https:\/\/schema.org\",\"@graph\":[{\"@type\":\"Article\",\"@id\":\"https:\/\/www.confagricoltura.org\/piacenza\/piano-transizione-5-0-in-agricoltura-unopportunita-da-cogliere\/#article\",\"isPartOf\":{\"@id\":\"https:\/\/www.confagricoltura.org\/piacenza\/piano-transizione-5-0-in-agricoltura-unopportunita-da-cogliere\/\"},\"author\":{\"name\":\"confagricolturapiacenza\",\"@id\":\"https:\/\/www.confagricoltura.org\/piacenza\/#\/schema\/person\/be5da25a3117fea4b3bfec9dba09b5e8\"},\"headline\":\"Piano transizione 5.0 in agricoltura: un\u2019opportunit\u00e0 da cogliere\",\"datePublished\":\"2024-12-23T14:08:01+00:00\",\"dateModified\":\"2025-02-18T14:12:22+00:00\",\"mainEntityOfPage\":{\"@id\":\"https:\/\/www.confagricoltura.org\/piacenza\/piano-transizione-5-0-in-agricoltura-unopportunita-da-cogliere\/\"},\"wordCount\":717,\"image\":{\"@id\":\"https:\/\/www.confagricoltura.org\/piacenza\/piano-transizione-5-0-in-agricoltura-unopportunita-da-cogliere\/#primaryimage\"},\"thumbnailUrl\":\"https:\/\/www.confagricoltura.org\/piacenza\/wp-content\/uploads\/sites\/11\/2025\/02\/Filippi-Gherardi-Trenchi-Losi.jpg\",\"keywords\":[\"anga\"],\"articleSection\":[\"Eventi\",\"News\"],\"inLanguage\":\"it-IT\"},{\"@type\":\"WebPage\",\"@id\":\"https:\/\/www.confagricoltura.org\/piacenza\/piano-transizione-5-0-in-agricoltura-unopportunita-da-cogliere\/\",\"url\":\"https:\/\/www.confagricoltura.org\/piacenza\/piano-transizione-5-0-in-agricoltura-unopportunita-da-cogliere\/\",\"name\":\"Piano transizione 5.0 in agricoltura: un\u2019opportunit\u00e0 da cogliere - Confagricoltura Piacenza\",\"isPartOf\":{\"@id\":\"https:\/\/www.confagricoltura.org\/piacenza\/#website\"},\"primaryImageOfPage\":{\"@id\":\"https:\/\/www.confagricoltura.org\/piacenza\/piano-transizione-5-0-in-agricoltura-unopportunita-da-cogliere\/#primaryimage\"},\"image\":{\"@id\":\"https:\/\/www.confagricoltura.org\/piacenza\/piano-transizione-5-0-in-agricoltura-unopportunita-da-cogliere\/#primaryimage\"},\"thumbnailUrl\":\"https:\/\/www.confagricoltura.org\/piacenza\/wp-content\/uploads\/sites\/11\/2025\/02\/Filippi-Gherardi-Trenchi-Losi.jpg\",\"datePublished\":\"2024-12-23T14:08:01+00:00\",\"dateModified\":\"2025-02-18T14:12:22+00:00\",\"author\":{\"@id\":\"https:\/\/www.confagricoltura.org\/piacenza\/#\/schema\/person\/be5da25a3117fea4b3bfec9dba09b5e8\"},\"breadcrumb\":{\"@id\":\"https:\/\/www.confagricoltura.org\/piacenza\/piano-transizione-5-0-in-agricoltura-unopportunita-da-cogliere\/#breadcrumb\"},\"inLanguage\":\"it-IT\",\"potentialAction\":[{\"@type\":\"ReadAction\",\"target\":[\"https:\/\/www.confagricoltura.org\/piacenza\/piano-transizione-5-0-in-agricoltura-unopportunita-da-cogliere\/\"]}]},{\"@type\":\"ImageObject\",\"inLanguage\":\"it-IT\",\"@id\":\"https:\/\/www.confagricoltura.org\/piacenza\/piano-transizione-5-0-in-agricoltura-unopportunita-da-cogliere\/#primaryimage\",\"url\":\"https:\/\/www.confagricoltura.org\/piacenza\/wp-content\/uploads\/sites\/11\/2025\/02\/Filippi-Gherardi-Trenchi-Losi.jpg\",\"contentUrl\":\"https:\/\/www.confagricoltura.org\/piacenza\/wp-content\/uploads\/sites\/11\/2025\/02\/Filippi-Gherardi-Trenchi-Losi.jpg\",\"width\":2480,\"height\":1996},{\"@type\":\"BreadcrumbList\",\"@id\":\"https:\/\/www.confagricoltura.org\/piacenza\/piano-transizione-5-0-in-agricoltura-unopportunita-da-cogliere\/#breadcrumb\",\"itemListElement\":[{\"@type\":\"ListItem\",\"position\":1,\"name\":\"Home\",\"item\":\"https:\/\/www.confagricoltura.org\/piacenza\/\"},{\"@type\":\"ListItem\",\"position\":2,\"name\":\"Piano transizione 5.0 in agricoltura: un\u2019opportunit\u00e0 da cogliere\"}]},{\"@type\":\"WebSite\",\"@id\":\"https:\/\/www.confagricoltura.org\/piacenza\/#website\",\"url\":\"https:\/\/www.confagricoltura.org\/piacenza\/\",\"name\":\"Confagricoltura Piacenza\",\"description\":\"Dalla parte degli Agricoltori\",\"potentialAction\":[{\"@type\":\"SearchAction\",\"target\":{\"@type\":\"EntryPoint\",\"urlTemplate\":\"https:\/\/www.confagricoltura.org\/piacenza\/?s={search_term_string}\"},\"query-input\":{\"@type\":\"PropertyValueSpecification\",\"valueRequired\":true,\"valueName\":\"search_term_string\"}}],\"inLanguage\":\"it-IT\"},{\"@type\":\"Person\",\"@id\":\"https:\/\/www.confagricoltura.org\/piacenza\/#\/schema\/person\/be5da25a3117fea4b3bfec9dba09b5e8\",\"name\":\"confagricolturapiacenza\",\"image\":{\"@type\":\"ImageObject\",\"inLanguage\":\"it-IT\",\"@id\":\"https:\/\/www.confagricoltura.org\/piacenza\/#\/schema\/person\/image\/\",\"url\":\"https:\/\/secure.gravatar.com\/avatar\/9c5f111e417171581853bd0a3ff892ca?s=96&d=mm&r=g\",\"contentUrl\":\"https:\/\/secure.gravatar.com\/avatar\/9c5f111e417171581853bd0a3ff892ca?s=96&d=mm&r=g\",\"caption\":\"confagricolturapiacenza\"},\"url\":\"https:\/\/www.confagricoltura.org\/piacenza\/author\/confagricolturapiacenza\/\"}]}<\/script>\n<!-- \/ Yoast SEO plugin. -->","yoast_head_json":{"title":"Piano transizione 5.0 in agricoltura: un\u2019opportunit\u00e0 da cogliere - Confagricoltura Piacenza","robots":{"index":"index","follow":"follow","max-snippet":"max-snippet:-1","max-image-preview":"max-image-preview:large","max-video-preview":"max-video-preview:-1"},"canonical":"https:\/\/www.confagricoltura.org\/piacenza\/piano-transizione-5-0-in-agricoltura-unopportunita-da-cogliere\/","og_locale":"it_IT","og_type":"article","og_title":"Piano transizione 5.0 in agricoltura: un\u2019opportunit\u00e0 da cogliere - Confagricoltura Piacenza","og_description":"Oltre 70 partecipanti all\u2019incontro tecnico di Anga Piacenza con tante domande pratiche","og_url":"https:\/\/www.confagricoltura.org\/piacenza\/piano-transizione-5-0-in-agricoltura-unopportunita-da-cogliere\/","og_site_name":"Confagricoltura Piacenza","article_published_time":"2024-12-23T14:08:01+00:00","article_modified_time":"2025-02-18T14:12:22+00:00","og_image":[{"width":2480,"height":1996,"url":"https:\/\/www.confagricoltura.org\/piacenza\/wp-content\/uploads\/sites\/11\/2025\/02\/Filippi-Gherardi-Trenchi-Losi.jpg","type":"image\/jpeg"}],"author":"confagricolturapiacenza","twitter_card":"summary_large_image","twitter_misc":{"Scritto da":"confagricolturapiacenza","Tempo di lettura stimato":"4 minuti"},"schema":{"@context":"https:\/\/schema.org","@graph":[{"@type":"Article","@id":"https:\/\/www.confagricoltura.org\/piacenza\/piano-transizione-5-0-in-agricoltura-unopportunita-da-cogliere\/#article","isPartOf":{"@id":"https:\/\/www.confagricoltura.org\/piacenza\/piano-transizione-5-0-in-agricoltura-unopportunita-da-cogliere\/"},"author":{"name":"confagricolturapiacenza","@id":"https:\/\/www.confagricoltura.org\/piacenza\/#\/schema\/person\/be5da25a3117fea4b3bfec9dba09b5e8"},"headline":"Piano transizione 5.0 in agricoltura: un\u2019opportunit\u00e0 da cogliere","datePublished":"2024-12-23T14:08:01+00:00","dateModified":"2025-02-18T14:12:22+00:00","mainEntityOfPage":{"@id":"https:\/\/www.confagricoltura.org\/piacenza\/piano-transizione-5-0-in-agricoltura-unopportunita-da-cogliere\/"},"wordCount":717,"image":{"@id":"https:\/\/www.confagricoltura.org\/piacenza\/piano-transizione-5-0-in-agricoltura-unopportunita-da-cogliere\/#primaryimage"},"thumbnailUrl":"https:\/\/www.confagricoltura.org\/piacenza\/wp-content\/uploads\/sites\/11\/2025\/02\/Filippi-Gherardi-Trenchi-Losi.jpg","keywords":["anga"],"articleSection":["Eventi","News"],"inLanguage":"it-IT"},{"@type":"WebPage","@id":"https:\/\/www.confagricoltura.org\/piacenza\/piano-transizione-5-0-in-agricoltura-unopportunita-da-cogliere\/","url":"https:\/\/www.confagricoltura.org\/piacenza\/piano-transizione-5-0-in-agricoltura-unopportunita-da-cogliere\/","name":"Piano transizione 5.0 in agricoltura: un\u2019opportunit\u00e0 da cogliere - Confagricoltura Piacenza","isPartOf":{"@id":"https:\/\/www.confagricoltura.org\/piacenza\/#website"},"primaryImageOfPage":{"@id":"https:\/\/www.confagricoltura.org\/piacenza\/piano-transizione-5-0-in-agricoltura-unopportunita-da-cogliere\/#primaryimage"},"image":{"@id":"https:\/\/www.confagricoltura.org\/piacenza\/piano-transizione-5-0-in-agricoltura-unopportunita-da-cogliere\/#primaryimage"},"thumbnailUrl":"https:\/\/www.confagricoltura.org\/piacenza\/wp-content\/uploads\/sites\/11\/2025\/02\/Filippi-Gherardi-Trenchi-Losi.jpg","datePublished":"2024-12-23T14:08:01+00:00","dateModified":"2025-02-18T14:12:22+00:00","author":{"@id":"https:\/\/www.confagricoltura.org\/piacenza\/#\/schema\/person\/be5da25a3117fea4b3bfec9dba09b5e8"},"breadcrumb":{"@id":"https:\/\/www.confagricoltura.org\/piacenza\/piano-transizione-5-0-in-agricoltura-unopportunita-da-cogliere\/#breadcrumb"},"inLanguage":"it-IT","potentialAction":[{"@type":"ReadAction","target":["https:\/\/www.confagricoltura.org\/piacenza\/piano-transizione-5-0-in-agricoltura-unopportunita-da-cogliere\/"]}]},{"@type":"ImageObject","inLanguage":"it-IT","@id":"https:\/\/www.confagricoltura.org\/piacenza\/piano-transizione-5-0-in-agricoltura-unopportunita-da-cogliere\/#primaryimage","url":"https:\/\/www.confagricoltura.org\/piacenza\/wp-content\/uploads\/sites\/11\/2025\/02\/Filippi-Gherardi-Trenchi-Losi.jpg","contentUrl":"https:\/\/www.confagricoltura.org\/piacenza\/wp-content\/uploads\/sites\/11\/2025\/02\/Filippi-Gherardi-Trenchi-Losi.jpg","width":2480,"height":1996},{"@type":"BreadcrumbList","@id":"https:\/\/www.confagricoltura.org\/piacenza\/piano-transizione-5-0-in-agricoltura-unopportunita-da-cogliere\/#breadcrumb","itemListElement":[{"@type":"ListItem","position":1,"name":"Home","item":"https:\/\/www.confagricoltura.org\/piacenza\/"},{"@type":"ListItem","position":2,"name":"Piano transizione 5.0 in agricoltura: un\u2019opportunit\u00e0 da cogliere"}]},{"@type":"WebSite","@id":"https:\/\/www.confagricoltura.org\/piacenza\/#website","url":"https:\/\/www.confagricoltura.org\/piacenza\/","name":"Confagricoltura Piacenza","description":"Dalla parte degli Agricoltori","potentialAction":[{"@type":"SearchAction","target":{"@type":"EntryPoint","urlTemplate":"https:\/\/www.confagricoltura.org\/piacenza\/?s={search_term_string}"},"query-input":{"@type":"PropertyValueSpecification","valueRequired":true,"valueName":"search_term_string"}}],"inLanguage":"it-IT"},{"@type":"Person","@id":"https:\/\/www.confagricoltura.org\/piacenza\/#\/schema\/person\/be5da25a3117fea4b3bfec9dba09b5e8","name":"confagricolturapiacenza","image":{"@type":"ImageObject","inLanguage":"it-IT","@id":"https:\/\/www.confagricoltura.org\/piacenza\/#\/schema\/person\/image\/","url":"https:\/\/secure.gravatar.com\/avatar\/9c5f111e417171581853bd0a3ff892ca?s=96&d=mm&r=g","contentUrl":"https:\/\/secure.gravatar.com\/avatar\/9c5f111e417171581853bd0a3ff892ca?s=96&d=mm&r=g","caption":"confagricolturapiacenza"},"url":"https:\/\/www.confagricoltura.org\/piacenza\/author\/confagricolturapiacenza\/"}]}},"_links":{"self":[{"href":"https:\/\/www.confagricoltura.org\/piacenza\/wp-json\/wp\/v2\/posts\/4885","targetHints":{"allow":["GET"]}}],"collection":[{"href":"https:\/\/www.confagricoltura.org\/piacenza\/wp-json\/wp\/v2\/posts"}],"about":[{"href":"https:\/\/www.confagricoltura.org\/piacenza\/wp-json\/wp\/v2\/types\/post"}],"author":[{"embeddable":true,"href":"https:\/\/www.confagricoltura.org\/piacenza\/wp-json\/wp\/v2\/users\/6"}],"replies":[{"embeddable":true,"href":"https:\/\/www.confagricoltura.org\/piacenza\/wp-json\/wp\/v2\/comments?post=4885"}],"version-history":[{"count":1,"href":"https:\/\/www.confagricoltura.org\/piacenza\/wp-json\/wp\/v2\/posts\/4885\/revisions"}],"predecessor-version":[{"id":4887,"href":"https:\/\/www.confagricoltura.org\/piacenza\/wp-json\/wp\/v2\/posts\/4885\/revisions\/4887"}],"wp:featuredmedia":[{"embeddable":true,"href":"https:\/\/www.confagricoltura.org\/piacenza\/wp-json\/wp\/v2\/media\/4886"}],"wp:attachment":[{"href":"https:\/\/www.confagricoltura.org\/piacenza\/wp-json\/wp\/v2\/media?parent=4885"}],"wp:term":[{"taxonomy":"category","embeddable":true,"href":"https:\/\/www.confagricoltura.org\/piacenza\/wp-json\/wp\/v2\/categories?post=4885"},{"taxonomy":"post_tag","embeddable":true,"href":"https:\/\/www.confagricoltura.org\/piacenza\/wp-json\/wp\/v2\/tags?post=4885"}],"curies":[{"name":"wp","href":"https:\/\/api.w.org\/{rel}","templated":true}]}}