{"id":4868,"date":"2024-12-07T16:00:03","date_gmt":"2024-12-07T15:00:03","guid":{"rendered":"https:\/\/www.confagricoltura.org\/piacenza\/?p=4868"},"modified":"2024-12-17T16:04:10","modified_gmt":"2024-12-17T15:04:10","slug":"mercosur-confagricoltura-un-accordo-inaccettabile-che-grava-sugli-agricoltori-europei","status":"publish","type":"post","link":"https:\/\/www.confagricoltura.org\/piacenza\/mercosur-confagricoltura-un-accordo-inaccettabile-che-grava-sugli-agricoltori-europei\/","title":{"rendered":"Mercosur, Confagricoltura: un accordo inaccettabile che grava sugli agricoltori europei"},"content":{"rendered":"<p>Confagricoltura apprende con disappunto la notizia dell\u2019accordo UE-Mercosur al quale si \u00e8 sempre opposta fermamente per i rischi che comporta per il settore primario.<\/p>\n<p>\u201cL\u2019intesa non garantisce equit\u00e0 e reciprocit\u00e0 nei rapporti, n\u00e9 protezione per il nostro modello agricolo. \u2013 dichiara Massimiliano Giansanti, presidente di Confagricoltura \u2013 Comprendiamo la necessit\u00e0 di approfondire le relazioni commerciali internazionali, ma questo non deve avvenire a discapito degli agricoltori europei e delle nostre produzioni\u201d.<\/p>\n<p>Le preoccupazioni principali riguardano l&#8217;impatto derivante da una maggiore apertura alle importazioni di prodotti agroalimentari dal Mercosur, in particolare carni bovine, pollame, riso, mais e zucchero. Pur presentando potenziali vantaggi per alcuni settori, l&#8217;intesa \u00e8 altamente penalizzante per le produzioni europee e italiane in termini di concorrenza e sicurezza alimentare.<\/p>\n<p>\u201cConfagricoltura, in linea con il COPA, aspetta di valutare con attenzione i termini dell\u2019accordo per capire se sar\u00e0 stato inserito il tema della reciprocit\u00e0 che deve essere la base di un\u2019intesa capace di garantire stessi standard di sicurezza alimentare, di tecniche di produzione, di regole del lavoro e di competitivit\u00e0\u201d.<\/p>\n","protected":false},"excerpt":{"rendered":"<p>Confagricoltura apprende con disappunto la notizia dell\u2019accordo <\/p>\n","protected":false},"author":6,"featured_media":4869,"comment_status":"closed","ping_status":"closed","sticky":false,"template":"","format":"standard","meta":{"wp_mapbox_gl_js_media":[],"footnotes":""},"categories":[21,4],"tags":[594],"class_list":["post-4868","post","type-post","status-publish","format-standard","has-post-thumbnail","hentry","category-eventi","category-news","tag-mercosur"],"yoast_head":"<!-- This site is optimized with the Yoast SEO plugin v26.8 - https:\/\/yoast.com\/product\/yoast-seo-wordpress\/ -->\n<title>Mercosur, Confagricoltura: un accordo inaccettabile che grava sugli agricoltori europei - Confagricoltura Piacenza<\/title>\n<meta name=\"robots\" content=\"index, follow, max-snippet:-1, max-image-preview:large, max-video-preview:-1\" \/>\n<link rel=\"canonical\" href=\"https:\/\/www.confagricoltura.org\/piacenza\/mercosur-confagricoltura-un-accordo-inaccettabile-che-grava-sugli-agricoltori-europei\/\" \/>\n<meta property=\"og:locale\" content=\"it_IT\" \/>\n<meta property=\"og:type\" content=\"article\" \/>\n<meta property=\"og:title\" content=\"Mercosur, Confagricoltura: un accordo inaccettabile che grava sugli agricoltori europei - Confagricoltura Piacenza\" \/>\n<meta property=\"og:description\" content=\"Confagricoltura apprende con disappunto la notizia dell\u2019accordo\" \/>\n<meta property=\"og:url\" content=\"https:\/\/www.confagricoltura.org\/piacenza\/mercosur-confagricoltura-un-accordo-inaccettabile-che-grava-sugli-agricoltori-europei\/\" \/>\n<meta property=\"og:site_name\" content=\"Confagricoltura Piacenza\" \/>\n<meta property=\"article:published_time\" content=\"2024-12-07T15:00:03+00:00\" \/>\n<meta property=\"article:modified_time\" content=\"2024-12-17T15:04:10+00:00\" \/>\n<meta property=\"og:image\" content=\"https:\/\/www.confagricoltura.org\/piacenza\/wp-content\/uploads\/sites\/11\/2024\/12\/mercosur_0.jpg\" \/>\n\t<meta property=\"og:image:width\" content=\"1920\" \/>\n\t<meta property=\"og:image:height\" content=\"1080\" \/>\n\t<meta property=\"og:image:type\" content=\"image\/jpeg\" \/>\n<meta name=\"author\" content=\"confagricolturapiacenza\" \/>\n<meta name=\"twitter:card\" content=\"summary_large_image\" \/>\n<meta name=\"twitter:label1\" content=\"Scritto da\" \/>\n\t<meta name=\"twitter:data1\" content=\"confagricolturapiacenza\" \/>\n\t<meta name=\"twitter:label2\" content=\"Tempo di lettura stimato\" \/>\n\t<meta name=\"twitter:data2\" content=\"2 minuti\" \/>\n<script type=\"application\/ld+json\" class=\"yoast-schema-graph\">{\"@context\":\"https:\/\/schema.org\",\"@graph\":[{\"@type\":\"Article\",\"@id\":\"https:\/\/www.confagricoltura.org\/piacenza\/mercosur-confagricoltura-un-accordo-inaccettabile-che-grava-sugli-agricoltori-europei\/#article\",\"isPartOf\":{\"@id\":\"https:\/\/www.confagricoltura.org\/piacenza\/mercosur-confagricoltura-un-accordo-inaccettabile-che-grava-sugli-agricoltori-europei\/\"},\"author\":{\"name\":\"confagricolturapiacenza\",\"@id\":\"https:\/\/www.confagricoltura.org\/piacenza\/#\/schema\/person\/be5da25a3117fea4b3bfec9dba09b5e8\"},\"headline\":\"Mercosur, Confagricoltura: un accordo inaccettabile che grava sugli agricoltori europei\",\"datePublished\":\"2024-12-07T15:00:03+00:00\",\"dateModified\":\"2024-12-17T15:04:10+00:00\",\"mainEntityOfPage\":{\"@id\":\"https:\/\/www.confagricoltura.org\/piacenza\/mercosur-confagricoltura-un-accordo-inaccettabile-che-grava-sugli-agricoltori-europei\/\"},\"wordCount\":182,\"image\":{\"@id\":\"https:\/\/www.confagricoltura.org\/piacenza\/mercosur-confagricoltura-un-accordo-inaccettabile-che-grava-sugli-agricoltori-europei\/#primaryimage\"},\"thumbnailUrl\":\"https:\/\/www.confagricoltura.org\/piacenza\/wp-content\/uploads\/sites\/11\/2024\/12\/mercosur_0.jpg\",\"keywords\":[\"mercosur\"],\"articleSection\":[\"Eventi\",\"News\"],\"inLanguage\":\"it-IT\"},{\"@type\":\"WebPage\",\"@id\":\"https:\/\/www.confagricoltura.org\/piacenza\/mercosur-confagricoltura-un-accordo-inaccettabile-che-grava-sugli-agricoltori-europei\/\",\"url\":\"https:\/\/www.confagricoltura.org\/piacenza\/mercosur-confagricoltura-un-accordo-inaccettabile-che-grava-sugli-agricoltori-europei\/\",\"name\":\"Mercosur, Confagricoltura: un accordo inaccettabile che grava sugli agricoltori europei - Confagricoltura Piacenza\",\"isPartOf\":{\"@id\":\"https:\/\/www.confagricoltura.org\/piacenza\/#website\"},\"primaryImageOfPage\":{\"@id\":\"https:\/\/www.confagricoltura.org\/piacenza\/mercosur-confagricoltura-un-accordo-inaccettabile-che-grava-sugli-agricoltori-europei\/#primaryimage\"},\"image\":{\"@id\":\"https:\/\/www.confagricoltura.org\/piacenza\/mercosur-confagricoltura-un-accordo-inaccettabile-che-grava-sugli-agricoltori-europei\/#primaryimage\"},\"thumbnailUrl\":\"https:\/\/www.confagricoltura.org\/piacenza\/wp-content\/uploads\/sites\/11\/2024\/12\/mercosur_0.jpg\",\"datePublished\":\"2024-12-07T15:00:03+00:00\",\"dateModified\":\"2024-12-17T15:04:10+00:00\",\"author\":{\"@id\":\"https:\/\/www.confagricoltura.org\/piacenza\/#\/schema\/person\/be5da25a3117fea4b3bfec9dba09b5e8\"},\"breadcrumb\":{\"@id\":\"https:\/\/www.confagricoltura.org\/piacenza\/mercosur-confagricoltura-un-accordo-inaccettabile-che-grava-sugli-agricoltori-europei\/#breadcrumb\"},\"inLanguage\":\"it-IT\",\"potentialAction\":[{\"@type\":\"ReadAction\",\"target\":[\"https:\/\/www.confagricoltura.org\/piacenza\/mercosur-confagricoltura-un-accordo-inaccettabile-che-grava-sugli-agricoltori-europei\/\"]}]},{\"@type\":\"ImageObject\",\"inLanguage\":\"it-IT\",\"@id\":\"https:\/\/www.confagricoltura.org\/piacenza\/mercosur-confagricoltura-un-accordo-inaccettabile-che-grava-sugli-agricoltori-europei\/#primaryimage\",\"url\":\"https:\/\/www.confagricoltura.org\/piacenza\/wp-content\/uploads\/sites\/11\/2024\/12\/mercosur_0.jpg\",\"contentUrl\":\"https:\/\/www.confagricoltura.org\/piacenza\/wp-content\/uploads\/sites\/11\/2024\/12\/mercosur_0.jpg\",\"width\":1920,\"height\":1080},{\"@type\":\"BreadcrumbList\",\"@id\":\"https:\/\/www.confagricoltura.org\/piacenza\/mercosur-confagricoltura-un-accordo-inaccettabile-che-grava-sugli-agricoltori-europei\/#breadcrumb\",\"itemListElement\":[{\"@type\":\"ListItem\",\"position\":1,\"name\":\"Home\",\"item\":\"https:\/\/www.confagricoltura.org\/piacenza\/\"},{\"@type\":\"ListItem\",\"position\":2,\"name\":\"Mercosur, Confagricoltura: un accordo inaccettabile che grava sugli agricoltori europei\"}]},{\"@type\":\"WebSite\",\"@id\":\"https:\/\/www.confagricoltura.org\/piacenza\/#website\",\"url\":\"https:\/\/www.confagricoltura.org\/piacenza\/\",\"name\":\"Confagricoltura Piacenza\",\"description\":\"Dalla parte degli Agricoltori\",\"potentialAction\":[{\"@type\":\"SearchAction\",\"target\":{\"@type\":\"EntryPoint\",\"urlTemplate\":\"https:\/\/www.confagricoltura.org\/piacenza\/?s={search_term_string}\"},\"query-input\":{\"@type\":\"PropertyValueSpecification\",\"valueRequired\":true,\"valueName\":\"search_term_string\"}}],\"inLanguage\":\"it-IT\"},{\"@type\":\"Person\",\"@id\":\"https:\/\/www.confagricoltura.org\/piacenza\/#\/schema\/person\/be5da25a3117fea4b3bfec9dba09b5e8\",\"name\":\"confagricolturapiacenza\",\"image\":{\"@type\":\"ImageObject\",\"inLanguage\":\"it-IT\",\"@id\":\"https:\/\/www.confagricoltura.org\/piacenza\/#\/schema\/person\/image\/\",\"url\":\"https:\/\/secure.gravatar.com\/avatar\/9c5f111e417171581853bd0a3ff892ca?s=96&d=mm&r=g\",\"contentUrl\":\"https:\/\/secure.gravatar.com\/avatar\/9c5f111e417171581853bd0a3ff892ca?s=96&d=mm&r=g\",\"caption\":\"confagricolturapiacenza\"},\"url\":\"https:\/\/www.confagricoltura.org\/piacenza\/author\/confagricolturapiacenza\/\"}]}<\/script>\n<!-- \/ Yoast SEO plugin. -->","yoast_head_json":{"title":"Mercosur, Confagricoltura: un accordo inaccettabile che grava sugli agricoltori europei - Confagricoltura Piacenza","robots":{"index":"index","follow":"follow","max-snippet":"max-snippet:-1","max-image-preview":"max-image-preview:large","max-video-preview":"max-video-preview:-1"},"canonical":"https:\/\/www.confagricoltura.org\/piacenza\/mercosur-confagricoltura-un-accordo-inaccettabile-che-grava-sugli-agricoltori-europei\/","og_locale":"it_IT","og_type":"article","og_title":"Mercosur, Confagricoltura: un accordo inaccettabile che grava sugli agricoltori europei - Confagricoltura Piacenza","og_description":"Confagricoltura apprende con disappunto la notizia dell\u2019accordo","og_url":"https:\/\/www.confagricoltura.org\/piacenza\/mercosur-confagricoltura-un-accordo-inaccettabile-che-grava-sugli-agricoltori-europei\/","og_site_name":"Confagricoltura Piacenza","article_published_time":"2024-12-07T15:00:03+00:00","article_modified_time":"2024-12-17T15:04:10+00:00","og_image":[{"width":1920,"height":1080,"url":"https:\/\/www.confagricoltura.org\/piacenza\/wp-content\/uploads\/sites\/11\/2024\/12\/mercosur_0.jpg","type":"image\/jpeg"}],"author":"confagricolturapiacenza","twitter_card":"summary_large_image","twitter_misc":{"Scritto da":"confagricolturapiacenza","Tempo di lettura stimato":"2 minuti"},"schema":{"@context":"https:\/\/schema.org","@graph":[{"@type":"Article","@id":"https:\/\/www.confagricoltura.org\/piacenza\/mercosur-confagricoltura-un-accordo-inaccettabile-che-grava-sugli-agricoltori-europei\/#article","isPartOf":{"@id":"https:\/\/www.confagricoltura.org\/piacenza\/mercosur-confagricoltura-un-accordo-inaccettabile-che-grava-sugli-agricoltori-europei\/"},"author":{"name":"confagricolturapiacenza","@id":"https:\/\/www.confagricoltura.org\/piacenza\/#\/schema\/person\/be5da25a3117fea4b3bfec9dba09b5e8"},"headline":"Mercosur, Confagricoltura: un accordo inaccettabile che grava sugli agricoltori europei","datePublished":"2024-12-07T15:00:03+00:00","dateModified":"2024-12-17T15:04:10+00:00","mainEntityOfPage":{"@id":"https:\/\/www.confagricoltura.org\/piacenza\/mercosur-confagricoltura-un-accordo-inaccettabile-che-grava-sugli-agricoltori-europei\/"},"wordCount":182,"image":{"@id":"https:\/\/www.confagricoltura.org\/piacenza\/mercosur-confagricoltura-un-accordo-inaccettabile-che-grava-sugli-agricoltori-europei\/#primaryimage"},"thumbnailUrl":"https:\/\/www.confagricoltura.org\/piacenza\/wp-content\/uploads\/sites\/11\/2024\/12\/mercosur_0.jpg","keywords":["mercosur"],"articleSection":["Eventi","News"],"inLanguage":"it-IT"},{"@type":"WebPage","@id":"https:\/\/www.confagricoltura.org\/piacenza\/mercosur-confagricoltura-un-accordo-inaccettabile-che-grava-sugli-agricoltori-europei\/","url":"https:\/\/www.confagricoltura.org\/piacenza\/mercosur-confagricoltura-un-accordo-inaccettabile-che-grava-sugli-agricoltori-europei\/","name":"Mercosur, Confagricoltura: un accordo inaccettabile che grava sugli agricoltori europei - Confagricoltura Piacenza","isPartOf":{"@id":"https:\/\/www.confagricoltura.org\/piacenza\/#website"},"primaryImageOfPage":{"@id":"https:\/\/www.confagricoltura.org\/piacenza\/mercosur-confagricoltura-un-accordo-inaccettabile-che-grava-sugli-agricoltori-europei\/#primaryimage"},"image":{"@id":"https:\/\/www.confagricoltura.org\/piacenza\/mercosur-confagricoltura-un-accordo-inaccettabile-che-grava-sugli-agricoltori-europei\/#primaryimage"},"thumbnailUrl":"https:\/\/www.confagricoltura.org\/piacenza\/wp-content\/uploads\/sites\/11\/2024\/12\/mercosur_0.jpg","datePublished":"2024-12-07T15:00:03+00:00","dateModified":"2024-12-17T15:04:10+00:00","author":{"@id":"https:\/\/www.confagricoltura.org\/piacenza\/#\/schema\/person\/be5da25a3117fea4b3bfec9dba09b5e8"},"breadcrumb":{"@id":"https:\/\/www.confagricoltura.org\/piacenza\/mercosur-confagricoltura-un-accordo-inaccettabile-che-grava-sugli-agricoltori-europei\/#breadcrumb"},"inLanguage":"it-IT","potentialAction":[{"@type":"ReadAction","target":["https:\/\/www.confagricoltura.org\/piacenza\/mercosur-confagricoltura-un-accordo-inaccettabile-che-grava-sugli-agricoltori-europei\/"]}]},{"@type":"ImageObject","inLanguage":"it-IT","@id":"https:\/\/www.confagricoltura.org\/piacenza\/mercosur-confagricoltura-un-accordo-inaccettabile-che-grava-sugli-agricoltori-europei\/#primaryimage","url":"https:\/\/www.confagricoltura.org\/piacenza\/wp-content\/uploads\/sites\/11\/2024\/12\/mercosur_0.jpg","contentUrl":"https:\/\/www.confagricoltura.org\/piacenza\/wp-content\/uploads\/sites\/11\/2024\/12\/mercosur_0.jpg","width":1920,"height":1080},{"@type":"BreadcrumbList","@id":"https:\/\/www.confagricoltura.org\/piacenza\/mercosur-confagricoltura-un-accordo-inaccettabile-che-grava-sugli-agricoltori-europei\/#breadcrumb","itemListElement":[{"@type":"ListItem","position":1,"name":"Home","item":"https:\/\/www.confagricoltura.org\/piacenza\/"},{"@type":"ListItem","position":2,"name":"Mercosur, Confagricoltura: un accordo inaccettabile che grava sugli agricoltori europei"}]},{"@type":"WebSite","@id":"https:\/\/www.confagricoltura.org\/piacenza\/#website","url":"https:\/\/www.confagricoltura.org\/piacenza\/","name":"Confagricoltura Piacenza","description":"Dalla parte degli Agricoltori","potentialAction":[{"@type":"SearchAction","target":{"@type":"EntryPoint","urlTemplate":"https:\/\/www.confagricoltura.org\/piacenza\/?s={search_term_string}"},"query-input":{"@type":"PropertyValueSpecification","valueRequired":true,"valueName":"search_term_string"}}],"inLanguage":"it-IT"},{"@type":"Person","@id":"https:\/\/www.confagricoltura.org\/piacenza\/#\/schema\/person\/be5da25a3117fea4b3bfec9dba09b5e8","name":"confagricolturapiacenza","image":{"@type":"ImageObject","inLanguage":"it-IT","@id":"https:\/\/www.confagricoltura.org\/piacenza\/#\/schema\/person\/image\/","url":"https:\/\/secure.gravatar.com\/avatar\/9c5f111e417171581853bd0a3ff892ca?s=96&d=mm&r=g","contentUrl":"https:\/\/secure.gravatar.com\/avatar\/9c5f111e417171581853bd0a3ff892ca?s=96&d=mm&r=g","caption":"confagricolturapiacenza"},"url":"https:\/\/www.confagricoltura.org\/piacenza\/author\/confagricolturapiacenza\/"}]}},"_links":{"self":[{"href":"https:\/\/www.confagricoltura.org\/piacenza\/wp-json\/wp\/v2\/posts\/4868","targetHints":{"allow":["GET"]}}],"collection":[{"href":"https:\/\/www.confagricoltura.org\/piacenza\/wp-json\/wp\/v2\/posts"}],"about":[{"href":"https:\/\/www.confagricoltura.org\/piacenza\/wp-json\/wp\/v2\/types\/post"}],"author":[{"embeddable":true,"href":"https:\/\/www.confagricoltura.org\/piacenza\/wp-json\/wp\/v2\/users\/6"}],"replies":[{"embeddable":true,"href":"https:\/\/www.confagricoltura.org\/piacenza\/wp-json\/wp\/v2\/comments?post=4868"}],"version-history":[{"count":1,"href":"https:\/\/www.confagricoltura.org\/piacenza\/wp-json\/wp\/v2\/posts\/4868\/revisions"}],"predecessor-version":[{"id":4870,"href":"https:\/\/www.confagricoltura.org\/piacenza\/wp-json\/wp\/v2\/posts\/4868\/revisions\/4870"}],"wp:featuredmedia":[{"embeddable":true,"href":"https:\/\/www.confagricoltura.org\/piacenza\/wp-json\/wp\/v2\/media\/4869"}],"wp:attachment":[{"href":"https:\/\/www.confagricoltura.org\/piacenza\/wp-json\/wp\/v2\/media?parent=4868"}],"wp:term":[{"taxonomy":"category","embeddable":true,"href":"https:\/\/www.confagricoltura.org\/piacenza\/wp-json\/wp\/v2\/categories?post=4868"},{"taxonomy":"post_tag","embeddable":true,"href":"https:\/\/www.confagricoltura.org\/piacenza\/wp-json\/wp\/v2\/tags?post=4868"}],"curies":[{"name":"wp","href":"https:\/\/api.w.org\/{rel}","templated":true}]}}