{"id":4866,"date":"2024-12-07T15:55:44","date_gmt":"2024-12-07T14:55:44","guid":{"rendered":"https:\/\/www.confagricoltura.org\/piacenza\/?p=4866"},"modified":"2024-12-17T15:59:01","modified_gmt":"2024-12-17T14:59:01","slug":"sgominata-la-banda-dei-ladri-di-trattori-il-grazie-di-confagricoltura-piacenza-ai-carabinieri","status":"publish","type":"post","link":"https:\/\/www.confagricoltura.org\/piacenza\/sgominata-la-banda-dei-ladri-di-trattori-il-grazie-di-confagricoltura-piacenza-ai-carabinieri\/","title":{"rendered":"Sgominata la banda dei ladri di trattori: il grazie di Confagricoltura Piacenza ai Carabinieri"},"content":{"rendered":"<p>Confagricoltura Piacenza plaude all\u2019azione dei Carabinieri che ha portato a sgominare una banda di ladri che aveva preso di mira le aziende agricole. \u201cSiamo intervenuti pi\u00f9 volte denunciando i furti in azienda \u2013 commentano congiuntamente Filippo Gasparini presidente uscente di Confagricoltura Piacenza e il nuovo presidente Umberto Gorra \u2013 pi\u00f9 aziende sono state oggetto di queste predazioni con danni anche di centinaia di migliaia di euro essendo state indebitamente private di strumenti per la guida satellitare e di trattrici agricole di ultima generazione, senza considerare i furti di rame, attrezzature e gasolio derubricati a danni comuni. Quando ad essere rubati sono mezzi e attrezzature legati all\u2019agricoltura di precisione \u2013 spiegano \u2013 il danno \u00e8 esponenzialmente maggiore, perch\u00e9 vengono meno le informazioni che permettono all\u2019azienda di procedere con la programmazione, a ci\u00f2 vanno aggiunte complicanze e rischi del venir meno di un bene spesso incentivato con misure pubbliche e quindi soggetto a pratiche e monitoraggi specifici. Con questa operazione \u00e8 stata colta una sensibilit\u00e0 nei confronti della nostra categoria e in particolare della nostra Associazione che ha pi\u00f9 volte denunciato il problema \u2013 concludono i due dirigenti di Confagricoltura Piacenza &#8211; sia nell\u2019ascolto dei nostri appelli, nella cura e nella determinazione durante le indagini e anche nel pattugliamento. Ringraziamo ancora l\u2019Arma per l\u2019efficacia dell\u2019operazione complimentandoci per la perizia e la capacit\u00e0\u201d.<\/p>\n","protected":false},"excerpt":{"rendered":"<p>Confagricoltura Piacenza plaude all\u2019azione dei Carabinieri <\/p>\n","protected":false},"author":6,"featured_media":4731,"comment_status":"closed","ping_status":"closed","sticky":false,"template":"","format":"standard","meta":{"wp_mapbox_gl_js_media":[],"footnotes":""},"categories":[21,4],"tags":[593],"class_list":["post-4866","post","type-post","status-publish","format-standard","has-post-thumbnail","hentry","category-eventi","category-news","tag-ladri-di-trattori"],"yoast_head":"<!-- This site is optimized with the Yoast SEO plugin v26.8 - https:\/\/yoast.com\/product\/yoast-seo-wordpress\/ -->\n<title>Sgominata la banda dei ladri di trattori: il grazie di Confagricoltura Piacenza ai Carabinieri - Confagricoltura Piacenza<\/title>\n<meta name=\"robots\" content=\"index, follow, max-snippet:-1, max-image-preview:large, max-video-preview:-1\" \/>\n<link rel=\"canonical\" href=\"https:\/\/www.confagricoltura.org\/piacenza\/sgominata-la-banda-dei-ladri-di-trattori-il-grazie-di-confagricoltura-piacenza-ai-carabinieri\/\" \/>\n<meta property=\"og:locale\" content=\"it_IT\" \/>\n<meta property=\"og:type\" content=\"article\" \/>\n<meta property=\"og:title\" content=\"Sgominata la banda dei ladri di trattori: il grazie di Confagricoltura Piacenza ai Carabinieri - Confagricoltura Piacenza\" \/>\n<meta property=\"og:description\" content=\"Confagricoltura Piacenza plaude all\u2019azione dei Carabinieri\" \/>\n<meta property=\"og:url\" content=\"https:\/\/www.confagricoltura.org\/piacenza\/sgominata-la-banda-dei-ladri-di-trattori-il-grazie-di-confagricoltura-piacenza-ai-carabinieri\/\" \/>\n<meta property=\"og:site_name\" content=\"Confagricoltura Piacenza\" \/>\n<meta property=\"article:published_time\" content=\"2024-12-07T14:55:44+00:00\" \/>\n<meta property=\"article:modified_time\" content=\"2024-12-17T14:59:01+00:00\" \/>\n<meta property=\"og:image\" content=\"https:\/\/www.confagricoltura.org\/piacenza\/wp-content\/uploads\/sites\/11\/2024\/09\/aFilippo-Gasparini.jpg\" \/>\n\t<meta property=\"og:image:width\" content=\"1157\" \/>\n\t<meta property=\"og:image:height\" content=\"879\" \/>\n\t<meta property=\"og:image:type\" content=\"image\/jpeg\" \/>\n<meta name=\"author\" content=\"confagricolturapiacenza\" \/>\n<meta name=\"twitter:card\" content=\"summary_large_image\" \/>\n<meta name=\"twitter:label1\" content=\"Scritto da\" \/>\n\t<meta name=\"twitter:data1\" content=\"confagricolturapiacenza\" \/>\n\t<meta name=\"twitter:label2\" content=\"Tempo di lettura stimato\" \/>\n\t<meta name=\"twitter:data2\" content=\"2 minuti\" \/>\n<script type=\"application\/ld+json\" class=\"yoast-schema-graph\">{\"@context\":\"https:\/\/schema.org\",\"@graph\":[{\"@type\":\"Article\",\"@id\":\"https:\/\/www.confagricoltura.org\/piacenza\/sgominata-la-banda-dei-ladri-di-trattori-il-grazie-di-confagricoltura-piacenza-ai-carabinieri\/#article\",\"isPartOf\":{\"@id\":\"https:\/\/www.confagricoltura.org\/piacenza\/sgominata-la-banda-dei-ladri-di-trattori-il-grazie-di-confagricoltura-piacenza-ai-carabinieri\/\"},\"author\":{\"name\":\"confagricolturapiacenza\",\"@id\":\"https:\/\/www.confagricoltura.org\/piacenza\/#\/schema\/person\/be5da25a3117fea4b3bfec9dba09b5e8\"},\"headline\":\"Sgominata la banda dei ladri di trattori: il grazie di Confagricoltura Piacenza ai Carabinieri\",\"datePublished\":\"2024-12-07T14:55:44+00:00\",\"dateModified\":\"2024-12-17T14:59:01+00:00\",\"mainEntityOfPage\":{\"@id\":\"https:\/\/www.confagricoltura.org\/piacenza\/sgominata-la-banda-dei-ladri-di-trattori-il-grazie-di-confagricoltura-piacenza-ai-carabinieri\/\"},\"wordCount\":234,\"image\":{\"@id\":\"https:\/\/www.confagricoltura.org\/piacenza\/sgominata-la-banda-dei-ladri-di-trattori-il-grazie-di-confagricoltura-piacenza-ai-carabinieri\/#primaryimage\"},\"thumbnailUrl\":\"https:\/\/www.confagricoltura.org\/piacenza\/wp-content\/uploads\/sites\/11\/2024\/09\/aFilippo-Gasparini.jpg\",\"keywords\":[\"ladri di trattori\"],\"articleSection\":[\"Eventi\",\"News\"],\"inLanguage\":\"it-IT\"},{\"@type\":\"WebPage\",\"@id\":\"https:\/\/www.confagricoltura.org\/piacenza\/sgominata-la-banda-dei-ladri-di-trattori-il-grazie-di-confagricoltura-piacenza-ai-carabinieri\/\",\"url\":\"https:\/\/www.confagricoltura.org\/piacenza\/sgominata-la-banda-dei-ladri-di-trattori-il-grazie-di-confagricoltura-piacenza-ai-carabinieri\/\",\"name\":\"Sgominata la banda dei ladri di trattori: il grazie di Confagricoltura Piacenza ai Carabinieri - Confagricoltura Piacenza\",\"isPartOf\":{\"@id\":\"https:\/\/www.confagricoltura.org\/piacenza\/#website\"},\"primaryImageOfPage\":{\"@id\":\"https:\/\/www.confagricoltura.org\/piacenza\/sgominata-la-banda-dei-ladri-di-trattori-il-grazie-di-confagricoltura-piacenza-ai-carabinieri\/#primaryimage\"},\"image\":{\"@id\":\"https:\/\/www.confagricoltura.org\/piacenza\/sgominata-la-banda-dei-ladri-di-trattori-il-grazie-di-confagricoltura-piacenza-ai-carabinieri\/#primaryimage\"},\"thumbnailUrl\":\"https:\/\/www.confagricoltura.org\/piacenza\/wp-content\/uploads\/sites\/11\/2024\/09\/aFilippo-Gasparini.jpg\",\"datePublished\":\"2024-12-07T14:55:44+00:00\",\"dateModified\":\"2024-12-17T14:59:01+00:00\",\"author\":{\"@id\":\"https:\/\/www.confagricoltura.org\/piacenza\/#\/schema\/person\/be5da25a3117fea4b3bfec9dba09b5e8\"},\"breadcrumb\":{\"@id\":\"https:\/\/www.confagricoltura.org\/piacenza\/sgominata-la-banda-dei-ladri-di-trattori-il-grazie-di-confagricoltura-piacenza-ai-carabinieri\/#breadcrumb\"},\"inLanguage\":\"it-IT\",\"potentialAction\":[{\"@type\":\"ReadAction\",\"target\":[\"https:\/\/www.confagricoltura.org\/piacenza\/sgominata-la-banda-dei-ladri-di-trattori-il-grazie-di-confagricoltura-piacenza-ai-carabinieri\/\"]}]},{\"@type\":\"ImageObject\",\"inLanguage\":\"it-IT\",\"@id\":\"https:\/\/www.confagricoltura.org\/piacenza\/sgominata-la-banda-dei-ladri-di-trattori-il-grazie-di-confagricoltura-piacenza-ai-carabinieri\/#primaryimage\",\"url\":\"https:\/\/www.confagricoltura.org\/piacenza\/wp-content\/uploads\/sites\/11\/2024\/09\/aFilippo-Gasparini.jpg\",\"contentUrl\":\"https:\/\/www.confagricoltura.org\/piacenza\/wp-content\/uploads\/sites\/11\/2024\/09\/aFilippo-Gasparini.jpg\",\"width\":1157,\"height\":879},{\"@type\":\"BreadcrumbList\",\"@id\":\"https:\/\/www.confagricoltura.org\/piacenza\/sgominata-la-banda-dei-ladri-di-trattori-il-grazie-di-confagricoltura-piacenza-ai-carabinieri\/#breadcrumb\",\"itemListElement\":[{\"@type\":\"ListItem\",\"position\":1,\"name\":\"Home\",\"item\":\"https:\/\/www.confagricoltura.org\/piacenza\/\"},{\"@type\":\"ListItem\",\"position\":2,\"name\":\"Sgominata la banda dei ladri di trattori: il grazie di Confagricoltura Piacenza ai Carabinieri\"}]},{\"@type\":\"WebSite\",\"@id\":\"https:\/\/www.confagricoltura.org\/piacenza\/#website\",\"url\":\"https:\/\/www.confagricoltura.org\/piacenza\/\",\"name\":\"Confagricoltura Piacenza\",\"description\":\"Dalla parte degli Agricoltori\",\"potentialAction\":[{\"@type\":\"SearchAction\",\"target\":{\"@type\":\"EntryPoint\",\"urlTemplate\":\"https:\/\/www.confagricoltura.org\/piacenza\/?s={search_term_string}\"},\"query-input\":{\"@type\":\"PropertyValueSpecification\",\"valueRequired\":true,\"valueName\":\"search_term_string\"}}],\"inLanguage\":\"it-IT\"},{\"@type\":\"Person\",\"@id\":\"https:\/\/www.confagricoltura.org\/piacenza\/#\/schema\/person\/be5da25a3117fea4b3bfec9dba09b5e8\",\"name\":\"confagricolturapiacenza\",\"image\":{\"@type\":\"ImageObject\",\"inLanguage\":\"it-IT\",\"@id\":\"https:\/\/www.confagricoltura.org\/piacenza\/#\/schema\/person\/image\/\",\"url\":\"https:\/\/secure.gravatar.com\/avatar\/9c5f111e417171581853bd0a3ff892ca?s=96&d=mm&r=g\",\"contentUrl\":\"https:\/\/secure.gravatar.com\/avatar\/9c5f111e417171581853bd0a3ff892ca?s=96&d=mm&r=g\",\"caption\":\"confagricolturapiacenza\"},\"url\":\"https:\/\/www.confagricoltura.org\/piacenza\/author\/confagricolturapiacenza\/\"}]}<\/script>\n<!-- \/ Yoast SEO plugin. -->","yoast_head_json":{"title":"Sgominata la banda dei ladri di trattori: il grazie di Confagricoltura Piacenza ai Carabinieri - Confagricoltura Piacenza","robots":{"index":"index","follow":"follow","max-snippet":"max-snippet:-1","max-image-preview":"max-image-preview:large","max-video-preview":"max-video-preview:-1"},"canonical":"https:\/\/www.confagricoltura.org\/piacenza\/sgominata-la-banda-dei-ladri-di-trattori-il-grazie-di-confagricoltura-piacenza-ai-carabinieri\/","og_locale":"it_IT","og_type":"article","og_title":"Sgominata la banda dei ladri di trattori: il grazie di Confagricoltura Piacenza ai Carabinieri - Confagricoltura Piacenza","og_description":"Confagricoltura Piacenza plaude all\u2019azione dei Carabinieri","og_url":"https:\/\/www.confagricoltura.org\/piacenza\/sgominata-la-banda-dei-ladri-di-trattori-il-grazie-di-confagricoltura-piacenza-ai-carabinieri\/","og_site_name":"Confagricoltura Piacenza","article_published_time":"2024-12-07T14:55:44+00:00","article_modified_time":"2024-12-17T14:59:01+00:00","og_image":[{"width":1157,"height":879,"url":"https:\/\/www.confagricoltura.org\/piacenza\/wp-content\/uploads\/sites\/11\/2024\/09\/aFilippo-Gasparini.jpg","type":"image\/jpeg"}],"author":"confagricolturapiacenza","twitter_card":"summary_large_image","twitter_misc":{"Scritto da":"confagricolturapiacenza","Tempo di lettura stimato":"2 minuti"},"schema":{"@context":"https:\/\/schema.org","@graph":[{"@type":"Article","@id":"https:\/\/www.confagricoltura.org\/piacenza\/sgominata-la-banda-dei-ladri-di-trattori-il-grazie-di-confagricoltura-piacenza-ai-carabinieri\/#article","isPartOf":{"@id":"https:\/\/www.confagricoltura.org\/piacenza\/sgominata-la-banda-dei-ladri-di-trattori-il-grazie-di-confagricoltura-piacenza-ai-carabinieri\/"},"author":{"name":"confagricolturapiacenza","@id":"https:\/\/www.confagricoltura.org\/piacenza\/#\/schema\/person\/be5da25a3117fea4b3bfec9dba09b5e8"},"headline":"Sgominata la banda dei ladri di trattori: il grazie di Confagricoltura Piacenza ai Carabinieri","datePublished":"2024-12-07T14:55:44+00:00","dateModified":"2024-12-17T14:59:01+00:00","mainEntityOfPage":{"@id":"https:\/\/www.confagricoltura.org\/piacenza\/sgominata-la-banda-dei-ladri-di-trattori-il-grazie-di-confagricoltura-piacenza-ai-carabinieri\/"},"wordCount":234,"image":{"@id":"https:\/\/www.confagricoltura.org\/piacenza\/sgominata-la-banda-dei-ladri-di-trattori-il-grazie-di-confagricoltura-piacenza-ai-carabinieri\/#primaryimage"},"thumbnailUrl":"https:\/\/www.confagricoltura.org\/piacenza\/wp-content\/uploads\/sites\/11\/2024\/09\/aFilippo-Gasparini.jpg","keywords":["ladri di trattori"],"articleSection":["Eventi","News"],"inLanguage":"it-IT"},{"@type":"WebPage","@id":"https:\/\/www.confagricoltura.org\/piacenza\/sgominata-la-banda-dei-ladri-di-trattori-il-grazie-di-confagricoltura-piacenza-ai-carabinieri\/","url":"https:\/\/www.confagricoltura.org\/piacenza\/sgominata-la-banda-dei-ladri-di-trattori-il-grazie-di-confagricoltura-piacenza-ai-carabinieri\/","name":"Sgominata la banda dei ladri di trattori: il grazie di Confagricoltura Piacenza ai Carabinieri - Confagricoltura Piacenza","isPartOf":{"@id":"https:\/\/www.confagricoltura.org\/piacenza\/#website"},"primaryImageOfPage":{"@id":"https:\/\/www.confagricoltura.org\/piacenza\/sgominata-la-banda-dei-ladri-di-trattori-il-grazie-di-confagricoltura-piacenza-ai-carabinieri\/#primaryimage"},"image":{"@id":"https:\/\/www.confagricoltura.org\/piacenza\/sgominata-la-banda-dei-ladri-di-trattori-il-grazie-di-confagricoltura-piacenza-ai-carabinieri\/#primaryimage"},"thumbnailUrl":"https:\/\/www.confagricoltura.org\/piacenza\/wp-content\/uploads\/sites\/11\/2024\/09\/aFilippo-Gasparini.jpg","datePublished":"2024-12-07T14:55:44+00:00","dateModified":"2024-12-17T14:59:01+00:00","author":{"@id":"https:\/\/www.confagricoltura.org\/piacenza\/#\/schema\/person\/be5da25a3117fea4b3bfec9dba09b5e8"},"breadcrumb":{"@id":"https:\/\/www.confagricoltura.org\/piacenza\/sgominata-la-banda-dei-ladri-di-trattori-il-grazie-di-confagricoltura-piacenza-ai-carabinieri\/#breadcrumb"},"inLanguage":"it-IT","potentialAction":[{"@type":"ReadAction","target":["https:\/\/www.confagricoltura.org\/piacenza\/sgominata-la-banda-dei-ladri-di-trattori-il-grazie-di-confagricoltura-piacenza-ai-carabinieri\/"]}]},{"@type":"ImageObject","inLanguage":"it-IT","@id":"https:\/\/www.confagricoltura.org\/piacenza\/sgominata-la-banda-dei-ladri-di-trattori-il-grazie-di-confagricoltura-piacenza-ai-carabinieri\/#primaryimage","url":"https:\/\/www.confagricoltura.org\/piacenza\/wp-content\/uploads\/sites\/11\/2024\/09\/aFilippo-Gasparini.jpg","contentUrl":"https:\/\/www.confagricoltura.org\/piacenza\/wp-content\/uploads\/sites\/11\/2024\/09\/aFilippo-Gasparini.jpg","width":1157,"height":879},{"@type":"BreadcrumbList","@id":"https:\/\/www.confagricoltura.org\/piacenza\/sgominata-la-banda-dei-ladri-di-trattori-il-grazie-di-confagricoltura-piacenza-ai-carabinieri\/#breadcrumb","itemListElement":[{"@type":"ListItem","position":1,"name":"Home","item":"https:\/\/www.confagricoltura.org\/piacenza\/"},{"@type":"ListItem","position":2,"name":"Sgominata la banda dei ladri di trattori: il grazie di Confagricoltura Piacenza ai Carabinieri"}]},{"@type":"WebSite","@id":"https:\/\/www.confagricoltura.org\/piacenza\/#website","url":"https:\/\/www.confagricoltura.org\/piacenza\/","name":"Confagricoltura Piacenza","description":"Dalla parte degli Agricoltori","potentialAction":[{"@type":"SearchAction","target":{"@type":"EntryPoint","urlTemplate":"https:\/\/www.confagricoltura.org\/piacenza\/?s={search_term_string}"},"query-input":{"@type":"PropertyValueSpecification","valueRequired":true,"valueName":"search_term_string"}}],"inLanguage":"it-IT"},{"@type":"Person","@id":"https:\/\/www.confagricoltura.org\/piacenza\/#\/schema\/person\/be5da25a3117fea4b3bfec9dba09b5e8","name":"confagricolturapiacenza","image":{"@type":"ImageObject","inLanguage":"it-IT","@id":"https:\/\/www.confagricoltura.org\/piacenza\/#\/schema\/person\/image\/","url":"https:\/\/secure.gravatar.com\/avatar\/9c5f111e417171581853bd0a3ff892ca?s=96&d=mm&r=g","contentUrl":"https:\/\/secure.gravatar.com\/avatar\/9c5f111e417171581853bd0a3ff892ca?s=96&d=mm&r=g","caption":"confagricolturapiacenza"},"url":"https:\/\/www.confagricoltura.org\/piacenza\/author\/confagricolturapiacenza\/"}]}},"_links":{"self":[{"href":"https:\/\/www.confagricoltura.org\/piacenza\/wp-json\/wp\/v2\/posts\/4866","targetHints":{"allow":["GET"]}}],"collection":[{"href":"https:\/\/www.confagricoltura.org\/piacenza\/wp-json\/wp\/v2\/posts"}],"about":[{"href":"https:\/\/www.confagricoltura.org\/piacenza\/wp-json\/wp\/v2\/types\/post"}],"author":[{"embeddable":true,"href":"https:\/\/www.confagricoltura.org\/piacenza\/wp-json\/wp\/v2\/users\/6"}],"replies":[{"embeddable":true,"href":"https:\/\/www.confagricoltura.org\/piacenza\/wp-json\/wp\/v2\/comments?post=4866"}],"version-history":[{"count":1,"href":"https:\/\/www.confagricoltura.org\/piacenza\/wp-json\/wp\/v2\/posts\/4866\/revisions"}],"predecessor-version":[{"id":4867,"href":"https:\/\/www.confagricoltura.org\/piacenza\/wp-json\/wp\/v2\/posts\/4866\/revisions\/4867"}],"wp:featuredmedia":[{"embeddable":true,"href":"https:\/\/www.confagricoltura.org\/piacenza\/wp-json\/wp\/v2\/media\/4731"}],"wp:attachment":[{"href":"https:\/\/www.confagricoltura.org\/piacenza\/wp-json\/wp\/v2\/media?parent=4866"}],"wp:term":[{"taxonomy":"category","embeddable":true,"href":"https:\/\/www.confagricoltura.org\/piacenza\/wp-json\/wp\/v2\/categories?post=4866"},{"taxonomy":"post_tag","embeddable":true,"href":"https:\/\/www.confagricoltura.org\/piacenza\/wp-json\/wp\/v2\/tags?post=4866"}],"curies":[{"name":"wp","href":"https:\/\/api.w.org\/{rel}","templated":true}]}}