{"id":4841,"date":"2024-12-05T12:35:39","date_gmt":"2024-12-05T11:35:39","guid":{"rendered":"https:\/\/www.confagricoltura.org\/piacenza\/?p=4841"},"modified":"2024-12-11T12:38:31","modified_gmt":"2024-12-11T11:38:31","slug":"confagricoltura-piacenza-il-lupo-e-gia-fuori-controllo-non-si-ripeta-la-storia-dei-cinghiali","status":"publish","type":"post","link":"https:\/\/www.confagricoltura.org\/piacenza\/confagricoltura-piacenza-il-lupo-e-gia-fuori-controllo-non-si-ripeta-la-storia-dei-cinghiali\/","title":{"rendered":"Confagricoltura Piacenza: il lupo \u00e8 gi\u00e0 fuori controllo, non si ripeta la storia dei cinghiali"},"content":{"rendered":"<p>Confagricoltura Piacenza ha pi\u00f9 volte denunciato le predazioni subite dai propri associati effettuate dai lupi negli allevamenti e gli avvistamenti di esemplari per nulla intimoriti dall\u2019uomo, anche in pianura. \u201cAbbassare il grado di tutela del lupo, va nella direzione da noi auspicata, ma non \u00e8 una notizia sufficientemente buona, perch\u00e9 le tempistiche prevedono anni, prima di arrivare a un possibile contenimento della specie\u201d \u2013 a prendere parola \u00e8 il vicepresidente di Confagricoltura Piacenza Luca Segalini. \u201cAuspichiamo che il proliferare incontrollato dei lupi non venga trattato con lo stesso immobilismo che ha caratterizzato la gestione degli ungulati, in particolare dei cinghiali\u201d. Segalini con il fratello conduce l\u2019azienda Casa di Ferro a Rottofreno, alleva bovini da carne e coltiva terreni in collina ed ha anche effettuato tutti i corsi necessari per poter partecipare alle azioni di depopolamento dei cinghiali. \u201cLa conta dei cinghiali, malati e sani, non \u00e8 ancora finita e nei campi li vediamo a branchi numerosi, mentre si discute dove recintare e come depopolare. I lupi mangiavano i piccoli di cinghiali, almeno in questo erano nostri alleati, ma da qualche tempo hanno imparato che \u00e8 pi\u00f9 semplice e conveniente servirsi direttamente in allevamento. Gli allevamenti sono aperti, per rispettare le norme del benessere animale e i lupi entrano. Sono predatori senza antagonisti che si moltiplicano due volte l\u2019anno e con il cibo assicurato grazie ai nostri animali. Siamo basiti che siano date per attuali statistiche superate da anni, il numero \u00e8 esponenzialmente maggiore. Lo dimostrano i casi di predazione e gli avvistamenti\u201d.<\/p>\n<p>Lo testimonia anche Angelo Bozzi che con i fratelli Enrico e Giampaolo conduce l\u2019Azienda Agricola Osteria Vecchia a Borgonovo, con un allevamento di circa 750 bovini. \u201cNoi agricoltori siamo quelli pi\u00f9 colpiti &#8211; commenta Bozzi &#8211; quasi tutte le notti i lupi arrivano alla stalla, abbiamo cercato di chiudere dappertutto, ma non ci riusciamo. Servirebbero delle statistiche veritiere sui casi di predazione in provincia, ma gli agricoltori non denunciano perch\u00e9 l\u2019indennizzo non \u00e8 sufficiente nemmeno a sopportare il fuoco mediatico che il filone ambientalista puntualmente scatena in difesa del lupo ogniqualvolta si rende nota una predazione\u201d.\u00a0 Dello stesso avviso anche Daniele Modenesi dell\u2019Azienda Montanarina di Borgonovo che a ha condiviso il video in cui si vede un lupo nei campi della zona a fine novembre. \u201cEvidentemente vale pi\u00f9 la vita del lupo che quella del vitello \u2013 aggiunge Bozzi -. Vedere che i nostri animali vengono dilaniati in quel modo \u00e8 una sofferenza, oltre che un danno economico. Con tutte le paranoie che ci fanno sul benessere animale, ci troviamo i capi indifesi esposti a questo strazio.\u00a0 Entrano in stalla e fanno cadere bestie da dietro e poi puntano al ventre. Nel 2024 abbiamo registrato almeno una decina di perdite, considerando vacche e vitelli aggrediti insieme a quelli dispersi, perch\u00e9 i pi\u00f9 piccoli, dopo averli abbattuti se li portano via\u201d.<\/p>\n<p>E quanto alle dichiarazioni lette circa l\u2019indole schiva del predatore precisa: \u201cNon \u00e8 vero che non attaccano, perch\u00e9 ormai hanno confidenza con l\u2019uomo. A fine ottobre, durante le semine del grano, mio figlio aveva avvistato due esemplari tra Sarmato e Mottaziana, ha tentato di filmarli col telefonino mantenendosi a distanza di sicurezza e uno l\u2019ha attaccato, si \u00e8 dovuto rifugiare sul trattore. I primi esemplari sono stati reintrodotti una decina di anni fa e oggi non i numeri corretti sulla popolazione dei lupi non vengono resi noti, ma dell\u2019enorme diffusione ne sono la prova gli avvistamenti quotidiani\u201d.<\/p>\n<p>Roberto Ferrari ha l\u2019azienda a Gossolengo: \u201cAnche marted\u00ec mattina verso le 7.20 ne ho visti due lungo il Rio Comune. Ne vedo moltissimi nei campi lungo il Trebbia, sono animali bellissimi, ma ce ne sono davvero troppi. Spero che si possa presto cacciarli. Sono un cacciatore, ma ho paura ad andare a caccia perch\u00e9 durante una battuta hanno mangiato i cani dei miei amici, la stessa cosa \u00e8 successa a diversi altri cacciatori. Non si pu\u00f2 lasciali proliferare cos\u00ec. Se oggi un lupo attacca il mio cane e io sparo al lupo, rischio il penale. Non ha senso\u201d.<\/p>\n<p>Interviene sul tema anche il presidente dei giovani di Confagricoltura Anga, Filippo Losi: \u201cSe \u00e8 vero che ci deve essere un equilibrio, \u00e8 altrettanto vero che l\u2019uomo lo deve governare responsabilmente, mentre risulta sovvertito perch\u00e9 le nostre aziende sono sotto scacco dalla fauna selvatica che addirittura, nel caso dei lupi, entra in allevamento e nelle corti, mangia bovini e cani. Non ci sentiamo sicuri, dato che non ci possiamo neanche difendere. Non sta nelle logiche della natura che un predatore non venga contenuto da nessuno e possa tranquillamente cibarsi con gli animali da allevamento e d\u2019affezione\u201d.<\/p>\n<div style=\"width: 636px;\" class=\"wp-video\"><!--[if lt IE 9]><script>document.createElement('video');<\/script><![endif]-->\n<video class=\"wp-video-shortcode\" id=\"video-4841-1\" width=\"636\" height=\"848\" preload=\"metadata\" controls=\"controls\"><source type=\"video\/mp4\" src=\"https:\/\/www.confagricoltura.org\/piacenza\/wp-content\/uploads\/sites\/11\/2024\/12\/Lupo-a-Borgonovo.mp4?_=1\" \/><a href=\"https:\/\/www.confagricoltura.org\/piacenza\/wp-content\/uploads\/sites\/11\/2024\/12\/Lupo-a-Borgonovo.mp4\">https:\/\/www.confagricoltura.org\/piacenza\/wp-content\/uploads\/sites\/11\/2024\/12\/Lupo-a-Borgonovo.mp4<\/a><\/video><\/div>\n<p>&nbsp;<\/p>\n","protected":false},"excerpt":{"rendered":"<p>Statistiche non aggiornate, non possono passare anni prima di arrivare al contingentamento<\/p>\n","protected":false},"author":6,"featured_media":4144,"comment_status":"closed","ping_status":"closed","sticky":false,"template":"","format":"standard","meta":{"wp_mapbox_gl_js_media":[],"footnotes":""},"categories":[21,4],"tags":[],"class_list":["post-4841","post","type-post","status-publish","format-standard","has-post-thumbnail","hentry","category-eventi","category-news"],"yoast_head":"<!-- This site is optimized with the Yoast SEO plugin v26.8 - https:\/\/yoast.com\/product\/yoast-seo-wordpress\/ -->\n<title>Confagricoltura Piacenza: il lupo \u00e8 gi\u00e0 fuori controllo, non si ripeta la storia dei cinghiali - Confagricoltura Piacenza<\/title>\n<meta name=\"robots\" content=\"index, follow, max-snippet:-1, max-image-preview:large, max-video-preview:-1\" \/>\n<link rel=\"canonical\" href=\"https:\/\/www.confagricoltura.org\/piacenza\/confagricoltura-piacenza-il-lupo-e-gia-fuori-controllo-non-si-ripeta-la-storia-dei-cinghiali\/\" \/>\n<meta property=\"og:locale\" content=\"it_IT\" \/>\n<meta property=\"og:type\" content=\"article\" \/>\n<meta property=\"og:title\" content=\"Confagricoltura Piacenza: il lupo \u00e8 gi\u00e0 fuori controllo, non si ripeta la storia dei cinghiali - Confagricoltura Piacenza\" \/>\n<meta property=\"og:description\" content=\"Statistiche non aggiornate, non possono passare anni prima di arrivare al contingentamento\" \/>\n<meta property=\"og:url\" content=\"https:\/\/www.confagricoltura.org\/piacenza\/confagricoltura-piacenza-il-lupo-e-gia-fuori-controllo-non-si-ripeta-la-storia-dei-cinghiali\/\" \/>\n<meta property=\"og:site_name\" content=\"Confagricoltura Piacenza\" \/>\n<meta property=\"article:published_time\" content=\"2024-12-05T11:35:39+00:00\" \/>\n<meta property=\"article:modified_time\" content=\"2024-12-11T11:38:31+00:00\" \/>\n<meta property=\"og:image\" content=\"https:\/\/www.confagricoltura.org\/piacenza\/wp-content\/uploads\/sites\/11\/2023\/05\/Lupi-Campremoldo.jpg\" \/>\n\t<meta property=\"og:image:width\" content=\"1608\" \/>\n\t<meta property=\"og:image:height\" content=\"1682\" \/>\n\t<meta property=\"og:image:type\" content=\"image\/jpeg\" \/>\n<meta name=\"author\" content=\"confagricolturapiacenza\" \/>\n<meta name=\"twitter:card\" content=\"summary_large_image\" \/>\n<meta name=\"twitter:label1\" content=\"Scritto da\" \/>\n\t<meta name=\"twitter:data1\" content=\"confagricolturapiacenza\" \/>\n\t<meta name=\"twitter:label2\" content=\"Tempo di lettura stimato\" \/>\n\t<meta name=\"twitter:data2\" content=\"5 minuti\" \/>\n<script type=\"application\/ld+json\" class=\"yoast-schema-graph\">{\"@context\":\"https:\/\/schema.org\",\"@graph\":[{\"@type\":\"Article\",\"@id\":\"https:\/\/www.confagricoltura.org\/piacenza\/confagricoltura-piacenza-il-lupo-e-gia-fuori-controllo-non-si-ripeta-la-storia-dei-cinghiali\/#article\",\"isPartOf\":{\"@id\":\"https:\/\/www.confagricoltura.org\/piacenza\/confagricoltura-piacenza-il-lupo-e-gia-fuori-controllo-non-si-ripeta-la-storia-dei-cinghiali\/\"},\"author\":{\"name\":\"confagricolturapiacenza\",\"@id\":\"https:\/\/www.confagricoltura.org\/piacenza\/#\/schema\/person\/be5da25a3117fea4b3bfec9dba09b5e8\"},\"headline\":\"Confagricoltura Piacenza: il lupo \u00e8 gi\u00e0 fuori controllo, non si ripeta la storia dei cinghiali\",\"datePublished\":\"2024-12-05T11:35:39+00:00\",\"dateModified\":\"2024-12-11T11:38:31+00:00\",\"mainEntityOfPage\":{\"@id\":\"https:\/\/www.confagricoltura.org\/piacenza\/confagricoltura-piacenza-il-lupo-e-gia-fuori-controllo-non-si-ripeta-la-storia-dei-cinghiali\/\"},\"wordCount\":789,\"image\":{\"@id\":\"https:\/\/www.confagricoltura.org\/piacenza\/confagricoltura-piacenza-il-lupo-e-gia-fuori-controllo-non-si-ripeta-la-storia-dei-cinghiali\/#primaryimage\"},\"thumbnailUrl\":\"https:\/\/www.confagricoltura.org\/piacenza\/wp-content\/uploads\/sites\/11\/2023\/05\/Lupi-Campremoldo.jpg\",\"articleSection\":[\"Eventi\",\"News\"],\"inLanguage\":\"it-IT\"},{\"@type\":\"WebPage\",\"@id\":\"https:\/\/www.confagricoltura.org\/piacenza\/confagricoltura-piacenza-il-lupo-e-gia-fuori-controllo-non-si-ripeta-la-storia-dei-cinghiali\/\",\"url\":\"https:\/\/www.confagricoltura.org\/piacenza\/confagricoltura-piacenza-il-lupo-e-gia-fuori-controllo-non-si-ripeta-la-storia-dei-cinghiali\/\",\"name\":\"Confagricoltura Piacenza: il lupo \u00e8 gi\u00e0 fuori controllo, non si ripeta la storia dei cinghiali - Confagricoltura Piacenza\",\"isPartOf\":{\"@id\":\"https:\/\/www.confagricoltura.org\/piacenza\/#website\"},\"primaryImageOfPage\":{\"@id\":\"https:\/\/www.confagricoltura.org\/piacenza\/confagricoltura-piacenza-il-lupo-e-gia-fuori-controllo-non-si-ripeta-la-storia-dei-cinghiali\/#primaryimage\"},\"image\":{\"@id\":\"https:\/\/www.confagricoltura.org\/piacenza\/confagricoltura-piacenza-il-lupo-e-gia-fuori-controllo-non-si-ripeta-la-storia-dei-cinghiali\/#primaryimage\"},\"thumbnailUrl\":\"https:\/\/www.confagricoltura.org\/piacenza\/wp-content\/uploads\/sites\/11\/2023\/05\/Lupi-Campremoldo.jpg\",\"datePublished\":\"2024-12-05T11:35:39+00:00\",\"dateModified\":\"2024-12-11T11:38:31+00:00\",\"author\":{\"@id\":\"https:\/\/www.confagricoltura.org\/piacenza\/#\/schema\/person\/be5da25a3117fea4b3bfec9dba09b5e8\"},\"breadcrumb\":{\"@id\":\"https:\/\/www.confagricoltura.org\/piacenza\/confagricoltura-piacenza-il-lupo-e-gia-fuori-controllo-non-si-ripeta-la-storia-dei-cinghiali\/#breadcrumb\"},\"inLanguage\":\"it-IT\",\"potentialAction\":[{\"@type\":\"ReadAction\",\"target\":[\"https:\/\/www.confagricoltura.org\/piacenza\/confagricoltura-piacenza-il-lupo-e-gia-fuori-controllo-non-si-ripeta-la-storia-dei-cinghiali\/\"]}]},{\"@type\":\"ImageObject\",\"inLanguage\":\"it-IT\",\"@id\":\"https:\/\/www.confagricoltura.org\/piacenza\/confagricoltura-piacenza-il-lupo-e-gia-fuori-controllo-non-si-ripeta-la-storia-dei-cinghiali\/#primaryimage\",\"url\":\"https:\/\/www.confagricoltura.org\/piacenza\/wp-content\/uploads\/sites\/11\/2023\/05\/Lupi-Campremoldo.jpg\",\"contentUrl\":\"https:\/\/www.confagricoltura.org\/piacenza\/wp-content\/uploads\/sites\/11\/2023\/05\/Lupi-Campremoldo.jpg\",\"width\":1608,\"height\":1682},{\"@type\":\"BreadcrumbList\",\"@id\":\"https:\/\/www.confagricoltura.org\/piacenza\/confagricoltura-piacenza-il-lupo-e-gia-fuori-controllo-non-si-ripeta-la-storia-dei-cinghiali\/#breadcrumb\",\"itemListElement\":[{\"@type\":\"ListItem\",\"position\":1,\"name\":\"Home\",\"item\":\"https:\/\/www.confagricoltura.org\/piacenza\/\"},{\"@type\":\"ListItem\",\"position\":2,\"name\":\"Confagricoltura Piacenza: il lupo \u00e8 gi\u00e0 fuori controllo, non si ripeta la storia dei cinghiali\"}]},{\"@type\":\"WebSite\",\"@id\":\"https:\/\/www.confagricoltura.org\/piacenza\/#website\",\"url\":\"https:\/\/www.confagricoltura.org\/piacenza\/\",\"name\":\"Confagricoltura Piacenza\",\"description\":\"Dalla parte degli Agricoltori\",\"potentialAction\":[{\"@type\":\"SearchAction\",\"target\":{\"@type\":\"EntryPoint\",\"urlTemplate\":\"https:\/\/www.confagricoltura.org\/piacenza\/?s={search_term_string}\"},\"query-input\":{\"@type\":\"PropertyValueSpecification\",\"valueRequired\":true,\"valueName\":\"search_term_string\"}}],\"inLanguage\":\"it-IT\"},{\"@type\":\"Person\",\"@id\":\"https:\/\/www.confagricoltura.org\/piacenza\/#\/schema\/person\/be5da25a3117fea4b3bfec9dba09b5e8\",\"name\":\"confagricolturapiacenza\",\"image\":{\"@type\":\"ImageObject\",\"inLanguage\":\"it-IT\",\"@id\":\"https:\/\/www.confagricoltura.org\/piacenza\/#\/schema\/person\/image\/\",\"url\":\"https:\/\/secure.gravatar.com\/avatar\/9c5f111e417171581853bd0a3ff892ca?s=96&d=mm&r=g\",\"contentUrl\":\"https:\/\/secure.gravatar.com\/avatar\/9c5f111e417171581853bd0a3ff892ca?s=96&d=mm&r=g\",\"caption\":\"confagricolturapiacenza\"},\"url\":\"https:\/\/www.confagricoltura.org\/piacenza\/author\/confagricolturapiacenza\/\"}]}<\/script>\n<!-- \/ Yoast SEO plugin. -->","yoast_head_json":{"title":"Confagricoltura Piacenza: il lupo \u00e8 gi\u00e0 fuori controllo, non si ripeta la storia dei cinghiali - Confagricoltura Piacenza","robots":{"index":"index","follow":"follow","max-snippet":"max-snippet:-1","max-image-preview":"max-image-preview:large","max-video-preview":"max-video-preview:-1"},"canonical":"https:\/\/www.confagricoltura.org\/piacenza\/confagricoltura-piacenza-il-lupo-e-gia-fuori-controllo-non-si-ripeta-la-storia-dei-cinghiali\/","og_locale":"it_IT","og_type":"article","og_title":"Confagricoltura Piacenza: il lupo \u00e8 gi\u00e0 fuori controllo, non si ripeta la storia dei cinghiali - Confagricoltura Piacenza","og_description":"Statistiche non aggiornate, non possono passare anni prima di arrivare al contingentamento","og_url":"https:\/\/www.confagricoltura.org\/piacenza\/confagricoltura-piacenza-il-lupo-e-gia-fuori-controllo-non-si-ripeta-la-storia-dei-cinghiali\/","og_site_name":"Confagricoltura Piacenza","article_published_time":"2024-12-05T11:35:39+00:00","article_modified_time":"2024-12-11T11:38:31+00:00","og_image":[{"width":1608,"height":1682,"url":"https:\/\/www.confagricoltura.org\/piacenza\/wp-content\/uploads\/sites\/11\/2023\/05\/Lupi-Campremoldo.jpg","type":"image\/jpeg"}],"author":"confagricolturapiacenza","twitter_card":"summary_large_image","twitter_misc":{"Scritto da":"confagricolturapiacenza","Tempo di lettura stimato":"5 minuti"},"schema":{"@context":"https:\/\/schema.org","@graph":[{"@type":"Article","@id":"https:\/\/www.confagricoltura.org\/piacenza\/confagricoltura-piacenza-il-lupo-e-gia-fuori-controllo-non-si-ripeta-la-storia-dei-cinghiali\/#article","isPartOf":{"@id":"https:\/\/www.confagricoltura.org\/piacenza\/confagricoltura-piacenza-il-lupo-e-gia-fuori-controllo-non-si-ripeta-la-storia-dei-cinghiali\/"},"author":{"name":"confagricolturapiacenza","@id":"https:\/\/www.confagricoltura.org\/piacenza\/#\/schema\/person\/be5da25a3117fea4b3bfec9dba09b5e8"},"headline":"Confagricoltura Piacenza: il lupo \u00e8 gi\u00e0 fuori controllo, non si ripeta la storia dei cinghiali","datePublished":"2024-12-05T11:35:39+00:00","dateModified":"2024-12-11T11:38:31+00:00","mainEntityOfPage":{"@id":"https:\/\/www.confagricoltura.org\/piacenza\/confagricoltura-piacenza-il-lupo-e-gia-fuori-controllo-non-si-ripeta-la-storia-dei-cinghiali\/"},"wordCount":789,"image":{"@id":"https:\/\/www.confagricoltura.org\/piacenza\/confagricoltura-piacenza-il-lupo-e-gia-fuori-controllo-non-si-ripeta-la-storia-dei-cinghiali\/#primaryimage"},"thumbnailUrl":"https:\/\/www.confagricoltura.org\/piacenza\/wp-content\/uploads\/sites\/11\/2023\/05\/Lupi-Campremoldo.jpg","articleSection":["Eventi","News"],"inLanguage":"it-IT"},{"@type":"WebPage","@id":"https:\/\/www.confagricoltura.org\/piacenza\/confagricoltura-piacenza-il-lupo-e-gia-fuori-controllo-non-si-ripeta-la-storia-dei-cinghiali\/","url":"https:\/\/www.confagricoltura.org\/piacenza\/confagricoltura-piacenza-il-lupo-e-gia-fuori-controllo-non-si-ripeta-la-storia-dei-cinghiali\/","name":"Confagricoltura Piacenza: il lupo \u00e8 gi\u00e0 fuori controllo, non si ripeta la storia dei cinghiali - Confagricoltura Piacenza","isPartOf":{"@id":"https:\/\/www.confagricoltura.org\/piacenza\/#website"},"primaryImageOfPage":{"@id":"https:\/\/www.confagricoltura.org\/piacenza\/confagricoltura-piacenza-il-lupo-e-gia-fuori-controllo-non-si-ripeta-la-storia-dei-cinghiali\/#primaryimage"},"image":{"@id":"https:\/\/www.confagricoltura.org\/piacenza\/confagricoltura-piacenza-il-lupo-e-gia-fuori-controllo-non-si-ripeta-la-storia-dei-cinghiali\/#primaryimage"},"thumbnailUrl":"https:\/\/www.confagricoltura.org\/piacenza\/wp-content\/uploads\/sites\/11\/2023\/05\/Lupi-Campremoldo.jpg","datePublished":"2024-12-05T11:35:39+00:00","dateModified":"2024-12-11T11:38:31+00:00","author":{"@id":"https:\/\/www.confagricoltura.org\/piacenza\/#\/schema\/person\/be5da25a3117fea4b3bfec9dba09b5e8"},"breadcrumb":{"@id":"https:\/\/www.confagricoltura.org\/piacenza\/confagricoltura-piacenza-il-lupo-e-gia-fuori-controllo-non-si-ripeta-la-storia-dei-cinghiali\/#breadcrumb"},"inLanguage":"it-IT","potentialAction":[{"@type":"ReadAction","target":["https:\/\/www.confagricoltura.org\/piacenza\/confagricoltura-piacenza-il-lupo-e-gia-fuori-controllo-non-si-ripeta-la-storia-dei-cinghiali\/"]}]},{"@type":"ImageObject","inLanguage":"it-IT","@id":"https:\/\/www.confagricoltura.org\/piacenza\/confagricoltura-piacenza-il-lupo-e-gia-fuori-controllo-non-si-ripeta-la-storia-dei-cinghiali\/#primaryimage","url":"https:\/\/www.confagricoltura.org\/piacenza\/wp-content\/uploads\/sites\/11\/2023\/05\/Lupi-Campremoldo.jpg","contentUrl":"https:\/\/www.confagricoltura.org\/piacenza\/wp-content\/uploads\/sites\/11\/2023\/05\/Lupi-Campremoldo.jpg","width":1608,"height":1682},{"@type":"BreadcrumbList","@id":"https:\/\/www.confagricoltura.org\/piacenza\/confagricoltura-piacenza-il-lupo-e-gia-fuori-controllo-non-si-ripeta-la-storia-dei-cinghiali\/#breadcrumb","itemListElement":[{"@type":"ListItem","position":1,"name":"Home","item":"https:\/\/www.confagricoltura.org\/piacenza\/"},{"@type":"ListItem","position":2,"name":"Confagricoltura Piacenza: il lupo \u00e8 gi\u00e0 fuori controllo, non si ripeta la storia dei cinghiali"}]},{"@type":"WebSite","@id":"https:\/\/www.confagricoltura.org\/piacenza\/#website","url":"https:\/\/www.confagricoltura.org\/piacenza\/","name":"Confagricoltura Piacenza","description":"Dalla parte degli Agricoltori","potentialAction":[{"@type":"SearchAction","target":{"@type":"EntryPoint","urlTemplate":"https:\/\/www.confagricoltura.org\/piacenza\/?s={search_term_string}"},"query-input":{"@type":"PropertyValueSpecification","valueRequired":true,"valueName":"search_term_string"}}],"inLanguage":"it-IT"},{"@type":"Person","@id":"https:\/\/www.confagricoltura.org\/piacenza\/#\/schema\/person\/be5da25a3117fea4b3bfec9dba09b5e8","name":"confagricolturapiacenza","image":{"@type":"ImageObject","inLanguage":"it-IT","@id":"https:\/\/www.confagricoltura.org\/piacenza\/#\/schema\/person\/image\/","url":"https:\/\/secure.gravatar.com\/avatar\/9c5f111e417171581853bd0a3ff892ca?s=96&d=mm&r=g","contentUrl":"https:\/\/secure.gravatar.com\/avatar\/9c5f111e417171581853bd0a3ff892ca?s=96&d=mm&r=g","caption":"confagricolturapiacenza"},"url":"https:\/\/www.confagricoltura.org\/piacenza\/author\/confagricolturapiacenza\/"}]}},"_links":{"self":[{"href":"https:\/\/www.confagricoltura.org\/piacenza\/wp-json\/wp\/v2\/posts\/4841","targetHints":{"allow":["GET"]}}],"collection":[{"href":"https:\/\/www.confagricoltura.org\/piacenza\/wp-json\/wp\/v2\/posts"}],"about":[{"href":"https:\/\/www.confagricoltura.org\/piacenza\/wp-json\/wp\/v2\/types\/post"}],"author":[{"embeddable":true,"href":"https:\/\/www.confagricoltura.org\/piacenza\/wp-json\/wp\/v2\/users\/6"}],"replies":[{"embeddable":true,"href":"https:\/\/www.confagricoltura.org\/piacenza\/wp-json\/wp\/v2\/comments?post=4841"}],"version-history":[{"count":1,"href":"https:\/\/www.confagricoltura.org\/piacenza\/wp-json\/wp\/v2\/posts\/4841\/revisions"}],"predecessor-version":[{"id":4843,"href":"https:\/\/www.confagricoltura.org\/piacenza\/wp-json\/wp\/v2\/posts\/4841\/revisions\/4843"}],"wp:featuredmedia":[{"embeddable":true,"href":"https:\/\/www.confagricoltura.org\/piacenza\/wp-json\/wp\/v2\/media\/4144"}],"wp:attachment":[{"href":"https:\/\/www.confagricoltura.org\/piacenza\/wp-json\/wp\/v2\/media?parent=4841"}],"wp:term":[{"taxonomy":"category","embeddable":true,"href":"https:\/\/www.confagricoltura.org\/piacenza\/wp-json\/wp\/v2\/categories?post=4841"},{"taxonomy":"post_tag","embeddable":true,"href":"https:\/\/www.confagricoltura.org\/piacenza\/wp-json\/wp\/v2\/tags?post=4841"}],"curies":[{"name":"wp","href":"https:\/\/api.w.org\/{rel}","templated":true}]}}