{"id":4838,"date":"2024-12-04T12:31:37","date_gmt":"2024-12-04T11:31:37","guid":{"rendered":"https:\/\/www.confagricoltura.org\/piacenza\/?p=4838"},"modified":"2024-12-11T12:34:53","modified_gmt":"2024-12-11T11:34:53","slug":"umberto-gorra-e-il-nuovo-presidente-di-confagricoltura-piacenza-eletto-oggi-per-acclamazione","status":"publish","type":"post","link":"https:\/\/www.confagricoltura.org\/piacenza\/umberto-gorra-e-il-nuovo-presidente-di-confagricoltura-piacenza-eletto-oggi-per-acclamazione\/","title":{"rendered":"Umberto Gorra \u00e8 il nuovo presidente di Confagricoltura Piacenza: eletto oggi per acclamazione"},"content":{"rendered":"<p>Importante cambio al vertice di Confagricoltura Piacenza in occasione della prima convocazione del rinnovato Consiglio Direttivo riunito per la prima volta dopo la tornata elettorale questa mattina mercoled\u00ec 4 dicembre. Umberto Gorra \u00e8 stato eletto presidente per acclamazione, succede a Filippo Gasparini al termine del suo secondo mandato.<\/p>\n<p>Si chiude dunque il percorso di rinnovo cariche che aveva preso il via con l\u2019assemblea generale del 19 luglio. I nuovi vertici rimarranno in carica per il quadriennio 2024-2028. Il Consiglio ha contestualmente provveduto a nominare i due vicepresidenti: Alfredo Lucchini e Luca Segalini e il Tesoriere: Stefano Repetti, confermato nel ruolo fiduciario che ricopre da molti mandati.<\/p>\n<p>Anche le nomine della Giunta Esecutiva sono state acclamate nel corso dello stesso Consiglio. Permangono in Giunta: Matteo Cattivelli, Giovanni Lambertini e Michele Rossi.<\/p>\n<p>Tre i nuovi ingressi: Paolo Cavanna, Stefano Pizzamiglio, gi\u00e0 confermato presidente della sezione vitivinicola, che subentra a Chiara Azzali e Filippo Losi che parteciper\u00e0 come presidente dei Giovani di Confagricoltura-Anga Piacenza.<\/p>\n<p>Alle riunioni della Giunta Esecutiva parteciper\u00e0 inoltre, come prevede lo Statuto, il presidente del Collegio dei Revisori, Alberto Squeri.<\/p>\n<p>Il Consiglio e i ruoli apicali sono stati rinnovati con un percorso lineare e nel segno di una continuit\u00e0 che certifica il valore storico e la solidit\u00e0 di Confagricoltura Piacenza. Al contempo, alcuni nuovi ingressi sono il felice segnale della vitalit\u00e0 dell\u2019Associazione che si mostra in grado di intercettare anche i bisogni delle giovani generazioni che decidono di investire nel settore primario.<\/p>\n<p>&nbsp;<\/p>\n<p>\u201cUn primo ringraziamento va a chi mi ha eletto oggi, a tutti coloro che mi hanno incoraggiato chiedendomi la disponibilit\u00e0 a prendere il testimone da Filippo Gasparini che ringrazio per aver guidato l\u2019associazione in questi sette anni con una dedizione totale. Ognuno ha la sua cifra, non mi aspetto n\u00e9 vorrei proseguire con lo stesso stile, ma certamente operer\u00f2 in continuit\u00e0 \u2013 ha dichiarato il Presidente neoeletto &#8211; specialmente sulle battaglie sindacali che ritengo prioritarie. Su certi fronti \u00e8 importante non solo presidiare le vicende contingenti, ma anche mantenere la linea di prospettiva, che sento mia, confacente allo spirito pi\u00f9 vero di Confagricoltura e che ha riportato al dialogo tra le parti agricole e istituzionali; per questo sento di potermi impegnare proseguendo il prezioso lavoro intrapreso, in particolare dal Presidente uscente e da tutto il gruppo dirigente. La mia \u00e8 un\u2019eredit\u00e0 al contempo pesante e leggera. Se oggi Confagricoltura Piacenza \u00e8 quello che \u00e8: un\u2019Associazione consolidata, riconosciuta, con un\u2019identit\u00e0 chiara, una voce autorevole del panorama sindacale territoriale e non solo, lo \u00e8 grazie al lavoro di chi mi ha preceduto. Sento tutto l\u2019onere di doverne essere all\u2019altezza.\u00a0 D\u2019altro canto, \u00e8 un\u2019eredit\u00e0 leggera proprio grazie ai risultati sia sindacali che organizzativi gi\u00e0 conseguiti. Ringrazio la Giunta Esecutiva e il Consiglio uscenti per il contributo di valore portato nel mandato appena concluso.\u00a0 Nel ringraziare tutti, mia sia consentita una menzione particolare al direttore Marco Casagrande e a tutti i collaboratori\u201d.<\/p>\n<p>\u201cOggi iniziamo un percorso nuovo \u2013 ha aggiunto &#8211; ma non dal punto zero, il mio impegno \u00e8 quello di proseguire nel solco di una storia che ha pi\u00f9 di cent\u2019anni, insieme a Giunta e Consiglio Direttivo. Permettetemi un ricordo personale, il mio impegno sar\u00e0 anche quello di essere all\u2019altezza di mio padre Giorgio che ha guidato a suo tempo questa stessa Associazione\u201d.<\/p>\n<p>L\u2019agenda lavori su cui si articoler\u00e0 l\u2019impegno dei prossimi quattro anni, condivisa da subito con il Consiglio Direttivo, \u00e8 dettata da alcuni concetti chiave di grande attualit\u00e0 e insieme di prospettiva che si rifanno ai principi fondanti: difendere la libert\u00e0 d\u2019impresa e il sistema economico del territorio con le sue peculiarit\u00e0; affermare il valore della produttivit\u00e0 come mezzo per creare ricchezza che viene ridistribuita; valorizzare l\u2019intero sistema produttivo, moderno, sano e che opera nel rispetto delle norme.\u00a0 \u201cOggi viviamo in una situazione in cui la libert\u00e0 d\u2019impresa, purtroppo \u2013 ha sottolineato il Presidente di Confagricoltura Piacenza &#8211; \u00e8 un diritto che deve essere difeso, quando dovrebbe essere il presupposto, tra l\u2019altro anche costituzionalmente fondato, di un sistema economico sano che sorregge uno stato democratico. Abbiamo alle spalle e necessariamente anche davanti, battaglie sindacali per affermare quanto dovrebbe esserci riconosciuto di diritto.\u00a0 Questo \u00e8 un onere che non porter\u00f2 da solo, ma in primis con i Vicepresidenti e la Giunta Esecutiva insieme al Consiglio Direttivo, senza trascurare nessuno degli Associati che chiamo a raccolta per contribuire attivamente alla vita di Confagricoltura Piacenza\u201d.<\/p>\n<p>Il neoeletto Presidente ha dunque dichiarato di voler consolidare l\u2019identit\u00e0 dell\u2019Associazione: \u201cConfagricoltura Piacenza \u00e8 uno strumento e un valore per gli Associati: sia in quanto fornitrice di servizi, sia in quanto mezzo di azione sindacale. Gi\u00e0 oggi \u00e8 cos\u00ec, ma mi sento di sottolinearlo perch\u00e9 vorrei che fosse ancor pi\u00f9 chiaro e condiviso dalle aziende, cos\u00ec concentrate sui problemi contingenti e sommerse dalle emergenze quotidiane da tendere a ripiegarsi su s\u00e9 stesse, dimenticando che si \u00e8 incisivi solo se si \u00e8 uniti e protagonisti insieme. Ancora grazie e a tutti noi buon lavoro!<\/p>\n<p>&nbsp;<\/p>\n<p><strong>Presidente:<\/strong><\/p>\n<p><strong>Umberto Gorra<\/strong>: conduce con il fratello Massimo la Societ\u00e0 Agricola La Salamandria ad Alseno, una pluricentenaria e dimensionata impresa che in piena stagione arriva ad annoverare una trentina di collaboratori.<\/p>\n<p>Il padre Giorgio \u00e8 stato presidente di Confagricoltura Piacenza dal 1974 al 1976. L\u2019azienda \u00e8 dedita alla coltivazione di cereali e colture industriali tra cui mais, girasole, soia e vocata alla produzione del pomodoro da industria. Umberto Gorra \u00e8 stato pi\u00f9 volte componente di Giunta Esecutiva nei precedenti mandati. \u00c8 componente del Consiglio d\u2019Amministrazione del Consorzio Terrepadane s.p.a. e Consigliere del Consorzio di Bonifica.<\/p>\n<p><strong>Vicepresidenti:<\/strong><\/p>\n<p><strong>Alfredo Lucchini<\/strong>: conduce l\u2019azienda agricola Pila a Calendasco, un\u2019impresa a indirizzo zootecnico con 300 capi di razza Frisona e circa 80 ettari di colture in buona parte destinate alla produzione di foraggi e cereali per l\u2019alimentazione del bestiame. Dopo un percorso nel settore ingegneristico e industriale, \u00e8 subentrato in azienda e rappresenta la quinta generazione che conduce il podere di famiglia. Il latte prodotto viene conferito al Consorzio Agri Piacenza Latte. Alfredo Lucchini \u00e8 gi\u00e0 stato componente di Giunta Esecutiva per due mandati, \u00e8 attualmente stato confermato nel ruolo di Presidente di Sezione di prodotto Lattiero-Casearia di Confagricoltura Piacenza ed \u00e8 recentemente stato nominato anche Presidente della Sezione di Prodotto di Confagricoltura Emilia-Romagna.<\/p>\n<p>&nbsp;<\/p>\n<p><strong>Luca Segalini<\/strong>: conduce con la famiglia l\u2019azienda agricola Casa di Ferro a Rottofreno a indirizzo zootecnico con un allevamento di vacche da carne di circa 170 capi. Negli anni ha potenziato l\u2019indirizzo vegetale, aumentando la maglia poderale che oggi arriva ai 200 ettari e comprende alcuni terreni in collina. L\u2019azienda, in particolare, \u00e8 specializzata nella coltivazione del pomodoro da industria e colture da seme. Vivendo in prima persona le difficolt\u00e0 delle aziende di collina nel contenere i danni da fauna selvatica \u00e8 coadiutore abilitato e bioregolatore per operare funzionalmente al piano di depopolamento dei cinghiali. Luca Segalini \u00e8 stato componente di Giunta Esecutiva anche nei due mandati precedenti.\u00a0 Gi\u00e0 presidente dei Giovani di Confagricoltura-Anga Piacenza e dei Giovani di Confagricoltura-Anga Emilia-Romagna, \u00e8 laureato in Scienze e Tecnologie Agrarie.<\/p>\n<p>&nbsp;<\/p>\n<p><strong>Tesoriere:<\/strong><\/p>\n<p><strong>\u00a0<\/strong><strong>Stefano Repetti<\/strong>: tesoriere da diversi mandati e membro di Giunta di Confagricoltura Piacenza, conduce con i fratelli e il padre la Societ\u00e0 Agricola Terre della Valtrebbia e l\u2019azienda agricola Podere Mangialupo, complessivamente circa 250 ettari nella zona di Settima e Quarto di Gossolengo a indirizzo cerealicolo, pomodoro da industria e orticole. Affiancano le attivit\u00e0 produttive progetti sperimentali che posizionano l\u2019azienda all\u2019avanguardia per coltivazioni emergenti, come la quinoa, pratiche agronomiche innovative in collaborazione con l\u2019Universit\u00e0 Cattolica di Piacenza, come l\u2019uso di biostimolanti e test per la lotta biologica ai fitofagi. Gi\u00e0 presidente del Consorzio Fitosanitario e dei Giovani di Confagricoltura-Anga Piacenza, Stefano Repetti, \u00e8 presidente del Sindacato Impresa Agricola Familiare, membro dei Consigli d\u2019Amministrazione di Solana S.p.a e del Consorzio Agrario Terrepadane s.p.a, nonch\u00e9 membro invitato del Consiglio di Asipo.<\/p>\n<p>&nbsp;<\/p>\n<p><u>I componenti di Giunta Esecutiva confermati: <\/u><\/p>\n<p><strong>Matteo Cattivelli<\/strong>: conduce con il padre e lo zio l\u2019impresa di famiglia Agricola Cattivelli: un\u2019azienda di 100 ettari a Vallera (Pc), vocata alle colture industriali. Un\u2019impresa attenta agli aspetti innovativi che attua prove in campo per le diverse modalit\u00e0 d\u2019irrigazione, l\u2019uso di rilevazioni satellitari e moderne tecnologie. Matteo Cattivelli, gi\u00e0 componente di Giunta Esecutiva per i due mandati precedenti, \u00e8 stato presidente dei Giovani di Confagricoltura-Anga Piacenza, attualmente \u00e8 presidente del Consorzio Fitosanitario e vicepresidente del Condifesa Piacenza.<\/p>\n<p><strong>Giovanni Lambertini<\/strong>: conduce con il fratello l\u2019Azienda Agricola I. Lambertini a Cadeo, di circa 125 ettari, a indirizzo cerealicolo e pomodoro da industria con coltivazioni anche di soia e frumento da seme. \u00c8 componente del Consiglio Direttivo di Ainpo di cui \u00e8 stato anche presidente. Per pi\u00f9 mandati Vicepresidente di Confagricoltura Piacenza, \u00e8 stato lungamente componente di Giunta Esecutiva e da diversi mandati \u00e8 presidente della Sezione di Prodotto Pomodoro da Industria sia a livello provinciale che regionale. \u00c8 vicepresidente della Federazione Nazionale di Prodotto Pomodoro da Industria di Confagricoltura.<\/p>\n<p><strong>Michele Rossi<\/strong>: agronomo e imprenditore agricolo, gestisce dall\u201989 la Societ\u00e0 Agricola Agrifoglio nella localit\u00e0 Isolone a Castelvetro Piacentino di 250 ettari di terreni in propriet\u00e0, altri in affitto tra Piacenza e Cremona e due allevamenti: uno di suini da ingrasso (circa 1750 per ciclo produttivo) e uno di bovini da carne (femmine da ingrasso di razza Blu Belga, circa 450 per ciclo) con annesso impianto di biogas, integrato da quest\u2019anno con impianto fotovoltaico. Nel veronese \u00e8 titolare anche di una ditta individuale dedita soprattutto alla produzione risicola. \u00c8 socio e presidente della riseria La Pila Societ\u00e0 Agricola a.r.l. che si occupa della produzione, trasformazione e distribuzione di riso di alta gamma. \u00c8 componente del Consiglio d\u2019Amministrazione della FCP Cerea \u2013 cooperativa ultracentenaria dedita alla produzione di concimi. Gi\u00e0 Vicepresidente di Confagricoltura Piacenza \u00e8 componente di Giunta Esecutiva da diversi mandati. \u00c8 stato anche componente del Consiglio Generale della Camera di Commercio di Piacenza. Ha iniziato l\u2019esperienza sindacale all\u2019inizio degli anni \u201990 nei giovani di Confagricoltura come presidente di Anga Verona, per diversi mandati membro del comitato nazionale di Anga, sino a divenire componente del CEJA (Consiglio europeo dei giovani agricoltori) su delega di Anga nazionale.<\/p>\n<p>&nbsp;<\/p>\n<p><u>I nuovi ingressi in Giunta Esecutiva:<\/u><\/p>\n<p><strong>Paolo Cavanna: <\/strong>ingegnere meccanico e imprenditore agro-zootecnico, dopo circa 20 anni nel settore industriale, conduce l\u2019Azienda Agricola Casa Bianca Bergamaschi con i cognati, la moglie e la suocera. L\u2019Azienda, storicamente referenziata e nota per la selezione e l\u2019allevamento della bovina da latte di razza Frisona (latte destinato alla produzione del Grana Padano), si \u00e8 sviluppata diversificando con l\u2019allevamento dei suini da ingrasso (destinati alla DOP Prosciutto Crudo di Parma), ha realizzato l\u2019agriturismo con il Bed &amp; Breakfast Le Colombaie e ha investito nella produzione di energie rinnovabili dotandosi di 2 impianti di biogas e 2 impianti fotovoltaici. I 350 ettari coltivati sono interamente destinati alla produzione di foraggi e cereali per l\u2019alimentazione del bestiame. Nel corso della tornata elettorale appena conclusa Paolo Cavanna \u00e8 stato eletto Vicepresidente della Sezione di prodotto Lattiero-Casearia di Confagricoltura Piacenza.<\/p>\n<p><strong>Stefano Pizzamiglio<\/strong>: contitolare con il fratello Ferruccio dell\u2019azienda Vitivinicola La Tosa di Vigolzone, ricopre anche il ruolo di Vicepresidente del Consorzio Vini Doc dei Colli Piacentini ed \u00e8 componente di Consiglio nazionale Fivi \u2013 Federazione Italiana Vignaioli Indipendenti.<\/p>\n<p>Ha sviluppato l\u2019azienda con il padre e il fratello acquistando una cascina e i terreni adiacenti alla casa in campagna materna. Laureato all\u2019Universit\u00e0 di Agraria di Piacenza con tesi in viticoltura, produce vino dal 1985. Conoscendo il territorio, ha deciso con il fratello di seguirne la natura, facendo ricerca e producendo Sauvignon e Malvasia ferma (la prima Malvasia di Candia Aromatica vinificata ferma), Gutturnio fermo e Cabernet Sauvignon molto strutturato. Oggi l\u2019azienda, che si sviluppa su 22 ettari, ha ulteriormente arricchito la produzione. Insieme a Stefano Pizzamiglio e al fratello, lavorano anche le rispettive mogli e i figli: una squadra coesa che gestisce l\u2019azienda vitivinicola, l\u2019agriturismo e il museo del vino.<\/p>\n<p><strong>Filippo Losi<\/strong>: da pochi mesi eletto Presidente dei Giovani di Confagricoltura \u2013 ANGA sezione di Piacenza di cui \u00e8 socio attivo da circa dieci anni. 29 anni, geometra, appena terminati gli studi \u00e8 entrato operativamente nell\u2019attivit\u00e0 di famiglia ed \u00e8 contitolare con il padre della societ\u00e0 agricola Ca\u2019 del Lupo in Localit\u00e0 Ivaccari: un\u2019azienda di circa 80 ettari in cui si coltivano mais, principalmente da seme, pomodoro e grano. Si occupa anche di lavorazioni di trebbiatura, vangatura, semina mais e le tradizionali lavorazioni per conto terzi come attivit\u00e0 connessa.<\/p>\n<p>&nbsp;<\/p>\n<p>&nbsp;<\/p>\n","protected":false},"excerpt":{"rendered":"<p>Il primo Consiglio direttivo del 4 dicembre ha nominato anche i Vicepresidenti: Alfredo Lucchini e Luca Segalini. Stefano Repetti confermato Tesoriere<\/p>\n","protected":false},"author":6,"featured_media":4839,"comment_status":"closed","ping_status":"closed","sticky":false,"template":"","format":"standard","meta":{"wp_mapbox_gl_js_media":[],"footnotes":""},"categories":[21,4],"tags":[592],"class_list":["post-4838","post","type-post","status-publish","format-standard","has-post-thumbnail","hentry","category-eventi","category-news","tag-gorra-umberto"],"yoast_head":"<!-- This site is optimized with the Yoast SEO plugin v26.8 - https:\/\/yoast.com\/product\/yoast-seo-wordpress\/ -->\n<title>Umberto Gorra \u00e8 il nuovo presidente di Confagricoltura Piacenza: eletto oggi per acclamazione - Confagricoltura Piacenza<\/title>\n<meta name=\"robots\" content=\"index, follow, max-snippet:-1, max-image-preview:large, max-video-preview:-1\" \/>\n<link rel=\"canonical\" href=\"https:\/\/www.confagricoltura.org\/piacenza\/umberto-gorra-e-il-nuovo-presidente-di-confagricoltura-piacenza-eletto-oggi-per-acclamazione\/\" \/>\n<meta property=\"og:locale\" content=\"it_IT\" \/>\n<meta property=\"og:type\" content=\"article\" \/>\n<meta property=\"og:title\" content=\"Umberto Gorra \u00e8 il nuovo presidente di Confagricoltura Piacenza: eletto oggi per acclamazione - Confagricoltura Piacenza\" \/>\n<meta property=\"og:description\" content=\"Il primo Consiglio direttivo del 4 dicembre ha nominato anche i Vicepresidenti: Alfredo Lucchini e Luca Segalini. Stefano Repetti confermato Tesoriere\" \/>\n<meta property=\"og:url\" content=\"https:\/\/www.confagricoltura.org\/piacenza\/umberto-gorra-e-il-nuovo-presidente-di-confagricoltura-piacenza-eletto-oggi-per-acclamazione\/\" \/>\n<meta property=\"og:site_name\" content=\"Confagricoltura Piacenza\" \/>\n<meta property=\"article:published_time\" content=\"2024-12-04T11:31:37+00:00\" \/>\n<meta property=\"article:modified_time\" content=\"2024-12-11T11:34:53+00:00\" \/>\n<meta property=\"og:image\" content=\"https:\/\/www.confagricoltura.org\/piacenza\/wp-content\/uploads\/sites\/11\/2024\/12\/1Nuova-Giunta-Esecutiva-scaled.jpg\" \/>\n\t<meta property=\"og:image:width\" content=\"2560\" \/>\n\t<meta property=\"og:image:height\" content=\"1451\" \/>\n\t<meta property=\"og:image:type\" content=\"image\/jpeg\" \/>\n<meta name=\"author\" content=\"confagricolturapiacenza\" \/>\n<meta name=\"twitter:card\" content=\"summary_large_image\" \/>\n<meta name=\"twitter:label1\" content=\"Scritto da\" \/>\n\t<meta name=\"twitter:data1\" content=\"confagricolturapiacenza\" \/>\n\t<meta name=\"twitter:label2\" content=\"Tempo di lettura stimato\" \/>\n\t<meta name=\"twitter:data2\" content=\"11 minuti\" \/>\n<script type=\"application\/ld+json\" class=\"yoast-schema-graph\">{\"@context\":\"https:\/\/schema.org\",\"@graph\":[{\"@type\":\"Article\",\"@id\":\"https:\/\/www.confagricoltura.org\/piacenza\/umberto-gorra-e-il-nuovo-presidente-di-confagricoltura-piacenza-eletto-oggi-per-acclamazione\/#article\",\"isPartOf\":{\"@id\":\"https:\/\/www.confagricoltura.org\/piacenza\/umberto-gorra-e-il-nuovo-presidente-di-confagricoltura-piacenza-eletto-oggi-per-acclamazione\/\"},\"author\":{\"name\":\"confagricolturapiacenza\",\"@id\":\"https:\/\/www.confagricoltura.org\/piacenza\/#\/schema\/person\/be5da25a3117fea4b3bfec9dba09b5e8\"},\"headline\":\"Umberto Gorra \u00e8 il nuovo presidente di Confagricoltura Piacenza: eletto oggi per acclamazione\",\"datePublished\":\"2024-12-04T11:31:37+00:00\",\"dateModified\":\"2024-12-11T11:34:53+00:00\",\"mainEntityOfPage\":{\"@id\":\"https:\/\/www.confagricoltura.org\/piacenza\/umberto-gorra-e-il-nuovo-presidente-di-confagricoltura-piacenza-eletto-oggi-per-acclamazione\/\"},\"wordCount\":2043,\"image\":{\"@id\":\"https:\/\/www.confagricoltura.org\/piacenza\/umberto-gorra-e-il-nuovo-presidente-di-confagricoltura-piacenza-eletto-oggi-per-acclamazione\/#primaryimage\"},\"thumbnailUrl\":\"https:\/\/www.confagricoltura.org\/piacenza\/wp-content\/uploads\/sites\/11\/2024\/12\/1Nuova-Giunta-Esecutiva-scaled.jpg\",\"keywords\":[\"gorra umberto\"],\"articleSection\":[\"Eventi\",\"News\"],\"inLanguage\":\"it-IT\"},{\"@type\":\"WebPage\",\"@id\":\"https:\/\/www.confagricoltura.org\/piacenza\/umberto-gorra-e-il-nuovo-presidente-di-confagricoltura-piacenza-eletto-oggi-per-acclamazione\/\",\"url\":\"https:\/\/www.confagricoltura.org\/piacenza\/umberto-gorra-e-il-nuovo-presidente-di-confagricoltura-piacenza-eletto-oggi-per-acclamazione\/\",\"name\":\"Umberto Gorra \u00e8 il nuovo presidente di Confagricoltura Piacenza: eletto oggi per acclamazione - Confagricoltura Piacenza\",\"isPartOf\":{\"@id\":\"https:\/\/www.confagricoltura.org\/piacenza\/#website\"},\"primaryImageOfPage\":{\"@id\":\"https:\/\/www.confagricoltura.org\/piacenza\/umberto-gorra-e-il-nuovo-presidente-di-confagricoltura-piacenza-eletto-oggi-per-acclamazione\/#primaryimage\"},\"image\":{\"@id\":\"https:\/\/www.confagricoltura.org\/piacenza\/umberto-gorra-e-il-nuovo-presidente-di-confagricoltura-piacenza-eletto-oggi-per-acclamazione\/#primaryimage\"},\"thumbnailUrl\":\"https:\/\/www.confagricoltura.org\/piacenza\/wp-content\/uploads\/sites\/11\/2024\/12\/1Nuova-Giunta-Esecutiva-scaled.jpg\",\"datePublished\":\"2024-12-04T11:31:37+00:00\",\"dateModified\":\"2024-12-11T11:34:53+00:00\",\"author\":{\"@id\":\"https:\/\/www.confagricoltura.org\/piacenza\/#\/schema\/person\/be5da25a3117fea4b3bfec9dba09b5e8\"},\"breadcrumb\":{\"@id\":\"https:\/\/www.confagricoltura.org\/piacenza\/umberto-gorra-e-il-nuovo-presidente-di-confagricoltura-piacenza-eletto-oggi-per-acclamazione\/#breadcrumb\"},\"inLanguage\":\"it-IT\",\"potentialAction\":[{\"@type\":\"ReadAction\",\"target\":[\"https:\/\/www.confagricoltura.org\/piacenza\/umberto-gorra-e-il-nuovo-presidente-di-confagricoltura-piacenza-eletto-oggi-per-acclamazione\/\"]}]},{\"@type\":\"ImageObject\",\"inLanguage\":\"it-IT\",\"@id\":\"https:\/\/www.confagricoltura.org\/piacenza\/umberto-gorra-e-il-nuovo-presidente-di-confagricoltura-piacenza-eletto-oggi-per-acclamazione\/#primaryimage\",\"url\":\"https:\/\/www.confagricoltura.org\/piacenza\/wp-content\/uploads\/sites\/11\/2024\/12\/1Nuova-Giunta-Esecutiva-scaled.jpg\",\"contentUrl\":\"https:\/\/www.confagricoltura.org\/piacenza\/wp-content\/uploads\/sites\/11\/2024\/12\/1Nuova-Giunta-Esecutiva-scaled.jpg\",\"width\":2560,\"height\":1451},{\"@type\":\"BreadcrumbList\",\"@id\":\"https:\/\/www.confagricoltura.org\/piacenza\/umberto-gorra-e-il-nuovo-presidente-di-confagricoltura-piacenza-eletto-oggi-per-acclamazione\/#breadcrumb\",\"itemListElement\":[{\"@type\":\"ListItem\",\"position\":1,\"name\":\"Home\",\"item\":\"https:\/\/www.confagricoltura.org\/piacenza\/\"},{\"@type\":\"ListItem\",\"position\":2,\"name\":\"Umberto Gorra \u00e8 il nuovo presidente di Confagricoltura Piacenza: eletto oggi per acclamazione\"}]},{\"@type\":\"WebSite\",\"@id\":\"https:\/\/www.confagricoltura.org\/piacenza\/#website\",\"url\":\"https:\/\/www.confagricoltura.org\/piacenza\/\",\"name\":\"Confagricoltura Piacenza\",\"description\":\"Dalla parte degli Agricoltori\",\"potentialAction\":[{\"@type\":\"SearchAction\",\"target\":{\"@type\":\"EntryPoint\",\"urlTemplate\":\"https:\/\/www.confagricoltura.org\/piacenza\/?s={search_term_string}\"},\"query-input\":{\"@type\":\"PropertyValueSpecification\",\"valueRequired\":true,\"valueName\":\"search_term_string\"}}],\"inLanguage\":\"it-IT\"},{\"@type\":\"Person\",\"@id\":\"https:\/\/www.confagricoltura.org\/piacenza\/#\/schema\/person\/be5da25a3117fea4b3bfec9dba09b5e8\",\"name\":\"confagricolturapiacenza\",\"image\":{\"@type\":\"ImageObject\",\"inLanguage\":\"it-IT\",\"@id\":\"https:\/\/www.confagricoltura.org\/piacenza\/#\/schema\/person\/image\/\",\"url\":\"https:\/\/secure.gravatar.com\/avatar\/9c5f111e417171581853bd0a3ff892ca?s=96&d=mm&r=g\",\"contentUrl\":\"https:\/\/secure.gravatar.com\/avatar\/9c5f111e417171581853bd0a3ff892ca?s=96&d=mm&r=g\",\"caption\":\"confagricolturapiacenza\"},\"url\":\"https:\/\/www.confagricoltura.org\/piacenza\/author\/confagricolturapiacenza\/\"}]}<\/script>\n<!-- \/ Yoast SEO plugin. -->","yoast_head_json":{"title":"Umberto Gorra \u00e8 il nuovo presidente di Confagricoltura Piacenza: eletto oggi per acclamazione - Confagricoltura Piacenza","robots":{"index":"index","follow":"follow","max-snippet":"max-snippet:-1","max-image-preview":"max-image-preview:large","max-video-preview":"max-video-preview:-1"},"canonical":"https:\/\/www.confagricoltura.org\/piacenza\/umberto-gorra-e-il-nuovo-presidente-di-confagricoltura-piacenza-eletto-oggi-per-acclamazione\/","og_locale":"it_IT","og_type":"article","og_title":"Umberto Gorra \u00e8 il nuovo presidente di Confagricoltura Piacenza: eletto oggi per acclamazione - Confagricoltura Piacenza","og_description":"Il primo Consiglio direttivo del 4 dicembre ha nominato anche i Vicepresidenti: Alfredo Lucchini e Luca Segalini. Stefano Repetti confermato Tesoriere","og_url":"https:\/\/www.confagricoltura.org\/piacenza\/umberto-gorra-e-il-nuovo-presidente-di-confagricoltura-piacenza-eletto-oggi-per-acclamazione\/","og_site_name":"Confagricoltura Piacenza","article_published_time":"2024-12-04T11:31:37+00:00","article_modified_time":"2024-12-11T11:34:53+00:00","og_image":[{"width":2560,"height":1451,"url":"https:\/\/www.confagricoltura.org\/piacenza\/wp-content\/uploads\/sites\/11\/2024\/12\/1Nuova-Giunta-Esecutiva-scaled.jpg","type":"image\/jpeg"}],"author":"confagricolturapiacenza","twitter_card":"summary_large_image","twitter_misc":{"Scritto da":"confagricolturapiacenza","Tempo di lettura stimato":"11 minuti"},"schema":{"@context":"https:\/\/schema.org","@graph":[{"@type":"Article","@id":"https:\/\/www.confagricoltura.org\/piacenza\/umberto-gorra-e-il-nuovo-presidente-di-confagricoltura-piacenza-eletto-oggi-per-acclamazione\/#article","isPartOf":{"@id":"https:\/\/www.confagricoltura.org\/piacenza\/umberto-gorra-e-il-nuovo-presidente-di-confagricoltura-piacenza-eletto-oggi-per-acclamazione\/"},"author":{"name":"confagricolturapiacenza","@id":"https:\/\/www.confagricoltura.org\/piacenza\/#\/schema\/person\/be5da25a3117fea4b3bfec9dba09b5e8"},"headline":"Umberto Gorra \u00e8 il nuovo presidente di Confagricoltura Piacenza: eletto oggi per acclamazione","datePublished":"2024-12-04T11:31:37+00:00","dateModified":"2024-12-11T11:34:53+00:00","mainEntityOfPage":{"@id":"https:\/\/www.confagricoltura.org\/piacenza\/umberto-gorra-e-il-nuovo-presidente-di-confagricoltura-piacenza-eletto-oggi-per-acclamazione\/"},"wordCount":2043,"image":{"@id":"https:\/\/www.confagricoltura.org\/piacenza\/umberto-gorra-e-il-nuovo-presidente-di-confagricoltura-piacenza-eletto-oggi-per-acclamazione\/#primaryimage"},"thumbnailUrl":"https:\/\/www.confagricoltura.org\/piacenza\/wp-content\/uploads\/sites\/11\/2024\/12\/1Nuova-Giunta-Esecutiva-scaled.jpg","keywords":["gorra umberto"],"articleSection":["Eventi","News"],"inLanguage":"it-IT"},{"@type":"WebPage","@id":"https:\/\/www.confagricoltura.org\/piacenza\/umberto-gorra-e-il-nuovo-presidente-di-confagricoltura-piacenza-eletto-oggi-per-acclamazione\/","url":"https:\/\/www.confagricoltura.org\/piacenza\/umberto-gorra-e-il-nuovo-presidente-di-confagricoltura-piacenza-eletto-oggi-per-acclamazione\/","name":"Umberto Gorra \u00e8 il nuovo presidente di Confagricoltura Piacenza: eletto oggi per acclamazione - Confagricoltura Piacenza","isPartOf":{"@id":"https:\/\/www.confagricoltura.org\/piacenza\/#website"},"primaryImageOfPage":{"@id":"https:\/\/www.confagricoltura.org\/piacenza\/umberto-gorra-e-il-nuovo-presidente-di-confagricoltura-piacenza-eletto-oggi-per-acclamazione\/#primaryimage"},"image":{"@id":"https:\/\/www.confagricoltura.org\/piacenza\/umberto-gorra-e-il-nuovo-presidente-di-confagricoltura-piacenza-eletto-oggi-per-acclamazione\/#primaryimage"},"thumbnailUrl":"https:\/\/www.confagricoltura.org\/piacenza\/wp-content\/uploads\/sites\/11\/2024\/12\/1Nuova-Giunta-Esecutiva-scaled.jpg","datePublished":"2024-12-04T11:31:37+00:00","dateModified":"2024-12-11T11:34:53+00:00","author":{"@id":"https:\/\/www.confagricoltura.org\/piacenza\/#\/schema\/person\/be5da25a3117fea4b3bfec9dba09b5e8"},"breadcrumb":{"@id":"https:\/\/www.confagricoltura.org\/piacenza\/umberto-gorra-e-il-nuovo-presidente-di-confagricoltura-piacenza-eletto-oggi-per-acclamazione\/#breadcrumb"},"inLanguage":"it-IT","potentialAction":[{"@type":"ReadAction","target":["https:\/\/www.confagricoltura.org\/piacenza\/umberto-gorra-e-il-nuovo-presidente-di-confagricoltura-piacenza-eletto-oggi-per-acclamazione\/"]}]},{"@type":"ImageObject","inLanguage":"it-IT","@id":"https:\/\/www.confagricoltura.org\/piacenza\/umberto-gorra-e-il-nuovo-presidente-di-confagricoltura-piacenza-eletto-oggi-per-acclamazione\/#primaryimage","url":"https:\/\/www.confagricoltura.org\/piacenza\/wp-content\/uploads\/sites\/11\/2024\/12\/1Nuova-Giunta-Esecutiva-scaled.jpg","contentUrl":"https:\/\/www.confagricoltura.org\/piacenza\/wp-content\/uploads\/sites\/11\/2024\/12\/1Nuova-Giunta-Esecutiva-scaled.jpg","width":2560,"height":1451},{"@type":"BreadcrumbList","@id":"https:\/\/www.confagricoltura.org\/piacenza\/umberto-gorra-e-il-nuovo-presidente-di-confagricoltura-piacenza-eletto-oggi-per-acclamazione\/#breadcrumb","itemListElement":[{"@type":"ListItem","position":1,"name":"Home","item":"https:\/\/www.confagricoltura.org\/piacenza\/"},{"@type":"ListItem","position":2,"name":"Umberto Gorra \u00e8 il nuovo presidente di Confagricoltura Piacenza: eletto oggi per acclamazione"}]},{"@type":"WebSite","@id":"https:\/\/www.confagricoltura.org\/piacenza\/#website","url":"https:\/\/www.confagricoltura.org\/piacenza\/","name":"Confagricoltura Piacenza","description":"Dalla parte degli Agricoltori","potentialAction":[{"@type":"SearchAction","target":{"@type":"EntryPoint","urlTemplate":"https:\/\/www.confagricoltura.org\/piacenza\/?s={search_term_string}"},"query-input":{"@type":"PropertyValueSpecification","valueRequired":true,"valueName":"search_term_string"}}],"inLanguage":"it-IT"},{"@type":"Person","@id":"https:\/\/www.confagricoltura.org\/piacenza\/#\/schema\/person\/be5da25a3117fea4b3bfec9dba09b5e8","name":"confagricolturapiacenza","image":{"@type":"ImageObject","inLanguage":"it-IT","@id":"https:\/\/www.confagricoltura.org\/piacenza\/#\/schema\/person\/image\/","url":"https:\/\/secure.gravatar.com\/avatar\/9c5f111e417171581853bd0a3ff892ca?s=96&d=mm&r=g","contentUrl":"https:\/\/secure.gravatar.com\/avatar\/9c5f111e417171581853bd0a3ff892ca?s=96&d=mm&r=g","caption":"confagricolturapiacenza"},"url":"https:\/\/www.confagricoltura.org\/piacenza\/author\/confagricolturapiacenza\/"}]}},"_links":{"self":[{"href":"https:\/\/www.confagricoltura.org\/piacenza\/wp-json\/wp\/v2\/posts\/4838","targetHints":{"allow":["GET"]}}],"collection":[{"href":"https:\/\/www.confagricoltura.org\/piacenza\/wp-json\/wp\/v2\/posts"}],"about":[{"href":"https:\/\/www.confagricoltura.org\/piacenza\/wp-json\/wp\/v2\/types\/post"}],"author":[{"embeddable":true,"href":"https:\/\/www.confagricoltura.org\/piacenza\/wp-json\/wp\/v2\/users\/6"}],"replies":[{"embeddable":true,"href":"https:\/\/www.confagricoltura.org\/piacenza\/wp-json\/wp\/v2\/comments?post=4838"}],"version-history":[{"count":1,"href":"https:\/\/www.confagricoltura.org\/piacenza\/wp-json\/wp\/v2\/posts\/4838\/revisions"}],"predecessor-version":[{"id":4840,"href":"https:\/\/www.confagricoltura.org\/piacenza\/wp-json\/wp\/v2\/posts\/4838\/revisions\/4840"}],"wp:featuredmedia":[{"embeddable":true,"href":"https:\/\/www.confagricoltura.org\/piacenza\/wp-json\/wp\/v2\/media\/4839"}],"wp:attachment":[{"href":"https:\/\/www.confagricoltura.org\/piacenza\/wp-json\/wp\/v2\/media?parent=4838"}],"wp:term":[{"taxonomy":"category","embeddable":true,"href":"https:\/\/www.confagricoltura.org\/piacenza\/wp-json\/wp\/v2\/categories?post=4838"},{"taxonomy":"post_tag","embeddable":true,"href":"https:\/\/www.confagricoltura.org\/piacenza\/wp-json\/wp\/v2\/tags?post=4838"}],"curies":[{"name":"wp","href":"https:\/\/api.w.org\/{rel}","templated":true}]}}