{"id":4834,"date":"2024-12-02T12:19:54","date_gmt":"2024-12-02T11:19:54","guid":{"rendered":"https:\/\/www.confagricoltura.org\/piacenza\/?p=4834"},"modified":"2024-12-11T12:30:11","modified_gmt":"2024-12-11T11:30:11","slug":"eletto-il-nuovo-consiglio-direttivo-di-confagricoltura-piacenza","status":"publish","type":"post","link":"https:\/\/www.confagricoltura.org\/piacenza\/eletto-il-nuovo-consiglio-direttivo-di-confagricoltura-piacenza\/","title":{"rendered":"Eletto il nuovo Consiglio direttivo di Confagricoltura Piacenza"},"content":{"rendered":"<p>Si sono conclusi il 27 novembre gli appuntamenti elettorali per la costituzione del nuovo Consiglio Direttivo che guider\u00e0 Confagricoltura Piacenza per il quadriennio 2024-2028.<\/p>\n<p>Lo scorso 11 novembre, nel significativo giorno di San Martino, si sono svolte le votazioni ai seggi presso tutte le sedi territoriali che hanno portato alla nomina dei consiglieri eletti in rappresentanza delle zone, degli otto su base provinciale e dei membri dei Consigli Direttivi delle Sezioni di Prodotto e dei Sindacati di Categoria di cui, nelle due settimane successive si sono tenuti i Consigli Direttivi per eleggere, di ciascuno, il rispettivo presidente, membro di diritto, secondo gli obblighi statutari, \u00a0del Consiglio di Confagricoltura Piacenza.<\/p>\n<p>Si \u00e8 cos\u00ec composto, in tal modo, il nuovo Consiglio Direttivo che il prossimo 4 dicembre si riunir\u00e0 per gli ultimi importanti adempimenti: l\u2019elezione del Presidente, dei due Vicepresidenti, del Tesoriere e degli ulteriori cinque membri che insieme al presidente dei Giovani di Confagricoltura Anga costituiranno la Giunta Esecutiva che rimarr\u00e0 in carica per il prossimo quadriennio. \u00a0Alle riunioni della Giunta Esecutiva parteciper\u00e0 inoltre, come prevede lo Statuto, il presidente del Collegio dei Revisori.<\/p>\n<p>\u201cEsprimo la mia soddisfazione per come si sono svolte queste operazioni di voto \u2013 commenta Marco Casagrande direttore di Confagricoltura Piacenza &#8211; con una significativa partecipazione degli associati e la costituzione di un Consiglio che vede insieme continuit\u00e0 e rinnovamento: con importanti conferme, garanzia di esperienza e segno dell\u2019attaccamento che le aziende storiche mostrano a Confagricoltura Piacenza. Al contempo registriamo l\u2019ingresso di nuovi associati, in particolare anche di alcuni giovani, segno della vitalit\u00e0 dell\u2019Associazione e delle aziende che rappresenta. \u00c8 motivo di profondo orgoglio poter certificare che anche le nuove generazioni continuano a investire il loro futuro nel settore e nell\u2019Associazione.<\/p>\n<p>Nella consapevolezza dell\u2019impegno richiesto dal ruolo dirigenziale e dall\u2019onere che deriver\u00e0 dall\u2019affrontare le sfide future, Confagricoltura Piacenza resta a disposizione di tutti i Consiglieri per ogni aspetto: sindacale, organizzativo, tecnico-economico ed augura a ciascuno buon lavoro\u201d.<\/p>\n<p>&nbsp;<\/p>\n<p><u>Consiglieri eletti su base territoriale:<\/u><\/p>\n<p>Zona di Piacenza: Daniele Arata, Giuseppe Baldini;<\/p>\n<p>Zona di Fiorenzuola d\u2019Arda: Giovanni Bulfari, Camillo Gallini;<\/p>\n<p>Zona di Agazzano: Fabio Azzali, Giuliano Bongiorni;<\/p>\n<p>Zona di Monticelli: Emanuele Pisaroni, Giovanni Zangrandi;<\/p>\n<p>Zona di Castel San Giovanni: Giorgio Ferrari, Paolo Paratici;<\/p>\n<p>Zona di Alta Collina e Montagna: Alberto Anguissola; Stefano Repetti (societ\u00e0 Itaca)<\/p>\n<p><u>Consiglieri eletti su base provinciale: <\/u><\/p>\n<p>Leonardo Bersani, Onorio Casarola, Matteo Cattivelli, Paolo Cavanna, Umberto Gorra, Corrado Peratici, Egidio Repetti, Luca Segalini.<\/p>\n<p><u>Consiglieri eletti presidenti Sezioni di Prodotto:<\/u><\/p>\n<p>Sezione di Prodotto Lattiero-Casearia &#8211; Alfredo Lucchini;<\/p>\n<p>Sezione di Prodotto Pomodoro da Industria &#8211; Giovanni Lambertini;<\/p>\n<p>Sezione di Prodotto Vitivinicola &#8211; Stefano Pizzamiglio;<\/p>\n<p>Sezione di Prodotto Colture Industriali &#8211; Ercole Parizzi;<\/p>\n<p>Sezione di prodotto Carni Bovine e Suine &#8211; Giovanna Parmigiani;<\/p>\n<p>Sezione di Prodotto Agroenergetica &#8211; Gabriele Dieci.<\/p>\n<p><u>Consiglieri eletti presidenti dei Sindacati di Categoria: <\/u><\/p>\n<p>Sindacato proprietari Conduttori &#8211; Camillo Chiapponi;<\/p>\n<p>Sindacato Affittuari Conduttori in economia &#8211; Federica Melodi;<\/p>\n<p>Sindacato Impresa Agricola Familiare &#8211; Stefano Repetti;<\/p>\n<p>Sindacato Proprietari con Beni Affittati &#8211; Michele Rossi.<\/p>\n<p>A questi si aggiungono <u>i componenti di diritto<\/u>:<\/p>\n<p>gli ex presidenti: Michele Lodigiani; Enrico Chiesa e Filippo Gasparini;<\/p>\n<p>il presidente dei Giovani di Confagricoltura Anga -Sezione di Piacenza: Filippo Losi<\/p>\n<p>il presidente Anpa (Associazione Pensionati di Confagricoltura): Giovanni Merli.<\/p>\n<p>Partecipano infine al Consiglio con voto consultivo: il presidente del Collegio dei Revisori \u2013 Alberto Squeri e gli altri due membri effettivi: Paolo Bosi ed Enrico Trentini; due delegati dei Giovani di Confagricoltura \u2013 Anga: Vittorio Bertoli Merelli ed Edoardo Lib\u00e9.<\/p>\n","protected":false},"excerpt":{"rendered":"<p>In occasione della prima convocazione sar\u00e0 eletto il Presidente e la nuova Giunta Esecutiva<\/p>\n","protected":false},"author":6,"featured_media":4835,"comment_status":"closed","ping_status":"closed","sticky":false,"template":"","format":"standard","meta":{"wp_mapbox_gl_js_media":[],"footnotes":""},"categories":[21,4],"tags":[591],"class_list":["post-4834","post","type-post","status-publish","format-standard","has-post-thumbnail","hentry","category-eventi","category-news","tag-consiglio-direttivo"],"yoast_head":"<!-- This site is optimized with the Yoast SEO plugin v26.8 - https:\/\/yoast.com\/product\/yoast-seo-wordpress\/ -->\n<title>Eletto il nuovo Consiglio direttivo di Confagricoltura Piacenza - Confagricoltura Piacenza<\/title>\n<meta name=\"robots\" content=\"index, follow, max-snippet:-1, max-image-preview:large, max-video-preview:-1\" \/>\n<link rel=\"canonical\" href=\"https:\/\/www.confagricoltura.org\/piacenza\/eletto-il-nuovo-consiglio-direttivo-di-confagricoltura-piacenza\/\" \/>\n<meta property=\"og:locale\" content=\"it_IT\" \/>\n<meta property=\"og:type\" content=\"article\" \/>\n<meta property=\"og:title\" content=\"Eletto il nuovo Consiglio direttivo di Confagricoltura Piacenza - Confagricoltura Piacenza\" \/>\n<meta property=\"og:description\" content=\"In occasione della prima convocazione sar\u00e0 eletto il Presidente e la nuova Giunta Esecutiva\" \/>\n<meta property=\"og:url\" content=\"https:\/\/www.confagricoltura.org\/piacenza\/eletto-il-nuovo-consiglio-direttivo-di-confagricoltura-piacenza\/\" \/>\n<meta property=\"og:site_name\" content=\"Confagricoltura Piacenza\" \/>\n<meta property=\"article:published_time\" content=\"2024-12-02T11:19:54+00:00\" \/>\n<meta property=\"article:modified_time\" content=\"2024-12-11T11:30:11+00:00\" \/>\n<meta property=\"og:image\" content=\"https:\/\/www.confagricoltura.org\/piacenza\/wp-content\/uploads\/sites\/11\/2024\/12\/logoupapc.png\" \/>\n\t<meta property=\"og:image:width\" content=\"667\" \/>\n\t<meta property=\"og:image:height\" content=\"136\" \/>\n\t<meta property=\"og:image:type\" content=\"image\/png\" \/>\n<meta name=\"author\" content=\"confagricolturapiacenza\" \/>\n<meta name=\"twitter:card\" content=\"summary_large_image\" \/>\n<meta name=\"twitter:label1\" content=\"Scritto da\" \/>\n\t<meta name=\"twitter:data1\" content=\"confagricolturapiacenza\" \/>\n\t<meta name=\"twitter:label2\" content=\"Tempo di lettura stimato\" \/>\n\t<meta name=\"twitter:data2\" content=\"4 minuti\" \/>\n<script type=\"application\/ld+json\" class=\"yoast-schema-graph\">{\"@context\":\"https:\/\/schema.org\",\"@graph\":[{\"@type\":\"Article\",\"@id\":\"https:\/\/www.confagricoltura.org\/piacenza\/eletto-il-nuovo-consiglio-direttivo-di-confagricoltura-piacenza\/#article\",\"isPartOf\":{\"@id\":\"https:\/\/www.confagricoltura.org\/piacenza\/eletto-il-nuovo-consiglio-direttivo-di-confagricoltura-piacenza\/\"},\"author\":{\"name\":\"confagricolturapiacenza\",\"@id\":\"https:\/\/www.confagricoltura.org\/piacenza\/#\/schema\/person\/be5da25a3117fea4b3bfec9dba09b5e8\"},\"headline\":\"Eletto il nuovo Consiglio direttivo di Confagricoltura Piacenza\",\"datePublished\":\"2024-12-02T11:19:54+00:00\",\"dateModified\":\"2024-12-11T11:30:11+00:00\",\"mainEntityOfPage\":{\"@id\":\"https:\/\/www.confagricoltura.org\/piacenza\/eletto-il-nuovo-consiglio-direttivo-di-confagricoltura-piacenza\/\"},\"wordCount\":576,\"image\":{\"@id\":\"https:\/\/www.confagricoltura.org\/piacenza\/eletto-il-nuovo-consiglio-direttivo-di-confagricoltura-piacenza\/#primaryimage\"},\"thumbnailUrl\":\"https:\/\/www.confagricoltura.org\/piacenza\/wp-content\/uploads\/sites\/11\/2024\/12\/logoupapc.png\",\"keywords\":[\"consiglio direttivo\"],\"articleSection\":[\"Eventi\",\"News\"],\"inLanguage\":\"it-IT\"},{\"@type\":\"WebPage\",\"@id\":\"https:\/\/www.confagricoltura.org\/piacenza\/eletto-il-nuovo-consiglio-direttivo-di-confagricoltura-piacenza\/\",\"url\":\"https:\/\/www.confagricoltura.org\/piacenza\/eletto-il-nuovo-consiglio-direttivo-di-confagricoltura-piacenza\/\",\"name\":\"Eletto il nuovo Consiglio direttivo di Confagricoltura Piacenza - Confagricoltura Piacenza\",\"isPartOf\":{\"@id\":\"https:\/\/www.confagricoltura.org\/piacenza\/#website\"},\"primaryImageOfPage\":{\"@id\":\"https:\/\/www.confagricoltura.org\/piacenza\/eletto-il-nuovo-consiglio-direttivo-di-confagricoltura-piacenza\/#primaryimage\"},\"image\":{\"@id\":\"https:\/\/www.confagricoltura.org\/piacenza\/eletto-il-nuovo-consiglio-direttivo-di-confagricoltura-piacenza\/#primaryimage\"},\"thumbnailUrl\":\"https:\/\/www.confagricoltura.org\/piacenza\/wp-content\/uploads\/sites\/11\/2024\/12\/logoupapc.png\",\"datePublished\":\"2024-12-02T11:19:54+00:00\",\"dateModified\":\"2024-12-11T11:30:11+00:00\",\"author\":{\"@id\":\"https:\/\/www.confagricoltura.org\/piacenza\/#\/schema\/person\/be5da25a3117fea4b3bfec9dba09b5e8\"},\"breadcrumb\":{\"@id\":\"https:\/\/www.confagricoltura.org\/piacenza\/eletto-il-nuovo-consiglio-direttivo-di-confagricoltura-piacenza\/#breadcrumb\"},\"inLanguage\":\"it-IT\",\"potentialAction\":[{\"@type\":\"ReadAction\",\"target\":[\"https:\/\/www.confagricoltura.org\/piacenza\/eletto-il-nuovo-consiglio-direttivo-di-confagricoltura-piacenza\/\"]}]},{\"@type\":\"ImageObject\",\"inLanguage\":\"it-IT\",\"@id\":\"https:\/\/www.confagricoltura.org\/piacenza\/eletto-il-nuovo-consiglio-direttivo-di-confagricoltura-piacenza\/#primaryimage\",\"url\":\"https:\/\/www.confagricoltura.org\/piacenza\/wp-content\/uploads\/sites\/11\/2024\/12\/logoupapc.png\",\"contentUrl\":\"https:\/\/www.confagricoltura.org\/piacenza\/wp-content\/uploads\/sites\/11\/2024\/12\/logoupapc.png\",\"width\":667,\"height\":136},{\"@type\":\"BreadcrumbList\",\"@id\":\"https:\/\/www.confagricoltura.org\/piacenza\/eletto-il-nuovo-consiglio-direttivo-di-confagricoltura-piacenza\/#breadcrumb\",\"itemListElement\":[{\"@type\":\"ListItem\",\"position\":1,\"name\":\"Home\",\"item\":\"https:\/\/www.confagricoltura.org\/piacenza\/\"},{\"@type\":\"ListItem\",\"position\":2,\"name\":\"Eletto il nuovo Consiglio direttivo di Confagricoltura Piacenza\"}]},{\"@type\":\"WebSite\",\"@id\":\"https:\/\/www.confagricoltura.org\/piacenza\/#website\",\"url\":\"https:\/\/www.confagricoltura.org\/piacenza\/\",\"name\":\"Confagricoltura Piacenza\",\"description\":\"Dalla parte degli Agricoltori\",\"potentialAction\":[{\"@type\":\"SearchAction\",\"target\":{\"@type\":\"EntryPoint\",\"urlTemplate\":\"https:\/\/www.confagricoltura.org\/piacenza\/?s={search_term_string}\"},\"query-input\":{\"@type\":\"PropertyValueSpecification\",\"valueRequired\":true,\"valueName\":\"search_term_string\"}}],\"inLanguage\":\"it-IT\"},{\"@type\":\"Person\",\"@id\":\"https:\/\/www.confagricoltura.org\/piacenza\/#\/schema\/person\/be5da25a3117fea4b3bfec9dba09b5e8\",\"name\":\"confagricolturapiacenza\",\"image\":{\"@type\":\"ImageObject\",\"inLanguage\":\"it-IT\",\"@id\":\"https:\/\/www.confagricoltura.org\/piacenza\/#\/schema\/person\/image\/\",\"url\":\"https:\/\/secure.gravatar.com\/avatar\/9c5f111e417171581853bd0a3ff892ca?s=96&d=mm&r=g\",\"contentUrl\":\"https:\/\/secure.gravatar.com\/avatar\/9c5f111e417171581853bd0a3ff892ca?s=96&d=mm&r=g\",\"caption\":\"confagricolturapiacenza\"},\"url\":\"https:\/\/www.confagricoltura.org\/piacenza\/author\/confagricolturapiacenza\/\"}]}<\/script>\n<!-- \/ Yoast SEO plugin. -->","yoast_head_json":{"title":"Eletto il nuovo Consiglio direttivo di Confagricoltura Piacenza - Confagricoltura Piacenza","robots":{"index":"index","follow":"follow","max-snippet":"max-snippet:-1","max-image-preview":"max-image-preview:large","max-video-preview":"max-video-preview:-1"},"canonical":"https:\/\/www.confagricoltura.org\/piacenza\/eletto-il-nuovo-consiglio-direttivo-di-confagricoltura-piacenza\/","og_locale":"it_IT","og_type":"article","og_title":"Eletto il nuovo Consiglio direttivo di Confagricoltura Piacenza - Confagricoltura Piacenza","og_description":"In occasione della prima convocazione sar\u00e0 eletto il Presidente e la nuova Giunta Esecutiva","og_url":"https:\/\/www.confagricoltura.org\/piacenza\/eletto-il-nuovo-consiglio-direttivo-di-confagricoltura-piacenza\/","og_site_name":"Confagricoltura Piacenza","article_published_time":"2024-12-02T11:19:54+00:00","article_modified_time":"2024-12-11T11:30:11+00:00","og_image":[{"width":667,"height":136,"url":"https:\/\/www.confagricoltura.org\/piacenza\/wp-content\/uploads\/sites\/11\/2024\/12\/logoupapc.png","type":"image\/png"}],"author":"confagricolturapiacenza","twitter_card":"summary_large_image","twitter_misc":{"Scritto da":"confagricolturapiacenza","Tempo di lettura stimato":"4 minuti"},"schema":{"@context":"https:\/\/schema.org","@graph":[{"@type":"Article","@id":"https:\/\/www.confagricoltura.org\/piacenza\/eletto-il-nuovo-consiglio-direttivo-di-confagricoltura-piacenza\/#article","isPartOf":{"@id":"https:\/\/www.confagricoltura.org\/piacenza\/eletto-il-nuovo-consiglio-direttivo-di-confagricoltura-piacenza\/"},"author":{"name":"confagricolturapiacenza","@id":"https:\/\/www.confagricoltura.org\/piacenza\/#\/schema\/person\/be5da25a3117fea4b3bfec9dba09b5e8"},"headline":"Eletto il nuovo Consiglio direttivo di Confagricoltura Piacenza","datePublished":"2024-12-02T11:19:54+00:00","dateModified":"2024-12-11T11:30:11+00:00","mainEntityOfPage":{"@id":"https:\/\/www.confagricoltura.org\/piacenza\/eletto-il-nuovo-consiglio-direttivo-di-confagricoltura-piacenza\/"},"wordCount":576,"image":{"@id":"https:\/\/www.confagricoltura.org\/piacenza\/eletto-il-nuovo-consiglio-direttivo-di-confagricoltura-piacenza\/#primaryimage"},"thumbnailUrl":"https:\/\/www.confagricoltura.org\/piacenza\/wp-content\/uploads\/sites\/11\/2024\/12\/logoupapc.png","keywords":["consiglio direttivo"],"articleSection":["Eventi","News"],"inLanguage":"it-IT"},{"@type":"WebPage","@id":"https:\/\/www.confagricoltura.org\/piacenza\/eletto-il-nuovo-consiglio-direttivo-di-confagricoltura-piacenza\/","url":"https:\/\/www.confagricoltura.org\/piacenza\/eletto-il-nuovo-consiglio-direttivo-di-confagricoltura-piacenza\/","name":"Eletto il nuovo Consiglio direttivo di Confagricoltura Piacenza - Confagricoltura Piacenza","isPartOf":{"@id":"https:\/\/www.confagricoltura.org\/piacenza\/#website"},"primaryImageOfPage":{"@id":"https:\/\/www.confagricoltura.org\/piacenza\/eletto-il-nuovo-consiglio-direttivo-di-confagricoltura-piacenza\/#primaryimage"},"image":{"@id":"https:\/\/www.confagricoltura.org\/piacenza\/eletto-il-nuovo-consiglio-direttivo-di-confagricoltura-piacenza\/#primaryimage"},"thumbnailUrl":"https:\/\/www.confagricoltura.org\/piacenza\/wp-content\/uploads\/sites\/11\/2024\/12\/logoupapc.png","datePublished":"2024-12-02T11:19:54+00:00","dateModified":"2024-12-11T11:30:11+00:00","author":{"@id":"https:\/\/www.confagricoltura.org\/piacenza\/#\/schema\/person\/be5da25a3117fea4b3bfec9dba09b5e8"},"breadcrumb":{"@id":"https:\/\/www.confagricoltura.org\/piacenza\/eletto-il-nuovo-consiglio-direttivo-di-confagricoltura-piacenza\/#breadcrumb"},"inLanguage":"it-IT","potentialAction":[{"@type":"ReadAction","target":["https:\/\/www.confagricoltura.org\/piacenza\/eletto-il-nuovo-consiglio-direttivo-di-confagricoltura-piacenza\/"]}]},{"@type":"ImageObject","inLanguage":"it-IT","@id":"https:\/\/www.confagricoltura.org\/piacenza\/eletto-il-nuovo-consiglio-direttivo-di-confagricoltura-piacenza\/#primaryimage","url":"https:\/\/www.confagricoltura.org\/piacenza\/wp-content\/uploads\/sites\/11\/2024\/12\/logoupapc.png","contentUrl":"https:\/\/www.confagricoltura.org\/piacenza\/wp-content\/uploads\/sites\/11\/2024\/12\/logoupapc.png","width":667,"height":136},{"@type":"BreadcrumbList","@id":"https:\/\/www.confagricoltura.org\/piacenza\/eletto-il-nuovo-consiglio-direttivo-di-confagricoltura-piacenza\/#breadcrumb","itemListElement":[{"@type":"ListItem","position":1,"name":"Home","item":"https:\/\/www.confagricoltura.org\/piacenza\/"},{"@type":"ListItem","position":2,"name":"Eletto il nuovo Consiglio direttivo di Confagricoltura Piacenza"}]},{"@type":"WebSite","@id":"https:\/\/www.confagricoltura.org\/piacenza\/#website","url":"https:\/\/www.confagricoltura.org\/piacenza\/","name":"Confagricoltura Piacenza","description":"Dalla parte degli Agricoltori","potentialAction":[{"@type":"SearchAction","target":{"@type":"EntryPoint","urlTemplate":"https:\/\/www.confagricoltura.org\/piacenza\/?s={search_term_string}"},"query-input":{"@type":"PropertyValueSpecification","valueRequired":true,"valueName":"search_term_string"}}],"inLanguage":"it-IT"},{"@type":"Person","@id":"https:\/\/www.confagricoltura.org\/piacenza\/#\/schema\/person\/be5da25a3117fea4b3bfec9dba09b5e8","name":"confagricolturapiacenza","image":{"@type":"ImageObject","inLanguage":"it-IT","@id":"https:\/\/www.confagricoltura.org\/piacenza\/#\/schema\/person\/image\/","url":"https:\/\/secure.gravatar.com\/avatar\/9c5f111e417171581853bd0a3ff892ca?s=96&d=mm&r=g","contentUrl":"https:\/\/secure.gravatar.com\/avatar\/9c5f111e417171581853bd0a3ff892ca?s=96&d=mm&r=g","caption":"confagricolturapiacenza"},"url":"https:\/\/www.confagricoltura.org\/piacenza\/author\/confagricolturapiacenza\/"}]}},"_links":{"self":[{"href":"https:\/\/www.confagricoltura.org\/piacenza\/wp-json\/wp\/v2\/posts\/4834","targetHints":{"allow":["GET"]}}],"collection":[{"href":"https:\/\/www.confagricoltura.org\/piacenza\/wp-json\/wp\/v2\/posts"}],"about":[{"href":"https:\/\/www.confagricoltura.org\/piacenza\/wp-json\/wp\/v2\/types\/post"}],"author":[{"embeddable":true,"href":"https:\/\/www.confagricoltura.org\/piacenza\/wp-json\/wp\/v2\/users\/6"}],"replies":[{"embeddable":true,"href":"https:\/\/www.confagricoltura.org\/piacenza\/wp-json\/wp\/v2\/comments?post=4834"}],"version-history":[{"count":2,"href":"https:\/\/www.confagricoltura.org\/piacenza\/wp-json\/wp\/v2\/posts\/4834\/revisions"}],"predecessor-version":[{"id":4837,"href":"https:\/\/www.confagricoltura.org\/piacenza\/wp-json\/wp\/v2\/posts\/4834\/revisions\/4837"}],"wp:featuredmedia":[{"embeddable":true,"href":"https:\/\/www.confagricoltura.org\/piacenza\/wp-json\/wp\/v2\/media\/4835"}],"wp:attachment":[{"href":"https:\/\/www.confagricoltura.org\/piacenza\/wp-json\/wp\/v2\/media?parent=4834"}],"wp:term":[{"taxonomy":"category","embeddable":true,"href":"https:\/\/www.confagricoltura.org\/piacenza\/wp-json\/wp\/v2\/categories?post=4834"},{"taxonomy":"post_tag","embeddable":true,"href":"https:\/\/www.confagricoltura.org\/piacenza\/wp-json\/wp\/v2\/tags?post=4834"}],"curies":[{"name":"wp","href":"https:\/\/api.w.org\/{rel}","templated":true}]}}