{"id":4815,"date":"2024-11-18T12:11:39","date_gmt":"2024-11-18T11:11:39","guid":{"rendered":"https:\/\/www.confagricoltura.org\/piacenza\/?p=4815"},"modified":"2024-11-19T12:13:09","modified_gmt":"2024-11-19T11:13:09","slug":"workshop-sullagrivoltaico-ad-eima-bettuzzi-confagricoltura-piacenza-relatrice-con-i-massimi-esperti-del-settore","status":"publish","type":"post","link":"https:\/\/www.confagricoltura.org\/piacenza\/workshop-sullagrivoltaico-ad-eima-bettuzzi-confagricoltura-piacenza-relatrice-con-i-massimi-esperti-del-settore\/","title":{"rendered":"Workshop sull\u2019agrivoltaico ad Eima, Bettuzzi (Confagricoltura Piacenza) relatrice con i massimi esperti del settore"},"content":{"rendered":"<p>Innovazione e digitalizzazione a sostegno della circolarit\u00e0 delle filiere agroalimentari, fiscalit\u00e0 a supporto, meccanizzazione delle colture, politiche europee e normative. Questi e molti altri i temi al centro del programma di Confagricoltura all\u2019EIMA, Esposizione Internazionale di Macchine per l&#8217;Agricoltura che si \u00e8 tenuta a Bologna dal 6 al 10 novembre.\u00a0 La Confederazione, con uno spazio espositivo e ricettivo ad hoc, ha proposto soluzioni pratiche per affiancare le imprese agricole nel processo di innovazione, finalizzato a costruire un\u2019agricoltura sempre pi\u00f9 produttiva, competitiva e green.\u00a0 La delegazione di Confagricoltura Piacenza, con Susanna Franzini responsabile dei Servizi Tecnici, il collega Marco Piacentini ed Elena Gherardi Responsabile della Comunicazione, ha preso parte agli eventi di Eima l\u20198 novembre partecipando, in particolare, al workshop di Edagricole \u201cFotovoltaico alla prova del campo\u201d che ha visto Roberta Bettuzzi, responsabile dell\u2019Ufficio investimenti di Confagricoltura Piacenza, intervenire come relatrice insieme ai massimi esperti del settore.<\/p>\n<p>Bettuzzi ha illustrato il caso pratico dell\u2019impianto agrivoltaico sull\u2019azienda Zangrandi di Monticelli d\u2019Ongina (Pc), attivo dal 2012: il primo in Italia e uno dei primi al mondo. \u201cL\u2019imprenditore agricolo \u2013 ha spiegato Bettuzzi &#8211; percepisce la Pac sul terreno sottostante. Per ottenere ci\u00f2 \u00e8 stato necessario un accatastamento separato delle strutture sovrastanti i terreni come manufatto e del terreno coltivabile rimasto sulla superficie sottostante, parallelamente \u00e8 stata prodotta a suo tempo una perizia asseverata che documenta la continuit\u00e0 e la produttivit\u00e0 agricola del terreno interessato\u201d.\u00a0 Stefano Amaucci &#8211; professore ordinario dell\u2019Universit\u00e0 Cattolica di Piacenza &#8211; ha illustrato gli aspetti di ottimizzazione tecnica e agronomica di un impianto agrivoltaico. \u201c\u00c8 meglio parlare di sistema agrivoltaico &#8211; ha sottolineato Amaducci \u2013 perch\u00e9 consideriamo l\u2019insieme sia delle strutture tecnologiche che delle coltivazioni sottostanti\u201d. Andrea Cristini &#8211; presidente di Anie Rinnovabili di Confindustria \u2013 ha parlato delle tecnologie adottate nell\u2019applicazione dell\u2019agrivoltaico e di quelle che in futuro potranno essere implementate. Alberto Assirelli, dirigente di ricerca CREA Ingegneria e Trasformazioni agroalimentari, ha focalizzato l\u2019attenzione sui macchinari agricoli e sulla loro compatibilit\u00e0 con le strutture degli impianti agrivoltaici.<\/p>\n<p>Roberta Bettuzzi ha in particolare approfondito gli aspetti normativi, amministrati e le forme di incentivo previste per la realizzazione dei sistemi agrivoltaici analizzando il DM Agrivoltaico che ha promosso la realizzazione di sistemi agrivoltaici innovativi di natura sperimentale con l\u2019obiettivo di realizzare almeno 1,04 gigawatt di nuovi impianti mettendo a disposizione dal PNRR\u00a01,1 miliardi di euro. \u201cQuesto primo bando, chiuso il 2 settembre, ha previsto che le imprese agricole che installano un impianto agrivoltaico potessero recuperare fino al 40% delle spese sotto forma di contributo a fondo perduto\u00a0e\u00a0usufruire di una tariffa incentivante per 20 anni\u00a0a valere sulla quota di energia elettrica prodotta e immessa in rete. Mentre la capacit\u00e0 delle risorse a bando per i grandi impianti \u00e8 stata esaurita \u2013 ha concluso Bettuzzi \u2013 restano a disposizione risorse per i piccoli impianti, ma ad oggi non sappiamo se e come uscir\u00e0 un eventuale ulteriore bando, nel caso, si auspica che le criticit\u00e0 attenzionate da Confagricoltura nel primo bando vengano riviste per garantire l\u2019accesso a tutti i potenziali beneficiari\u201d.<\/p>\n","protected":false},"excerpt":{"rendered":"<p>Confagricoltura protagonista alla manifestazione <\/p>\n","protected":false},"author":6,"featured_media":4816,"comment_status":"closed","ping_status":"closed","sticky":false,"template":"","format":"standard","meta":{"wp_mapbox_gl_js_media":[],"footnotes":""},"categories":[21,4],"tags":[],"class_list":["post-4815","post","type-post","status-publish","format-standard","has-post-thumbnail","hentry","category-eventi","category-news"],"yoast_head":"<!-- This site is optimized with the Yoast SEO plugin v26.8 - https:\/\/yoast.com\/product\/yoast-seo-wordpress\/ -->\n<title>Workshop sull\u2019agrivoltaico ad Eima, Bettuzzi (Confagricoltura Piacenza) relatrice con i massimi esperti del settore - Confagricoltura Piacenza<\/title>\n<meta name=\"robots\" content=\"index, follow, max-snippet:-1, max-image-preview:large, max-video-preview:-1\" \/>\n<link rel=\"canonical\" href=\"https:\/\/www.confagricoltura.org\/piacenza\/workshop-sullagrivoltaico-ad-eima-bettuzzi-confagricoltura-piacenza-relatrice-con-i-massimi-esperti-del-settore\/\" \/>\n<meta property=\"og:locale\" content=\"it_IT\" \/>\n<meta property=\"og:type\" content=\"article\" \/>\n<meta property=\"og:title\" content=\"Workshop sull\u2019agrivoltaico ad Eima, Bettuzzi (Confagricoltura Piacenza) relatrice con i massimi esperti del settore - Confagricoltura Piacenza\" \/>\n<meta property=\"og:description\" content=\"Confagricoltura protagonista alla manifestazione\" \/>\n<meta property=\"og:url\" content=\"https:\/\/www.confagricoltura.org\/piacenza\/workshop-sullagrivoltaico-ad-eima-bettuzzi-confagricoltura-piacenza-relatrice-con-i-massimi-esperti-del-settore\/\" \/>\n<meta property=\"og:site_name\" content=\"Confagricoltura Piacenza\" \/>\n<meta property=\"article:published_time\" content=\"2024-11-18T11:11:39+00:00\" \/>\n<meta property=\"article:modified_time\" content=\"2024-11-19T11:13:09+00:00\" \/>\n<meta property=\"og:image\" content=\"https:\/\/www.confagricoltura.org\/piacenza\/wp-content\/uploads\/sites\/11\/2024\/11\/Roberta-Bettuzzi-RELATRICE.jpeg\" \/>\n\t<meta property=\"og:image:width\" content=\"1929\" \/>\n\t<meta property=\"og:image:height\" content=\"2170\" \/>\n\t<meta property=\"og:image:type\" content=\"image\/jpeg\" \/>\n<meta name=\"author\" content=\"confagricolturapiacenza\" \/>\n<meta name=\"twitter:card\" content=\"summary_large_image\" \/>\n<meta name=\"twitter:label1\" content=\"Scritto da\" \/>\n\t<meta name=\"twitter:data1\" content=\"confagricolturapiacenza\" \/>\n\t<meta name=\"twitter:label2\" content=\"Tempo di lettura stimato\" \/>\n\t<meta name=\"twitter:data2\" content=\"3 minuti\" \/>\n<script type=\"application\/ld+json\" class=\"yoast-schema-graph\">{\"@context\":\"https:\/\/schema.org\",\"@graph\":[{\"@type\":\"Article\",\"@id\":\"https:\/\/www.confagricoltura.org\/piacenza\/workshop-sullagrivoltaico-ad-eima-bettuzzi-confagricoltura-piacenza-relatrice-con-i-massimi-esperti-del-settore\/#article\",\"isPartOf\":{\"@id\":\"https:\/\/www.confagricoltura.org\/piacenza\/workshop-sullagrivoltaico-ad-eima-bettuzzi-confagricoltura-piacenza-relatrice-con-i-massimi-esperti-del-settore\/\"},\"author\":{\"name\":\"confagricolturapiacenza\",\"@id\":\"https:\/\/www.confagricoltura.org\/piacenza\/#\/schema\/person\/be5da25a3117fea4b3bfec9dba09b5e8\"},\"headline\":\"Workshop sull\u2019agrivoltaico ad Eima, Bettuzzi (Confagricoltura Piacenza) relatrice con i massimi esperti del settore\",\"datePublished\":\"2024-11-18T11:11:39+00:00\",\"dateModified\":\"2024-11-19T11:13:09+00:00\",\"mainEntityOfPage\":{\"@id\":\"https:\/\/www.confagricoltura.org\/piacenza\/workshop-sullagrivoltaico-ad-eima-bettuzzi-confagricoltura-piacenza-relatrice-con-i-massimi-esperti-del-settore\/\"},\"wordCount\":513,\"image\":{\"@id\":\"https:\/\/www.confagricoltura.org\/piacenza\/workshop-sullagrivoltaico-ad-eima-bettuzzi-confagricoltura-piacenza-relatrice-con-i-massimi-esperti-del-settore\/#primaryimage\"},\"thumbnailUrl\":\"https:\/\/www.confagricoltura.org\/piacenza\/wp-content\/uploads\/sites\/11\/2024\/11\/Roberta-Bettuzzi-RELATRICE.jpeg\",\"articleSection\":[\"Eventi\",\"News\"],\"inLanguage\":\"it-IT\"},{\"@type\":\"WebPage\",\"@id\":\"https:\/\/www.confagricoltura.org\/piacenza\/workshop-sullagrivoltaico-ad-eima-bettuzzi-confagricoltura-piacenza-relatrice-con-i-massimi-esperti-del-settore\/\",\"url\":\"https:\/\/www.confagricoltura.org\/piacenza\/workshop-sullagrivoltaico-ad-eima-bettuzzi-confagricoltura-piacenza-relatrice-con-i-massimi-esperti-del-settore\/\",\"name\":\"Workshop sull\u2019agrivoltaico ad Eima, Bettuzzi (Confagricoltura Piacenza) relatrice con i massimi esperti del settore - Confagricoltura Piacenza\",\"isPartOf\":{\"@id\":\"https:\/\/www.confagricoltura.org\/piacenza\/#website\"},\"primaryImageOfPage\":{\"@id\":\"https:\/\/www.confagricoltura.org\/piacenza\/workshop-sullagrivoltaico-ad-eima-bettuzzi-confagricoltura-piacenza-relatrice-con-i-massimi-esperti-del-settore\/#primaryimage\"},\"image\":{\"@id\":\"https:\/\/www.confagricoltura.org\/piacenza\/workshop-sullagrivoltaico-ad-eima-bettuzzi-confagricoltura-piacenza-relatrice-con-i-massimi-esperti-del-settore\/#primaryimage\"},\"thumbnailUrl\":\"https:\/\/www.confagricoltura.org\/piacenza\/wp-content\/uploads\/sites\/11\/2024\/11\/Roberta-Bettuzzi-RELATRICE.jpeg\",\"datePublished\":\"2024-11-18T11:11:39+00:00\",\"dateModified\":\"2024-11-19T11:13:09+00:00\",\"author\":{\"@id\":\"https:\/\/www.confagricoltura.org\/piacenza\/#\/schema\/person\/be5da25a3117fea4b3bfec9dba09b5e8\"},\"breadcrumb\":{\"@id\":\"https:\/\/www.confagricoltura.org\/piacenza\/workshop-sullagrivoltaico-ad-eima-bettuzzi-confagricoltura-piacenza-relatrice-con-i-massimi-esperti-del-settore\/#breadcrumb\"},\"inLanguage\":\"it-IT\",\"potentialAction\":[{\"@type\":\"ReadAction\",\"target\":[\"https:\/\/www.confagricoltura.org\/piacenza\/workshop-sullagrivoltaico-ad-eima-bettuzzi-confagricoltura-piacenza-relatrice-con-i-massimi-esperti-del-settore\/\"]}]},{\"@type\":\"ImageObject\",\"inLanguage\":\"it-IT\",\"@id\":\"https:\/\/www.confagricoltura.org\/piacenza\/workshop-sullagrivoltaico-ad-eima-bettuzzi-confagricoltura-piacenza-relatrice-con-i-massimi-esperti-del-settore\/#primaryimage\",\"url\":\"https:\/\/www.confagricoltura.org\/piacenza\/wp-content\/uploads\/sites\/11\/2024\/11\/Roberta-Bettuzzi-RELATRICE.jpeg\",\"contentUrl\":\"https:\/\/www.confagricoltura.org\/piacenza\/wp-content\/uploads\/sites\/11\/2024\/11\/Roberta-Bettuzzi-RELATRICE.jpeg\",\"width\":1929,\"height\":2170},{\"@type\":\"BreadcrumbList\",\"@id\":\"https:\/\/www.confagricoltura.org\/piacenza\/workshop-sullagrivoltaico-ad-eima-bettuzzi-confagricoltura-piacenza-relatrice-con-i-massimi-esperti-del-settore\/#breadcrumb\",\"itemListElement\":[{\"@type\":\"ListItem\",\"position\":1,\"name\":\"Home\",\"item\":\"https:\/\/www.confagricoltura.org\/piacenza\/\"},{\"@type\":\"ListItem\",\"position\":2,\"name\":\"Workshop sull\u2019agrivoltaico ad Eima, Bettuzzi (Confagricoltura Piacenza) relatrice con i massimi esperti del settore\"}]},{\"@type\":\"WebSite\",\"@id\":\"https:\/\/www.confagricoltura.org\/piacenza\/#website\",\"url\":\"https:\/\/www.confagricoltura.org\/piacenza\/\",\"name\":\"Confagricoltura Piacenza\",\"description\":\"Dalla parte degli Agricoltori\",\"potentialAction\":[{\"@type\":\"SearchAction\",\"target\":{\"@type\":\"EntryPoint\",\"urlTemplate\":\"https:\/\/www.confagricoltura.org\/piacenza\/?s={search_term_string}\"},\"query-input\":{\"@type\":\"PropertyValueSpecification\",\"valueRequired\":true,\"valueName\":\"search_term_string\"}}],\"inLanguage\":\"it-IT\"},{\"@type\":\"Person\",\"@id\":\"https:\/\/www.confagricoltura.org\/piacenza\/#\/schema\/person\/be5da25a3117fea4b3bfec9dba09b5e8\",\"name\":\"confagricolturapiacenza\",\"image\":{\"@type\":\"ImageObject\",\"inLanguage\":\"it-IT\",\"@id\":\"https:\/\/www.confagricoltura.org\/piacenza\/#\/schema\/person\/image\/\",\"url\":\"https:\/\/secure.gravatar.com\/avatar\/9c5f111e417171581853bd0a3ff892ca?s=96&d=mm&r=g\",\"contentUrl\":\"https:\/\/secure.gravatar.com\/avatar\/9c5f111e417171581853bd0a3ff892ca?s=96&d=mm&r=g\",\"caption\":\"confagricolturapiacenza\"},\"url\":\"https:\/\/www.confagricoltura.org\/piacenza\/author\/confagricolturapiacenza\/\"}]}<\/script>\n<!-- \/ Yoast SEO plugin. -->","yoast_head_json":{"title":"Workshop sull\u2019agrivoltaico ad Eima, Bettuzzi (Confagricoltura Piacenza) relatrice con i massimi esperti del settore - Confagricoltura Piacenza","robots":{"index":"index","follow":"follow","max-snippet":"max-snippet:-1","max-image-preview":"max-image-preview:large","max-video-preview":"max-video-preview:-1"},"canonical":"https:\/\/www.confagricoltura.org\/piacenza\/workshop-sullagrivoltaico-ad-eima-bettuzzi-confagricoltura-piacenza-relatrice-con-i-massimi-esperti-del-settore\/","og_locale":"it_IT","og_type":"article","og_title":"Workshop sull\u2019agrivoltaico ad Eima, Bettuzzi (Confagricoltura Piacenza) relatrice con i massimi esperti del settore - Confagricoltura Piacenza","og_description":"Confagricoltura protagonista alla manifestazione","og_url":"https:\/\/www.confagricoltura.org\/piacenza\/workshop-sullagrivoltaico-ad-eima-bettuzzi-confagricoltura-piacenza-relatrice-con-i-massimi-esperti-del-settore\/","og_site_name":"Confagricoltura Piacenza","article_published_time":"2024-11-18T11:11:39+00:00","article_modified_time":"2024-11-19T11:13:09+00:00","og_image":[{"width":1929,"height":2170,"url":"https:\/\/www.confagricoltura.org\/piacenza\/wp-content\/uploads\/sites\/11\/2024\/11\/Roberta-Bettuzzi-RELATRICE.jpeg","type":"image\/jpeg"}],"author":"confagricolturapiacenza","twitter_card":"summary_large_image","twitter_misc":{"Scritto da":"confagricolturapiacenza","Tempo di lettura stimato":"3 minuti"},"schema":{"@context":"https:\/\/schema.org","@graph":[{"@type":"Article","@id":"https:\/\/www.confagricoltura.org\/piacenza\/workshop-sullagrivoltaico-ad-eima-bettuzzi-confagricoltura-piacenza-relatrice-con-i-massimi-esperti-del-settore\/#article","isPartOf":{"@id":"https:\/\/www.confagricoltura.org\/piacenza\/workshop-sullagrivoltaico-ad-eima-bettuzzi-confagricoltura-piacenza-relatrice-con-i-massimi-esperti-del-settore\/"},"author":{"name":"confagricolturapiacenza","@id":"https:\/\/www.confagricoltura.org\/piacenza\/#\/schema\/person\/be5da25a3117fea4b3bfec9dba09b5e8"},"headline":"Workshop sull\u2019agrivoltaico ad Eima, Bettuzzi (Confagricoltura Piacenza) relatrice con i massimi esperti del settore","datePublished":"2024-11-18T11:11:39+00:00","dateModified":"2024-11-19T11:13:09+00:00","mainEntityOfPage":{"@id":"https:\/\/www.confagricoltura.org\/piacenza\/workshop-sullagrivoltaico-ad-eima-bettuzzi-confagricoltura-piacenza-relatrice-con-i-massimi-esperti-del-settore\/"},"wordCount":513,"image":{"@id":"https:\/\/www.confagricoltura.org\/piacenza\/workshop-sullagrivoltaico-ad-eima-bettuzzi-confagricoltura-piacenza-relatrice-con-i-massimi-esperti-del-settore\/#primaryimage"},"thumbnailUrl":"https:\/\/www.confagricoltura.org\/piacenza\/wp-content\/uploads\/sites\/11\/2024\/11\/Roberta-Bettuzzi-RELATRICE.jpeg","articleSection":["Eventi","News"],"inLanguage":"it-IT"},{"@type":"WebPage","@id":"https:\/\/www.confagricoltura.org\/piacenza\/workshop-sullagrivoltaico-ad-eima-bettuzzi-confagricoltura-piacenza-relatrice-con-i-massimi-esperti-del-settore\/","url":"https:\/\/www.confagricoltura.org\/piacenza\/workshop-sullagrivoltaico-ad-eima-bettuzzi-confagricoltura-piacenza-relatrice-con-i-massimi-esperti-del-settore\/","name":"Workshop sull\u2019agrivoltaico ad Eima, Bettuzzi (Confagricoltura Piacenza) relatrice con i massimi esperti del settore - Confagricoltura Piacenza","isPartOf":{"@id":"https:\/\/www.confagricoltura.org\/piacenza\/#website"},"primaryImageOfPage":{"@id":"https:\/\/www.confagricoltura.org\/piacenza\/workshop-sullagrivoltaico-ad-eima-bettuzzi-confagricoltura-piacenza-relatrice-con-i-massimi-esperti-del-settore\/#primaryimage"},"image":{"@id":"https:\/\/www.confagricoltura.org\/piacenza\/workshop-sullagrivoltaico-ad-eima-bettuzzi-confagricoltura-piacenza-relatrice-con-i-massimi-esperti-del-settore\/#primaryimage"},"thumbnailUrl":"https:\/\/www.confagricoltura.org\/piacenza\/wp-content\/uploads\/sites\/11\/2024\/11\/Roberta-Bettuzzi-RELATRICE.jpeg","datePublished":"2024-11-18T11:11:39+00:00","dateModified":"2024-11-19T11:13:09+00:00","author":{"@id":"https:\/\/www.confagricoltura.org\/piacenza\/#\/schema\/person\/be5da25a3117fea4b3bfec9dba09b5e8"},"breadcrumb":{"@id":"https:\/\/www.confagricoltura.org\/piacenza\/workshop-sullagrivoltaico-ad-eima-bettuzzi-confagricoltura-piacenza-relatrice-con-i-massimi-esperti-del-settore\/#breadcrumb"},"inLanguage":"it-IT","potentialAction":[{"@type":"ReadAction","target":["https:\/\/www.confagricoltura.org\/piacenza\/workshop-sullagrivoltaico-ad-eima-bettuzzi-confagricoltura-piacenza-relatrice-con-i-massimi-esperti-del-settore\/"]}]},{"@type":"ImageObject","inLanguage":"it-IT","@id":"https:\/\/www.confagricoltura.org\/piacenza\/workshop-sullagrivoltaico-ad-eima-bettuzzi-confagricoltura-piacenza-relatrice-con-i-massimi-esperti-del-settore\/#primaryimage","url":"https:\/\/www.confagricoltura.org\/piacenza\/wp-content\/uploads\/sites\/11\/2024\/11\/Roberta-Bettuzzi-RELATRICE.jpeg","contentUrl":"https:\/\/www.confagricoltura.org\/piacenza\/wp-content\/uploads\/sites\/11\/2024\/11\/Roberta-Bettuzzi-RELATRICE.jpeg","width":1929,"height":2170},{"@type":"BreadcrumbList","@id":"https:\/\/www.confagricoltura.org\/piacenza\/workshop-sullagrivoltaico-ad-eima-bettuzzi-confagricoltura-piacenza-relatrice-con-i-massimi-esperti-del-settore\/#breadcrumb","itemListElement":[{"@type":"ListItem","position":1,"name":"Home","item":"https:\/\/www.confagricoltura.org\/piacenza\/"},{"@type":"ListItem","position":2,"name":"Workshop sull\u2019agrivoltaico ad Eima, Bettuzzi (Confagricoltura Piacenza) relatrice con i massimi esperti del settore"}]},{"@type":"WebSite","@id":"https:\/\/www.confagricoltura.org\/piacenza\/#website","url":"https:\/\/www.confagricoltura.org\/piacenza\/","name":"Confagricoltura Piacenza","description":"Dalla parte degli Agricoltori","potentialAction":[{"@type":"SearchAction","target":{"@type":"EntryPoint","urlTemplate":"https:\/\/www.confagricoltura.org\/piacenza\/?s={search_term_string}"},"query-input":{"@type":"PropertyValueSpecification","valueRequired":true,"valueName":"search_term_string"}}],"inLanguage":"it-IT"},{"@type":"Person","@id":"https:\/\/www.confagricoltura.org\/piacenza\/#\/schema\/person\/be5da25a3117fea4b3bfec9dba09b5e8","name":"confagricolturapiacenza","image":{"@type":"ImageObject","inLanguage":"it-IT","@id":"https:\/\/www.confagricoltura.org\/piacenza\/#\/schema\/person\/image\/","url":"https:\/\/secure.gravatar.com\/avatar\/9c5f111e417171581853bd0a3ff892ca?s=96&d=mm&r=g","contentUrl":"https:\/\/secure.gravatar.com\/avatar\/9c5f111e417171581853bd0a3ff892ca?s=96&d=mm&r=g","caption":"confagricolturapiacenza"},"url":"https:\/\/www.confagricoltura.org\/piacenza\/author\/confagricolturapiacenza\/"}]}},"_links":{"self":[{"href":"https:\/\/www.confagricoltura.org\/piacenza\/wp-json\/wp\/v2\/posts\/4815","targetHints":{"allow":["GET"]}}],"collection":[{"href":"https:\/\/www.confagricoltura.org\/piacenza\/wp-json\/wp\/v2\/posts"}],"about":[{"href":"https:\/\/www.confagricoltura.org\/piacenza\/wp-json\/wp\/v2\/types\/post"}],"author":[{"embeddable":true,"href":"https:\/\/www.confagricoltura.org\/piacenza\/wp-json\/wp\/v2\/users\/6"}],"replies":[{"embeddable":true,"href":"https:\/\/www.confagricoltura.org\/piacenza\/wp-json\/wp\/v2\/comments?post=4815"}],"version-history":[{"count":1,"href":"https:\/\/www.confagricoltura.org\/piacenza\/wp-json\/wp\/v2\/posts\/4815\/revisions"}],"predecessor-version":[{"id":4817,"href":"https:\/\/www.confagricoltura.org\/piacenza\/wp-json\/wp\/v2\/posts\/4815\/revisions\/4817"}],"wp:featuredmedia":[{"embeddable":true,"href":"https:\/\/www.confagricoltura.org\/piacenza\/wp-json\/wp\/v2\/media\/4816"}],"wp:attachment":[{"href":"https:\/\/www.confagricoltura.org\/piacenza\/wp-json\/wp\/v2\/media?parent=4815"}],"wp:term":[{"taxonomy":"category","embeddable":true,"href":"https:\/\/www.confagricoltura.org\/piacenza\/wp-json\/wp\/v2\/categories?post=4815"},{"taxonomy":"post_tag","embeddable":true,"href":"https:\/\/www.confagricoltura.org\/piacenza\/wp-json\/wp\/v2\/tags?post=4815"}],"curies":[{"name":"wp","href":"https:\/\/api.w.org\/{rel}","templated":true}]}}