{"id":4802,"date":"2024-11-04T11:45:20","date_gmt":"2024-11-04T10:45:20","guid":{"rendered":"https:\/\/www.confagricoltura.org\/piacenza\/?p=4802"},"modified":"2024-11-19T11:49:13","modified_gmt":"2024-11-19T10:49:13","slug":"a-veano-inaugurato-il-viaggio-realta-multifunzionale-approdo-e-avvio-per-unesperienza-unica-sul-territorio","status":"publish","type":"post","link":"https:\/\/www.confagricoltura.org\/piacenza\/a-veano-inaugurato-il-viaggio-realta-multifunzionale-approdo-e-avvio-per-unesperienza-unica-sul-territorio\/","title":{"rendered":"A Veano inaugurato \u201cIl Viaggio\u201d: realt\u00e0 multifunzionale, approdo e avvio per un\u2019esperienza unica sul territorio"},"content":{"rendered":"<p>Sabato mattina due novembre a Veano di Vigolzone \u00e8 stato ufficialmente inaugurato \u201cIl Viaggio\u201d: l\u2019impresa sociale realizzata da Alberto Nicolini e Ornella Calamari. Il complesso comprende un birrificio artigianale, birreria con piccola cucina, camere, relais con piscina e un\u2019azienda agricola con campi coltivati e persino un oliveto.<\/p>\n<p>Stampa e istituzioni che hanno preso parte numerose all\u2019evento sono rimaste colpite dalla bellezza del posto e del progetto stesso che offre possibilit\u00e0 di inserimento per persone fragili con obiettivi e ruoli che possano stimolare il loro miglioramento continuo.\u201d Il Viaggio\u201d \u00e8 operativo da qualche mese e ha gi\u00e0 all\u2019attivo collaborazioni con associazioni del territorio come Oltre L\u2019Autismo, i cui ragazzi svolgono attivit\u00e0 in birrificio e La Matita Parlante che ha curato anche la realizzazione delle etichette delle otto birre artigianali prodotte a partire dall\u2019orzo dell\u2019azienda agricola. Oltre ad Alberto e Ornella a fare gli onori di casa Monica Nastrucci, coordinatrice del progetto e Manuel Peratici, mastro birraio, che ha illustrato le lavorazioni del birrificio. C\u2019erano, soprattutto, Francesco, capace di realizzare i ceci tostati pi\u00f9 buoni al mondo ed Elia, addetto all\u2019accoglienza e alle colazioni e che in qualit\u00e0 di esperto di cucina il primo dicembre terr\u00e0 un corso per fare gli anolini.<\/p>\n<p>La realt\u00e0 \u00e8 associata a Confagricoltura Piacenza e per l\u2019occasione erano presenti il consulente agronomo Giovanni Marchesi, la responsabile della comunicazione Elena Gherardi e la referente tecnica del settore agrituristico Lara Sartori.<\/p>\n<p>\u201cCi piace viaggiare anche in posti insoliti, difficili, non ricchi \u2013 hanno spiegato Alberto e Ornella, manager lui commercialista lei &#8211; e condividere un pezzettino di vita con le persone di questi Paesi. Di ritorno da un viaggio in Dancalia, regione del Corno d\u2019Africa, nel 2019, \u00e8 nata l\u2019idea di dare opportunit\u00e0 di lavoro a persone che hanno pi\u00f9 difficolt\u00e0. \u201cIl Viaggio\u201d \u00e8 iniziato cos\u00ec\u201d.\u00a0 Per prima cosa sono stati acquistati i terreni dall\u2019Opera Pia Alberoni, con cui l\u2019azienda tutt\u2019ora collabora. \u00c8, ad esempio, frutto della collaborazione il posizionamento della Big Banch che permette di ammirare il celebre viale e il panorama sulla vallata. \u201cTutti gli immobili confluiranno in una fondazione, mentre l\u2019attivit\u00e0 \u00e8 portata avanti dall\u2019impresa sociale \u2013 ha spiegato Nicolini -. Noi abbiamo conservato le nostre professioni, anche se investiamo tanto tempo ed energie qui. Ci aiutano Monica che coordina il tutto, Manuel in birrificio e i referenti dei vari settori, soprattutto \u00e8 fondamentale il contributo dei ragazzi e delle ragazze che vengono qui per lavorare e fare attivit\u00e0\u201d.<\/p>\n<p>Il relais rievoca i viaggi di Alberto e Ornella attraverso i nomi delle suite e delle stanze (sei in tutto), completano gli ambienti diverse foto significative e alcuni oggetti d\u2019arredo sempre inerenti ai loro viaggi. Oltre alla vista mozzafiato e alla piscina a sfioro alcune soluzioni hanno optional aggiuntivi (come la sauna e l\u2019area fitness). La cura \u00e8 l\u2019elemento dominante. Una cura che parte dalla lavorazione delle materie prime di origine aziendale per trasformarle nella birra e negli alimenti da offrire agli ospiti, consigliatissimi i ceci tostati e l\u2019hummus.\u00a0 Una sfida che ha richiesto coraggio, un\u2019idea di impresa che deve fare i conti tutte le difficolt\u00e0 dell\u2019agricoltura di collina, dei settori della ricezione e della ristorazione, con in pi\u00f9 quelle legate agli scopi sociali. Un viaggio che \u00e8 diventato un luogo e insieme un percorso di vita, un\u2019attivit\u00e0 che mette al centro le persone. \u201cSiamo molto orgogliosi dei nostri associati per quanto stanno facendo\u201d hanno sottolineato i rappresentanti di Confagricoltura Piacenza.<\/p>\n","protected":false},"excerpt":{"rendered":"<p>Confagricoltura Piacenza: molto orgogliosi dei nostri associati per quanto stanno facendo <\/p>\n","protected":false},"author":6,"featured_media":4803,"comment_status":"closed","ping_status":"closed","sticky":false,"template":"","format":"standard","meta":{"wp_mapbox_gl_js_media":[],"footnotes":""},"categories":[21,4],"tags":[],"class_list":["post-4802","post","type-post","status-publish","format-standard","has-post-thumbnail","hentry","category-eventi","category-news"],"yoast_head":"<!-- This site is optimized with the Yoast SEO plugin v26.8 - https:\/\/yoast.com\/product\/yoast-seo-wordpress\/ -->\n<title>A Veano inaugurato \u201cIl Viaggio\u201d: realt\u00e0 multifunzionale, approdo e avvio per un\u2019esperienza unica sul territorio - Confagricoltura Piacenza<\/title>\n<meta name=\"robots\" content=\"index, follow, max-snippet:-1, max-image-preview:large, max-video-preview:-1\" \/>\n<link rel=\"canonical\" href=\"https:\/\/www.confagricoltura.org\/piacenza\/a-veano-inaugurato-il-viaggio-realta-multifunzionale-approdo-e-avvio-per-unesperienza-unica-sul-territorio\/\" \/>\n<meta property=\"og:locale\" content=\"it_IT\" \/>\n<meta property=\"og:type\" content=\"article\" \/>\n<meta property=\"og:title\" content=\"A Veano inaugurato \u201cIl Viaggio\u201d: realt\u00e0 multifunzionale, approdo e avvio per un\u2019esperienza unica sul territorio - Confagricoltura Piacenza\" \/>\n<meta property=\"og:description\" content=\"Confagricoltura Piacenza: molto orgogliosi dei nostri associati per quanto stanno facendo\" \/>\n<meta property=\"og:url\" content=\"https:\/\/www.confagricoltura.org\/piacenza\/a-veano-inaugurato-il-viaggio-realta-multifunzionale-approdo-e-avvio-per-unesperienza-unica-sul-territorio\/\" \/>\n<meta property=\"og:site_name\" content=\"Confagricoltura Piacenza\" \/>\n<meta property=\"article:published_time\" content=\"2024-11-04T10:45:20+00:00\" \/>\n<meta property=\"article:modified_time\" content=\"2024-11-19T10:49:13+00:00\" \/>\n<meta property=\"og:image\" content=\"https:\/\/www.confagricoltura.org\/piacenza\/wp-content\/uploads\/sites\/11\/2024\/11\/I-fondatori-de-Il-Viaggio-lo-staff-e-la-delegazione-di-Confagricoltura.jpg\" \/>\n\t<meta property=\"og:image:width\" content=\"817\" \/>\n\t<meta property=\"og:image:height\" content=\"613\" \/>\n\t<meta property=\"og:image:type\" content=\"image\/jpeg\" \/>\n<meta name=\"author\" content=\"confagricolturapiacenza\" \/>\n<meta name=\"twitter:card\" content=\"summary_large_image\" \/>\n<meta name=\"twitter:label1\" content=\"Scritto da\" \/>\n\t<meta name=\"twitter:data1\" content=\"confagricolturapiacenza\" \/>\n\t<meta name=\"twitter:label2\" content=\"Tempo di lettura stimato\" \/>\n\t<meta name=\"twitter:data2\" content=\"4 minuti\" \/>\n<script type=\"application\/ld+json\" class=\"yoast-schema-graph\">{\"@context\":\"https:\/\/schema.org\",\"@graph\":[{\"@type\":\"Article\",\"@id\":\"https:\/\/www.confagricoltura.org\/piacenza\/a-veano-inaugurato-il-viaggio-realta-multifunzionale-approdo-e-avvio-per-unesperienza-unica-sul-territorio\/#article\",\"isPartOf\":{\"@id\":\"https:\/\/www.confagricoltura.org\/piacenza\/a-veano-inaugurato-il-viaggio-realta-multifunzionale-approdo-e-avvio-per-unesperienza-unica-sul-territorio\/\"},\"author\":{\"name\":\"confagricolturapiacenza\",\"@id\":\"https:\/\/www.confagricoltura.org\/piacenza\/#\/schema\/person\/be5da25a3117fea4b3bfec9dba09b5e8\"},\"headline\":\"A Veano inaugurato \u201cIl Viaggio\u201d: realt\u00e0 multifunzionale, approdo e avvio per un\u2019esperienza unica sul territorio\",\"datePublished\":\"2024-11-04T10:45:20+00:00\",\"dateModified\":\"2024-11-19T10:49:13+00:00\",\"mainEntityOfPage\":{\"@id\":\"https:\/\/www.confagricoltura.org\/piacenza\/a-veano-inaugurato-il-viaggio-realta-multifunzionale-approdo-e-avvio-per-unesperienza-unica-sul-territorio\/\"},\"wordCount\":591,\"image\":{\"@id\":\"https:\/\/www.confagricoltura.org\/piacenza\/a-veano-inaugurato-il-viaggio-realta-multifunzionale-approdo-e-avvio-per-unesperienza-unica-sul-territorio\/#primaryimage\"},\"thumbnailUrl\":\"https:\/\/www.confagricoltura.org\/piacenza\/wp-content\/uploads\/sites\/11\/2024\/11\/I-fondatori-de-Il-Viaggio-lo-staff-e-la-delegazione-di-Confagricoltura.jpg\",\"articleSection\":[\"Eventi\",\"News\"],\"inLanguage\":\"it-IT\"},{\"@type\":\"WebPage\",\"@id\":\"https:\/\/www.confagricoltura.org\/piacenza\/a-veano-inaugurato-il-viaggio-realta-multifunzionale-approdo-e-avvio-per-unesperienza-unica-sul-territorio\/\",\"url\":\"https:\/\/www.confagricoltura.org\/piacenza\/a-veano-inaugurato-il-viaggio-realta-multifunzionale-approdo-e-avvio-per-unesperienza-unica-sul-territorio\/\",\"name\":\"A Veano inaugurato \u201cIl Viaggio\u201d: realt\u00e0 multifunzionale, approdo e avvio per un\u2019esperienza unica sul territorio - Confagricoltura Piacenza\",\"isPartOf\":{\"@id\":\"https:\/\/www.confagricoltura.org\/piacenza\/#website\"},\"primaryImageOfPage\":{\"@id\":\"https:\/\/www.confagricoltura.org\/piacenza\/a-veano-inaugurato-il-viaggio-realta-multifunzionale-approdo-e-avvio-per-unesperienza-unica-sul-territorio\/#primaryimage\"},\"image\":{\"@id\":\"https:\/\/www.confagricoltura.org\/piacenza\/a-veano-inaugurato-il-viaggio-realta-multifunzionale-approdo-e-avvio-per-unesperienza-unica-sul-territorio\/#primaryimage\"},\"thumbnailUrl\":\"https:\/\/www.confagricoltura.org\/piacenza\/wp-content\/uploads\/sites\/11\/2024\/11\/I-fondatori-de-Il-Viaggio-lo-staff-e-la-delegazione-di-Confagricoltura.jpg\",\"datePublished\":\"2024-11-04T10:45:20+00:00\",\"dateModified\":\"2024-11-19T10:49:13+00:00\",\"author\":{\"@id\":\"https:\/\/www.confagricoltura.org\/piacenza\/#\/schema\/person\/be5da25a3117fea4b3bfec9dba09b5e8\"},\"breadcrumb\":{\"@id\":\"https:\/\/www.confagricoltura.org\/piacenza\/a-veano-inaugurato-il-viaggio-realta-multifunzionale-approdo-e-avvio-per-unesperienza-unica-sul-territorio\/#breadcrumb\"},\"inLanguage\":\"it-IT\",\"potentialAction\":[{\"@type\":\"ReadAction\",\"target\":[\"https:\/\/www.confagricoltura.org\/piacenza\/a-veano-inaugurato-il-viaggio-realta-multifunzionale-approdo-e-avvio-per-unesperienza-unica-sul-territorio\/\"]}]},{\"@type\":\"ImageObject\",\"inLanguage\":\"it-IT\",\"@id\":\"https:\/\/www.confagricoltura.org\/piacenza\/a-veano-inaugurato-il-viaggio-realta-multifunzionale-approdo-e-avvio-per-unesperienza-unica-sul-territorio\/#primaryimage\",\"url\":\"https:\/\/www.confagricoltura.org\/piacenza\/wp-content\/uploads\/sites\/11\/2024\/11\/I-fondatori-de-Il-Viaggio-lo-staff-e-la-delegazione-di-Confagricoltura.jpg\",\"contentUrl\":\"https:\/\/www.confagricoltura.org\/piacenza\/wp-content\/uploads\/sites\/11\/2024\/11\/I-fondatori-de-Il-Viaggio-lo-staff-e-la-delegazione-di-Confagricoltura.jpg\",\"width\":817,\"height\":613},{\"@type\":\"BreadcrumbList\",\"@id\":\"https:\/\/www.confagricoltura.org\/piacenza\/a-veano-inaugurato-il-viaggio-realta-multifunzionale-approdo-e-avvio-per-unesperienza-unica-sul-territorio\/#breadcrumb\",\"itemListElement\":[{\"@type\":\"ListItem\",\"position\":1,\"name\":\"Home\",\"item\":\"https:\/\/www.confagricoltura.org\/piacenza\/\"},{\"@type\":\"ListItem\",\"position\":2,\"name\":\"A Veano inaugurato \u201cIl Viaggio\u201d: realt\u00e0 multifunzionale, approdo e avvio per un\u2019esperienza unica sul territorio\"}]},{\"@type\":\"WebSite\",\"@id\":\"https:\/\/www.confagricoltura.org\/piacenza\/#website\",\"url\":\"https:\/\/www.confagricoltura.org\/piacenza\/\",\"name\":\"Confagricoltura Piacenza\",\"description\":\"Dalla parte degli Agricoltori\",\"potentialAction\":[{\"@type\":\"SearchAction\",\"target\":{\"@type\":\"EntryPoint\",\"urlTemplate\":\"https:\/\/www.confagricoltura.org\/piacenza\/?s={search_term_string}\"},\"query-input\":{\"@type\":\"PropertyValueSpecification\",\"valueRequired\":true,\"valueName\":\"search_term_string\"}}],\"inLanguage\":\"it-IT\"},{\"@type\":\"Person\",\"@id\":\"https:\/\/www.confagricoltura.org\/piacenza\/#\/schema\/person\/be5da25a3117fea4b3bfec9dba09b5e8\",\"name\":\"confagricolturapiacenza\",\"image\":{\"@type\":\"ImageObject\",\"inLanguage\":\"it-IT\",\"@id\":\"https:\/\/www.confagricoltura.org\/piacenza\/#\/schema\/person\/image\/\",\"url\":\"https:\/\/secure.gravatar.com\/avatar\/9c5f111e417171581853bd0a3ff892ca?s=96&d=mm&r=g\",\"contentUrl\":\"https:\/\/secure.gravatar.com\/avatar\/9c5f111e417171581853bd0a3ff892ca?s=96&d=mm&r=g\",\"caption\":\"confagricolturapiacenza\"},\"url\":\"https:\/\/www.confagricoltura.org\/piacenza\/author\/confagricolturapiacenza\/\"}]}<\/script>\n<!-- \/ Yoast SEO plugin. -->","yoast_head_json":{"title":"A Veano inaugurato \u201cIl Viaggio\u201d: realt\u00e0 multifunzionale, approdo e avvio per un\u2019esperienza unica sul territorio - Confagricoltura Piacenza","robots":{"index":"index","follow":"follow","max-snippet":"max-snippet:-1","max-image-preview":"max-image-preview:large","max-video-preview":"max-video-preview:-1"},"canonical":"https:\/\/www.confagricoltura.org\/piacenza\/a-veano-inaugurato-il-viaggio-realta-multifunzionale-approdo-e-avvio-per-unesperienza-unica-sul-territorio\/","og_locale":"it_IT","og_type":"article","og_title":"A Veano inaugurato \u201cIl Viaggio\u201d: realt\u00e0 multifunzionale, approdo e avvio per un\u2019esperienza unica sul territorio - Confagricoltura Piacenza","og_description":"Confagricoltura Piacenza: molto orgogliosi dei nostri associati per quanto stanno facendo","og_url":"https:\/\/www.confagricoltura.org\/piacenza\/a-veano-inaugurato-il-viaggio-realta-multifunzionale-approdo-e-avvio-per-unesperienza-unica-sul-territorio\/","og_site_name":"Confagricoltura Piacenza","article_published_time":"2024-11-04T10:45:20+00:00","article_modified_time":"2024-11-19T10:49:13+00:00","og_image":[{"width":817,"height":613,"url":"https:\/\/www.confagricoltura.org\/piacenza\/wp-content\/uploads\/sites\/11\/2024\/11\/I-fondatori-de-Il-Viaggio-lo-staff-e-la-delegazione-di-Confagricoltura.jpg","type":"image\/jpeg"}],"author":"confagricolturapiacenza","twitter_card":"summary_large_image","twitter_misc":{"Scritto da":"confagricolturapiacenza","Tempo di lettura stimato":"4 minuti"},"schema":{"@context":"https:\/\/schema.org","@graph":[{"@type":"Article","@id":"https:\/\/www.confagricoltura.org\/piacenza\/a-veano-inaugurato-il-viaggio-realta-multifunzionale-approdo-e-avvio-per-unesperienza-unica-sul-territorio\/#article","isPartOf":{"@id":"https:\/\/www.confagricoltura.org\/piacenza\/a-veano-inaugurato-il-viaggio-realta-multifunzionale-approdo-e-avvio-per-unesperienza-unica-sul-territorio\/"},"author":{"name":"confagricolturapiacenza","@id":"https:\/\/www.confagricoltura.org\/piacenza\/#\/schema\/person\/be5da25a3117fea4b3bfec9dba09b5e8"},"headline":"A Veano inaugurato \u201cIl Viaggio\u201d: realt\u00e0 multifunzionale, approdo e avvio per un\u2019esperienza unica sul territorio","datePublished":"2024-11-04T10:45:20+00:00","dateModified":"2024-11-19T10:49:13+00:00","mainEntityOfPage":{"@id":"https:\/\/www.confagricoltura.org\/piacenza\/a-veano-inaugurato-il-viaggio-realta-multifunzionale-approdo-e-avvio-per-unesperienza-unica-sul-territorio\/"},"wordCount":591,"image":{"@id":"https:\/\/www.confagricoltura.org\/piacenza\/a-veano-inaugurato-il-viaggio-realta-multifunzionale-approdo-e-avvio-per-unesperienza-unica-sul-territorio\/#primaryimage"},"thumbnailUrl":"https:\/\/www.confagricoltura.org\/piacenza\/wp-content\/uploads\/sites\/11\/2024\/11\/I-fondatori-de-Il-Viaggio-lo-staff-e-la-delegazione-di-Confagricoltura.jpg","articleSection":["Eventi","News"],"inLanguage":"it-IT"},{"@type":"WebPage","@id":"https:\/\/www.confagricoltura.org\/piacenza\/a-veano-inaugurato-il-viaggio-realta-multifunzionale-approdo-e-avvio-per-unesperienza-unica-sul-territorio\/","url":"https:\/\/www.confagricoltura.org\/piacenza\/a-veano-inaugurato-il-viaggio-realta-multifunzionale-approdo-e-avvio-per-unesperienza-unica-sul-territorio\/","name":"A Veano inaugurato \u201cIl Viaggio\u201d: realt\u00e0 multifunzionale, approdo e avvio per un\u2019esperienza unica sul territorio - Confagricoltura Piacenza","isPartOf":{"@id":"https:\/\/www.confagricoltura.org\/piacenza\/#website"},"primaryImageOfPage":{"@id":"https:\/\/www.confagricoltura.org\/piacenza\/a-veano-inaugurato-il-viaggio-realta-multifunzionale-approdo-e-avvio-per-unesperienza-unica-sul-territorio\/#primaryimage"},"image":{"@id":"https:\/\/www.confagricoltura.org\/piacenza\/a-veano-inaugurato-il-viaggio-realta-multifunzionale-approdo-e-avvio-per-unesperienza-unica-sul-territorio\/#primaryimage"},"thumbnailUrl":"https:\/\/www.confagricoltura.org\/piacenza\/wp-content\/uploads\/sites\/11\/2024\/11\/I-fondatori-de-Il-Viaggio-lo-staff-e-la-delegazione-di-Confagricoltura.jpg","datePublished":"2024-11-04T10:45:20+00:00","dateModified":"2024-11-19T10:49:13+00:00","author":{"@id":"https:\/\/www.confagricoltura.org\/piacenza\/#\/schema\/person\/be5da25a3117fea4b3bfec9dba09b5e8"},"breadcrumb":{"@id":"https:\/\/www.confagricoltura.org\/piacenza\/a-veano-inaugurato-il-viaggio-realta-multifunzionale-approdo-e-avvio-per-unesperienza-unica-sul-territorio\/#breadcrumb"},"inLanguage":"it-IT","potentialAction":[{"@type":"ReadAction","target":["https:\/\/www.confagricoltura.org\/piacenza\/a-veano-inaugurato-il-viaggio-realta-multifunzionale-approdo-e-avvio-per-unesperienza-unica-sul-territorio\/"]}]},{"@type":"ImageObject","inLanguage":"it-IT","@id":"https:\/\/www.confagricoltura.org\/piacenza\/a-veano-inaugurato-il-viaggio-realta-multifunzionale-approdo-e-avvio-per-unesperienza-unica-sul-territorio\/#primaryimage","url":"https:\/\/www.confagricoltura.org\/piacenza\/wp-content\/uploads\/sites\/11\/2024\/11\/I-fondatori-de-Il-Viaggio-lo-staff-e-la-delegazione-di-Confagricoltura.jpg","contentUrl":"https:\/\/www.confagricoltura.org\/piacenza\/wp-content\/uploads\/sites\/11\/2024\/11\/I-fondatori-de-Il-Viaggio-lo-staff-e-la-delegazione-di-Confagricoltura.jpg","width":817,"height":613},{"@type":"BreadcrumbList","@id":"https:\/\/www.confagricoltura.org\/piacenza\/a-veano-inaugurato-il-viaggio-realta-multifunzionale-approdo-e-avvio-per-unesperienza-unica-sul-territorio\/#breadcrumb","itemListElement":[{"@type":"ListItem","position":1,"name":"Home","item":"https:\/\/www.confagricoltura.org\/piacenza\/"},{"@type":"ListItem","position":2,"name":"A Veano inaugurato \u201cIl Viaggio\u201d: realt\u00e0 multifunzionale, approdo e avvio per un\u2019esperienza unica sul territorio"}]},{"@type":"WebSite","@id":"https:\/\/www.confagricoltura.org\/piacenza\/#website","url":"https:\/\/www.confagricoltura.org\/piacenza\/","name":"Confagricoltura Piacenza","description":"Dalla parte degli Agricoltori","potentialAction":[{"@type":"SearchAction","target":{"@type":"EntryPoint","urlTemplate":"https:\/\/www.confagricoltura.org\/piacenza\/?s={search_term_string}"},"query-input":{"@type":"PropertyValueSpecification","valueRequired":true,"valueName":"search_term_string"}}],"inLanguage":"it-IT"},{"@type":"Person","@id":"https:\/\/www.confagricoltura.org\/piacenza\/#\/schema\/person\/be5da25a3117fea4b3bfec9dba09b5e8","name":"confagricolturapiacenza","image":{"@type":"ImageObject","inLanguage":"it-IT","@id":"https:\/\/www.confagricoltura.org\/piacenza\/#\/schema\/person\/image\/","url":"https:\/\/secure.gravatar.com\/avatar\/9c5f111e417171581853bd0a3ff892ca?s=96&d=mm&r=g","contentUrl":"https:\/\/secure.gravatar.com\/avatar\/9c5f111e417171581853bd0a3ff892ca?s=96&d=mm&r=g","caption":"confagricolturapiacenza"},"url":"https:\/\/www.confagricoltura.org\/piacenza\/author\/confagricolturapiacenza\/"}]}},"_links":{"self":[{"href":"https:\/\/www.confagricoltura.org\/piacenza\/wp-json\/wp\/v2\/posts\/4802","targetHints":{"allow":["GET"]}}],"collection":[{"href":"https:\/\/www.confagricoltura.org\/piacenza\/wp-json\/wp\/v2\/posts"}],"about":[{"href":"https:\/\/www.confagricoltura.org\/piacenza\/wp-json\/wp\/v2\/types\/post"}],"author":[{"embeddable":true,"href":"https:\/\/www.confagricoltura.org\/piacenza\/wp-json\/wp\/v2\/users\/6"}],"replies":[{"embeddable":true,"href":"https:\/\/www.confagricoltura.org\/piacenza\/wp-json\/wp\/v2\/comments?post=4802"}],"version-history":[{"count":1,"href":"https:\/\/www.confagricoltura.org\/piacenza\/wp-json\/wp\/v2\/posts\/4802\/revisions"}],"predecessor-version":[{"id":4804,"href":"https:\/\/www.confagricoltura.org\/piacenza\/wp-json\/wp\/v2\/posts\/4802\/revisions\/4804"}],"wp:featuredmedia":[{"embeddable":true,"href":"https:\/\/www.confagricoltura.org\/piacenza\/wp-json\/wp\/v2\/media\/4803"}],"wp:attachment":[{"href":"https:\/\/www.confagricoltura.org\/piacenza\/wp-json\/wp\/v2\/media?parent=4802"}],"wp:term":[{"taxonomy":"category","embeddable":true,"href":"https:\/\/www.confagricoltura.org\/piacenza\/wp-json\/wp\/v2\/categories?post=4802"},{"taxonomy":"post_tag","embeddable":true,"href":"https:\/\/www.confagricoltura.org\/piacenza\/wp-json\/wp\/v2\/tags?post=4802"}],"curies":[{"name":"wp","href":"https:\/\/api.w.org\/{rel}","templated":true}]}}