{"id":4789,"date":"2024-10-20T11:57:35","date_gmt":"2024-10-20T09:57:35","guid":{"rendered":"https:\/\/www.confagricoltura.org\/piacenza\/?p=4789"},"modified":"2024-11-15T12:04:38","modified_gmt":"2024-11-15T11:04:38","slug":"cambio-al-vertice-dei-giovani-di-confagricoltura-anga-il-presidente-e-filippo-losi","status":"publish","type":"post","link":"https:\/\/www.confagricoltura.org\/piacenza\/cambio-al-vertice-dei-giovani-di-confagricoltura-anga-il-presidente-e-filippo-losi\/","title":{"rendered":"Cambio al vertice dei giovani di Confagricoltura &#8211; ANGA: il presidente \u00e8 Filippo Losi"},"content":{"rendered":"<p>\u00c8 Filippo Losi il nuovo presidente dei giovani imprenditori agricoli di Confagricoltura\u2013 ANGA sezione di Piacenza. \u00c8 stato nominato la sera del 15 ottobre per acclamazione contestualmente all\u2019assemblea che ha eletto anche il nuovo Consiglio direttivo. Losi succede a Corrado Peratici, alla fine del suo secondo mandato.<\/p>\n<p>Filippo Losi, 29 anni, geometra, \u00e8 contitolare con il padre della societ\u00e0 agricola Ca\u2019 del Lupo in Localit\u00e0 Ivaccari (Pc): un\u2019azienda di circa 80 ettari in cui si coltivano mais (principalmente da seme), pomodoro e grano. Si occupa anche di lavorazioni di trebbiatura, vangatura, semina mais e le tradizionali lavorazioni per conto terzi come attivit\u00e0 connessa.<\/p>\n<p>Socio attivo di Anga Piacenza da circa dieci anni, appena eletto ha rivolto un sentito ringraziamento al presidente uscente \u201cper quanto ha dato in questi anni all\u2019associazione e per la disponibilit\u00e0 che ci ha gi\u00e0 accordato, come past president, a confidare nella suo supporto e nella sua sperienza\u201d. \u201cSono emozionato e grato \u2013 ha giunto Losi \u2013 per la fiducia che riponete in me, mi auguro di essere all\u2019altezza, certo \u00e8 che conto su di voi, sulla squadra del nuovo Consiglio direttivo che si \u00e8 formata questa sera e in particolare sulla Giunta e sui due Vicepresidenti\u201d.<\/p>\n<p>\u201cChiudiamo sette anni con in mezzo una pandemia e una guerra alle porte dell\u2019Europa che ha fortemente destabilizzato i mercati \u2013 ha sintetizzato il presidente uscente Corrado Peratici al passaggio del testimone \u2013 \u00e8 chiaro che le aziende e in particolare quelle giovani si sono trovate in difficolt\u00e0. C\u2019\u00e8 di un mondo di giovani imprenditori che avanza veloce con la tecnologia che permette di essere sempre pi\u00f9 performanti, ma abbiamo un sistema decisionale che ci rallenta. Rispetto a sette anni fa la situazione \u00e8 anche peggiorata. Basti pensare alla Nuova Pac: con questi continui aggiornamenti, non si \u00e8 ancora capito che direzione prender\u00e0. Forse anche per queste ragioni non riusciamo ad attrare tanti talenti quanti il settore primario meriterebbe. Il nuovo presidente avr\u00e0 il compito di dare aria fresca e nuova. C\u2019\u00e8 una bella squadra, con tanta voglia di fare. Buon Lavoro!\u201d.<\/p>\n<p>\u201cIl nostro obiettivo \u00e8 far crescere Anga \u2013 ha dichiarato Losi &#8211; e di avvicinare sempre pi\u00f9 giovani alla nostra Associazione. Purtroppo i giovani che lavorano attivamente in agricoltura diminuiscono con il passare degli anni e questo \u00e8 un vero peccato perch\u00e9 \u00e8 un settore che richiede tanti sacrifici, ma che d\u00e0 soddisfazioni impagabili. Noi giovani rappresentiamo il progresso e l\u2019innovazione del nostro settore, ma non dobbiamo scordare le nostre tradizioni che in agricoltura, pi\u00f9 che in ogni altro ambito, sono sacre. L\u2019impegno che mi do personalmente \u00e8 quello di far sentire la nostra voce in Confagricoltura, in particolare per far conoscere le nostre esigenze, le nostre idee e per risolvere le problematiche quotidiane che noi giovani incontriamo. Tra queste, due sono gi\u00e0 sul tavolo con priorit\u00e0 assoluta: la prima riguarda la gestione della fauna selvatica. Abbiamo lupi che procurano danni enormi agli allevamenti arrivando persino ad assalire i vitelli nelle stalle e cinghiali che in una sola notte riescono a distruggere interi campi di mais e girasole appena seminati e questo senza parlare del dramma della Psa, di cui i cinghiali sono vettore, per gli allevamenti suinicoli. La seconda problematica \u00e8 la reperibilit\u00e0 della manodopera. Concludendo, idee ne abbiamo tante e non ci manca la voglia di fare. Un altro tema che vorrei riprendere \u00e8 quello della formazione manageriale: serve formazione sulla gestione aziendale e competenza nella redazione dei bilanci e dei business plan.\u00a0 Vorremmo tenere appuntamenti di aggiornamento anche sulla Pac. Per chiudere, il tema dei temi: lavoreremo per agire in tutti i modi limitando la mala burocrazia che rappresenta un costo aggiuntivo ed erode competitivit\u00e0 alle imprese\u201d.<\/p>\n<p>Affiancano il presidente due Vicepresidenti: Marco Barbieri ed Edoardo Lib\u00e8, che assume per la prima volta un ruolo dirigenziale in Anga.<\/p>\n<p>Marco Barbieri, 27 anni, in Anga da 9, perito agrario, conduce con il fratello e il padre l\u2019azienda Agricola Barbieri a Montale (Pc) di circa 95 ettari dedicati per la met\u00e0 alla coltivazione del pomodoro da industria e per la parte restante a grano e mais, oltre ad esercitare l\u2019attivit\u00e0 connessa di lavorazioni per conto terzi. Barbieri \u00e8 vicepresidente di lungo corso.\u00a0 \u201cSono contento \u2013 ha detto &#8211; lavorer\u00f2 in continuit\u00e0 per fare sempre di pi\u00f9. Speriamo che anche le condizioni esterne siano pi\u00f9 favorevoli, ci lasciamo alle spalle anni difficili per tutti. Ringrazio della fiducia\u201d.<\/p>\n<p>Edoardo Lib\u00e8, 25 anni, perito agrario coadiuvante del padre nella gestione dell\u2019azienda di famiglia, una piccola realt\u00e0 di 15 ettari a vocazione cerealicola. Lavora anche come tecnico di una multinazionale produttrice di agrofarmaci. \u00c8 alla sua prima esperienza in Anga. \u201cSono interessato a sviluppare una rete di contatti e a poter cos\u00ec avere la fotografia della realt\u00e0 dell\u2019imprenditoria agricola giovanile a tutto tondo. Ringrazio Filippo Losi che mi ha dato l\u2019opportunit\u00e0 della vicepresidenza, mi impegner\u00f2 al meglio al suo fianco, spero di fare bene.\u201d<\/p>\n<p>Ad affiancare il presidente e i vicepresidenti ci sar\u00e0 il tesoriere Peter Pighi. Entrano per la prima volta in Consiglio Direttivo: Vittorio Bertoli Merelli, Marco Colombi, Andrea Bonini Leonardo Di Poppa e Andrea Orefici.\u00a0 Confermati in Consiglio: Davide Bertoni e Roberto Botti.<\/p>\n<p>Parole di plauso e di incoraggiamento vengono da Confagricoltura Piacenza. \u201cI giovani di Anga \u2013 ha sottolineato il presidente di Confagricoltura Piacenza Filippo Gasparini &#8211; sono il futuro dell\u2019associazione. Per Confagricoltura \u00e8 necessario e utile avere un dialogo aperto e costruttivo con gli imprenditori under 40, perch\u00e9, se noi rappresentiamo l\u2019esperienza, loro sono l\u2019entusiasmo e la voglia di guardare al domani con un coraggio che le difficolt\u00e0 del mestiere negli anni tendono a contrastare\u201d. Il neoeletto presidente entrer\u00e0 di diritto anche nella giunta esecutiva di Confagricoltura Piacenza, mentre Edoardo Lib\u00e8 e Vittorio Bertoli Merelli parteciperanno al Consiglio Direttivo di Confagricoltura Piacenza in qualit\u00e0 di uditori.<\/p>\n<p>\u201cBuon lavoro al Presidente e a tutta la squadra \u2013 ha concluso Gasparini &#8211; tenete sempre presente che Confagricoltura \u00e8 la vostra casa\u201d.<\/p>\n","protected":false},"excerpt":{"rendered":"<p>Succede a Corrado Peratici che ha terminato il secondo mandato. Rinnovato anche il Consiglio.<\/p>\n","protected":false},"author":6,"featured_media":4791,"comment_status":"closed","ping_status":"closed","sticky":false,"template":"","format":"standard","meta":{"wp_mapbox_gl_js_media":[],"footnotes":""},"categories":[21,4],"tags":[445],"class_list":["post-4789","post","type-post","status-publish","format-standard","has-post-thumbnail","hentry","category-eventi","category-news","tag-anga"],"yoast_head":"<!-- This site is optimized with the Yoast SEO plugin v26.8 - https:\/\/yoast.com\/product\/yoast-seo-wordpress\/ -->\n<title>Cambio al vertice dei giovani di Confagricoltura - ANGA: il presidente \u00e8 Filippo Losi - Confagricoltura Piacenza<\/title>\n<meta name=\"robots\" content=\"index, follow, max-snippet:-1, max-image-preview:large, max-video-preview:-1\" \/>\n<link rel=\"canonical\" href=\"https:\/\/www.confagricoltura.org\/piacenza\/cambio-al-vertice-dei-giovani-di-confagricoltura-anga-il-presidente-e-filippo-losi\/\" \/>\n<meta property=\"og:locale\" content=\"it_IT\" \/>\n<meta property=\"og:type\" content=\"article\" \/>\n<meta property=\"og:title\" content=\"Cambio al vertice dei giovani di Confagricoltura - ANGA: il presidente \u00e8 Filippo Losi - Confagricoltura Piacenza\" \/>\n<meta property=\"og:description\" content=\"Succede a Corrado Peratici che ha terminato il secondo mandato. Rinnovato anche il Consiglio.\" \/>\n<meta property=\"og:url\" content=\"https:\/\/www.confagricoltura.org\/piacenza\/cambio-al-vertice-dei-giovani-di-confagricoltura-anga-il-presidente-e-filippo-losi\/\" \/>\n<meta property=\"og:site_name\" content=\"Confagricoltura Piacenza\" \/>\n<meta property=\"article:published_time\" content=\"2024-10-20T09:57:35+00:00\" \/>\n<meta property=\"article:modified_time\" content=\"2024-11-15T11:04:38+00:00\" \/>\n<meta property=\"og:image\" content=\"https:\/\/www.confagricoltura.org\/piacenza\/wp-content\/uploads\/sites\/11\/2024\/11\/ANGA-Losi-Peratici.jpg\" \/>\n\t<meta property=\"og:image:width\" content=\"1536\" \/>\n\t<meta property=\"og:image:height\" content=\"1492\" \/>\n\t<meta property=\"og:image:type\" content=\"image\/jpeg\" \/>\n<meta name=\"author\" content=\"confagricolturapiacenza\" \/>\n<meta name=\"twitter:card\" content=\"summary_large_image\" \/>\n<meta name=\"twitter:label1\" content=\"Scritto da\" \/>\n\t<meta name=\"twitter:data1\" content=\"confagricolturapiacenza\" \/>\n\t<meta name=\"twitter:label2\" content=\"Tempo di lettura stimato\" \/>\n\t<meta name=\"twitter:data2\" content=\"6 minuti\" \/>\n<script type=\"application\/ld+json\" class=\"yoast-schema-graph\">{\"@context\":\"https:\/\/schema.org\",\"@graph\":[{\"@type\":\"Article\",\"@id\":\"https:\/\/www.confagricoltura.org\/piacenza\/cambio-al-vertice-dei-giovani-di-confagricoltura-anga-il-presidente-e-filippo-losi\/#article\",\"isPartOf\":{\"@id\":\"https:\/\/www.confagricoltura.org\/piacenza\/cambio-al-vertice-dei-giovani-di-confagricoltura-anga-il-presidente-e-filippo-losi\/\"},\"author\":{\"name\":\"confagricolturapiacenza\",\"@id\":\"https:\/\/www.confagricoltura.org\/piacenza\/#\/schema\/person\/be5da25a3117fea4b3bfec9dba09b5e8\"},\"headline\":\"Cambio al vertice dei giovani di Confagricoltura &#8211; ANGA: il presidente \u00e8 Filippo Losi\",\"datePublished\":\"2024-10-20T09:57:35+00:00\",\"dateModified\":\"2024-11-15T11:04:38+00:00\",\"mainEntityOfPage\":{\"@id\":\"https:\/\/www.confagricoltura.org\/piacenza\/cambio-al-vertice-dei-giovani-di-confagricoltura-anga-il-presidente-e-filippo-losi\/\"},\"wordCount\":976,\"image\":{\"@id\":\"https:\/\/www.confagricoltura.org\/piacenza\/cambio-al-vertice-dei-giovani-di-confagricoltura-anga-il-presidente-e-filippo-losi\/#primaryimage\"},\"thumbnailUrl\":\"https:\/\/www.confagricoltura.org\/piacenza\/wp-content\/uploads\/sites\/11\/2024\/11\/ANGA-Losi-Peratici.jpg\",\"keywords\":[\"anga\"],\"articleSection\":[\"Eventi\",\"News\"],\"inLanguage\":\"it-IT\"},{\"@type\":\"WebPage\",\"@id\":\"https:\/\/www.confagricoltura.org\/piacenza\/cambio-al-vertice-dei-giovani-di-confagricoltura-anga-il-presidente-e-filippo-losi\/\",\"url\":\"https:\/\/www.confagricoltura.org\/piacenza\/cambio-al-vertice-dei-giovani-di-confagricoltura-anga-il-presidente-e-filippo-losi\/\",\"name\":\"Cambio al vertice dei giovani di Confagricoltura - ANGA: il presidente \u00e8 Filippo Losi - Confagricoltura Piacenza\",\"isPartOf\":{\"@id\":\"https:\/\/www.confagricoltura.org\/piacenza\/#website\"},\"primaryImageOfPage\":{\"@id\":\"https:\/\/www.confagricoltura.org\/piacenza\/cambio-al-vertice-dei-giovani-di-confagricoltura-anga-il-presidente-e-filippo-losi\/#primaryimage\"},\"image\":{\"@id\":\"https:\/\/www.confagricoltura.org\/piacenza\/cambio-al-vertice-dei-giovani-di-confagricoltura-anga-il-presidente-e-filippo-losi\/#primaryimage\"},\"thumbnailUrl\":\"https:\/\/www.confagricoltura.org\/piacenza\/wp-content\/uploads\/sites\/11\/2024\/11\/ANGA-Losi-Peratici.jpg\",\"datePublished\":\"2024-10-20T09:57:35+00:00\",\"dateModified\":\"2024-11-15T11:04:38+00:00\",\"author\":{\"@id\":\"https:\/\/www.confagricoltura.org\/piacenza\/#\/schema\/person\/be5da25a3117fea4b3bfec9dba09b5e8\"},\"breadcrumb\":{\"@id\":\"https:\/\/www.confagricoltura.org\/piacenza\/cambio-al-vertice-dei-giovani-di-confagricoltura-anga-il-presidente-e-filippo-losi\/#breadcrumb\"},\"inLanguage\":\"it-IT\",\"potentialAction\":[{\"@type\":\"ReadAction\",\"target\":[\"https:\/\/www.confagricoltura.org\/piacenza\/cambio-al-vertice-dei-giovani-di-confagricoltura-anga-il-presidente-e-filippo-losi\/\"]}]},{\"@type\":\"ImageObject\",\"inLanguage\":\"it-IT\",\"@id\":\"https:\/\/www.confagricoltura.org\/piacenza\/cambio-al-vertice-dei-giovani-di-confagricoltura-anga-il-presidente-e-filippo-losi\/#primaryimage\",\"url\":\"https:\/\/www.confagricoltura.org\/piacenza\/wp-content\/uploads\/sites\/11\/2024\/11\/ANGA-Losi-Peratici.jpg\",\"contentUrl\":\"https:\/\/www.confagricoltura.org\/piacenza\/wp-content\/uploads\/sites\/11\/2024\/11\/ANGA-Losi-Peratici.jpg\",\"width\":1536,\"height\":1492},{\"@type\":\"BreadcrumbList\",\"@id\":\"https:\/\/www.confagricoltura.org\/piacenza\/cambio-al-vertice-dei-giovani-di-confagricoltura-anga-il-presidente-e-filippo-losi\/#breadcrumb\",\"itemListElement\":[{\"@type\":\"ListItem\",\"position\":1,\"name\":\"Home\",\"item\":\"https:\/\/www.confagricoltura.org\/piacenza\/\"},{\"@type\":\"ListItem\",\"position\":2,\"name\":\"Cambio al vertice dei giovani di Confagricoltura &#8211; ANGA: il presidente \u00e8 Filippo Losi\"}]},{\"@type\":\"WebSite\",\"@id\":\"https:\/\/www.confagricoltura.org\/piacenza\/#website\",\"url\":\"https:\/\/www.confagricoltura.org\/piacenza\/\",\"name\":\"Confagricoltura Piacenza\",\"description\":\"Dalla parte degli Agricoltori\",\"potentialAction\":[{\"@type\":\"SearchAction\",\"target\":{\"@type\":\"EntryPoint\",\"urlTemplate\":\"https:\/\/www.confagricoltura.org\/piacenza\/?s={search_term_string}\"},\"query-input\":{\"@type\":\"PropertyValueSpecification\",\"valueRequired\":true,\"valueName\":\"search_term_string\"}}],\"inLanguage\":\"it-IT\"},{\"@type\":\"Person\",\"@id\":\"https:\/\/www.confagricoltura.org\/piacenza\/#\/schema\/person\/be5da25a3117fea4b3bfec9dba09b5e8\",\"name\":\"confagricolturapiacenza\",\"image\":{\"@type\":\"ImageObject\",\"inLanguage\":\"it-IT\",\"@id\":\"https:\/\/www.confagricoltura.org\/piacenza\/#\/schema\/person\/image\/\",\"url\":\"https:\/\/secure.gravatar.com\/avatar\/9c5f111e417171581853bd0a3ff892ca?s=96&d=mm&r=g\",\"contentUrl\":\"https:\/\/secure.gravatar.com\/avatar\/9c5f111e417171581853bd0a3ff892ca?s=96&d=mm&r=g\",\"caption\":\"confagricolturapiacenza\"},\"url\":\"https:\/\/www.confagricoltura.org\/piacenza\/author\/confagricolturapiacenza\/\"}]}<\/script>\n<!-- \/ Yoast SEO plugin. -->","yoast_head_json":{"title":"Cambio al vertice dei giovani di Confagricoltura - ANGA: il presidente \u00e8 Filippo Losi - Confagricoltura Piacenza","robots":{"index":"index","follow":"follow","max-snippet":"max-snippet:-1","max-image-preview":"max-image-preview:large","max-video-preview":"max-video-preview:-1"},"canonical":"https:\/\/www.confagricoltura.org\/piacenza\/cambio-al-vertice-dei-giovani-di-confagricoltura-anga-il-presidente-e-filippo-losi\/","og_locale":"it_IT","og_type":"article","og_title":"Cambio al vertice dei giovani di Confagricoltura - ANGA: il presidente \u00e8 Filippo Losi - Confagricoltura Piacenza","og_description":"Succede a Corrado Peratici che ha terminato il secondo mandato. Rinnovato anche il Consiglio.","og_url":"https:\/\/www.confagricoltura.org\/piacenza\/cambio-al-vertice-dei-giovani-di-confagricoltura-anga-il-presidente-e-filippo-losi\/","og_site_name":"Confagricoltura Piacenza","article_published_time":"2024-10-20T09:57:35+00:00","article_modified_time":"2024-11-15T11:04:38+00:00","og_image":[{"width":1536,"height":1492,"url":"https:\/\/www.confagricoltura.org\/piacenza\/wp-content\/uploads\/sites\/11\/2024\/11\/ANGA-Losi-Peratici.jpg","type":"image\/jpeg"}],"author":"confagricolturapiacenza","twitter_card":"summary_large_image","twitter_misc":{"Scritto da":"confagricolturapiacenza","Tempo di lettura stimato":"6 minuti"},"schema":{"@context":"https:\/\/schema.org","@graph":[{"@type":"Article","@id":"https:\/\/www.confagricoltura.org\/piacenza\/cambio-al-vertice-dei-giovani-di-confagricoltura-anga-il-presidente-e-filippo-losi\/#article","isPartOf":{"@id":"https:\/\/www.confagricoltura.org\/piacenza\/cambio-al-vertice-dei-giovani-di-confagricoltura-anga-il-presidente-e-filippo-losi\/"},"author":{"name":"confagricolturapiacenza","@id":"https:\/\/www.confagricoltura.org\/piacenza\/#\/schema\/person\/be5da25a3117fea4b3bfec9dba09b5e8"},"headline":"Cambio al vertice dei giovani di Confagricoltura &#8211; ANGA: il presidente \u00e8 Filippo Losi","datePublished":"2024-10-20T09:57:35+00:00","dateModified":"2024-11-15T11:04:38+00:00","mainEntityOfPage":{"@id":"https:\/\/www.confagricoltura.org\/piacenza\/cambio-al-vertice-dei-giovani-di-confagricoltura-anga-il-presidente-e-filippo-losi\/"},"wordCount":976,"image":{"@id":"https:\/\/www.confagricoltura.org\/piacenza\/cambio-al-vertice-dei-giovani-di-confagricoltura-anga-il-presidente-e-filippo-losi\/#primaryimage"},"thumbnailUrl":"https:\/\/www.confagricoltura.org\/piacenza\/wp-content\/uploads\/sites\/11\/2024\/11\/ANGA-Losi-Peratici.jpg","keywords":["anga"],"articleSection":["Eventi","News"],"inLanguage":"it-IT"},{"@type":"WebPage","@id":"https:\/\/www.confagricoltura.org\/piacenza\/cambio-al-vertice-dei-giovani-di-confagricoltura-anga-il-presidente-e-filippo-losi\/","url":"https:\/\/www.confagricoltura.org\/piacenza\/cambio-al-vertice-dei-giovani-di-confagricoltura-anga-il-presidente-e-filippo-losi\/","name":"Cambio al vertice dei giovani di Confagricoltura - ANGA: il presidente \u00e8 Filippo Losi - Confagricoltura Piacenza","isPartOf":{"@id":"https:\/\/www.confagricoltura.org\/piacenza\/#website"},"primaryImageOfPage":{"@id":"https:\/\/www.confagricoltura.org\/piacenza\/cambio-al-vertice-dei-giovani-di-confagricoltura-anga-il-presidente-e-filippo-losi\/#primaryimage"},"image":{"@id":"https:\/\/www.confagricoltura.org\/piacenza\/cambio-al-vertice-dei-giovani-di-confagricoltura-anga-il-presidente-e-filippo-losi\/#primaryimage"},"thumbnailUrl":"https:\/\/www.confagricoltura.org\/piacenza\/wp-content\/uploads\/sites\/11\/2024\/11\/ANGA-Losi-Peratici.jpg","datePublished":"2024-10-20T09:57:35+00:00","dateModified":"2024-11-15T11:04:38+00:00","author":{"@id":"https:\/\/www.confagricoltura.org\/piacenza\/#\/schema\/person\/be5da25a3117fea4b3bfec9dba09b5e8"},"breadcrumb":{"@id":"https:\/\/www.confagricoltura.org\/piacenza\/cambio-al-vertice-dei-giovani-di-confagricoltura-anga-il-presidente-e-filippo-losi\/#breadcrumb"},"inLanguage":"it-IT","potentialAction":[{"@type":"ReadAction","target":["https:\/\/www.confagricoltura.org\/piacenza\/cambio-al-vertice-dei-giovani-di-confagricoltura-anga-il-presidente-e-filippo-losi\/"]}]},{"@type":"ImageObject","inLanguage":"it-IT","@id":"https:\/\/www.confagricoltura.org\/piacenza\/cambio-al-vertice-dei-giovani-di-confagricoltura-anga-il-presidente-e-filippo-losi\/#primaryimage","url":"https:\/\/www.confagricoltura.org\/piacenza\/wp-content\/uploads\/sites\/11\/2024\/11\/ANGA-Losi-Peratici.jpg","contentUrl":"https:\/\/www.confagricoltura.org\/piacenza\/wp-content\/uploads\/sites\/11\/2024\/11\/ANGA-Losi-Peratici.jpg","width":1536,"height":1492},{"@type":"BreadcrumbList","@id":"https:\/\/www.confagricoltura.org\/piacenza\/cambio-al-vertice-dei-giovani-di-confagricoltura-anga-il-presidente-e-filippo-losi\/#breadcrumb","itemListElement":[{"@type":"ListItem","position":1,"name":"Home","item":"https:\/\/www.confagricoltura.org\/piacenza\/"},{"@type":"ListItem","position":2,"name":"Cambio al vertice dei giovani di Confagricoltura &#8211; ANGA: il presidente \u00e8 Filippo Losi"}]},{"@type":"WebSite","@id":"https:\/\/www.confagricoltura.org\/piacenza\/#website","url":"https:\/\/www.confagricoltura.org\/piacenza\/","name":"Confagricoltura Piacenza","description":"Dalla parte degli Agricoltori","potentialAction":[{"@type":"SearchAction","target":{"@type":"EntryPoint","urlTemplate":"https:\/\/www.confagricoltura.org\/piacenza\/?s={search_term_string}"},"query-input":{"@type":"PropertyValueSpecification","valueRequired":true,"valueName":"search_term_string"}}],"inLanguage":"it-IT"},{"@type":"Person","@id":"https:\/\/www.confagricoltura.org\/piacenza\/#\/schema\/person\/be5da25a3117fea4b3bfec9dba09b5e8","name":"confagricolturapiacenza","image":{"@type":"ImageObject","inLanguage":"it-IT","@id":"https:\/\/www.confagricoltura.org\/piacenza\/#\/schema\/person\/image\/","url":"https:\/\/secure.gravatar.com\/avatar\/9c5f111e417171581853bd0a3ff892ca?s=96&d=mm&r=g","contentUrl":"https:\/\/secure.gravatar.com\/avatar\/9c5f111e417171581853bd0a3ff892ca?s=96&d=mm&r=g","caption":"confagricolturapiacenza"},"url":"https:\/\/www.confagricoltura.org\/piacenza\/author\/confagricolturapiacenza\/"}]}},"_links":{"self":[{"href":"https:\/\/www.confagricoltura.org\/piacenza\/wp-json\/wp\/v2\/posts\/4789","targetHints":{"allow":["GET"]}}],"collection":[{"href":"https:\/\/www.confagricoltura.org\/piacenza\/wp-json\/wp\/v2\/posts"}],"about":[{"href":"https:\/\/www.confagricoltura.org\/piacenza\/wp-json\/wp\/v2\/types\/post"}],"author":[{"embeddable":true,"href":"https:\/\/www.confagricoltura.org\/piacenza\/wp-json\/wp\/v2\/users\/6"}],"replies":[{"embeddable":true,"href":"https:\/\/www.confagricoltura.org\/piacenza\/wp-json\/wp\/v2\/comments?post=4789"}],"version-history":[{"count":1,"href":"https:\/\/www.confagricoltura.org\/piacenza\/wp-json\/wp\/v2\/posts\/4789\/revisions"}],"predecessor-version":[{"id":4792,"href":"https:\/\/www.confagricoltura.org\/piacenza\/wp-json\/wp\/v2\/posts\/4789\/revisions\/4792"}],"wp:featuredmedia":[{"embeddable":true,"href":"https:\/\/www.confagricoltura.org\/piacenza\/wp-json\/wp\/v2\/media\/4791"}],"wp:attachment":[{"href":"https:\/\/www.confagricoltura.org\/piacenza\/wp-json\/wp\/v2\/media?parent=4789"}],"wp:term":[{"taxonomy":"category","embeddable":true,"href":"https:\/\/www.confagricoltura.org\/piacenza\/wp-json\/wp\/v2\/categories?post=4789"},{"taxonomy":"post_tag","embeddable":true,"href":"https:\/\/www.confagricoltura.org\/piacenza\/wp-json\/wp\/v2\/tags?post=4789"}],"curies":[{"name":"wp","href":"https:\/\/api.w.org\/{rel}","templated":true}]}}