{"id":4756,"date":"2024-09-19T09:37:40","date_gmt":"2024-09-19T07:37:40","guid":{"rendered":"https:\/\/www.confagricoltura.org\/piacenza\/?p=4756"},"modified":"2024-09-23T09:39:56","modified_gmt":"2024-09-23T07:39:56","slug":"la-sezione-di-prodotto-vitivinicola-di-confagricoltura-piacenza-fa-il-punto-sulla-vendemmia","status":"publish","type":"post","link":"https:\/\/www.confagricoltura.org\/piacenza\/la-sezione-di-prodotto-vitivinicola-di-confagricoltura-piacenza-fa-il-punto-sulla-vendemmia\/","title":{"rendered":"La sezione di prodotto Vitivinicola di Confagricoltura Piacenza fa il punto sulla vendemmia"},"content":{"rendered":"<p>Si \u00e8 tenuta nei giorni scorsi la riunione della sezione di prodotto vitivinicola di Confagricoltura Piacenza per fare il punto sulla situazione della vendemmia, ormai in fase avanzata. Al vivace scambio di pareri hanno partecipato diversi produttori, a partire dalla presidente di sezione Chiara Azzali dalla Tenuta Pernice che ha preso parola illustrando un quadro a tinte particolarmente fosche relativamente alla propria azienda. All\u2019incontro \u00e8 intervenuto anche il consulente vitivinicolo Enrico Ceruti che ha cercato di fare un punto pi\u00f9 generale, pur in assenza di dati ufficiali e completi. Ad oggi, in base alle rilevazioni in possesso dell\u2019associazione, le rese medie a livello provinciale stimano un calo. La diminuzione di prodotto si registra particolarmente le aziende che seguono i protocolli di coltivazione biologica, ma la situazione in generale \u00e8 molto variegata, per cui il dato medio risulta essere poco non \u00e8 significativo.\u00a0 All\u2019interno della stessa vallata, addirittura nella stessa azienda, ci sono vigneti che non hanno prodotto pressoch\u00e9 nulla e vigneti con aumenti di resa. Davide Valla, ad esempio, ha espresso grande soddisfazione per la sua produzione di Malvasia, Stefano Pizzamiglio, de La Tosa, ha costruito un quadro ben articolato in cui ha riferito che \u00e8 importante &#8220;guardare il bicchiere mezzo pieno&#8221; e che si riuscir\u00e0 ad avere un prodotto di ottima qualit\u00e0 pur in un\u2019annata difficile. Giovanni Paolo Tavazzi dell&#8217;Azienda viticola Ronchi ha posto l\u2019accento sull\u2019inadeguatezza dei vigneti ormai inadatti a variazioni climatiche cos\u00ec importanti. Dello stesso avviso Chiara Azzali che in modo particolare ha riferito di un confronto sul tema con il direttore del consorzio fitosanitario di Piacenza e Parma, il dottor Ruggero Colla, nel quale informalmente si \u00e8 parlato della possibilit\u00e0 di utilizzare i droni per i trattamenti in vigneto. &#8220;Sono stati fatti studi e sperimentazioni che danno buoni risultati &#8211; ha detto Azzali &#8211; perch\u00e9 questi mezzi consentono di entrare in campo anche quando le condizioni non permettono l\u2019uso del trattore, per\u00f2 la normativa ad oggi non ne consente l&#8217;impiego&#8221;. Chiara Azzali ha posto l\u2019attenzione sulla necessit\u00e0 di guardare avanti usando gli strumenti che la ricerca e la tecnica ci danno per poter far fonte alle mutate esigenze del settore.\u00a0 \u00c8 stato rilevato come, a fonte di una piovosit\u00e0 media di 700 mm all\u2019anno, le ultime annate siccitose abbiano fatto registrare 400 mm di pioggia all\u2019anno, mentre quest\u2019anno sono piovuti 1000 mm concentrati in tre mesi, in alcuni punti. &#8220;\u00c8 chiaro &#8211; ha detto Azzali- che questo si configura come una calamit\u00e0 naturale, allora diventa indispensabile che ci sia almeno la possibilit\u00e0 di usare piante resistenti a certe fitopatie emergenti e le tecnologie, come i droni, per intervenire quando serve&#8221;. I prossimi giorni saranno determinanti per capire come si chiuder\u00e0 questa vendemmia &#8211; ha concordato la Sezione vitivinicola di Confagricoltura Piacenza &#8211; certo \u00e8 che a fonte di difficolt\u00e0 crescenti, di consumi che cambiano perch\u00e9 riducono i quantitativi ma chiedono una qualit\u00e0 pi\u00f9 elevata, di mercati competitivi, di costi alle stelle, l\u2019esperienza non \u00e8 mai abbastanza e i produttori necessitano di impiegare tutti mezzi che ci sono e che aiutano ad affrontare annate cos\u00ec diverse tra loro. &#8220;Non possiamo vivere in costante emergenza &#8211; conclude Azzali &#8211; dobbiamo strutturarci per far fronte alle nuove condizioni, i mezzi ci sono e altri li utilizzano, dobbiamo poterlo fare anche noi per evitare di mettere sotto scacco un settore che non \u00e8 pi\u00f9 compatibile con una produzione familiare e semplice di una volta&#8221;.<\/p>\n<p>&nbsp;<\/p>\n","protected":false},"excerpt":{"rendered":"<p>Azzali: servono droni in vigneto e vitigni resistenti alle fitopatie<\/p>\n","protected":false},"author":6,"featured_media":4757,"comment_status":"closed","ping_status":"closed","sticky":false,"template":"","format":"standard","meta":{"wp_mapbox_gl_js_media":[],"footnotes":""},"categories":[4,16],"tags":[584],"class_list":["post-4756","post","type-post","status-publish","format-standard","has-post-thumbnail","hentry","category-news","category-settore-vitivinicolo","tag-azzali"],"yoast_head":"<!-- This site is optimized with the Yoast SEO plugin v26.8 - https:\/\/yoast.com\/product\/yoast-seo-wordpress\/ -->\n<title>La sezione di prodotto Vitivinicola di Confagricoltura Piacenza fa il punto sulla vendemmia - Confagricoltura Piacenza<\/title>\n<meta name=\"robots\" content=\"index, follow, max-snippet:-1, max-image-preview:large, max-video-preview:-1\" \/>\n<link rel=\"canonical\" href=\"https:\/\/www.confagricoltura.org\/piacenza\/la-sezione-di-prodotto-vitivinicola-di-confagricoltura-piacenza-fa-il-punto-sulla-vendemmia\/\" \/>\n<meta property=\"og:locale\" content=\"it_IT\" \/>\n<meta property=\"og:type\" content=\"article\" \/>\n<meta property=\"og:title\" content=\"La sezione di prodotto Vitivinicola di Confagricoltura Piacenza fa il punto sulla vendemmia - Confagricoltura Piacenza\" \/>\n<meta property=\"og:description\" content=\"Azzali: servono droni in vigneto e vitigni resistenti alle fitopatie\" \/>\n<meta property=\"og:url\" content=\"https:\/\/www.confagricoltura.org\/piacenza\/la-sezione-di-prodotto-vitivinicola-di-confagricoltura-piacenza-fa-il-punto-sulla-vendemmia\/\" \/>\n<meta property=\"og:site_name\" content=\"Confagricoltura Piacenza\" \/>\n<meta property=\"article:published_time\" content=\"2024-09-19T07:37:40+00:00\" \/>\n<meta property=\"article:modified_time\" content=\"2024-09-23T07:39:56+00:00\" \/>\n<meta property=\"og:image\" content=\"https:\/\/www.confagricoltura.org\/piacenza\/wp-content\/uploads\/sites\/11\/2024\/09\/1Vigneto.jpg\" \/>\n\t<meta property=\"og:image:width\" content=\"1200\" \/>\n\t<meta property=\"og:image:height\" content=\"1200\" \/>\n\t<meta property=\"og:image:type\" content=\"image\/jpeg\" \/>\n<meta name=\"author\" content=\"confagricolturapiacenza\" \/>\n<meta name=\"twitter:card\" content=\"summary_large_image\" \/>\n<meta name=\"twitter:label1\" content=\"Scritto da\" \/>\n\t<meta name=\"twitter:data1\" content=\"confagricolturapiacenza\" \/>\n\t<meta name=\"twitter:label2\" content=\"Tempo di lettura stimato\" \/>\n\t<meta name=\"twitter:data2\" content=\"4 minuti\" \/>\n<script type=\"application\/ld+json\" class=\"yoast-schema-graph\">{\"@context\":\"https:\/\/schema.org\",\"@graph\":[{\"@type\":\"Article\",\"@id\":\"https:\/\/www.confagricoltura.org\/piacenza\/la-sezione-di-prodotto-vitivinicola-di-confagricoltura-piacenza-fa-il-punto-sulla-vendemmia\/#article\",\"isPartOf\":{\"@id\":\"https:\/\/www.confagricoltura.org\/piacenza\/la-sezione-di-prodotto-vitivinicola-di-confagricoltura-piacenza-fa-il-punto-sulla-vendemmia\/\"},\"author\":{\"name\":\"confagricolturapiacenza\",\"@id\":\"https:\/\/www.confagricoltura.org\/piacenza\/#\/schema\/person\/be5da25a3117fea4b3bfec9dba09b5e8\"},\"headline\":\"La sezione di prodotto Vitivinicola di Confagricoltura Piacenza fa il punto sulla vendemmia\",\"datePublished\":\"2024-09-19T07:37:40+00:00\",\"dateModified\":\"2024-09-23T07:39:56+00:00\",\"mainEntityOfPage\":{\"@id\":\"https:\/\/www.confagricoltura.org\/piacenza\/la-sezione-di-prodotto-vitivinicola-di-confagricoltura-piacenza-fa-il-punto-sulla-vendemmia\/\"},\"wordCount\":578,\"image\":{\"@id\":\"https:\/\/www.confagricoltura.org\/piacenza\/la-sezione-di-prodotto-vitivinicola-di-confagricoltura-piacenza-fa-il-punto-sulla-vendemmia\/#primaryimage\"},\"thumbnailUrl\":\"https:\/\/www.confagricoltura.org\/piacenza\/wp-content\/uploads\/sites\/11\/2024\/09\/1Vigneto.jpg\",\"keywords\":[\"azzali\"],\"articleSection\":[\"News\",\"Settore vitivinicolo\"],\"inLanguage\":\"it-IT\"},{\"@type\":\"WebPage\",\"@id\":\"https:\/\/www.confagricoltura.org\/piacenza\/la-sezione-di-prodotto-vitivinicola-di-confagricoltura-piacenza-fa-il-punto-sulla-vendemmia\/\",\"url\":\"https:\/\/www.confagricoltura.org\/piacenza\/la-sezione-di-prodotto-vitivinicola-di-confagricoltura-piacenza-fa-il-punto-sulla-vendemmia\/\",\"name\":\"La sezione di prodotto Vitivinicola di Confagricoltura Piacenza fa il punto sulla vendemmia - Confagricoltura Piacenza\",\"isPartOf\":{\"@id\":\"https:\/\/www.confagricoltura.org\/piacenza\/#website\"},\"primaryImageOfPage\":{\"@id\":\"https:\/\/www.confagricoltura.org\/piacenza\/la-sezione-di-prodotto-vitivinicola-di-confagricoltura-piacenza-fa-il-punto-sulla-vendemmia\/#primaryimage\"},\"image\":{\"@id\":\"https:\/\/www.confagricoltura.org\/piacenza\/la-sezione-di-prodotto-vitivinicola-di-confagricoltura-piacenza-fa-il-punto-sulla-vendemmia\/#primaryimage\"},\"thumbnailUrl\":\"https:\/\/www.confagricoltura.org\/piacenza\/wp-content\/uploads\/sites\/11\/2024\/09\/1Vigneto.jpg\",\"datePublished\":\"2024-09-19T07:37:40+00:00\",\"dateModified\":\"2024-09-23T07:39:56+00:00\",\"author\":{\"@id\":\"https:\/\/www.confagricoltura.org\/piacenza\/#\/schema\/person\/be5da25a3117fea4b3bfec9dba09b5e8\"},\"breadcrumb\":{\"@id\":\"https:\/\/www.confagricoltura.org\/piacenza\/la-sezione-di-prodotto-vitivinicola-di-confagricoltura-piacenza-fa-il-punto-sulla-vendemmia\/#breadcrumb\"},\"inLanguage\":\"it-IT\",\"potentialAction\":[{\"@type\":\"ReadAction\",\"target\":[\"https:\/\/www.confagricoltura.org\/piacenza\/la-sezione-di-prodotto-vitivinicola-di-confagricoltura-piacenza-fa-il-punto-sulla-vendemmia\/\"]}]},{\"@type\":\"ImageObject\",\"inLanguage\":\"it-IT\",\"@id\":\"https:\/\/www.confagricoltura.org\/piacenza\/la-sezione-di-prodotto-vitivinicola-di-confagricoltura-piacenza-fa-il-punto-sulla-vendemmia\/#primaryimage\",\"url\":\"https:\/\/www.confagricoltura.org\/piacenza\/wp-content\/uploads\/sites\/11\/2024\/09\/1Vigneto.jpg\",\"contentUrl\":\"https:\/\/www.confagricoltura.org\/piacenza\/wp-content\/uploads\/sites\/11\/2024\/09\/1Vigneto.jpg\",\"width\":1200,\"height\":1200},{\"@type\":\"BreadcrumbList\",\"@id\":\"https:\/\/www.confagricoltura.org\/piacenza\/la-sezione-di-prodotto-vitivinicola-di-confagricoltura-piacenza-fa-il-punto-sulla-vendemmia\/#breadcrumb\",\"itemListElement\":[{\"@type\":\"ListItem\",\"position\":1,\"name\":\"Home\",\"item\":\"https:\/\/www.confagricoltura.org\/piacenza\/\"},{\"@type\":\"ListItem\",\"position\":2,\"name\":\"La sezione di prodotto Vitivinicola di Confagricoltura Piacenza fa il punto sulla vendemmia\"}]},{\"@type\":\"WebSite\",\"@id\":\"https:\/\/www.confagricoltura.org\/piacenza\/#website\",\"url\":\"https:\/\/www.confagricoltura.org\/piacenza\/\",\"name\":\"Confagricoltura Piacenza\",\"description\":\"Dalla parte degli Agricoltori\",\"potentialAction\":[{\"@type\":\"SearchAction\",\"target\":{\"@type\":\"EntryPoint\",\"urlTemplate\":\"https:\/\/www.confagricoltura.org\/piacenza\/?s={search_term_string}\"},\"query-input\":{\"@type\":\"PropertyValueSpecification\",\"valueRequired\":true,\"valueName\":\"search_term_string\"}}],\"inLanguage\":\"it-IT\"},{\"@type\":\"Person\",\"@id\":\"https:\/\/www.confagricoltura.org\/piacenza\/#\/schema\/person\/be5da25a3117fea4b3bfec9dba09b5e8\",\"name\":\"confagricolturapiacenza\",\"image\":{\"@type\":\"ImageObject\",\"inLanguage\":\"it-IT\",\"@id\":\"https:\/\/www.confagricoltura.org\/piacenza\/#\/schema\/person\/image\/\",\"url\":\"https:\/\/secure.gravatar.com\/avatar\/9c5f111e417171581853bd0a3ff892ca?s=96&d=mm&r=g\",\"contentUrl\":\"https:\/\/secure.gravatar.com\/avatar\/9c5f111e417171581853bd0a3ff892ca?s=96&d=mm&r=g\",\"caption\":\"confagricolturapiacenza\"},\"url\":\"https:\/\/www.confagricoltura.org\/piacenza\/author\/confagricolturapiacenza\/\"}]}<\/script>\n<!-- \/ Yoast SEO plugin. -->","yoast_head_json":{"title":"La sezione di prodotto Vitivinicola di Confagricoltura Piacenza fa il punto sulla vendemmia - Confagricoltura Piacenza","robots":{"index":"index","follow":"follow","max-snippet":"max-snippet:-1","max-image-preview":"max-image-preview:large","max-video-preview":"max-video-preview:-1"},"canonical":"https:\/\/www.confagricoltura.org\/piacenza\/la-sezione-di-prodotto-vitivinicola-di-confagricoltura-piacenza-fa-il-punto-sulla-vendemmia\/","og_locale":"it_IT","og_type":"article","og_title":"La sezione di prodotto Vitivinicola di Confagricoltura Piacenza fa il punto sulla vendemmia - Confagricoltura Piacenza","og_description":"Azzali: servono droni in vigneto e vitigni resistenti alle fitopatie","og_url":"https:\/\/www.confagricoltura.org\/piacenza\/la-sezione-di-prodotto-vitivinicola-di-confagricoltura-piacenza-fa-il-punto-sulla-vendemmia\/","og_site_name":"Confagricoltura Piacenza","article_published_time":"2024-09-19T07:37:40+00:00","article_modified_time":"2024-09-23T07:39:56+00:00","og_image":[{"width":1200,"height":1200,"url":"https:\/\/www.confagricoltura.org\/piacenza\/wp-content\/uploads\/sites\/11\/2024\/09\/1Vigneto.jpg","type":"image\/jpeg"}],"author":"confagricolturapiacenza","twitter_card":"summary_large_image","twitter_misc":{"Scritto da":"confagricolturapiacenza","Tempo di lettura stimato":"4 minuti"},"schema":{"@context":"https:\/\/schema.org","@graph":[{"@type":"Article","@id":"https:\/\/www.confagricoltura.org\/piacenza\/la-sezione-di-prodotto-vitivinicola-di-confagricoltura-piacenza-fa-il-punto-sulla-vendemmia\/#article","isPartOf":{"@id":"https:\/\/www.confagricoltura.org\/piacenza\/la-sezione-di-prodotto-vitivinicola-di-confagricoltura-piacenza-fa-il-punto-sulla-vendemmia\/"},"author":{"name":"confagricolturapiacenza","@id":"https:\/\/www.confagricoltura.org\/piacenza\/#\/schema\/person\/be5da25a3117fea4b3bfec9dba09b5e8"},"headline":"La sezione di prodotto Vitivinicola di Confagricoltura Piacenza fa il punto sulla vendemmia","datePublished":"2024-09-19T07:37:40+00:00","dateModified":"2024-09-23T07:39:56+00:00","mainEntityOfPage":{"@id":"https:\/\/www.confagricoltura.org\/piacenza\/la-sezione-di-prodotto-vitivinicola-di-confagricoltura-piacenza-fa-il-punto-sulla-vendemmia\/"},"wordCount":578,"image":{"@id":"https:\/\/www.confagricoltura.org\/piacenza\/la-sezione-di-prodotto-vitivinicola-di-confagricoltura-piacenza-fa-il-punto-sulla-vendemmia\/#primaryimage"},"thumbnailUrl":"https:\/\/www.confagricoltura.org\/piacenza\/wp-content\/uploads\/sites\/11\/2024\/09\/1Vigneto.jpg","keywords":["azzali"],"articleSection":["News","Settore vitivinicolo"],"inLanguage":"it-IT"},{"@type":"WebPage","@id":"https:\/\/www.confagricoltura.org\/piacenza\/la-sezione-di-prodotto-vitivinicola-di-confagricoltura-piacenza-fa-il-punto-sulla-vendemmia\/","url":"https:\/\/www.confagricoltura.org\/piacenza\/la-sezione-di-prodotto-vitivinicola-di-confagricoltura-piacenza-fa-il-punto-sulla-vendemmia\/","name":"La sezione di prodotto Vitivinicola di Confagricoltura Piacenza fa il punto sulla vendemmia - Confagricoltura Piacenza","isPartOf":{"@id":"https:\/\/www.confagricoltura.org\/piacenza\/#website"},"primaryImageOfPage":{"@id":"https:\/\/www.confagricoltura.org\/piacenza\/la-sezione-di-prodotto-vitivinicola-di-confagricoltura-piacenza-fa-il-punto-sulla-vendemmia\/#primaryimage"},"image":{"@id":"https:\/\/www.confagricoltura.org\/piacenza\/la-sezione-di-prodotto-vitivinicola-di-confagricoltura-piacenza-fa-il-punto-sulla-vendemmia\/#primaryimage"},"thumbnailUrl":"https:\/\/www.confagricoltura.org\/piacenza\/wp-content\/uploads\/sites\/11\/2024\/09\/1Vigneto.jpg","datePublished":"2024-09-19T07:37:40+00:00","dateModified":"2024-09-23T07:39:56+00:00","author":{"@id":"https:\/\/www.confagricoltura.org\/piacenza\/#\/schema\/person\/be5da25a3117fea4b3bfec9dba09b5e8"},"breadcrumb":{"@id":"https:\/\/www.confagricoltura.org\/piacenza\/la-sezione-di-prodotto-vitivinicola-di-confagricoltura-piacenza-fa-il-punto-sulla-vendemmia\/#breadcrumb"},"inLanguage":"it-IT","potentialAction":[{"@type":"ReadAction","target":["https:\/\/www.confagricoltura.org\/piacenza\/la-sezione-di-prodotto-vitivinicola-di-confagricoltura-piacenza-fa-il-punto-sulla-vendemmia\/"]}]},{"@type":"ImageObject","inLanguage":"it-IT","@id":"https:\/\/www.confagricoltura.org\/piacenza\/la-sezione-di-prodotto-vitivinicola-di-confagricoltura-piacenza-fa-il-punto-sulla-vendemmia\/#primaryimage","url":"https:\/\/www.confagricoltura.org\/piacenza\/wp-content\/uploads\/sites\/11\/2024\/09\/1Vigneto.jpg","contentUrl":"https:\/\/www.confagricoltura.org\/piacenza\/wp-content\/uploads\/sites\/11\/2024\/09\/1Vigneto.jpg","width":1200,"height":1200},{"@type":"BreadcrumbList","@id":"https:\/\/www.confagricoltura.org\/piacenza\/la-sezione-di-prodotto-vitivinicola-di-confagricoltura-piacenza-fa-il-punto-sulla-vendemmia\/#breadcrumb","itemListElement":[{"@type":"ListItem","position":1,"name":"Home","item":"https:\/\/www.confagricoltura.org\/piacenza\/"},{"@type":"ListItem","position":2,"name":"La sezione di prodotto Vitivinicola di Confagricoltura Piacenza fa il punto sulla vendemmia"}]},{"@type":"WebSite","@id":"https:\/\/www.confagricoltura.org\/piacenza\/#website","url":"https:\/\/www.confagricoltura.org\/piacenza\/","name":"Confagricoltura Piacenza","description":"Dalla parte degli Agricoltori","potentialAction":[{"@type":"SearchAction","target":{"@type":"EntryPoint","urlTemplate":"https:\/\/www.confagricoltura.org\/piacenza\/?s={search_term_string}"},"query-input":{"@type":"PropertyValueSpecification","valueRequired":true,"valueName":"search_term_string"}}],"inLanguage":"it-IT"},{"@type":"Person","@id":"https:\/\/www.confagricoltura.org\/piacenza\/#\/schema\/person\/be5da25a3117fea4b3bfec9dba09b5e8","name":"confagricolturapiacenza","image":{"@type":"ImageObject","inLanguage":"it-IT","@id":"https:\/\/www.confagricoltura.org\/piacenza\/#\/schema\/person\/image\/","url":"https:\/\/secure.gravatar.com\/avatar\/9c5f111e417171581853bd0a3ff892ca?s=96&d=mm&r=g","contentUrl":"https:\/\/secure.gravatar.com\/avatar\/9c5f111e417171581853bd0a3ff892ca?s=96&d=mm&r=g","caption":"confagricolturapiacenza"},"url":"https:\/\/www.confagricoltura.org\/piacenza\/author\/confagricolturapiacenza\/"}]}},"_links":{"self":[{"href":"https:\/\/www.confagricoltura.org\/piacenza\/wp-json\/wp\/v2\/posts\/4756","targetHints":{"allow":["GET"]}}],"collection":[{"href":"https:\/\/www.confagricoltura.org\/piacenza\/wp-json\/wp\/v2\/posts"}],"about":[{"href":"https:\/\/www.confagricoltura.org\/piacenza\/wp-json\/wp\/v2\/types\/post"}],"author":[{"embeddable":true,"href":"https:\/\/www.confagricoltura.org\/piacenza\/wp-json\/wp\/v2\/users\/6"}],"replies":[{"embeddable":true,"href":"https:\/\/www.confagricoltura.org\/piacenza\/wp-json\/wp\/v2\/comments?post=4756"}],"version-history":[{"count":1,"href":"https:\/\/www.confagricoltura.org\/piacenza\/wp-json\/wp\/v2\/posts\/4756\/revisions"}],"predecessor-version":[{"id":4758,"href":"https:\/\/www.confagricoltura.org\/piacenza\/wp-json\/wp\/v2\/posts\/4756\/revisions\/4758"}],"wp:featuredmedia":[{"embeddable":true,"href":"https:\/\/www.confagricoltura.org\/piacenza\/wp-json\/wp\/v2\/media\/4757"}],"wp:attachment":[{"href":"https:\/\/www.confagricoltura.org\/piacenza\/wp-json\/wp\/v2\/media?parent=4756"}],"wp:term":[{"taxonomy":"category","embeddable":true,"href":"https:\/\/www.confagricoltura.org\/piacenza\/wp-json\/wp\/v2\/categories?post=4756"},{"taxonomy":"post_tag","embeddable":true,"href":"https:\/\/www.confagricoltura.org\/piacenza\/wp-json\/wp\/v2\/tags?post=4756"}],"curies":[{"name":"wp","href":"https:\/\/api.w.org\/{rel}","templated":true}]}}