{"id":4730,"date":"2024-08-02T11:00:16","date_gmt":"2024-08-02T09:00:16","guid":{"rendered":"https:\/\/www.confagricoltura.org\/piacenza\/?p=4730"},"modified":"2024-09-17T12:27:29","modified_gmt":"2024-09-17T10:27:29","slug":"la-psa-fa-fuori-il-secondo-commissario-ed-entra-negli-allevamenti","status":"publish","type":"post","link":"https:\/\/www.confagricoltura.org\/piacenza\/la-psa-fa-fuori-il-secondo-commissario-ed-entra-negli-allevamenti\/","title":{"rendered":"La Psa fa fuori il secondo commissario ed entra negli allevamenti"},"content":{"rendered":"<p>\u201cHo pagato anche personalmente il mio approccio interventista sulla gestione dei cinghiali \u2013 commenta disilluso il presidente di Confagricoltura Piacenza Filippo Gasparini &#8211; non voglio rivangare il passato, ma sono almeno dieci anni che denunciamo la presenza dei cinghiali in zone non vocate, i rischi che le loro presenza comporta per l\u2019incolumit\u00e0 delle persone e la sanit\u00e0 dell\u2019ambiente e della fauna. E ora siamo qui, con la Psa che \u00e8 entrata negli allevamenti. Sapevamo che era questione di tempo\u201d. Il commissario straordinario alla Psa ha sparigliato le carte e si \u00e8 dimesso. \u00c8 il secondo. Dopo riunioni e proclami ha molla tutto e s\u2019\u00e8 andato. Confagricoltura Piacenza invita chi era contrario a un radicale piano di de popolamento dei cinghiali a tempo debito a farsi un giro nei boschi del piacentino, disinfettandosi le scarpe prima a e dopo proprio come vogliono le linee guida: i cinghiali stanno morendo. \u201cFinalmente! &#8211; incalza provocatoriamente Gasparini &#8211; Ma purtroppo muoiono in malo modo, soffrendo e infettando l\u2019ambiente. Muoiono di peste. Non sarebbe stato meglio gestirne la popolazione con strumenti pi\u00f9 civili? La moria dei cinghiali \u00e8 la natura che si regola da sola \u2013 rimarca Gasparini \u2013 peccato che sulla terra ci siamo anche noi, coi nostri campi e i nostri allevamenti che producono cibo anche per quelli che \u201cpoverino il cinghiale, poverino l\u2019orso\u201d ma si nutrono con i nostri prodotti e pretendono di passeggiare sicuri nei boschi\u201d.<\/p>\n<p>L\u2019ipocrisia \u00e8 esasperante, rimarca Confagricoltura Piacenza \u2013 a poco serve raccogliere firme ora e chiedere un cambio di passo quando gli imprenditori agricoli che vivono in sinergia con la natura denunciano una fauna selvatica fuori controllo da troppo tempo. Intanto la Psa \u00e8 entrata in allevamento anche a Piacenza. Non \u00e8 una malattia pericolosa per l\u2019uomo, ma \u00e8 letale per i suini.<\/p>\n<p>\u201cA livello nazionale \u2013 precisa Giovanna Parmigiani allevatrice suinicola piacentina e presidente della sezione di prodotto &#8211; un anno fa sono stati abbattuti 40.000 suini e ora si stimano altri 20.00 abbattimenti, con gli ultimi 6 casi in allevamento. Magari \u2013 aggiunge Parmigiani &#8211; si potessero abbattere 60.000 cinghiali, invece vengono uccisi i suini negli allevamenti. \u00c8 emblematico il fatto che l\u2019allevamento piacentino colpito sia sempre stato portato ad esempio per l\u2019elevata biosicurezza, applicata anche prima dell\u2019emergenza. \u00c8 un allevamento storicamente indenne da molte malattie diffuse e molto ben gestito. Ci\u00f2 dimostra che possiamo fare tutti gli investimenti che vogliamo, ma se la carica degli animali infetti fuori \u00e8 troppo elevata diventa comunque una lotta inefficace\u201d.<\/p>\n<p>\u201cA Piacenza, stanno per essere abbattuti centinaia di capi \u2013 rimarca Gasparini \u2013 dopo gli investimenti fatti per innalzare la biosicurezza ai massimi livelli e dopo aver fornito ai maiali persino delle palle per giocare, perch\u00e9 in allevamento va rispettato il benessere animale anche nelle sue declinazioni pi\u00f9 folli. Le rappresentanze agricole hanno diritto di partecipazione ai Got, ma nella nostra provincia non sono gradite e non vengono invitate, anche se si sta puntualmente verificando tutto ci\u00f2 che avevamo detto. Come suona ridicolo l\u2019approccio della prima ora che voleva recintare con reti le zone infette e poi l\u2019esasperante continuo esercizio di delimitare zone di restrizione via via pi\u00f9 ampie. Gli allevatori sanno per esperienza che di fronte ad un vettore di malattia o si interviene con un vaccino (e in questo caso purtroppo non esiste) o si elimina il vettore. Il principale vettore sono i cinghiali. Si \u00e8 perso del gran tempo con un approccio sbagliato, figlio del mantra del non controllo della natura. il sistema \u00e8 troppo ripiegato sulla colpevolizzazione dell\u2019allevamento. L\u2019obiettivo della tutela del cittadino e del consumatore non si raggiunge se non si parte dalla tutela degli allevamenti. Gli allevamenti sani sono la prima condizione. Non bisogna essere complottisti per arrivare alla conclusione che non si vogliono pi\u00f9 gli allevamenti, altrimenti questi vanno protetti. Anche in funzione di questo occorrerebbe un commissario che conosca il nostro territorio, le zone impervie dell\u2019appennino e quelle agricole di collina e pianura, le nostre necessit\u00e0 e il nostro contesto. Auspichiamo sia nominato un veterinario, pi\u00f9 esperto di abbattimenti che di biosicurezza, che agisca per il bene degli allevamenti preservandoli in funzione dell\u2019origine della malattia, giudicheremo la nomina anche da questi punti di vista. Come sarebbe diverso il mondo \u2013 conclude il presidente degli imprenditori agricoli &#8211; se solo si usasse ragionevolezza\u201d. Confagricoltura Piacenza esprime vicinanza e supporto alle aziende suinicole in questo tragico momento. Sembra un necrologio e in effetti, purtroppo, non \u00e8 molto lontano dalla realt\u00e0.<\/p>\n<p>&nbsp;<\/p>\n","protected":false},"excerpt":{"rendered":"<p>Gasparini: dovevano ascoltarci dieci anni fa invece di darci dei \u201cbracconieri\u201d<\/p>\n","protected":false},"author":6,"featured_media":4731,"comment_status":"closed","ping_status":"closed","sticky":false,"template":"","format":"standard","meta":{"wp_mapbox_gl_js_media":[],"footnotes":""},"categories":[4,14],"tags":[197],"class_list":["post-4730","post","type-post","status-publish","format-standard","has-post-thumbnail","hentry","category-news","category-settore-suinicolo","tag-psa"],"yoast_head":"<!-- This site is optimized with the Yoast SEO plugin v26.8 - https:\/\/yoast.com\/product\/yoast-seo-wordpress\/ -->\n<title>La Psa fa fuori il secondo commissario ed entra negli allevamenti - Confagricoltura Piacenza<\/title>\n<meta name=\"robots\" content=\"index, follow, max-snippet:-1, max-image-preview:large, max-video-preview:-1\" \/>\n<link rel=\"canonical\" href=\"https:\/\/www.confagricoltura.org\/piacenza\/la-psa-fa-fuori-il-secondo-commissario-ed-entra-negli-allevamenti\/\" \/>\n<meta property=\"og:locale\" content=\"it_IT\" \/>\n<meta property=\"og:type\" content=\"article\" \/>\n<meta property=\"og:title\" content=\"La Psa fa fuori il secondo commissario ed entra negli allevamenti - Confagricoltura Piacenza\" \/>\n<meta property=\"og:description\" content=\"Gasparini: dovevano ascoltarci dieci anni fa invece di darci dei \u201cbracconieri\u201d\" \/>\n<meta property=\"og:url\" content=\"https:\/\/www.confagricoltura.org\/piacenza\/la-psa-fa-fuori-il-secondo-commissario-ed-entra-negli-allevamenti\/\" \/>\n<meta property=\"og:site_name\" content=\"Confagricoltura Piacenza\" \/>\n<meta property=\"article:published_time\" content=\"2024-08-02T09:00:16+00:00\" \/>\n<meta property=\"article:modified_time\" content=\"2024-09-17T10:27:29+00:00\" \/>\n<meta property=\"og:image\" content=\"https:\/\/www.confagricoltura.org\/piacenza\/wp-content\/uploads\/sites\/11\/2024\/09\/aFilippo-Gasparini.jpg\" \/>\n\t<meta property=\"og:image:width\" content=\"1157\" \/>\n\t<meta property=\"og:image:height\" content=\"879\" \/>\n\t<meta property=\"og:image:type\" content=\"image\/jpeg\" \/>\n<meta name=\"author\" content=\"confagricolturapiacenza\" \/>\n<meta name=\"twitter:card\" content=\"summary_large_image\" \/>\n<meta name=\"twitter:label1\" content=\"Scritto da\" \/>\n\t<meta name=\"twitter:data1\" content=\"confagricolturapiacenza\" \/>\n\t<meta name=\"twitter:label2\" content=\"Tempo di lettura stimato\" \/>\n\t<meta name=\"twitter:data2\" content=\"5 minuti\" \/>\n<script type=\"application\/ld+json\" class=\"yoast-schema-graph\">{\"@context\":\"https:\/\/schema.org\",\"@graph\":[{\"@type\":\"Article\",\"@id\":\"https:\/\/www.confagricoltura.org\/piacenza\/la-psa-fa-fuori-il-secondo-commissario-ed-entra-negli-allevamenti\/#article\",\"isPartOf\":{\"@id\":\"https:\/\/www.confagricoltura.org\/piacenza\/la-psa-fa-fuori-il-secondo-commissario-ed-entra-negli-allevamenti\/\"},\"author\":{\"name\":\"confagricolturapiacenza\",\"@id\":\"https:\/\/www.confagricoltura.org\/piacenza\/#\/schema\/person\/be5da25a3117fea4b3bfec9dba09b5e8\"},\"headline\":\"La Psa fa fuori il secondo commissario ed entra negli allevamenti\",\"datePublished\":\"2024-08-02T09:00:16+00:00\",\"dateModified\":\"2024-09-17T10:27:29+00:00\",\"mainEntityOfPage\":{\"@id\":\"https:\/\/www.confagricoltura.org\/piacenza\/la-psa-fa-fuori-il-secondo-commissario-ed-entra-negli-allevamenti\/\"},\"wordCount\":739,\"image\":{\"@id\":\"https:\/\/www.confagricoltura.org\/piacenza\/la-psa-fa-fuori-il-secondo-commissario-ed-entra-negli-allevamenti\/#primaryimage\"},\"thumbnailUrl\":\"https:\/\/www.confagricoltura.org\/piacenza\/wp-content\/uploads\/sites\/11\/2024\/09\/aFilippo-Gasparini.jpg\",\"keywords\":[\"PSA\"],\"articleSection\":[\"News\",\"Settore suinicolo\"],\"inLanguage\":\"it-IT\"},{\"@type\":\"WebPage\",\"@id\":\"https:\/\/www.confagricoltura.org\/piacenza\/la-psa-fa-fuori-il-secondo-commissario-ed-entra-negli-allevamenti\/\",\"url\":\"https:\/\/www.confagricoltura.org\/piacenza\/la-psa-fa-fuori-il-secondo-commissario-ed-entra-negli-allevamenti\/\",\"name\":\"La Psa fa fuori il secondo commissario ed entra negli allevamenti - Confagricoltura Piacenza\",\"isPartOf\":{\"@id\":\"https:\/\/www.confagricoltura.org\/piacenza\/#website\"},\"primaryImageOfPage\":{\"@id\":\"https:\/\/www.confagricoltura.org\/piacenza\/la-psa-fa-fuori-il-secondo-commissario-ed-entra-negli-allevamenti\/#primaryimage\"},\"image\":{\"@id\":\"https:\/\/www.confagricoltura.org\/piacenza\/la-psa-fa-fuori-il-secondo-commissario-ed-entra-negli-allevamenti\/#primaryimage\"},\"thumbnailUrl\":\"https:\/\/www.confagricoltura.org\/piacenza\/wp-content\/uploads\/sites\/11\/2024\/09\/aFilippo-Gasparini.jpg\",\"datePublished\":\"2024-08-02T09:00:16+00:00\",\"dateModified\":\"2024-09-17T10:27:29+00:00\",\"author\":{\"@id\":\"https:\/\/www.confagricoltura.org\/piacenza\/#\/schema\/person\/be5da25a3117fea4b3bfec9dba09b5e8\"},\"breadcrumb\":{\"@id\":\"https:\/\/www.confagricoltura.org\/piacenza\/la-psa-fa-fuori-il-secondo-commissario-ed-entra-negli-allevamenti\/#breadcrumb\"},\"inLanguage\":\"it-IT\",\"potentialAction\":[{\"@type\":\"ReadAction\",\"target\":[\"https:\/\/www.confagricoltura.org\/piacenza\/la-psa-fa-fuori-il-secondo-commissario-ed-entra-negli-allevamenti\/\"]}]},{\"@type\":\"ImageObject\",\"inLanguage\":\"it-IT\",\"@id\":\"https:\/\/www.confagricoltura.org\/piacenza\/la-psa-fa-fuori-il-secondo-commissario-ed-entra-negli-allevamenti\/#primaryimage\",\"url\":\"https:\/\/www.confagricoltura.org\/piacenza\/wp-content\/uploads\/sites\/11\/2024\/09\/aFilippo-Gasparini.jpg\",\"contentUrl\":\"https:\/\/www.confagricoltura.org\/piacenza\/wp-content\/uploads\/sites\/11\/2024\/09\/aFilippo-Gasparini.jpg\",\"width\":1157,\"height\":879},{\"@type\":\"BreadcrumbList\",\"@id\":\"https:\/\/www.confagricoltura.org\/piacenza\/la-psa-fa-fuori-il-secondo-commissario-ed-entra-negli-allevamenti\/#breadcrumb\",\"itemListElement\":[{\"@type\":\"ListItem\",\"position\":1,\"name\":\"Home\",\"item\":\"https:\/\/www.confagricoltura.org\/piacenza\/\"},{\"@type\":\"ListItem\",\"position\":2,\"name\":\"La Psa fa fuori il secondo commissario ed entra negli allevamenti\"}]},{\"@type\":\"WebSite\",\"@id\":\"https:\/\/www.confagricoltura.org\/piacenza\/#website\",\"url\":\"https:\/\/www.confagricoltura.org\/piacenza\/\",\"name\":\"Confagricoltura Piacenza\",\"description\":\"Dalla parte degli Agricoltori\",\"potentialAction\":[{\"@type\":\"SearchAction\",\"target\":{\"@type\":\"EntryPoint\",\"urlTemplate\":\"https:\/\/www.confagricoltura.org\/piacenza\/?s={search_term_string}\"},\"query-input\":{\"@type\":\"PropertyValueSpecification\",\"valueRequired\":true,\"valueName\":\"search_term_string\"}}],\"inLanguage\":\"it-IT\"},{\"@type\":\"Person\",\"@id\":\"https:\/\/www.confagricoltura.org\/piacenza\/#\/schema\/person\/be5da25a3117fea4b3bfec9dba09b5e8\",\"name\":\"confagricolturapiacenza\",\"image\":{\"@type\":\"ImageObject\",\"inLanguage\":\"it-IT\",\"@id\":\"https:\/\/www.confagricoltura.org\/piacenza\/#\/schema\/person\/image\/\",\"url\":\"https:\/\/secure.gravatar.com\/avatar\/9c5f111e417171581853bd0a3ff892ca?s=96&d=mm&r=g\",\"contentUrl\":\"https:\/\/secure.gravatar.com\/avatar\/9c5f111e417171581853bd0a3ff892ca?s=96&d=mm&r=g\",\"caption\":\"confagricolturapiacenza\"},\"url\":\"https:\/\/www.confagricoltura.org\/piacenza\/author\/confagricolturapiacenza\/\"}]}<\/script>\n<!-- \/ Yoast SEO plugin. -->","yoast_head_json":{"title":"La Psa fa fuori il secondo commissario ed entra negli allevamenti - Confagricoltura Piacenza","robots":{"index":"index","follow":"follow","max-snippet":"max-snippet:-1","max-image-preview":"max-image-preview:large","max-video-preview":"max-video-preview:-1"},"canonical":"https:\/\/www.confagricoltura.org\/piacenza\/la-psa-fa-fuori-il-secondo-commissario-ed-entra-negli-allevamenti\/","og_locale":"it_IT","og_type":"article","og_title":"La Psa fa fuori il secondo commissario ed entra negli allevamenti - Confagricoltura Piacenza","og_description":"Gasparini: dovevano ascoltarci dieci anni fa invece di darci dei \u201cbracconieri\u201d","og_url":"https:\/\/www.confagricoltura.org\/piacenza\/la-psa-fa-fuori-il-secondo-commissario-ed-entra-negli-allevamenti\/","og_site_name":"Confagricoltura Piacenza","article_published_time":"2024-08-02T09:00:16+00:00","article_modified_time":"2024-09-17T10:27:29+00:00","og_image":[{"width":1157,"height":879,"url":"https:\/\/www.confagricoltura.org\/piacenza\/wp-content\/uploads\/sites\/11\/2024\/09\/aFilippo-Gasparini.jpg","type":"image\/jpeg"}],"author":"confagricolturapiacenza","twitter_card":"summary_large_image","twitter_misc":{"Scritto da":"confagricolturapiacenza","Tempo di lettura stimato":"5 minuti"},"schema":{"@context":"https:\/\/schema.org","@graph":[{"@type":"Article","@id":"https:\/\/www.confagricoltura.org\/piacenza\/la-psa-fa-fuori-il-secondo-commissario-ed-entra-negli-allevamenti\/#article","isPartOf":{"@id":"https:\/\/www.confagricoltura.org\/piacenza\/la-psa-fa-fuori-il-secondo-commissario-ed-entra-negli-allevamenti\/"},"author":{"name":"confagricolturapiacenza","@id":"https:\/\/www.confagricoltura.org\/piacenza\/#\/schema\/person\/be5da25a3117fea4b3bfec9dba09b5e8"},"headline":"La Psa fa fuori il secondo commissario ed entra negli allevamenti","datePublished":"2024-08-02T09:00:16+00:00","dateModified":"2024-09-17T10:27:29+00:00","mainEntityOfPage":{"@id":"https:\/\/www.confagricoltura.org\/piacenza\/la-psa-fa-fuori-il-secondo-commissario-ed-entra-negli-allevamenti\/"},"wordCount":739,"image":{"@id":"https:\/\/www.confagricoltura.org\/piacenza\/la-psa-fa-fuori-il-secondo-commissario-ed-entra-negli-allevamenti\/#primaryimage"},"thumbnailUrl":"https:\/\/www.confagricoltura.org\/piacenza\/wp-content\/uploads\/sites\/11\/2024\/09\/aFilippo-Gasparini.jpg","keywords":["PSA"],"articleSection":["News","Settore suinicolo"],"inLanguage":"it-IT"},{"@type":"WebPage","@id":"https:\/\/www.confagricoltura.org\/piacenza\/la-psa-fa-fuori-il-secondo-commissario-ed-entra-negli-allevamenti\/","url":"https:\/\/www.confagricoltura.org\/piacenza\/la-psa-fa-fuori-il-secondo-commissario-ed-entra-negli-allevamenti\/","name":"La Psa fa fuori il secondo commissario ed entra negli allevamenti - Confagricoltura Piacenza","isPartOf":{"@id":"https:\/\/www.confagricoltura.org\/piacenza\/#website"},"primaryImageOfPage":{"@id":"https:\/\/www.confagricoltura.org\/piacenza\/la-psa-fa-fuori-il-secondo-commissario-ed-entra-negli-allevamenti\/#primaryimage"},"image":{"@id":"https:\/\/www.confagricoltura.org\/piacenza\/la-psa-fa-fuori-il-secondo-commissario-ed-entra-negli-allevamenti\/#primaryimage"},"thumbnailUrl":"https:\/\/www.confagricoltura.org\/piacenza\/wp-content\/uploads\/sites\/11\/2024\/09\/aFilippo-Gasparini.jpg","datePublished":"2024-08-02T09:00:16+00:00","dateModified":"2024-09-17T10:27:29+00:00","author":{"@id":"https:\/\/www.confagricoltura.org\/piacenza\/#\/schema\/person\/be5da25a3117fea4b3bfec9dba09b5e8"},"breadcrumb":{"@id":"https:\/\/www.confagricoltura.org\/piacenza\/la-psa-fa-fuori-il-secondo-commissario-ed-entra-negli-allevamenti\/#breadcrumb"},"inLanguage":"it-IT","potentialAction":[{"@type":"ReadAction","target":["https:\/\/www.confagricoltura.org\/piacenza\/la-psa-fa-fuori-il-secondo-commissario-ed-entra-negli-allevamenti\/"]}]},{"@type":"ImageObject","inLanguage":"it-IT","@id":"https:\/\/www.confagricoltura.org\/piacenza\/la-psa-fa-fuori-il-secondo-commissario-ed-entra-negli-allevamenti\/#primaryimage","url":"https:\/\/www.confagricoltura.org\/piacenza\/wp-content\/uploads\/sites\/11\/2024\/09\/aFilippo-Gasparini.jpg","contentUrl":"https:\/\/www.confagricoltura.org\/piacenza\/wp-content\/uploads\/sites\/11\/2024\/09\/aFilippo-Gasparini.jpg","width":1157,"height":879},{"@type":"BreadcrumbList","@id":"https:\/\/www.confagricoltura.org\/piacenza\/la-psa-fa-fuori-il-secondo-commissario-ed-entra-negli-allevamenti\/#breadcrumb","itemListElement":[{"@type":"ListItem","position":1,"name":"Home","item":"https:\/\/www.confagricoltura.org\/piacenza\/"},{"@type":"ListItem","position":2,"name":"La Psa fa fuori il secondo commissario ed entra negli allevamenti"}]},{"@type":"WebSite","@id":"https:\/\/www.confagricoltura.org\/piacenza\/#website","url":"https:\/\/www.confagricoltura.org\/piacenza\/","name":"Confagricoltura Piacenza","description":"Dalla parte degli Agricoltori","potentialAction":[{"@type":"SearchAction","target":{"@type":"EntryPoint","urlTemplate":"https:\/\/www.confagricoltura.org\/piacenza\/?s={search_term_string}"},"query-input":{"@type":"PropertyValueSpecification","valueRequired":true,"valueName":"search_term_string"}}],"inLanguage":"it-IT"},{"@type":"Person","@id":"https:\/\/www.confagricoltura.org\/piacenza\/#\/schema\/person\/be5da25a3117fea4b3bfec9dba09b5e8","name":"confagricolturapiacenza","image":{"@type":"ImageObject","inLanguage":"it-IT","@id":"https:\/\/www.confagricoltura.org\/piacenza\/#\/schema\/person\/image\/","url":"https:\/\/secure.gravatar.com\/avatar\/9c5f111e417171581853bd0a3ff892ca?s=96&d=mm&r=g","contentUrl":"https:\/\/secure.gravatar.com\/avatar\/9c5f111e417171581853bd0a3ff892ca?s=96&d=mm&r=g","caption":"confagricolturapiacenza"},"url":"https:\/\/www.confagricoltura.org\/piacenza\/author\/confagricolturapiacenza\/"}]}},"_links":{"self":[{"href":"https:\/\/www.confagricoltura.org\/piacenza\/wp-json\/wp\/v2\/posts\/4730","targetHints":{"allow":["GET"]}}],"collection":[{"href":"https:\/\/www.confagricoltura.org\/piacenza\/wp-json\/wp\/v2\/posts"}],"about":[{"href":"https:\/\/www.confagricoltura.org\/piacenza\/wp-json\/wp\/v2\/types\/post"}],"author":[{"embeddable":true,"href":"https:\/\/www.confagricoltura.org\/piacenza\/wp-json\/wp\/v2\/users\/6"}],"replies":[{"embeddable":true,"href":"https:\/\/www.confagricoltura.org\/piacenza\/wp-json\/wp\/v2\/comments?post=4730"}],"version-history":[{"count":1,"href":"https:\/\/www.confagricoltura.org\/piacenza\/wp-json\/wp\/v2\/posts\/4730\/revisions"}],"predecessor-version":[{"id":4732,"href":"https:\/\/www.confagricoltura.org\/piacenza\/wp-json\/wp\/v2\/posts\/4730\/revisions\/4732"}],"wp:featuredmedia":[{"embeddable":true,"href":"https:\/\/www.confagricoltura.org\/piacenza\/wp-json\/wp\/v2\/media\/4731"}],"wp:attachment":[{"href":"https:\/\/www.confagricoltura.org\/piacenza\/wp-json\/wp\/v2\/media?parent=4730"}],"wp:term":[{"taxonomy":"category","embeddable":true,"href":"https:\/\/www.confagricoltura.org\/piacenza\/wp-json\/wp\/v2\/categories?post=4730"},{"taxonomy":"post_tag","embeddable":true,"href":"https:\/\/www.confagricoltura.org\/piacenza\/wp-json\/wp\/v2\/tags?post=4730"}],"curies":[{"name":"wp","href":"https:\/\/api.w.org\/{rel}","templated":true}]}}